{"id":374586,"date":"2025-12-13T01:15:24","date_gmt":"2025-12-13T04:15:24","guid":{"rendered":"https:\/\/www.notibras.com\/site\/?p=374586"},"modified":"2025-12-12T19:08:38","modified_gmt":"2025-12-12T22:08:38","slug":"nomeacao-de-2-158-novos-profissionais-para-as-forcas-de-seguranca","status":"publish","type":"post","link":"https:\/\/www.notibras.com\/site\/nomeacao-de-2-158-novos-profissionais-para-as-forcas-de-seguranca\/","title":{"rendered":"Nomea\u00e7\u00e3o de 2.158 novos profissionais para as for\u00e7as de seguran\u00e7a"},"content":{"rendered":"<p>O Distrito Federal vai receber um importante refor\u00e7o em suas for\u00e7as de seguran\u00e7a. Em cerim\u00f4nia no Centro de Conven\u00e7\u00f5es Ulysses Guimar\u00e3es, nesta sexta-feira (12), o governador Ibaneis Rocha anunciou a nomea\u00e7\u00e3o de 2.158 novos profissionais, entre policiais militares, agentes da Pol\u00edcia Civil, bombeiros e policiais penais. Na ocasi\u00e3o, o chefe do Executivo tamb\u00e9m autorizou a redu\u00e7\u00e3o de interst\u00edcio para a promo\u00e7\u00e3o de militares. A iniciativa integra a pol\u00edtica permanente de fortalecimento da seguran\u00e7a p\u00fablica implementada pelo Governo do Distrito Federal (GDF) desde 2019.<\/p>\n<p>\u201cA nomea\u00e7\u00e3o destes novos policiais deve sair at\u00e9 o fim deste m\u00eas e este \u00e9 um trabalho que eu venho fazendo desde 2019 na recomposi\u00e7\u00e3o das for\u00e7as de seguran\u00e7a da nossa capital. A gente trabalha por isso em reconhecimento de que temos os melhores na seguran\u00e7a desse pa\u00eds, que combatem o crime diuturnamente e que deixam a sociedade mais em paz. Zerar a criminalidade ningu\u00e9m consegue, mas os \u00edndices das nossas pol\u00edcias hoje s\u00e3o os melhores da s\u00e9rie hist\u00f3rica, mostrando que, no Distrito Federal, as pessoas t\u00eam condi\u00e7\u00f5es de ter seguran\u00e7a\u201d, avaliou Ibaneis Rocha.<\/p>\n<p>No total, ser\u00e3o convocados 1.239 pra\u00e7as da Pol\u00edcia Militar (PMDF), 680 agentes de pol\u00edcia da Pol\u00edcia Civil (PCDF), 89 pra\u00e7as do Corpo de Bombeiros Militar (CBMDF) e 150 policiais penais da Secretaria de Administra\u00e7\u00e3o Penitenci\u00e1ria. As nomea\u00e7\u00f5es ampliam a capacidade operacional das corpora\u00e7\u00f5es e refor\u00e7am o atendimento \u00e0 popula\u00e7\u00e3o.<\/p>\n<p>Presente na solenidade, a vice-governadora Celina Le\u00e3o destacou os avan\u00e7os nas categorias. \u201cEstamos vivendo um tempo muito bom nas nossas for\u00e7as. \u00c9 um tempo que n\u00f3s temos paz, que a pol\u00edcia est\u00e1 pacificada. Somos um governo que fez os maiores concursos da hist\u00f3ria da seguran\u00e7a p\u00fablica. Fizemos provimento de cargos, nomea\u00e7\u00f5es, estrutura, concursos e sal\u00e1rio, construindo unidade dentro das for\u00e7as. Continuem fazendo o trabalho de voc\u00eas, de combater o crime e cuidar das pessoas, e contem conosco para defend\u00ea-los no que for poss\u00edvel\u201d.<\/p>\n<p>Um dos nomeados \u00e9 o agente de pol\u00edcia Gabriel de Campos, de 29 anos. Ele n\u00e3o escondeu a felicidade ao narrar a import\u00e2ncia do cargo que vai exercer. \u201cEu estou muito emocionado. Esse concurso \u00e9 de 2021 e estamos h\u00e1 quatro anos esperando por este dia de hoje. A expectativa estava muito alta. Esta \u00e9 a \u00faltima vez que vamos usar esse uniforme de aluno, \u00e9 um marco muito importante nas nossas vidas\u201d, compartilhou o policial civil.<\/p>\n<p>Al\u00e9m dos novos militares que integrar\u00e3o as for\u00e7as de seguran\u00e7a, o governador Ibaneis Rocha assinou o decreto que reduz o interst\u00edcio para promo\u00e7\u00e3o de pra\u00e7as e oficiais. A medida reconhece e valoriza as categorias ao antecipar o tempo que precisam cumprir antes de serem promovidos. Ser\u00e3o beneficiados 53 oficiais e 305 pra\u00e7as da PMDF.<\/p>\n<p>\u201cEstamos muito felizes com a chegada desses novos policiais que v\u00e3o fazer muita diferen\u00e7a para a nossa sensa\u00e7\u00e3o de seguran\u00e7a. Vamos poder contar com o efetivo que estar\u00e1 \u00e0 disposi\u00e7\u00e3o para atender todas as regi\u00f5es administrativas e essa \u00e1rea central de Bras\u00edlia, que \u00e9 uma situa\u00e7\u00e3o muito peculiar onde a gente tem as demandas do governo federal, com o Congresso Nacional, os minist\u00e9rios e os tribunais. O nosso objetivo \u00e9 retomar o efetivo que j\u00e1 foi bastante maior, com novas nomea\u00e7\u00f5es e novos concursos\u201d, acrescentou o secret\u00e1rio de Seguran\u00e7a P\u00fablica, Sandro Avelar.<\/p>\n<p>Na cerim\u00f4nia, o governador tamb\u00e9m destacou as outras pol\u00edticas implementadas nesta gest\u00e3o para reconhecer o trabalho das pol\u00edcias do DF. \u201cNa campanha de 2018, eu me espantei muito com o que eu vi por conta da desuni\u00e3o das categorias. Eu, como primeiro passo, coloquei como determina\u00e7\u00e3o que eu iria unir todos para que, juntos, a gente pudesse avan\u00e7ar em todas as pautas. E assim foi feito. Estou caminhando para o final do mandato e posso dizer que entrego uma cidade bem mais segura, entrego for\u00e7as de seguran\u00e7a bem mais satisfeitas. Criamos plano de sa\u00fade, melhoramos o plano da Pol\u00edcia Militar, melhoramos a vida desses militares que d\u00e3o a vida pela popula\u00e7\u00e3o do DF, e tudo isso foi feito com a uni\u00e3o\u201d, pontuou Ibaneis Rocha.<\/p>\n<p><strong>Valoriza\u00e7\u00e3o cont\u00ednua das for\u00e7as<\/strong><\/p>\n<p>Desde 2019, o GDF tem efetivado uma s\u00e9rie de a\u00e7\u00f5es voltadas \u00e0 valoriza\u00e7\u00e3o dos profissionais da seguran\u00e7a p\u00fablica. Entre 2023 e 2024, a Medida Provis\u00f3ria n\u00ba 1.181 possibilitou um reajuste m\u00e9dio de 18% para policiais civis, militares e bombeiros.<\/p>\n<p>Em 2022, foram estabelecidos novos benef\u00edcios para a Pol\u00edcia Civil, como o aux\u00edlio-uniforme anual de R$ 3 mil e o aux\u00edlio-alimenta\u00e7\u00e3o complementar de R$ 392, que elevou o valor total do benef\u00edcio de R$ 458 para R$ 850 mensais. Hoje, o aux\u00edlio-alimenta\u00e7\u00e3o est\u00e1 em R$ 1.392.<\/p>\n<p>Antes disso, em 2020, o governo local j\u00e1 havia concedido um reajuste m\u00e9dio de 25% para policiais militares e bombeiros e de 8% para a Pol\u00edcia Civil, por meio da Lei n\u00ba 14.059. Somadas, essas medidas fortalecem a atua\u00e7\u00e3o das corpora\u00e7\u00f5es e contribuem para que o DF seja hoje a segunda capital mais segura do pa\u00eds, al\u00e9m de ter registrado o menor \u00edndice de homic\u00eddios dos \u00faltimos 11 anos.<\/p>\n<p>\u201cAnunciar novas nomea\u00e7\u00f5es para a Pol\u00edcia Militar, a Pol\u00edcia Civil, o Corpo de Bombeiros e a Pol\u00edcia Penal \u00e9 reafirmar o compromisso do governo com uma seguran\u00e7a p\u00fablica forte e presente. Cada novo profissional que chega representa mais prote\u00e7\u00e3o para a comunidade, mais tranquilidade nas ruas e mais capacidade de resposta do Estado. Seguimos trabalhando para valorizar quem dedica a vida a cuidar da popula\u00e7\u00e3o\u201d, defendeu o secret\u00e1rio-chefe da Casa Civil, Gustavo Rocha.<\/p>\n<p>A subtenente do Corpo de Bombeiros M\u00e1rcia Alves, de 53 anos, foi uma das que celebrou o reajuste na remunera\u00e7\u00e3o. Prestes a se aposentar, ela revela que, com a nova remunera\u00e7\u00e3o, vai ser poss\u00edvel ter mais qualidade de vida na reserva.<\/p>\n<p>\u201cEu tenho sonho de viajar pela Am\u00e9rica do Sul de motorhome. S\u00f3 preciso me aposentar para isso. E agora com esse reajuste eu consigo dar entrada na documenta\u00e7\u00e3o com algo muito melhor. A gente esperava por isso h\u00e1 muito tempo. Eu entrei na corpora\u00e7\u00e3o em 1995, j\u00e1 vou para a reserva com meu reajuste garantido e isso muda toda a minha expectativa, tanto pessoal quanto familiar. Estou me sentindo realizada, gratificada. \u00c9 um momento muito bom\u201d, comemorou.<\/p>\n<p><strong>Impacto financeiro previsto at\u00e9 2027<\/strong><\/p>\n<p>De acordo com a Secretaria de Economia, os reajustes previstos ter\u00e3o impacto crescente nos pr\u00f3ximos anos. Em 2025, a proje\u00e7\u00e3o \u00e9 de R$ 193.082.394, considerando R$ 52.339.184 destinados \u00e0 PCDF; R$ 41.779.223 ao CBMDF; e R$ 98.963.987 \u00e0 PMDF.<\/p>\n<p>Em 2026, o valor total estimado sobe para R$ 2.468.607.356, com R$ 738.282.241 para a PCDF; R$ 532.308.999 para o CBMDF; e R$ 1.198.016.117 para a PMDF.<\/p>\n<p>J\u00e1 em 2027, o impacto total previsto \u00e9 de R$ 2.485.385.628, distribu\u00eddos em R$ 738.282.241 para a PCDF; R$ 539.949.290 para o CBMDF; e R$ 1.207.154.097 para a PMDF.<\/p>\n","protected":false},"excerpt":{"rendered":"<p>O Distrito Federal vai receber um importante refor\u00e7o em suas for\u00e7as de seguran\u00e7a. Em cerim\u00f4nia no Centro de Conven\u00e7\u00f5es Ulysses Guimar\u00e3es, nesta sexta-feira (12), o governador Ibaneis Rocha anunciou a nomea\u00e7\u00e3o de 2.158 novos profissionais, entre policiais militares, agentes da Pol\u00edcia Civil, bombeiros e policiais penais. Na ocasi\u00e3o, o chefe do Executivo tamb\u00e9m autorizou a [&hellip;]<\/p>\n","protected":false},"author":21,"featured_media":374587,"comment_status":"closed","ping_status":"closed","sticky":false,"template":"","format":"standard","meta":{"_acf_changed":false,"footnotes":""},"categories":[161],"tags":[],"class_list":["post-374586","post","type-post","status-publish","format-standard","has-post-thumbnail","hentry","category-quadradinho-em-foco"],"acf":[],"_links":{"self":[{"href":"https:\/\/www.notibras.com\/site\/wp-json\/wp\/v2\/posts\/374586","targetHints":{"allow":["GET"]}}],"collection":[{"href":"https:\/\/www.notibras.com\/site\/wp-json\/wp\/v2\/posts"}],"about":[{"href":"https:\/\/www.notibras.com\/site\/wp-json\/wp\/v2\/types\/post"}],"author":[{"embeddable":true,"href":"https:\/\/www.notibras.com\/site\/wp-json\/wp\/v2\/users\/21"}],"replies":[{"embeddable":true,"href":"https:\/\/www.notibras.com\/site\/wp-json\/wp\/v2\/comments?post=374586"}],"version-history":[{"count":3,"href":"https:\/\/www.notibras.com\/site\/wp-json\/wp\/v2\/posts\/374586\/revisions"}],"predecessor-version":[{"id":374591,"href":"https:\/\/www.notibras.com\/site\/wp-json\/wp\/v2\/posts\/374586\/revisions\/374591"}],"wp:featuredmedia":[{"embeddable":true,"href":"https:\/\/www.notibras.com\/site\/wp-json\/wp\/v2\/media\/374587"}],"wp:attachment":[{"href":"https:\/\/www.notibras.com\/site\/wp-json\/wp\/v2\/media?parent=374586"}],"wp:term":[{"taxonomy":"category","embeddable":true,"href":"https:\/\/www.notibras.com\/site\/wp-json\/wp\/v2\/categories?post=374586"},{"taxonomy":"post_tag","embeddable":true,"href":"https:\/\/www.notibras.com\/site\/wp-json\/wp\/v2\/tags?post=374586"}],"curies":[{"name":"wp","href":"https:\/\/api.w.org\/{rel}","templated":true}]}}