{"id":374604,"date":"2025-12-13T07:40:04","date_gmt":"2025-12-13T10:40:04","guid":{"rendered":"https:\/\/www.notibras.com\/site\/?p=374604"},"modified":"2025-12-13T07:42:12","modified_gmt":"2025-12-13T10:42:12","slug":"no-fundo-do-poco-outro-poco-e-o-brasil-respira","status":"publish","type":"post","link":"https:\/\/www.notibras.com\/site\/no-fundo-do-poco-outro-poco-e-o-brasil-respira\/","title":{"rendered":"No fundo do po\u00e7o, outro po\u00e7o, e o Brasil respira"},"content":{"rendered":"<p><em>&#8220;Cuidemos. A Rep\u00fablica pode afundar.&#8221;<\/em> (Manuel Domingos Neto)<\/p>\n<p>Sinal dos tristes tempos: devemos comemorar a suspens\u00e3o por seis meses do mandato do deputado Glauber Braga, decretada pelo plen\u00e1rio da C\u00e2mara Federal na \u00faltima quarta-feira (10). No dia anterior, por ordem do presidente da Casa, ele f\u00f4ra agredido por gendarmes da pol\u00edcia legislativa.<\/p>\n<p>As hosanas s\u00e3o justificadas porque o corretivo previamente decidido pela direita era a pura e simples cassa\u00e7\u00e3o do mandato do parlamentar fluminense, cumulada com oito anos de inelegibilidade \u2014 sua virtual expuls\u00e3o da vida p\u00fablica, que ele tanto dignifica. Antes disso, pelas artes e sortil\u00e9gios de Artur Lira \u2013 dubl\u00ea de capo e feiticeiro \u2013, Glauber era submetido ao Conselho de \u00c9tica. Nada ouviu ali que merecesse ser tomado como acusa\u00e7\u00e3o s\u00e9ria, mas teve a perda do mandato indicada. A espada de D\u00e2mocles pesa sobre sua cabe\u00e7a desde mar\u00e7o.<\/p>\n<p>A reuni\u00e3o do Conselho era um teatro farsesco, como deveria ser o julgamento em plen\u00e1rio: ambos montados com script pr\u00e9-definido para cumprir formalidades regimentais exigidas para sancionar uma senten\u00e7a previamente lavrada. Uma vindita anunciada, concebida no melhor estilo siciliano. N\u00e3o faltou, sequer, o Don Corleone de ocasi\u00e3o. O pretexto alegado, \u00e0 falta de algo melhor, foi um pontap\u00e9 \u2014 ali\u00e1s, muito bem dado \u2014 por Glauber em canalha assalariado pela direita para insultar sua m\u00e3e, ent\u00e3o no leito de morte.<\/p>\n<p>O pontap\u00e9 era apenas um pretexto, mas pretexto necess\u00e1rio. O que se pretendia, como ficou evidente nos discursos da direita, era punir o &#8220;conjunto da obra&#8221;: o mandato socialista de Glauber, bravo, corajoso, limpo, denunciador da mis\u00e9ria do sistema e tamb\u00e9m das vigarices do submundo parlamentar \u2014 entre elas o &#8220;or\u00e7amento secreto&#8221;, pe\u00e7a de corrup\u00e7\u00e3o expl\u00edcita engendrada por Arthur Lira.<\/p>\n<p>Da\u00ed o coronel alagoano haver assumido o papel de arqui-inimigo de Glauber Braga, regendo uma orgia de ressentimentos e intoler\u00e2ncia, a base paranoide do pensamento fascista.<\/p>\n<p>\u00c9 preciso ver em Glauber um alvo s\u00edmbolo escolhido a dedo. A vingan\u00e7a contra seu mandato visa a constranger o conjunto da esquerda, e assim deve ser vista e enfrentada. N\u00e3o \u00e9 acaso que, na mesma sess\u00e3o que o condenou, o plen\u00e1rio tenha absolvido a delinquente Carla Zambelli, ainda deputada por S\u00e3o Paulo (do PL, evidentemente), j\u00e1 condenada pelo STF a penas que somam 15 anos de pris\u00e3o, por invas\u00e3o ao sistema eletr\u00f4nico do CNJ, porte ilegal de arma e ass\u00e9dio. Refugiou-se na It\u00e1lia, onde est\u00e1 presa e aguarda extradi\u00e7\u00e3o. Imunes e impunes, como ela, permanecem outros &#8220;fora da lei&#8221;: o ex-policial federal Alexandre Ramagem (tamb\u00e9m deputado pelo PL), condenado pelo STF como part\u00edcipe da trama golpista, demitido por Lewandowski e homiziado nos EUA; e sua parelha, o deputado Eduardo Bolsonaro (PL), conspirando desde fevereiro contra os interesses nacionais, promovendo lobby junto \u00e0 Casa Branca para impor san\u00e7\u00f5es a autoridades brasileiras e \u00e0s nossas exporta\u00e7\u00f5es \u2014 o &#8220;tarifa\u00e7o&#8221; de Trump.<\/p>\n<p>Crime de lesa-p\u00e1tria, grave, e nada obstante impune. N\u00e3o \u00e9 mera coincid\u00eancia o encontro da viol\u00eancia contra Glauber com a anistia disfar\u00e7ada de &#8220;dosimetria&#8221;.<\/p>\n<p>Na mesma noite em que o deputado era agredido pela pol\u00edcia legislativa (09\/12), a mesma C\u00e2mara aprovava ins\u00f3lita e inaceit\u00e1vel redu\u00e7\u00e3o geral de penas que pode abrir caminho para uma anistia aos golpistas de 8 de janeiro de 2023. Mais uma amea\u00e7a \u00e0 democracia; mais uma negociata entre costureiros da pequena pol\u00edtica, senhores de bara\u00e7o e cutelo de um Congresso perjuro que se requinta no reacionarismo, na deslealdade \u00e0 Rep\u00fablica e no desprezo \u00e0 democracia \u2014 esquecido de que, quando o edif\u00edcio democr\u00e1tico cai, seus destro\u00e7os soterram o Parlamento. Lembrai-vos de 1937.<\/p>\n<p>A proposta de anistia aos golpistas, que entrou na pauta com o codinome &#8220;dosimetria&#8221; para apaziguar o Centr\u00e3o e recoloc\u00e1-lo no redil da extrema-direita, foi o pre\u00e7o pago \u00e0 chantagem expl\u00edcita da autocandidatura do filho do capit\u00e3o. Traficada por Hugo Motta, delfim de Lira e sucessor pol\u00edtico inexced\u00edvel Eduardo Cunha. No Senado, o projeto j\u00e1 corre c\u00e9lere. O relator, filhote da ditadura, m\u00e3os dadas com o inef\u00e1vel Paulinho da For\u00e7a (r\u00e9u em processo criminal no DF), declarou n\u00e3o descartar uma anistia &#8220;ampla, geral e irrestrita&#8221;. Seria a reabilita\u00e7\u00e3o do golpismo, a p\u00e1 de cal na responsabilidade democr\u00e1tica afirmada pelo STF, o an\u00fancio da bolsonariza\u00e7\u00e3o da pol\u00edtica \u2014 a nos dizer que o fundo do po\u00e7o esconde outro po\u00e7o.<\/p>\n<p>Enquanto a C\u00e2mara promovia essa deslealdade contra a Rep\u00fablica, o Senado aprovava, em dois turnos, a PEC que restringe os direitos dos povos origin\u00e1rios a \u00e1reas ocupadas ou litigiosas at\u00e9 1988. Vit\u00f3ria do bilion\u00e1rio lobby do agroneg\u00f3cio, que se confunde com grilagem, depreda\u00e7\u00e3o ambiental e minera\u00e7\u00e3o criminosa com o business que habita a Faria Lima, que dialoga com o submundo do Comando Vermelho e com a superestrutura legal do crime organizado.<\/p>\n<p>Como lembra meu amigo Fernando Mousinho, o 8 de Janeiro n\u00e3o terminou. O ciclo de golpes de Estado vem de antes: inaugura-se com o impeachment de Dilma Rousseff, atravessa o impedimento de Lula de concorrer em 2018, chega \u00e0 intentona fascista de 2023 e prossegue at\u00e9 agora, com \u00edmpeto de seguir em frente. Tudo sob o manto das &#8220;quatro linhas da Constitui\u00e7\u00e3o&#8221;, isto \u00e9, golpes operados dentro do poder, sem baionetas \u00e0 mostra.<\/p>\n<p>O ministro do Ex\u00e9rcito, general Villas B\u00f4as, intimidou o STF a n\u00e3o conceder habeas corpus preventivo a Lula para impedir sua candidatura em 2018. E assim o l\u00edder das pesquisas foi exclu\u00eddo do pleito. Tudo &#8220;dentro da ordem&#8221;. O que se seguiu \u00e9 sabido. A intentona de 2023 faz parte do mesmo processo. Nada obstante a elei\u00e7\u00e3o de Lula em 2022, vivemos sob o mesmo ciclo golpista continuado, regido por maioria parlamentar empenhada na eros\u00e3o da democracia.<\/p>\n<p>O epis\u00f3dio Glauber Braga se insere na ofensiva de dom\u00ednio da vida congressual pela extrema-direita, cuja t\u00e1tica \u00e9 entravar o governo Lula e perseguir quadros da centro-esquerda. Opera-se por todos os meios, a come\u00e7ar pela captura do Or\u00e7amento da Uni\u00e3o, que cerceia o Executivo, pulveriza e malversa os recursos p\u00fablicos. Essa pr\u00e1tica il\u00edcita, constitucionalmente vedada, consolidou-se como mecanismo de distribui\u00e7\u00e3o de emendas individuais, emendas de bancada e emendas &#8220;de relator remodeladas&#8221;, todas de execu\u00e7\u00e3o opaca, todas a servi\u00e7o do patrimonialismo rasteiro, do mandonismo local, do clientelismo pol\u00edtico, da corrup\u00e7\u00e3o administrativa, da mentira eleitoral que destr\u00f3i a legitimidade da representa\u00e7\u00e3o popular, sem a qual n\u00e3o h\u00e1 Rep\u00fablica digna de honesta considera\u00e7\u00e3o.<\/p>\n<p>O objetivo \u00e9 o financiamento da renova\u00e7\u00e3o de mandatos parlamentares \u00e0s custas do er\u00e1rio. Veja-se o or\u00e7amento de 2025: ao governo federal s\u00e3o alocados R$ 170,7 bilh\u00f5es em despesas n\u00e3o obrigat\u00f3rias (tudo o que pode gerir com alguma liberdade na ger\u00eancia de seus projetos) enquanto as emendas impositivas (destinadas pelos parlamentares aos seus currais eleitorais, consomem R$ 50,4 bilh\u00f5es. Some-se o Fundo Partid\u00e1rio (R$ 1,319 bilh\u00e3o) e, em ano eleitoral, o Fundo Especial de Financiamento de Campanhas (R$ 4,962 bilh\u00f5es em 2024). Quanto ser\u00e1 em 2026?<\/p>\n<p>A maioria de direita ainda procura intimidar o STF, amea\u00e7ando reduzir suas compet\u00eancias constitucionais e abrir processos de impeachment contra seus ministros. No Senado, seu presidente, dado a traquinagens de aprendiz de feiticeiro, tenta interferir na indica\u00e7\u00e3o do novo ministro do STF \u2014 prerrogativa do presidente da Rep\u00fablica. Diz-se amuado. Com maioria absoluta nas duas Casas, a direita deixa claro que pode interromper qualquer programa de governo e at\u00e9 depor o presidente da Rep\u00fablica sem &#8220;firulas jur\u00eddicas&#8221;. No mercado correm as listas de juristas como Miguel Reale Filho e paus-para-toda-obra do porte de Eduardo Cunha. Dilma bem que poderia ajudar, escrevendo suas mem\u00f3rias.<\/p>\n","protected":false},"excerpt":{"rendered":"<p>&#8220;Cuidemos. A Rep\u00fablica pode afundar.&#8221; (Manuel Domingos Neto) Sinal dos tristes tempos: devemos comemorar a suspens\u00e3o por seis meses do mandato do deputado Glauber Braga, decretada pelo plen\u00e1rio da C\u00e2mara Federal na \u00faltima quarta-feira (10). No dia anterior, por ordem do presidente da Casa, ele f\u00f4ra agredido por gendarmes da pol\u00edcia legislativa. As hosanas s\u00e3o [&hellip;]<\/p>\n","protected":false},"author":2,"featured_media":374605,"comment_status":"closed","ping_status":"closed","sticky":false,"template":"","format":"standard","meta":{"_acf_changed":false,"footnotes":""},"categories":[16],"tags":[95],"class_list":["post-374604","post","type-post","status-publish","format-standard","has-post-thumbnail","hentry","category-brasil","tag-capa"],"acf":[],"_links":{"self":[{"href":"https:\/\/www.notibras.com\/site\/wp-json\/wp\/v2\/posts\/374604","targetHints":{"allow":["GET"]}}],"collection":[{"href":"https:\/\/www.notibras.com\/site\/wp-json\/wp\/v2\/posts"}],"about":[{"href":"https:\/\/www.notibras.com\/site\/wp-json\/wp\/v2\/types\/post"}],"author":[{"embeddable":true,"href":"https:\/\/www.notibras.com\/site\/wp-json\/wp\/v2\/users\/2"}],"replies":[{"embeddable":true,"href":"https:\/\/www.notibras.com\/site\/wp-json\/wp\/v2\/comments?post=374604"}],"version-history":[{"count":3,"href":"https:\/\/www.notibras.com\/site\/wp-json\/wp\/v2\/posts\/374604\/revisions"}],"predecessor-version":[{"id":374608,"href":"https:\/\/www.notibras.com\/site\/wp-json\/wp\/v2\/posts\/374604\/revisions\/374608"}],"wp:featuredmedia":[{"embeddable":true,"href":"https:\/\/www.notibras.com\/site\/wp-json\/wp\/v2\/media\/374605"}],"wp:attachment":[{"href":"https:\/\/www.notibras.com\/site\/wp-json\/wp\/v2\/media?parent=374604"}],"wp:term":[{"taxonomy":"category","embeddable":true,"href":"https:\/\/www.notibras.com\/site\/wp-json\/wp\/v2\/categories?post=374604"},{"taxonomy":"post_tag","embeddable":true,"href":"https:\/\/www.notibras.com\/site\/wp-json\/wp\/v2\/tags?post=374604"}],"curies":[{"name":"wp","href":"https:\/\/api.w.org\/{rel}","templated":true}]}}