{"id":374628,"date":"2025-12-13T08:21:30","date_gmt":"2025-12-13T11:21:30","guid":{"rendered":"https:\/\/www.notibras.com\/site\/?p=374628"},"modified":"2025-12-13T08:21:30","modified_gmt":"2025-12-13T11:21:30","slug":"nordeste-onde-riqueza-cultural-vale-mais-que-o-fragil-mundo-material","status":"publish","type":"post","link":"https:\/\/www.notibras.com\/site\/nordeste-onde-riqueza-cultural-vale-mais-que-o-fragil-mundo-material\/","title":{"rendered":"Nordeste, onde riqueza cultural vale mais que o fr\u00e1gil mundo material"},"content":{"rendered":"<p>No Nordeste, cada canto carrega uma hist\u00f3ria pr\u00f3pria, marcada por dificuldades antigas e riquezas que teimam em florescer onde muitos jurariam ser imposs\u00edvel. \u00c9 uma terra que aprendeu a transformar o pouco em muito, a dor em luta e a luta em aprendizado. Basta andar pelo sert\u00e3o, pelo agreste ou pelo litoral para sentir que ali existe algo maior do que a paisagem: existe um povo que n\u00e3o se entrega.<\/p>\n<p>O sol pode castigar, mas tamb\u00e9m \u00e9 ele quem dourar a pele de quem planta esperan\u00e7a no ch\u00e3o rachado. A seca, companheira indesejada, ensina resili\u00eancia, sabedoria e o valor de cada gota. No agreste, onde a terra parece indecisa entre chuva e aridez, nascem hist\u00f3rias de teimosia bonita \u2014 daquelas que fazem o imposs\u00edvel parecer s\u00f3 mais um desafio.<\/p>\n<p>E se o sert\u00e3o \u00e9 resist\u00eancia, o litoral \u00e9 malemol\u00eancia: mar que embala a vida, coqueiro que balan\u00e7a como quem canta hist\u00f3rias antigas, cidade que cresce, pulsa e se reinventa. Nas capitais, o Nordeste mostra outra face \u2014 moderna, din\u00e2mica, cheia de cultura, ritmos, cores e talentos que n\u00e3o param de brotar.<\/p>\n<p>Mas as riquezas do Nordeste n\u00e3o cabem em n\u00fameros ou estat\u00edsticas. Est\u00e3o nas m\u00e3os calejadas dos agricultores, nas rendeiras que tecem mundos com linhas finas, nos pescadores que conhecem o mar como quem l\u00ea poesia. Est\u00e3o na voz do repentista, no toque da sanfona, no sorriso de quem, mesmo com pouco, divide o que tem.<\/p>\n<p>Entre desafios e encantos, o Nordeste segue sendo esse mosaico vibrante: diverso, m\u00faltiplo, cheio de contradi\u00e7\u00f5es, mas tamb\u00e9m de for\u00e7a. Seu povo, mais que resistente, \u00e9 inventivo. Mais que forte, \u00e9 sens\u00edvel. Mais que marcado pela hist\u00f3ria, \u00e9 capaz de reescrev\u00ea-la todos os dias.<\/p>\n<p>Porque ser nordestino \u00e9 isso: carregar no peito a mem\u00f3ria dura e, ao mesmo tempo, o brilho de uma esperan\u00e7a que nunca seca. \u00c9 enfrentar o mundo com coragem e celebrar a vida com a certeza de que, apesar de tudo, o Nordeste \u00e9 \u2014 e sempre ser\u00e1 \u2014 terra de muitas riquezas.<\/p>\n","protected":false},"excerpt":{"rendered":"<p>No Nordeste, cada canto carrega uma hist\u00f3ria pr\u00f3pria, marcada por dificuldades antigas e riquezas que teimam em florescer onde muitos jurariam ser imposs\u00edvel. \u00c9 uma terra que aprendeu a transformar o pouco em muito, a dor em luta e a luta em aprendizado. Basta andar pelo sert\u00e3o, pelo agreste ou pelo litoral para sentir que [&hellip;]<\/p>\n","protected":false},"author":2,"featured_media":374629,"comment_status":"closed","ping_status":"closed","sticky":false,"template":"","format":"standard","meta":{"_acf_changed":false,"footnotes":""},"categories":[165],"tags":[],"class_list":["post-374628","post","type-post","status-publish","format-standard","has-post-thumbnail","hentry","category-nordeste"],"acf":[],"_links":{"self":[{"href":"https:\/\/www.notibras.com\/site\/wp-json\/wp\/v2\/posts\/374628","targetHints":{"allow":["GET"]}}],"collection":[{"href":"https:\/\/www.notibras.com\/site\/wp-json\/wp\/v2\/posts"}],"about":[{"href":"https:\/\/www.notibras.com\/site\/wp-json\/wp\/v2\/types\/post"}],"author":[{"embeddable":true,"href":"https:\/\/www.notibras.com\/site\/wp-json\/wp\/v2\/users\/2"}],"replies":[{"embeddable":true,"href":"https:\/\/www.notibras.com\/site\/wp-json\/wp\/v2\/comments?post=374628"}],"version-history":[{"count":1,"href":"https:\/\/www.notibras.com\/site\/wp-json\/wp\/v2\/posts\/374628\/revisions"}],"predecessor-version":[{"id":374630,"href":"https:\/\/www.notibras.com\/site\/wp-json\/wp\/v2\/posts\/374628\/revisions\/374630"}],"wp:featuredmedia":[{"embeddable":true,"href":"https:\/\/www.notibras.com\/site\/wp-json\/wp\/v2\/media\/374629"}],"wp:attachment":[{"href":"https:\/\/www.notibras.com\/site\/wp-json\/wp\/v2\/media?parent=374628"}],"wp:term":[{"taxonomy":"category","embeddable":true,"href":"https:\/\/www.notibras.com\/site\/wp-json\/wp\/v2\/categories?post=374628"},{"taxonomy":"post_tag","embeddable":true,"href":"https:\/\/www.notibras.com\/site\/wp-json\/wp\/v2\/tags?post=374628"}],"curies":[{"name":"wp","href":"https:\/\/api.w.org\/{rel}","templated":true}]}}