{"id":374634,"date":"2025-12-13T08:47:49","date_gmt":"2025-12-13T11:47:49","guid":{"rendered":"https:\/\/www.notibras.com\/site\/?p=374634"},"modified":"2025-12-13T08:47:49","modified_gmt":"2025-12-13T11:47:49","slug":"visao-simbolica-da-criacao-no-imaginario-religioso","status":"publish","type":"post","link":"https:\/\/www.notibras.com\/site\/visao-simbolica-da-criacao-no-imaginario-religioso\/","title":{"rendered":"Vis\u00e3o simb\u00f3lica da cria\u00e7\u00e3o no imagin\u00e1rio religioso"},"content":{"rendered":"<p>A narrativa b\u00edblica da cria\u00e7\u00e3o do homem e da mulher, descrita no livro do G\u00eanesis, est\u00e1 entre os relatos fundadores mais influentes da civiliza\u00e7\u00e3o ocidental. Segundo o texto sagrado, Deus molda Ad\u00e3o a partir do barro e, mais tarde, cria Eva a partir de uma costela retirada do primeiro homem. \u00c0 primeira vista, a hist\u00f3ria pode soar literal, ing\u00eanua ou at\u00e9 biologicamente implaus\u00edvel aos olhos modernos. No entanto, uma an\u00e1lise hist\u00f3rica, simb\u00f3lica e antropol\u00f3gica revela camadas de significado que v\u00e3o muito al\u00e9m da ideia de um \u201cboneco de barro\u201d.<\/p>\n<p>A imagem do barro, presente em diversas culturas antigas, carrega um simbolismo poderoso. Na Mesopot\u00e2mia, no Egito e em tradi\u00e7\u00f5es sum\u00e9rias, a humanidade tamb\u00e9m surge moldada a partir da terra. O barro representa a mat\u00e9ria bruta, o elemento comum, fr\u00e1gil e perec\u00edvel. Ao afirmar que o homem \u00e9 feito do p\u00f3 da terra, a tradi\u00e7\u00e3o judaico-crist\u00e3 refor\u00e7a a ideia de humildade: o ser humano n\u00e3o \u00e9 divino por natureza, mas nasce da mesma subst\u00e2ncia do mundo que habita. A vida surge quando Deus sopra o \u201cf\u00f4lego de vida\u201d, indicando que o diferencial humano n\u00e3o est\u00e1 na mat\u00e9ria, mas no princ\u00edpio vital que a anima.<\/p>\n<p>J\u00e1 a cria\u00e7\u00e3o de Eva a partir da costela de Ad\u00e3o tem sido alvo de leituras controversas ao longo dos s\u00e9culos. Interpretada literalmente, serviu muitas vezes para justificar estruturas patriarcais e hierarquias de g\u00eanero. Contudo, estudiosos do hebraico antigo observam que o termo traduzido como \u201ccostela\u201d (tsela) tamb\u00e9m pode significar \u201clado\u201d ou \u201cparte\u201d. Assim, a mulher n\u00e3o seria criada de um osso secund\u00e1rio, mas de um lado do homem \u2014 uma imagem que sugere proximidade, igualdade e complementaridade, n\u00e3o subordina\u00e7\u00e3o.<\/p>\n<p>Nesse contexto, a narrativa parece menos preocupada em descrever um evento biol\u00f3gico e mais em oferecer uma explica\u00e7\u00e3o simb\u00f3lica sobre a condi\u00e7\u00e3o humana. Ad\u00e3o representa a humanidade primordial, o ser humano ainda n\u00e3o dividido em pap\u00e9is sociais, g\u00eaneros ou culturas. Eva surge como a alteridade necess\u00e1ria: o outro sem o qual n\u00e3o h\u00e1 sociedade, linguagem, desejo ou hist\u00f3ria. A cria\u00e7\u00e3o da mulher marca o fim da solid\u00e3o original e o in\u00edcio da vida em rela\u00e7\u00e3o.<\/p>\n<p>Do ponto de vista teol\u00f3gico, o relato cumpre tamb\u00e9m uma fun\u00e7\u00e3o moral e existencial. Ao situar a origem do homem na terra e da mulher no pr\u00f3prio homem, o texto afirma a interdepend\u00eancia humana e a responsabilidade m\u00fatua. N\u00e3o se trata apenas de explicar \u201ccomo\u201d o mundo come\u00e7ou, mas de responder ao \u201cquem somos\u201d e \u201cpor que precisamos uns dos outros\u201d.<\/p>\n<p>Na modernidade, ci\u00eancia e f\u00e9 seguiram caminhos distintos. A biologia explica a origem da esp\u00e9cie humana por meio da evolu\u00e7\u00e3o, enquanto a teologia preserva narrativas simb\u00f3licas que falam de sentido, prop\u00f3sito e valores. A hist\u00f3ria de Ad\u00e3o e Eva, nesse cen\u00e1rio, permanece viva n\u00e3o como um manual cient\u00edfico, mas como uma met\u00e1fora fundacional que atravessou mil\u00eanios, moldando vis\u00f5es de mundo, c\u00f3digos morais e estruturas sociais.<\/p>\n<p>Assim, o \u201cboneco de barro\u201d n\u00e3o \u00e9 um erro primitivo de explica\u00e7\u00e3o, mas uma linguagem po\u00e9tica de um tempo em que os mitos eram a forma mais sofisticada de pensar o mist\u00e9rio da exist\u00eancia. Ao inv\u00e9s de descart\u00e1-la como fantasia, compreender essa narrativa \u00e9 entender como a humanidade tentou \u2014 e ainda tenta \u2014 dar forma \u00e0s grandes perguntas sobre origem, identidade e destino.<\/p>\n","protected":false},"excerpt":{"rendered":"<p>A narrativa b\u00edblica da cria\u00e7\u00e3o do homem e da mulher, descrita no livro do G\u00eanesis, est\u00e1 entre os relatos fundadores mais influentes da civiliza\u00e7\u00e3o ocidental. Segundo o texto sagrado, Deus molda Ad\u00e3o a partir do barro e, mais tarde, cria Eva a partir de uma costela retirada do primeiro homem. \u00c0 primeira vista, a hist\u00f3ria [&hellip;]<\/p>\n","protected":false},"author":2,"featured_media":374635,"comment_status":"closed","ping_status":"closed","sticky":false,"template":"","format":"standard","meta":{"_acf_changed":false,"footnotes":""},"categories":[237],"tags":[],"class_list":["post-374634","post","type-post","status-publish","format-standard","has-post-thumbnail","hentry","category-oraculos"],"acf":[],"yoast_head":"<!-- This site is optimized with the Yoast SEO plugin v27.2 - https:\/\/yoast.com\/product\/yoast-seo-wordpress\/ -->\n<title>Vis\u00e3o simb\u00f3lica da cria\u00e7\u00e3o no imagin\u00e1rio religioso - Notibras<\/title>\n<meta name=\"robots\" content=\"index, follow, max-snippet:-1, max-image-preview:large, max-video-preview:-1\" \/>\n<link rel=\"canonical\" href=\"https:\/\/www.notibras.com\/site\/visao-simbolica-da-criacao-no-imaginario-religioso\/\" \/>\n<meta property=\"og:locale\" content=\"pt_BR\" \/>\n<meta property=\"og:type\" content=\"article\" \/>\n<meta property=\"og:title\" content=\"Vis\u00e3o simb\u00f3lica da cria\u00e7\u00e3o no imagin\u00e1rio religioso - Notibras\" \/>\n<meta property=\"og:description\" content=\"A narrativa b\u00edblica da cria\u00e7\u00e3o do homem e da mulher, descrita no livro do G\u00eanesis, est\u00e1 entre os relatos fundadores mais influentes da civiliza\u00e7\u00e3o ocidental. Segundo o texto sagrado, Deus molda Ad\u00e3o a partir do barro e, mais tarde, cria Eva a partir de uma costela retirada do primeiro homem. \u00c0 primeira vista, a hist\u00f3ria [&hellip;]\" \/>\n<meta property=\"og:url\" content=\"https:\/\/www.notibras.com\/site\/visao-simbolica-da-criacao-no-imaginario-religioso\/\" \/>\n<meta property=\"og:site_name\" content=\"Notibras\" \/>\n<meta property=\"article:publisher\" content=\"https:\/\/www.facebook.com\/notibras\/\" \/>\n<meta property=\"article:published_time\" content=\"2025-12-13T11:47:49+00:00\" \/>\n<meta property=\"og:image\" content=\"https:\/\/www.notibras.com\/site\/wp-content\/uploads\/2025\/12\/6d608a23-7ac3-4302-babb-70e5358e327a.jpeg\" \/>\n\t<meta property=\"og:image:width\" content=\"810\" \/>\n\t<meta property=\"og:image:height\" content=\"1440\" \/>\n\t<meta property=\"og:image:type\" content=\"image\/jpeg\" \/>\n<meta name=\"author\" content=\"Reda\u00e7\u00e3o\" \/>\n<meta name=\"twitter:card\" content=\"summary_large_image\" \/>\n<meta name=\"twitter:creator\" content=\"@Notibras\" \/>\n<meta name=\"twitter:site\" content=\"@Notibras\" \/>\n<meta name=\"twitter:label1\" content=\"Escrito por\" \/>\n\t<meta name=\"twitter:data1\" content=\"Reda\u00e7\u00e3o\" \/>\n\t<meta name=\"twitter:label2\" content=\"Est. tempo de leitura\" \/>\n\t<meta name=\"twitter:data2\" content=\"4 minutos\" \/>\n<script type=\"application\/ld+json\" class=\"yoast-schema-graph\">{\"@context\":\"https:\/\/schema.org\",\"@graph\":[{\"@type\":\"Article\",\"@id\":\"https:\/\/www.notibras.com\/site\/visao-simbolica-da-criacao-no-imaginario-religioso\/#article\",\"isPartOf\":{\"@id\":\"https:\/\/www.notibras.com\/site\/visao-simbolica-da-criacao-no-imaginario-religioso\/\"},\"author\":{\"name\":\"Reda\u00e7\u00e3o\",\"@id\":\"https:\/\/www.notibras.com\/site\/#\/schema\/person\/36ab0979449956132d3e5b517ea76ac8\"},\"headline\":\"Vis\u00e3o simb\u00f3lica da cria\u00e7\u00e3o no imagin\u00e1rio religioso\",\"datePublished\":\"2025-12-13T11:47:49+00:00\",\"mainEntityOfPage\":{\"@id\":\"https:\/\/www.notibras.com\/site\/visao-simbolica-da-criacao-no-imaginario-religioso\/\"},\"wordCount\":623,\"publisher\":{\"@id\":\"https:\/\/www.notibras.com\/site\/#organization\"},\"image\":{\"@id\":\"https:\/\/www.notibras.com\/site\/visao-simbolica-da-criacao-no-imaginario-religioso\/#primaryimage\"},\"thumbnailUrl\":\"https:\/\/www.notibras.com\/site\/wp-content\/uploads\/2025\/12\/6d608a23-7ac3-4302-babb-70e5358e327a.jpeg\",\"articleSection\":[\"Or\u00e1culos\"],\"inLanguage\":\"pt-BR\"},{\"@type\":\"WebPage\",\"@id\":\"https:\/\/www.notibras.com\/site\/visao-simbolica-da-criacao-no-imaginario-religioso\/\",\"url\":\"https:\/\/www.notibras.com\/site\/visao-simbolica-da-criacao-no-imaginario-religioso\/\",\"name\":\"Vis\u00e3o simb\u00f3lica da cria\u00e7\u00e3o no imagin\u00e1rio religioso - Notibras\",\"isPartOf\":{\"@id\":\"https:\/\/www.notibras.com\/site\/#website\"},\"primaryImageOfPage\":{\"@id\":\"https:\/\/www.notibras.com\/site\/visao-simbolica-da-criacao-no-imaginario-religioso\/#primaryimage\"},\"image\":{\"@id\":\"https:\/\/www.notibras.com\/site\/visao-simbolica-da-criacao-no-imaginario-religioso\/#primaryimage\"},\"thumbnailUrl\":\"https:\/\/www.notibras.com\/site\/wp-content\/uploads\/2025\/12\/6d608a23-7ac3-4302-babb-70e5358e327a.jpeg\",\"datePublished\":\"2025-12-13T11:47:49+00:00\",\"breadcrumb\":{\"@id\":\"https:\/\/www.notibras.com\/site\/visao-simbolica-da-criacao-no-imaginario-religioso\/#breadcrumb\"},\"inLanguage\":\"pt-BR\",\"potentialAction\":[{\"@type\":\"ReadAction\",\"target\":[\"https:\/\/www.notibras.com\/site\/visao-simbolica-da-criacao-no-imaginario-religioso\/\"]}]},{\"@type\":\"ImageObject\",\"inLanguage\":\"pt-BR\",\"@id\":\"https:\/\/www.notibras.com\/site\/visao-simbolica-da-criacao-no-imaginario-religioso\/#primaryimage\",\"url\":\"https:\/\/www.notibras.com\/site\/wp-content\/uploads\/2025\/12\/6d608a23-7ac3-4302-babb-70e5358e327a.jpeg\",\"contentUrl\":\"https:\/\/www.notibras.com\/site\/wp-content\/uploads\/2025\/12\/6d608a23-7ac3-4302-babb-70e5358e327a.jpeg\",\"width\":810,\"height\":1440},{\"@type\":\"BreadcrumbList\",\"@id\":\"https:\/\/www.notibras.com\/site\/visao-simbolica-da-criacao-no-imaginario-religioso\/#breadcrumb\",\"itemListElement\":[{\"@type\":\"ListItem\",\"position\":1,\"name\":\"In\u00edcio\",\"item\":\"https:\/\/www.notibras.com\/site\/\"},{\"@type\":\"ListItem\",\"position\":2,\"name\":\"Vis\u00e3o simb\u00f3lica da cria\u00e7\u00e3o no imagin\u00e1rio religioso\"}]},{\"@type\":\"WebSite\",\"@id\":\"https:\/\/www.notibras.com\/site\/#website\",\"url\":\"https:\/\/www.notibras.com\/site\/\",\"name\":\"Notibras\",\"description\":\"Not\u00edcias de Bras\u00edlia, do Brasil e do Mundo\",\"publisher\":{\"@id\":\"https:\/\/www.notibras.com\/site\/#organization\"},\"potentialAction\":[{\"@type\":\"SearchAction\",\"target\":{\"@type\":\"EntryPoint\",\"urlTemplate\":\"https:\/\/www.notibras.com\/site\/?s={search_term_string}\"},\"query-input\":{\"@type\":\"PropertyValueSpecification\",\"valueRequired\":true,\"valueName\":\"search_term_string\"}}],\"inLanguage\":\"pt-BR\"},{\"@type\":\"Organization\",\"@id\":\"https:\/\/www.notibras.com\/site\/#organization\",\"name\":\"Grupo Notibras de Comunica\u00e7\u00e3o\",\"url\":\"https:\/\/www.notibras.com\/site\/\",\"logo\":{\"@type\":\"ImageObject\",\"inLanguage\":\"pt-BR\",\"@id\":\"https:\/\/www.notibras.com\/site\/#\/schema\/logo\/image\/\",\"url\":\"https:\/\/www.notibras.com\/site\/wp-content\/uploads\/2023\/01\/notibras23.png\",\"contentUrl\":\"https:\/\/www.notibras.com\/site\/wp-content\/uploads\/2023\/01\/notibras23.png\",\"width\":350,\"height\":87,\"caption\":\"Grupo Notibras de Comunica\u00e7\u00e3o\"},\"image\":{\"@id\":\"https:\/\/www.notibras.com\/site\/#\/schema\/logo\/image\/\"},\"sameAs\":[\"https:\/\/www.facebook.com\/notibras\/\",\"https:\/\/x.com\/Notibras\",\"https:\/\/www.instagram.com\/notibras\/\"]},{\"@type\":\"Person\",\"@id\":\"https:\/\/www.notibras.com\/site\/#\/schema\/person\/36ab0979449956132d3e5b517ea76ac8\",\"name\":\"Reda\u00e7\u00e3o\",\"image\":{\"@type\":\"ImageObject\",\"inLanguage\":\"pt-BR\",\"@id\":\"https:\/\/secure.gravatar.com\/avatar\/e0a867bdedb85fd243eadf09663511f96fc81e0720a4a42581f334ad4303aa6b?s=96&d=mm&r=g\",\"url\":\"https:\/\/secure.gravatar.com\/avatar\/e0a867bdedb85fd243eadf09663511f96fc81e0720a4a42581f334ad4303aa6b?s=96&d=mm&r=g\",\"contentUrl\":\"https:\/\/secure.gravatar.com\/avatar\/e0a867bdedb85fd243eadf09663511f96fc81e0720a4a42581f334ad4303aa6b?s=96&d=mm&r=g\",\"caption\":\"Reda\u00e7\u00e3o\"}}]}<\/script>\n<!-- \/ Yoast SEO plugin. -->","yoast_head_json":{"title":"Vis\u00e3o simb\u00f3lica da cria\u00e7\u00e3o no imagin\u00e1rio religioso - Notibras","robots":{"index":"index","follow":"follow","max-snippet":"max-snippet:-1","max-image-preview":"max-image-preview:large","max-video-preview":"max-video-preview:-1"},"canonical":"https:\/\/www.notibras.com\/site\/visao-simbolica-da-criacao-no-imaginario-religioso\/","og_locale":"pt_BR","og_type":"article","og_title":"Vis\u00e3o simb\u00f3lica da cria\u00e7\u00e3o no imagin\u00e1rio religioso - Notibras","og_description":"A narrativa b\u00edblica da cria\u00e7\u00e3o do homem e da mulher, descrita no livro do G\u00eanesis, est\u00e1 entre os relatos fundadores mais influentes da civiliza\u00e7\u00e3o ocidental. Segundo o texto sagrado, Deus molda Ad\u00e3o a partir do barro e, mais tarde, cria Eva a partir de uma costela retirada do primeiro homem. \u00c0 primeira vista, a hist\u00f3ria [&hellip;]","og_url":"https:\/\/www.notibras.com\/site\/visao-simbolica-da-criacao-no-imaginario-religioso\/","og_site_name":"Notibras","article_publisher":"https:\/\/www.facebook.com\/notibras\/","article_published_time":"2025-12-13T11:47:49+00:00","og_image":[{"width":810,"height":1440,"url":"https:\/\/www.notibras.com\/site\/wp-content\/uploads\/2025\/12\/6d608a23-7ac3-4302-babb-70e5358e327a.jpeg","type":"image\/jpeg"}],"author":"Reda\u00e7\u00e3o","twitter_card":"summary_large_image","twitter_creator":"@Notibras","twitter_site":"@Notibras","twitter_misc":{"Escrito por":"Reda\u00e7\u00e3o","Est. tempo de leitura":"4 minutos"},"schema":{"@context":"https:\/\/schema.org","@graph":[{"@type":"Article","@id":"https:\/\/www.notibras.com\/site\/visao-simbolica-da-criacao-no-imaginario-religioso\/#article","isPartOf":{"@id":"https:\/\/www.notibras.com\/site\/visao-simbolica-da-criacao-no-imaginario-religioso\/"},"author":{"name":"Reda\u00e7\u00e3o","@id":"https:\/\/www.notibras.com\/site\/#\/schema\/person\/36ab0979449956132d3e5b517ea76ac8"},"headline":"Vis\u00e3o simb\u00f3lica da cria\u00e7\u00e3o no imagin\u00e1rio religioso","datePublished":"2025-12-13T11:47:49+00:00","mainEntityOfPage":{"@id":"https:\/\/www.notibras.com\/site\/visao-simbolica-da-criacao-no-imaginario-religioso\/"},"wordCount":623,"publisher":{"@id":"https:\/\/www.notibras.com\/site\/#organization"},"image":{"@id":"https:\/\/www.notibras.com\/site\/visao-simbolica-da-criacao-no-imaginario-religioso\/#primaryimage"},"thumbnailUrl":"https:\/\/www.notibras.com\/site\/wp-content\/uploads\/2025\/12\/6d608a23-7ac3-4302-babb-70e5358e327a.jpeg","articleSection":["Or\u00e1culos"],"inLanguage":"pt-BR"},{"@type":"WebPage","@id":"https:\/\/www.notibras.com\/site\/visao-simbolica-da-criacao-no-imaginario-religioso\/","url":"https:\/\/www.notibras.com\/site\/visao-simbolica-da-criacao-no-imaginario-religioso\/","name":"Vis\u00e3o simb\u00f3lica da cria\u00e7\u00e3o no imagin\u00e1rio religioso - Notibras","isPartOf":{"@id":"https:\/\/www.notibras.com\/site\/#website"},"primaryImageOfPage":{"@id":"https:\/\/www.notibras.com\/site\/visao-simbolica-da-criacao-no-imaginario-religioso\/#primaryimage"},"image":{"@id":"https:\/\/www.notibras.com\/site\/visao-simbolica-da-criacao-no-imaginario-religioso\/#primaryimage"},"thumbnailUrl":"https:\/\/www.notibras.com\/site\/wp-content\/uploads\/2025\/12\/6d608a23-7ac3-4302-babb-70e5358e327a.jpeg","datePublished":"2025-12-13T11:47:49+00:00","breadcrumb":{"@id":"https:\/\/www.notibras.com\/site\/visao-simbolica-da-criacao-no-imaginario-religioso\/#breadcrumb"},"inLanguage":"pt-BR","potentialAction":[{"@type":"ReadAction","target":["https:\/\/www.notibras.com\/site\/visao-simbolica-da-criacao-no-imaginario-religioso\/"]}]},{"@type":"ImageObject","inLanguage":"pt-BR","@id":"https:\/\/www.notibras.com\/site\/visao-simbolica-da-criacao-no-imaginario-religioso\/#primaryimage","url":"https:\/\/www.notibras.com\/site\/wp-content\/uploads\/2025\/12\/6d608a23-7ac3-4302-babb-70e5358e327a.jpeg","contentUrl":"https:\/\/www.notibras.com\/site\/wp-content\/uploads\/2025\/12\/6d608a23-7ac3-4302-babb-70e5358e327a.jpeg","width":810,"height":1440},{"@type":"BreadcrumbList","@id":"https:\/\/www.notibras.com\/site\/visao-simbolica-da-criacao-no-imaginario-religioso\/#breadcrumb","itemListElement":[{"@type":"ListItem","position":1,"name":"In\u00edcio","item":"https:\/\/www.notibras.com\/site\/"},{"@type":"ListItem","position":2,"name":"Vis\u00e3o simb\u00f3lica da cria\u00e7\u00e3o no imagin\u00e1rio religioso"}]},{"@type":"WebSite","@id":"https:\/\/www.notibras.com\/site\/#website","url":"https:\/\/www.notibras.com\/site\/","name":"Notibras","description":"Not\u00edcias de Bras\u00edlia, do Brasil e do Mundo","publisher":{"@id":"https:\/\/www.notibras.com\/site\/#organization"},"potentialAction":[{"@type":"SearchAction","target":{"@type":"EntryPoint","urlTemplate":"https:\/\/www.notibras.com\/site\/?s={search_term_string}"},"query-input":{"@type":"PropertyValueSpecification","valueRequired":true,"valueName":"search_term_string"}}],"inLanguage":"pt-BR"},{"@type":"Organization","@id":"https:\/\/www.notibras.com\/site\/#organization","name":"Grupo Notibras de Comunica\u00e7\u00e3o","url":"https:\/\/www.notibras.com\/site\/","logo":{"@type":"ImageObject","inLanguage":"pt-BR","@id":"https:\/\/www.notibras.com\/site\/#\/schema\/logo\/image\/","url":"https:\/\/www.notibras.com\/site\/wp-content\/uploads\/2023\/01\/notibras23.png","contentUrl":"https:\/\/www.notibras.com\/site\/wp-content\/uploads\/2023\/01\/notibras23.png","width":350,"height":87,"caption":"Grupo Notibras de Comunica\u00e7\u00e3o"},"image":{"@id":"https:\/\/www.notibras.com\/site\/#\/schema\/logo\/image\/"},"sameAs":["https:\/\/www.facebook.com\/notibras\/","https:\/\/x.com\/Notibras","https:\/\/www.instagram.com\/notibras\/"]},{"@type":"Person","@id":"https:\/\/www.notibras.com\/site\/#\/schema\/person\/36ab0979449956132d3e5b517ea76ac8","name":"Reda\u00e7\u00e3o","image":{"@type":"ImageObject","inLanguage":"pt-BR","@id":"https:\/\/secure.gravatar.com\/avatar\/e0a867bdedb85fd243eadf09663511f96fc81e0720a4a42581f334ad4303aa6b?s=96&d=mm&r=g","url":"https:\/\/secure.gravatar.com\/avatar\/e0a867bdedb85fd243eadf09663511f96fc81e0720a4a42581f334ad4303aa6b?s=96&d=mm&r=g","contentUrl":"https:\/\/secure.gravatar.com\/avatar\/e0a867bdedb85fd243eadf09663511f96fc81e0720a4a42581f334ad4303aa6b?s=96&d=mm&r=g","caption":"Reda\u00e7\u00e3o"}}]}},"amp_enabled":true,"_links":{"self":[{"href":"https:\/\/www.notibras.com\/site\/wp-json\/wp\/v2\/posts\/374634","targetHints":{"allow":["GET"]}}],"collection":[{"href":"https:\/\/www.notibras.com\/site\/wp-json\/wp\/v2\/posts"}],"about":[{"href":"https:\/\/www.notibras.com\/site\/wp-json\/wp\/v2\/types\/post"}],"author":[{"embeddable":true,"href":"https:\/\/www.notibras.com\/site\/wp-json\/wp\/v2\/users\/2"}],"replies":[{"embeddable":true,"href":"https:\/\/www.notibras.com\/site\/wp-json\/wp\/v2\/comments?post=374634"}],"version-history":[{"count":1,"href":"https:\/\/www.notibras.com\/site\/wp-json\/wp\/v2\/posts\/374634\/revisions"}],"predecessor-version":[{"id":374636,"href":"https:\/\/www.notibras.com\/site\/wp-json\/wp\/v2\/posts\/374634\/revisions\/374636"}],"wp:featuredmedia":[{"embeddable":true,"href":"https:\/\/www.notibras.com\/site\/wp-json\/wp\/v2\/media\/374635"}],"wp:attachment":[{"href":"https:\/\/www.notibras.com\/site\/wp-json\/wp\/v2\/media?parent=374634"}],"wp:term":[{"taxonomy":"category","embeddable":true,"href":"https:\/\/www.notibras.com\/site\/wp-json\/wp\/v2\/categories?post=374634"},{"taxonomy":"post_tag","embeddable":true,"href":"https:\/\/www.notibras.com\/site\/wp-json\/wp\/v2\/tags?post=374634"}],"curies":[{"name":"wp","href":"https:\/\/api.w.org\/{rel}","templated":true}]}}