{"id":37474,"date":"2015-02-18T10:56:28","date_gmt":"2015-02-18T13:56:28","guid":{"rendered":"http:\/\/www.notibras.com\/site\/?p=37474"},"modified":"2015-02-20T13:16:59","modified_gmt":"2015-02-20T16:16:59","slug":"criancas-precisam-brincar-atividade-em-excesso-e-coisa-de-adultos","status":"publish","type":"post","link":"https:\/\/www.notibras.com\/site\/criancas-precisam-brincar-atividade-em-excesso-e-coisa-de-adultos\/","title":{"rendered":"Crian\u00e7as precisam brincar; muita atividade \u00e9 coisa de adultos"},"content":{"rendered":"<p>Nossas crian\u00e7as tem cada vez mais contato com assuntos e est\u00edmulos que n\u00e3o s\u00e3o adequados \u00e0 sua idade. Isso faz com que se comportem ou se expressem como &#8220;miniadultos&#8221;, e n\u00e3o vivam como deveriam. Dessa maneira, a inf\u00e2ncia n\u00e3o \u00e9 aproveitada e desfrutada com toda sua riqueza e import\u00e2ncia.<\/p>\n<p>Hoje em dia, as crian\u00e7as est\u00e3o envolvidas em tantas atividades que perdem a no\u00e7\u00e3o do que \u00e9 ser crian\u00e7a. Escola meio per\u00edodo ou per\u00edodo integral, ingl\u00eas, bal\u00e9, nata\u00e7\u00e3o, espanhol, carat\u00ea etc.<\/p>\n<p>E o tempo para as brincadeiras, para o lazer e para as novas descobertas? As crian\u00e7as precisam aproveitar o tempo, se preparar para o futuro, crescer r\u00e1pido, desenvolver-se intelectualmente, profissionalizar-se cedo, aprimorar e ampliar seus conhecimentos&#8230; nossa! Cansei s\u00f3 de pensar em tudo o que \u00e9 exigido das crian\u00e7as nos dias de hoje.<\/p>\n<blockquote><p>E o seu lado emocional? O amadurecimento emocional n\u00e3o acompanha o intelectual, claro. Esse descompasso as torna irritadi\u00e7as, estressadas, perdidas, frustradas e deprimidas. Voc\u00eas perceberam quantas crian\u00e7as com depress\u00e3o existem hoje? \u00c9 inaceit\u00e1vel.<\/p><\/blockquote>\n<p>Ser\u00e1 que tudo isso n\u00e3o ter\u00e1 consequ\u00eancias na juventude e na idade adulta? Claro que sim. Provavelmente teremos adultos n\u00e3o soci\u00e1veis, desnorteados, desajustados, insatisfeitos, ego\u00edstas, agressivos.<\/p>\n<p>Por qu\u00ea? Porque o ser humano deve viver cada fase intensamente, desenvolver cada habilidade a seu devido tempo, construir suas ideias e opini\u00f5es aos poucos, baseado em sua experi\u00eancia. Cada pessoa deve formar seu car\u00e1ter a partir de um relacionamento sadio com sua fam\u00edlia para aprender a conviver em sociedade. Pular etapas n\u00e3o \u00e9 bom.<\/p>\n<p>E isso traz como consequ\u00eancia outras situa\u00e7\u00f5es: crian\u00e7as que se vestem como adultos, falam como adultos, agem como adultos; meninas maquiadas como mulheres, penteadas como mulheres, agindo como mulheres.<\/p>\n<p>Todas as experi\u00eancias e viv\u00eancias da juventude est\u00e3o sendo antecipadas. At\u00e9 o corpo est\u00e1 reagindo a essa antecipa\u00e7\u00e3o tentando acompanhar as demandas externas. Mas o desenvolvimento emocional n\u00e3o acompanha. Est\u00e3o exigindo coisas contr\u00e1rias ao desenvolvimento normal. \u00c9 o caos!<\/p>\n<p>Sem contar a falta de responsabilidade e de maturidade para assumir compromissos que n\u00e3o est\u00e3o de acordo com sua idade. Quando come\u00e7ou tudo isso? Na inf\u00e2ncia. Ent\u00e3o, o que os pais podem fazer? Listo abaixo algumas sugest\u00f5es:<\/p>\n<ul>\n<li>\n<blockquote><p>Organize a rotina de seu filho e supervisione as informa\u00e7\u00f5es que recebe.<\/p><\/blockquote>\n<\/li>\n<li>\n<blockquote><p>Esteja presente na vida dele, participe mais de sua inf\u00e2ncia;<\/p><\/blockquote>\n<\/li>\n<li>\n<blockquote><p>N\u00e3o exija demais dele, n\u00e3o imponha compromissos excessivos;<\/p><\/blockquote>\n<\/li>\n<li>\n<blockquote><p>N\u00e3o compare seu filho com outras crian\u00e7as, respeite sua individualidade;<\/p><\/blockquote>\n<\/li>\n<li>\n<blockquote><p>Estimule seu filho a brincar bastante e participe das brincadeiras;<\/p><\/blockquote>\n<\/li>\n<li>\n<blockquote><p>Estimule seu filho a cooperar com a fam\u00edlia sem sobrecarreg\u00e1-lo;<\/p><\/blockquote>\n<\/li>\n<li>\n<blockquote><p>Vista-o com trajes adequados \u00e0 sua idade e n\u00e3o como um miniadulto;<\/p><\/blockquote>\n<\/li>\n<li>\n<blockquote><p>Elogie seu filho em cada conquista e acerto;<\/p><\/blockquote>\n<\/li>\n<li>\n<blockquote><p>Veja seu filho como uma crian\u00e7a e respeite-o como tal.<\/p><\/blockquote>\n<\/li>\n<\/ul>\n<p>Crian\u00e7a precisa brincar e voc\u00ea, como pai, tem que compreender, aceitar, estimular e participar.<\/p>\n<p><strong>Cris Poli<\/strong><\/p>\n","protected":false},"excerpt":{"rendered":"<p>Nossas crian\u00e7as tem cada vez mais contato com assuntos e est\u00edmulos que n\u00e3o s\u00e3o adequados \u00e0 sua idade. Isso faz com que se comportem ou se expressem como &#8220;miniadultos&#8221;, e n\u00e3o vivam como deveriam. Dessa maneira, a inf\u00e2ncia n\u00e3o \u00e9 aproveitada e desfrutada com toda sua riqueza e import\u00e2ncia. Hoje em dia, as crian\u00e7as est\u00e3o [&hellip;]<\/p>\n","protected":false},"author":2,"featured_media":37478,"comment_status":"open","ping_status":"closed","sticky":false,"template":"","format":"standard","meta":{"_acf_changed":false,"footnotes":""},"categories":[25],"tags":[],"class_list":["post-37474","post","type-post","status-publish","format-standard","has-post-thumbnail","hentry","category-opina-ai"],"acf":[],"yoast_head":"<!-- This site is optimized with the Yoast SEO plugin v27.2 - https:\/\/yoast.com\/product\/yoast-seo-wordpress\/ -->\n<title>Crian\u00e7as precisam brincar; muita atividade \u00e9 coisa de adultos - Notibras<\/title>\n<meta name=\"robots\" content=\"index, follow, max-snippet:-1, max-image-preview:large, max-video-preview:-1\" \/>\n<link rel=\"canonical\" href=\"https:\/\/www.notibras.com\/site\/criancas-precisam-brincar-atividade-em-excesso-e-coisa-de-adultos\/\" \/>\n<meta property=\"og:locale\" content=\"pt_BR\" \/>\n<meta property=\"og:type\" content=\"article\" \/>\n<meta property=\"og:title\" content=\"Crian\u00e7as precisam brincar; muita atividade \u00e9 coisa de adultos - Notibras\" \/>\n<meta property=\"og:description\" content=\"Nossas crian\u00e7as tem cada vez mais contato com assuntos e est\u00edmulos que n\u00e3o s\u00e3o adequados \u00e0 sua idade. Isso faz com que se comportem ou se expressem como &#8220;miniadultos&#8221;, e n\u00e3o vivam como deveriam. Dessa maneira, a inf\u00e2ncia n\u00e3o \u00e9 aproveitada e desfrutada com toda sua riqueza e import\u00e2ncia. Hoje em dia, as crian\u00e7as est\u00e3o [&hellip;]\" \/>\n<meta property=\"og:url\" content=\"https:\/\/www.notibras.com\/site\/criancas-precisam-brincar-atividade-em-excesso-e-coisa-de-adultos\/\" \/>\n<meta property=\"og:site_name\" content=\"Notibras\" \/>\n<meta property=\"article:publisher\" content=\"https:\/\/www.facebook.com\/notibras\/\" \/>\n<meta property=\"article:published_time\" content=\"2015-02-18T13:56:28+00:00\" \/>\n<meta property=\"article:modified_time\" content=\"2015-02-20T16:16:59+00:00\" \/>\n<meta property=\"og:image\" content=\"https:\/\/www.notibras.com\/site\/wp-content\/uploads\/2015\/02\/op1.jpg\" \/>\n\t<meta property=\"og:image:width\" content=\"640\" \/>\n\t<meta property=\"og:image:height\" content=\"425\" \/>\n\t<meta property=\"og:image:type\" content=\"image\/jpeg\" \/>\n<meta name=\"author\" content=\"Reda\u00e7\u00e3o\" \/>\n<meta name=\"twitter:card\" content=\"summary_large_image\" \/>\n<meta name=\"twitter:creator\" content=\"@Notibras\" \/>\n<meta name=\"twitter:site\" content=\"@Notibras\" \/>\n<meta name=\"twitter:label1\" content=\"Escrito por\" \/>\n\t<meta name=\"twitter:data1\" content=\"Reda\u00e7\u00e3o\" \/>\n\t<meta name=\"twitter:label2\" content=\"Est. tempo de leitura\" \/>\n\t<meta name=\"twitter:data2\" content=\"3 minutos\" \/>\n<script type=\"application\/ld+json\" class=\"yoast-schema-graph\">{\"@context\":\"https:\/\/schema.org\",\"@graph\":[{\"@type\":\"Article\",\"@id\":\"https:\/\/www.notibras.com\/site\/criancas-precisam-brincar-atividade-em-excesso-e-coisa-de-adultos\/#article\",\"isPartOf\":{\"@id\":\"https:\/\/www.notibras.com\/site\/criancas-precisam-brincar-atividade-em-excesso-e-coisa-de-adultos\/\"},\"author\":{\"name\":\"Reda\u00e7\u00e3o\",\"@id\":\"https:\/\/www.notibras.com\/site\/#\/schema\/person\/36ab0979449956132d3e5b517ea76ac8\"},\"headline\":\"Crian\u00e7as precisam brincar; muita atividade \u00e9 coisa de adultos\",\"datePublished\":\"2015-02-18T13:56:28+00:00\",\"dateModified\":\"2015-02-20T16:16:59+00:00\",\"mainEntityOfPage\":{\"@id\":\"https:\/\/www.notibras.com\/site\/criancas-precisam-brincar-atividade-em-excesso-e-coisa-de-adultos\/\"},\"wordCount\":521,\"commentCount\":0,\"publisher\":{\"@id\":\"https:\/\/www.notibras.com\/site\/#organization\"},\"image\":{\"@id\":\"https:\/\/www.notibras.com\/site\/criancas-precisam-brincar-atividade-em-excesso-e-coisa-de-adultos\/#primaryimage\"},\"thumbnailUrl\":\"https:\/\/www.notibras.com\/site\/wp-content\/uploads\/2015\/02\/op1.jpg\",\"articleSection\":[\"Opina a\u00ed\"],\"inLanguage\":\"pt-BR\",\"potentialAction\":[{\"@type\":\"CommentAction\",\"name\":\"Comment\",\"target\":[\"https:\/\/www.notibras.com\/site\/criancas-precisam-brincar-atividade-em-excesso-e-coisa-de-adultos\/#respond\"]}]},{\"@type\":\"WebPage\",\"@id\":\"https:\/\/www.notibras.com\/site\/criancas-precisam-brincar-atividade-em-excesso-e-coisa-de-adultos\/\",\"url\":\"https:\/\/www.notibras.com\/site\/criancas-precisam-brincar-atividade-em-excesso-e-coisa-de-adultos\/\",\"name\":\"Crian\u00e7as precisam brincar; muita atividade \u00e9 coisa de adultos - Notibras\",\"isPartOf\":{\"@id\":\"https:\/\/www.notibras.com\/site\/#website\"},\"primaryImageOfPage\":{\"@id\":\"https:\/\/www.notibras.com\/site\/criancas-precisam-brincar-atividade-em-excesso-e-coisa-de-adultos\/#primaryimage\"},\"image\":{\"@id\":\"https:\/\/www.notibras.com\/site\/criancas-precisam-brincar-atividade-em-excesso-e-coisa-de-adultos\/#primaryimage\"},\"thumbnailUrl\":\"https:\/\/www.notibras.com\/site\/wp-content\/uploads\/2015\/02\/op1.jpg\",\"datePublished\":\"2015-02-18T13:56:28+00:00\",\"dateModified\":\"2015-02-20T16:16:59+00:00\",\"breadcrumb\":{\"@id\":\"https:\/\/www.notibras.com\/site\/criancas-precisam-brincar-atividade-em-excesso-e-coisa-de-adultos\/#breadcrumb\"},\"inLanguage\":\"pt-BR\",\"potentialAction\":[{\"@type\":\"ReadAction\",\"target\":[\"https:\/\/www.notibras.com\/site\/criancas-precisam-brincar-atividade-em-excesso-e-coisa-de-adultos\/\"]}]},{\"@type\":\"ImageObject\",\"inLanguage\":\"pt-BR\",\"@id\":\"https:\/\/www.notibras.com\/site\/criancas-precisam-brincar-atividade-em-excesso-e-coisa-de-adultos\/#primaryimage\",\"url\":\"https:\/\/www.notibras.com\/site\/wp-content\/uploads\/2015\/02\/op1.jpg\",\"contentUrl\":\"https:\/\/www.notibras.com\/site\/wp-content\/uploads\/2015\/02\/op1.jpg\",\"width\":640,\"height\":425},{\"@type\":\"BreadcrumbList\",\"@id\":\"https:\/\/www.notibras.com\/site\/criancas-precisam-brincar-atividade-em-excesso-e-coisa-de-adultos\/#breadcrumb\",\"itemListElement\":[{\"@type\":\"ListItem\",\"position\":1,\"name\":\"In\u00edcio\",\"item\":\"https:\/\/www.notibras.com\/site\/\"},{\"@type\":\"ListItem\",\"position\":2,\"name\":\"Crian\u00e7as precisam brincar; muita atividade \u00e9 coisa de adultos\"}]},{\"@type\":\"WebSite\",\"@id\":\"https:\/\/www.notibras.com\/site\/#website\",\"url\":\"https:\/\/www.notibras.com\/site\/\",\"name\":\"Notibras\",\"description\":\"Not\u00edcias de Bras\u00edlia, do Brasil e do Mundo\",\"publisher\":{\"@id\":\"https:\/\/www.notibras.com\/site\/#organization\"},\"potentialAction\":[{\"@type\":\"SearchAction\",\"target\":{\"@type\":\"EntryPoint\",\"urlTemplate\":\"https:\/\/www.notibras.com\/site\/?s={search_term_string}\"},\"query-input\":{\"@type\":\"PropertyValueSpecification\",\"valueRequired\":true,\"valueName\":\"search_term_string\"}}],\"inLanguage\":\"pt-BR\"},{\"@type\":\"Organization\",\"@id\":\"https:\/\/www.notibras.com\/site\/#organization\",\"name\":\"Grupo Notibras de Comunica\u00e7\u00e3o\",\"url\":\"https:\/\/www.notibras.com\/site\/\",\"logo\":{\"@type\":\"ImageObject\",\"inLanguage\":\"pt-BR\",\"@id\":\"https:\/\/www.notibras.com\/site\/#\/schema\/logo\/image\/\",\"url\":\"https:\/\/www.notibras.com\/site\/wp-content\/uploads\/2023\/01\/notibras23.png\",\"contentUrl\":\"https:\/\/www.notibras.com\/site\/wp-content\/uploads\/2023\/01\/notibras23.png\",\"width\":350,\"height\":87,\"caption\":\"Grupo Notibras de Comunica\u00e7\u00e3o\"},\"image\":{\"@id\":\"https:\/\/www.notibras.com\/site\/#\/schema\/logo\/image\/\"},\"sameAs\":[\"https:\/\/www.facebook.com\/notibras\/\",\"https:\/\/x.com\/Notibras\",\"https:\/\/www.instagram.com\/notibras\/\"]},{\"@type\":\"Person\",\"@id\":\"https:\/\/www.notibras.com\/site\/#\/schema\/person\/36ab0979449956132d3e5b517ea76ac8\",\"name\":\"Reda\u00e7\u00e3o\",\"image\":{\"@type\":\"ImageObject\",\"inLanguage\":\"pt-BR\",\"@id\":\"https:\/\/secure.gravatar.com\/avatar\/e0a867bdedb85fd243eadf09663511f96fc81e0720a4a42581f334ad4303aa6b?s=96&d=mm&r=g\",\"url\":\"https:\/\/secure.gravatar.com\/avatar\/e0a867bdedb85fd243eadf09663511f96fc81e0720a4a42581f334ad4303aa6b?s=96&d=mm&r=g\",\"contentUrl\":\"https:\/\/secure.gravatar.com\/avatar\/e0a867bdedb85fd243eadf09663511f96fc81e0720a4a42581f334ad4303aa6b?s=96&d=mm&r=g\",\"caption\":\"Reda\u00e7\u00e3o\"}}]}<\/script>\n<!-- \/ Yoast SEO plugin. -->","yoast_head_json":{"title":"Crian\u00e7as precisam brincar; muita atividade \u00e9 coisa de adultos - Notibras","robots":{"index":"index","follow":"follow","max-snippet":"max-snippet:-1","max-image-preview":"max-image-preview:large","max-video-preview":"max-video-preview:-1"},"canonical":"https:\/\/www.notibras.com\/site\/criancas-precisam-brincar-atividade-em-excesso-e-coisa-de-adultos\/","og_locale":"pt_BR","og_type":"article","og_title":"Crian\u00e7as precisam brincar; muita atividade \u00e9 coisa de adultos - Notibras","og_description":"Nossas crian\u00e7as tem cada vez mais contato com assuntos e est\u00edmulos que n\u00e3o s\u00e3o adequados \u00e0 sua idade. Isso faz com que se comportem ou se expressem como &#8220;miniadultos&#8221;, e n\u00e3o vivam como deveriam. Dessa maneira, a inf\u00e2ncia n\u00e3o \u00e9 aproveitada e desfrutada com toda sua riqueza e import\u00e2ncia. Hoje em dia, as crian\u00e7as est\u00e3o [&hellip;]","og_url":"https:\/\/www.notibras.com\/site\/criancas-precisam-brincar-atividade-em-excesso-e-coisa-de-adultos\/","og_site_name":"Notibras","article_publisher":"https:\/\/www.facebook.com\/notibras\/","article_published_time":"2015-02-18T13:56:28+00:00","article_modified_time":"2015-02-20T16:16:59+00:00","og_image":[{"width":640,"height":425,"url":"https:\/\/www.notibras.com\/site\/wp-content\/uploads\/2015\/02\/op1.jpg","type":"image\/jpeg"}],"author":"Reda\u00e7\u00e3o","twitter_card":"summary_large_image","twitter_creator":"@Notibras","twitter_site":"@Notibras","twitter_misc":{"Escrito por":"Reda\u00e7\u00e3o","Est. tempo de leitura":"3 minutos"},"schema":{"@context":"https:\/\/schema.org","@graph":[{"@type":"Article","@id":"https:\/\/www.notibras.com\/site\/criancas-precisam-brincar-atividade-em-excesso-e-coisa-de-adultos\/#article","isPartOf":{"@id":"https:\/\/www.notibras.com\/site\/criancas-precisam-brincar-atividade-em-excesso-e-coisa-de-adultos\/"},"author":{"name":"Reda\u00e7\u00e3o","@id":"https:\/\/www.notibras.com\/site\/#\/schema\/person\/36ab0979449956132d3e5b517ea76ac8"},"headline":"Crian\u00e7as precisam brincar; muita atividade \u00e9 coisa de adultos","datePublished":"2015-02-18T13:56:28+00:00","dateModified":"2015-02-20T16:16:59+00:00","mainEntityOfPage":{"@id":"https:\/\/www.notibras.com\/site\/criancas-precisam-brincar-atividade-em-excesso-e-coisa-de-adultos\/"},"wordCount":521,"commentCount":0,"publisher":{"@id":"https:\/\/www.notibras.com\/site\/#organization"},"image":{"@id":"https:\/\/www.notibras.com\/site\/criancas-precisam-brincar-atividade-em-excesso-e-coisa-de-adultos\/#primaryimage"},"thumbnailUrl":"https:\/\/www.notibras.com\/site\/wp-content\/uploads\/2015\/02\/op1.jpg","articleSection":["Opina a\u00ed"],"inLanguage":"pt-BR","potentialAction":[{"@type":"CommentAction","name":"Comment","target":["https:\/\/www.notibras.com\/site\/criancas-precisam-brincar-atividade-em-excesso-e-coisa-de-adultos\/#respond"]}]},{"@type":"WebPage","@id":"https:\/\/www.notibras.com\/site\/criancas-precisam-brincar-atividade-em-excesso-e-coisa-de-adultos\/","url":"https:\/\/www.notibras.com\/site\/criancas-precisam-brincar-atividade-em-excesso-e-coisa-de-adultos\/","name":"Crian\u00e7as precisam brincar; muita atividade \u00e9 coisa de adultos - Notibras","isPartOf":{"@id":"https:\/\/www.notibras.com\/site\/#website"},"primaryImageOfPage":{"@id":"https:\/\/www.notibras.com\/site\/criancas-precisam-brincar-atividade-em-excesso-e-coisa-de-adultos\/#primaryimage"},"image":{"@id":"https:\/\/www.notibras.com\/site\/criancas-precisam-brincar-atividade-em-excesso-e-coisa-de-adultos\/#primaryimage"},"thumbnailUrl":"https:\/\/www.notibras.com\/site\/wp-content\/uploads\/2015\/02\/op1.jpg","datePublished":"2015-02-18T13:56:28+00:00","dateModified":"2015-02-20T16:16:59+00:00","breadcrumb":{"@id":"https:\/\/www.notibras.com\/site\/criancas-precisam-brincar-atividade-em-excesso-e-coisa-de-adultos\/#breadcrumb"},"inLanguage":"pt-BR","potentialAction":[{"@type":"ReadAction","target":["https:\/\/www.notibras.com\/site\/criancas-precisam-brincar-atividade-em-excesso-e-coisa-de-adultos\/"]}]},{"@type":"ImageObject","inLanguage":"pt-BR","@id":"https:\/\/www.notibras.com\/site\/criancas-precisam-brincar-atividade-em-excesso-e-coisa-de-adultos\/#primaryimage","url":"https:\/\/www.notibras.com\/site\/wp-content\/uploads\/2015\/02\/op1.jpg","contentUrl":"https:\/\/www.notibras.com\/site\/wp-content\/uploads\/2015\/02\/op1.jpg","width":640,"height":425},{"@type":"BreadcrumbList","@id":"https:\/\/www.notibras.com\/site\/criancas-precisam-brincar-atividade-em-excesso-e-coisa-de-adultos\/#breadcrumb","itemListElement":[{"@type":"ListItem","position":1,"name":"In\u00edcio","item":"https:\/\/www.notibras.com\/site\/"},{"@type":"ListItem","position":2,"name":"Crian\u00e7as precisam brincar; muita atividade \u00e9 coisa de adultos"}]},{"@type":"WebSite","@id":"https:\/\/www.notibras.com\/site\/#website","url":"https:\/\/www.notibras.com\/site\/","name":"Notibras","description":"Not\u00edcias de Bras\u00edlia, do Brasil e do Mundo","publisher":{"@id":"https:\/\/www.notibras.com\/site\/#organization"},"potentialAction":[{"@type":"SearchAction","target":{"@type":"EntryPoint","urlTemplate":"https:\/\/www.notibras.com\/site\/?s={search_term_string}"},"query-input":{"@type":"PropertyValueSpecification","valueRequired":true,"valueName":"search_term_string"}}],"inLanguage":"pt-BR"},{"@type":"Organization","@id":"https:\/\/www.notibras.com\/site\/#organization","name":"Grupo Notibras de Comunica\u00e7\u00e3o","url":"https:\/\/www.notibras.com\/site\/","logo":{"@type":"ImageObject","inLanguage":"pt-BR","@id":"https:\/\/www.notibras.com\/site\/#\/schema\/logo\/image\/","url":"https:\/\/www.notibras.com\/site\/wp-content\/uploads\/2023\/01\/notibras23.png","contentUrl":"https:\/\/www.notibras.com\/site\/wp-content\/uploads\/2023\/01\/notibras23.png","width":350,"height":87,"caption":"Grupo Notibras de Comunica\u00e7\u00e3o"},"image":{"@id":"https:\/\/www.notibras.com\/site\/#\/schema\/logo\/image\/"},"sameAs":["https:\/\/www.facebook.com\/notibras\/","https:\/\/x.com\/Notibras","https:\/\/www.instagram.com\/notibras\/"]},{"@type":"Person","@id":"https:\/\/www.notibras.com\/site\/#\/schema\/person\/36ab0979449956132d3e5b517ea76ac8","name":"Reda\u00e7\u00e3o","image":{"@type":"ImageObject","inLanguage":"pt-BR","@id":"https:\/\/secure.gravatar.com\/avatar\/e0a867bdedb85fd243eadf09663511f96fc81e0720a4a42581f334ad4303aa6b?s=96&d=mm&r=g","url":"https:\/\/secure.gravatar.com\/avatar\/e0a867bdedb85fd243eadf09663511f96fc81e0720a4a42581f334ad4303aa6b?s=96&d=mm&r=g","contentUrl":"https:\/\/secure.gravatar.com\/avatar\/e0a867bdedb85fd243eadf09663511f96fc81e0720a4a42581f334ad4303aa6b?s=96&d=mm&r=g","caption":"Reda\u00e7\u00e3o"}}]}},"amp_enabled":true,"_links":{"self":[{"href":"https:\/\/www.notibras.com\/site\/wp-json\/wp\/v2\/posts\/37474","targetHints":{"allow":["GET"]}}],"collection":[{"href":"https:\/\/www.notibras.com\/site\/wp-json\/wp\/v2\/posts"}],"about":[{"href":"https:\/\/www.notibras.com\/site\/wp-json\/wp\/v2\/types\/post"}],"author":[{"embeddable":true,"href":"https:\/\/www.notibras.com\/site\/wp-json\/wp\/v2\/users\/2"}],"replies":[{"embeddable":true,"href":"https:\/\/www.notibras.com\/site\/wp-json\/wp\/v2\/comments?post=37474"}],"version-history":[{"count":0,"href":"https:\/\/www.notibras.com\/site\/wp-json\/wp\/v2\/posts\/37474\/revisions"}],"wp:featuredmedia":[{"embeddable":true,"href":"https:\/\/www.notibras.com\/site\/wp-json\/wp\/v2\/media\/37478"}],"wp:attachment":[{"href":"https:\/\/www.notibras.com\/site\/wp-json\/wp\/v2\/media?parent=37474"}],"wp:term":[{"taxonomy":"category","embeddable":true,"href":"https:\/\/www.notibras.com\/site\/wp-json\/wp\/v2\/categories?post=37474"},{"taxonomy":"post_tag","embeddable":true,"href":"https:\/\/www.notibras.com\/site\/wp-json\/wp\/v2\/tags?post=37474"}],"curies":[{"name":"wp","href":"https:\/\/api.w.org\/{rel}","templated":true}]}}