{"id":374769,"date":"2025-12-14T07:55:15","date_gmt":"2025-12-14T10:55:15","guid":{"rendered":"https:\/\/www.notibras.com\/site\/?p=374769"},"modified":"2025-12-14T07:55:15","modified_gmt":"2025-12-14T10:55:15","slug":"onde-o-esoterismo-vive-no-topo-do-mundo","status":"publish","type":"post","link":"https:\/\/www.notibras.com\/site\/onde-o-esoterismo-vive-no-topo-do-mundo\/","title":{"rendered":"Onde o esoterismo vive no topo do mundo"},"content":{"rendered":"<p data-start=\"131\" data-end=\"480\">No alto da Cordilheira dos Andes, a 2.430 metros acima do n\u00edvel do mar, Machu Picchu n\u00e3o se imp\u00f5e apenas como uma obra-prima da engenharia inca. Ela se revela, sobretudo, como um santu\u00e1rio onde pedra, c\u00e9u e sil\u00eancio conspiram para algo al\u00e9m do vis\u00edvel. Ali, o esoterismo n\u00e3o \u00e9 ornamento moderno nem inven\u00e7\u00e3o tur\u00edstica: \u00e9 parte constitutiva do lugar.<\/p>\n<p data-start=\"482\" data-end=\"766\">Constru\u00edda no s\u00e9culo XV e abandonada pouco tempo depois da chegada dos espanh\u00f3is \u2014 sem jamais ter sido descoberta por eles \u2014 Machu Picchu parece ter sido pensada para desaparecer. E talvez por isso mesmo conserve at\u00e9 hoje um magnetismo que desafia explica\u00e7\u00f5es puramente arqueol\u00f3gicas.<\/p>\n<p data-start=\"799\" data-end=\"852\">Para os incas, o mundo era dividido em tr\u00eas planos:<\/p>\n<ul data-start=\"853\" data-end=\"997\">\n<li data-start=\"853\" data-end=\"902\">\n<p data-start=\"855\" data-end=\"902\">Hanan Pacha, o mundo dos deuses e astros;<\/p>\n<\/li>\n<li data-start=\"903\" data-end=\"940\">\n<p data-start=\"905\" data-end=\"940\">Kay Pacha, o mundo dos vivos;<\/p>\n<\/li>\n<li data-start=\"941\" data-end=\"997\">\n<p data-start=\"943\" data-end=\"997\">Ukhu Pacha, o mundo subterr\u00e2neo, dos ancestrais.<\/p>\n<\/li>\n<\/ul>\n<p data-start=\"999\" data-end=\"1255\">Machu Picchu estaria exatamente no ponto de encontro desses tr\u00eas n\u00edveis. N\u00e3o por acaso, ergue-se entre montanhas consideradas apus \u2014 divindades tutelares \u2014, envolta por um vale profundo e atravessada por uma geometria que dialoga diretamente com o c\u00e9u.<\/p>\n<p data-start=\"1257\" data-end=\"1367\">Cada escadaria, cada muro, cada janela trapezoidal parece obedecer a um c\u00e1lculo sagrado. Nada ali \u00e9 aleat\u00f3rio.<\/p>\n<p data-start=\"1413\" data-end=\"1744\">No cora\u00e7\u00e3o espiritual da cidadela est\u00e1 o Intihuatana, a \u201cpedra onde se amarra o sol\u201d. Longe de ser apenas um observat\u00f3rio astron\u00f4mico, ela funcionaria como um ponto de ancoragem energ\u00e9tica. Durante os solst\u00edcios, a sombra projetada praticamente desaparece, simbolizando o momento em que o sol est\u00e1 plenamente conectado \u00e0 Terra.<\/p>\n<p data-start=\"1746\" data-end=\"2029\">Para correntes esot\u00e9ricas contempor\u00e2neas, o Intihuatana seria um verdadeiro portal de consci\u00eancia, capaz de alinhar corpo, mente e cosmos. N\u00e3o s\u00e3o poucos os visitantes que relatam sensa\u00e7\u00f5es f\u00edsicas intensas \u2014 tontura, calor s\u00fabito, emo\u00e7\u00f5es inesperadas \u2014 ao se aproximar do local.<\/p>\n<p data-start=\"2070\" data-end=\"2345\">Diferentemente de outras cidades incas, Machu Picchu n\u00e3o apresenta sinais claros de uso militar ou administrativo. A hip\u00f3tese mais aceita \u00e9 a de que tenha sido um centro cerimonial e inici\u00e1tico, reservado a sacerdotes, astr\u00f4nomos e membros da elite espiritual do imp\u00e9rio.<\/p>\n<p data-start=\"2347\" data-end=\"2597\">O sil\u00eancio que paira sobre o s\u00edtio \u2014 mesmo em meio ao fluxo tur\u00edstico \u2014 parece carregar mem\u00f3ria. H\u00e1 quem diga que Machu Picchu n\u00e3o se visita: ela permite ser visitada. A experi\u00eancia, para muitos, \u00e9 menos visual e mais sensorial, quase meditativa.<\/p>\n<p data-start=\"2641\" data-end=\"2951\">No imagin\u00e1rio andino, certos lugares possuem vontade pr\u00f3pria. Machu Picchu seria um deles. N\u00e3o faltam relatos de viajantes que, sem explica\u00e7\u00e3o l\u00f3gica, adiam a viagem por anos at\u00e9 \u201csentirem\u201d que chegou o momento certo. Outros afirmam sair de l\u00e1 transformados, como se tivessem participado de um rito silencioso.<\/p>\n<p data-start=\"2953\" data-end=\"3214\">Entre ci\u00eancia e misticismo, o fato \u00e9 que Machu Picchu resiste \u00e0s defini\u00e7\u00f5es f\u00e1ceis. Ela n\u00e3o \u00e9 apenas ru\u00edna, nem s\u00f3 paisagem. \u00c9 um ponto de contato entre tempos, um altar de pedra suspenso entre nuvens, onde o esoterismo n\u00e3o se anuncia \u2014 apenas se manifesta.<\/p>\n<p data-start=\"3216\" data-end=\"3379\" data-is-last-node=\"\" data-is-only-node=\"\">No topo do mundo, a cidade perdida dos incas continua cumprindo sua fun\u00e7\u00e3o original: lembrar ao homem que h\u00e1 mist\u00e9rios que n\u00e3o se conquistam, apenas se contemplam.<\/p>\n","protected":false},"excerpt":{"rendered":"<p>No alto da Cordilheira dos Andes, a 2.430 metros acima do n\u00edvel do mar, Machu Picchu n\u00e3o se imp\u00f5e apenas como uma obra-prima da engenharia inca. Ela se revela, sobretudo, como um santu\u00e1rio onde pedra, c\u00e9u e sil\u00eancio conspiram para algo al\u00e9m do vis\u00edvel. Ali, o esoterismo n\u00e3o \u00e9 ornamento moderno nem inven\u00e7\u00e3o tur\u00edstica: \u00e9 [&hellip;]<\/p>\n","protected":false},"author":2,"featured_media":374770,"comment_status":"closed","ping_status":"closed","sticky":false,"template":"","format":"standard","meta":{"_acf_changed":false,"footnotes":""},"categories":[237],"tags":[],"class_list":["post-374769","post","type-post","status-publish","format-standard","has-post-thumbnail","hentry","category-oraculos"],"acf":[],"yoast_head":"<!-- This site is optimized with the Yoast SEO plugin v27.2 - https:\/\/yoast.com\/product\/yoast-seo-wordpress\/ -->\n<title>Onde o esoterismo vive no topo do mundo - Notibras<\/title>\n<meta name=\"robots\" content=\"index, follow, max-snippet:-1, max-image-preview:large, max-video-preview:-1\" \/>\n<link rel=\"canonical\" href=\"https:\/\/www.notibras.com\/site\/onde-o-esoterismo-vive-no-topo-do-mundo\/\" \/>\n<meta property=\"og:locale\" content=\"pt_BR\" \/>\n<meta property=\"og:type\" content=\"article\" \/>\n<meta property=\"og:title\" content=\"Onde o esoterismo vive no topo do mundo - Notibras\" \/>\n<meta property=\"og:description\" content=\"No alto da Cordilheira dos Andes, a 2.430 metros acima do n\u00edvel do mar, Machu Picchu n\u00e3o se imp\u00f5e apenas como uma obra-prima da engenharia inca. Ela se revela, sobretudo, como um santu\u00e1rio onde pedra, c\u00e9u e sil\u00eancio conspiram para algo al\u00e9m do vis\u00edvel. Ali, o esoterismo n\u00e3o \u00e9 ornamento moderno nem inven\u00e7\u00e3o tur\u00edstica: \u00e9 [&hellip;]\" \/>\n<meta property=\"og:url\" content=\"https:\/\/www.notibras.com\/site\/onde-o-esoterismo-vive-no-topo-do-mundo\/\" \/>\n<meta property=\"og:site_name\" content=\"Notibras\" \/>\n<meta property=\"article:publisher\" content=\"https:\/\/www.facebook.com\/notibras\/\" \/>\n<meta property=\"article:published_time\" content=\"2025-12-14T10:55:15+00:00\" \/>\n<meta property=\"og:image\" content=\"https:\/\/www.notibras.com\/site\/wp-content\/uploads\/2025\/12\/21c35a3e-bd4b-4734-93aa-3fcc518a4335-683x1024.png\" \/>\n\t<meta property=\"og:image:width\" content=\"683\" \/>\n\t<meta property=\"og:image:height\" content=\"1024\" \/>\n\t<meta property=\"og:image:type\" content=\"image\/png\" \/>\n<meta name=\"author\" content=\"Reda\u00e7\u00e3o\" \/>\n<meta name=\"twitter:card\" content=\"summary_large_image\" \/>\n<meta name=\"twitter:creator\" content=\"@Notibras\" \/>\n<meta name=\"twitter:site\" content=\"@Notibras\" \/>\n<meta name=\"twitter:label1\" content=\"Escrito por\" \/>\n\t<meta name=\"twitter:data1\" content=\"Reda\u00e7\u00e3o\" \/>\n\t<meta name=\"twitter:label2\" content=\"Est. tempo de leitura\" \/>\n\t<meta name=\"twitter:data2\" content=\"3 minutos\" \/>\n<script type=\"application\/ld+json\" class=\"yoast-schema-graph\">{\"@context\":\"https:\/\/schema.org\",\"@graph\":[{\"@type\":\"Article\",\"@id\":\"https:\/\/www.notibras.com\/site\/onde-o-esoterismo-vive-no-topo-do-mundo\/#article\",\"isPartOf\":{\"@id\":\"https:\/\/www.notibras.com\/site\/onde-o-esoterismo-vive-no-topo-do-mundo\/\"},\"author\":{\"name\":\"Reda\u00e7\u00e3o\",\"@id\":\"https:\/\/www.notibras.com\/site\/#\/schema\/person\/36ab0979449956132d3e5b517ea76ac8\"},\"headline\":\"Onde o esoterismo vive no topo do mundo\",\"datePublished\":\"2025-12-14T10:55:15+00:00\",\"mainEntityOfPage\":{\"@id\":\"https:\/\/www.notibras.com\/site\/onde-o-esoterismo-vive-no-topo-do-mundo\/\"},\"wordCount\":540,\"publisher\":{\"@id\":\"https:\/\/www.notibras.com\/site\/#organization\"},\"image\":{\"@id\":\"https:\/\/www.notibras.com\/site\/onde-o-esoterismo-vive-no-topo-do-mundo\/#primaryimage\"},\"thumbnailUrl\":\"https:\/\/www.notibras.com\/site\/wp-content\/uploads\/2025\/12\/21c35a3e-bd4b-4734-93aa-3fcc518a4335.png\",\"articleSection\":[\"Or\u00e1culos\"],\"inLanguage\":\"pt-BR\"},{\"@type\":\"WebPage\",\"@id\":\"https:\/\/www.notibras.com\/site\/onde-o-esoterismo-vive-no-topo-do-mundo\/\",\"url\":\"https:\/\/www.notibras.com\/site\/onde-o-esoterismo-vive-no-topo-do-mundo\/\",\"name\":\"Onde o esoterismo vive no topo do mundo - Notibras\",\"isPartOf\":{\"@id\":\"https:\/\/www.notibras.com\/site\/#website\"},\"primaryImageOfPage\":{\"@id\":\"https:\/\/www.notibras.com\/site\/onde-o-esoterismo-vive-no-topo-do-mundo\/#primaryimage\"},\"image\":{\"@id\":\"https:\/\/www.notibras.com\/site\/onde-o-esoterismo-vive-no-topo-do-mundo\/#primaryimage\"},\"thumbnailUrl\":\"https:\/\/www.notibras.com\/site\/wp-content\/uploads\/2025\/12\/21c35a3e-bd4b-4734-93aa-3fcc518a4335.png\",\"datePublished\":\"2025-12-14T10:55:15+00:00\",\"breadcrumb\":{\"@id\":\"https:\/\/www.notibras.com\/site\/onde-o-esoterismo-vive-no-topo-do-mundo\/#breadcrumb\"},\"inLanguage\":\"pt-BR\",\"potentialAction\":[{\"@type\":\"ReadAction\",\"target\":[\"https:\/\/www.notibras.com\/site\/onde-o-esoterismo-vive-no-topo-do-mundo\/\"]}]},{\"@type\":\"ImageObject\",\"inLanguage\":\"pt-BR\",\"@id\":\"https:\/\/www.notibras.com\/site\/onde-o-esoterismo-vive-no-topo-do-mundo\/#primaryimage\",\"url\":\"https:\/\/www.notibras.com\/site\/wp-content\/uploads\/2025\/12\/21c35a3e-bd4b-4734-93aa-3fcc518a4335.png\",\"contentUrl\":\"https:\/\/www.notibras.com\/site\/wp-content\/uploads\/2025\/12\/21c35a3e-bd4b-4734-93aa-3fcc518a4335.png\",\"width\":1024,\"height\":1536},{\"@type\":\"BreadcrumbList\",\"@id\":\"https:\/\/www.notibras.com\/site\/onde-o-esoterismo-vive-no-topo-do-mundo\/#breadcrumb\",\"itemListElement\":[{\"@type\":\"ListItem\",\"position\":1,\"name\":\"In\u00edcio\",\"item\":\"https:\/\/www.notibras.com\/site\/\"},{\"@type\":\"ListItem\",\"position\":2,\"name\":\"Onde o esoterismo vive no topo do mundo\"}]},{\"@type\":\"WebSite\",\"@id\":\"https:\/\/www.notibras.com\/site\/#website\",\"url\":\"https:\/\/www.notibras.com\/site\/\",\"name\":\"Notibras\",\"description\":\"Not\u00edcias de Bras\u00edlia, do Brasil e do Mundo\",\"publisher\":{\"@id\":\"https:\/\/www.notibras.com\/site\/#organization\"},\"potentialAction\":[{\"@type\":\"SearchAction\",\"target\":{\"@type\":\"EntryPoint\",\"urlTemplate\":\"https:\/\/www.notibras.com\/site\/?s={search_term_string}\"},\"query-input\":{\"@type\":\"PropertyValueSpecification\",\"valueRequired\":true,\"valueName\":\"search_term_string\"}}],\"inLanguage\":\"pt-BR\"},{\"@type\":\"Organization\",\"@id\":\"https:\/\/www.notibras.com\/site\/#organization\",\"name\":\"Grupo Notibras de Comunica\u00e7\u00e3o\",\"url\":\"https:\/\/www.notibras.com\/site\/\",\"logo\":{\"@type\":\"ImageObject\",\"inLanguage\":\"pt-BR\",\"@id\":\"https:\/\/www.notibras.com\/site\/#\/schema\/logo\/image\/\",\"url\":\"https:\/\/www.notibras.com\/site\/wp-content\/uploads\/2023\/01\/notibras23.png\",\"contentUrl\":\"https:\/\/www.notibras.com\/site\/wp-content\/uploads\/2023\/01\/notibras23.png\",\"width\":350,\"height\":87,\"caption\":\"Grupo Notibras de Comunica\u00e7\u00e3o\"},\"image\":{\"@id\":\"https:\/\/www.notibras.com\/site\/#\/schema\/logo\/image\/\"},\"sameAs\":[\"https:\/\/www.facebook.com\/notibras\/\",\"https:\/\/x.com\/Notibras\",\"https:\/\/www.instagram.com\/notibras\/\"]},{\"@type\":\"Person\",\"@id\":\"https:\/\/www.notibras.com\/site\/#\/schema\/person\/36ab0979449956132d3e5b517ea76ac8\",\"name\":\"Reda\u00e7\u00e3o\",\"image\":{\"@type\":\"ImageObject\",\"inLanguage\":\"pt-BR\",\"@id\":\"https:\/\/secure.gravatar.com\/avatar\/e0a867bdedb85fd243eadf09663511f96fc81e0720a4a42581f334ad4303aa6b?s=96&d=mm&r=g\",\"url\":\"https:\/\/secure.gravatar.com\/avatar\/e0a867bdedb85fd243eadf09663511f96fc81e0720a4a42581f334ad4303aa6b?s=96&d=mm&r=g\",\"contentUrl\":\"https:\/\/secure.gravatar.com\/avatar\/e0a867bdedb85fd243eadf09663511f96fc81e0720a4a42581f334ad4303aa6b?s=96&d=mm&r=g\",\"caption\":\"Reda\u00e7\u00e3o\"}}]}<\/script>\n<!-- \/ Yoast SEO plugin. -->","yoast_head_json":{"title":"Onde o esoterismo vive no topo do mundo - Notibras","robots":{"index":"index","follow":"follow","max-snippet":"max-snippet:-1","max-image-preview":"max-image-preview:large","max-video-preview":"max-video-preview:-1"},"canonical":"https:\/\/www.notibras.com\/site\/onde-o-esoterismo-vive-no-topo-do-mundo\/","og_locale":"pt_BR","og_type":"article","og_title":"Onde o esoterismo vive no topo do mundo - Notibras","og_description":"No alto da Cordilheira dos Andes, a 2.430 metros acima do n\u00edvel do mar, Machu Picchu n\u00e3o se imp\u00f5e apenas como uma obra-prima da engenharia inca. Ela se revela, sobretudo, como um santu\u00e1rio onde pedra, c\u00e9u e sil\u00eancio conspiram para algo al\u00e9m do vis\u00edvel. Ali, o esoterismo n\u00e3o \u00e9 ornamento moderno nem inven\u00e7\u00e3o tur\u00edstica: \u00e9 [&hellip;]","og_url":"https:\/\/www.notibras.com\/site\/onde-o-esoterismo-vive-no-topo-do-mundo\/","og_site_name":"Notibras","article_publisher":"https:\/\/www.facebook.com\/notibras\/","article_published_time":"2025-12-14T10:55:15+00:00","og_image":[{"width":683,"height":1024,"url":"https:\/\/www.notibras.com\/site\/wp-content\/uploads\/2025\/12\/21c35a3e-bd4b-4734-93aa-3fcc518a4335-683x1024.png","type":"image\/png"}],"author":"Reda\u00e7\u00e3o","twitter_card":"summary_large_image","twitter_creator":"@Notibras","twitter_site":"@Notibras","twitter_misc":{"Escrito por":"Reda\u00e7\u00e3o","Est. tempo de leitura":"3 minutos"},"schema":{"@context":"https:\/\/schema.org","@graph":[{"@type":"Article","@id":"https:\/\/www.notibras.com\/site\/onde-o-esoterismo-vive-no-topo-do-mundo\/#article","isPartOf":{"@id":"https:\/\/www.notibras.com\/site\/onde-o-esoterismo-vive-no-topo-do-mundo\/"},"author":{"name":"Reda\u00e7\u00e3o","@id":"https:\/\/www.notibras.com\/site\/#\/schema\/person\/36ab0979449956132d3e5b517ea76ac8"},"headline":"Onde o esoterismo vive no topo do mundo","datePublished":"2025-12-14T10:55:15+00:00","mainEntityOfPage":{"@id":"https:\/\/www.notibras.com\/site\/onde-o-esoterismo-vive-no-topo-do-mundo\/"},"wordCount":540,"publisher":{"@id":"https:\/\/www.notibras.com\/site\/#organization"},"image":{"@id":"https:\/\/www.notibras.com\/site\/onde-o-esoterismo-vive-no-topo-do-mundo\/#primaryimage"},"thumbnailUrl":"https:\/\/www.notibras.com\/site\/wp-content\/uploads\/2025\/12\/21c35a3e-bd4b-4734-93aa-3fcc518a4335.png","articleSection":["Or\u00e1culos"],"inLanguage":"pt-BR"},{"@type":"WebPage","@id":"https:\/\/www.notibras.com\/site\/onde-o-esoterismo-vive-no-topo-do-mundo\/","url":"https:\/\/www.notibras.com\/site\/onde-o-esoterismo-vive-no-topo-do-mundo\/","name":"Onde o esoterismo vive no topo do mundo - Notibras","isPartOf":{"@id":"https:\/\/www.notibras.com\/site\/#website"},"primaryImageOfPage":{"@id":"https:\/\/www.notibras.com\/site\/onde-o-esoterismo-vive-no-topo-do-mundo\/#primaryimage"},"image":{"@id":"https:\/\/www.notibras.com\/site\/onde-o-esoterismo-vive-no-topo-do-mundo\/#primaryimage"},"thumbnailUrl":"https:\/\/www.notibras.com\/site\/wp-content\/uploads\/2025\/12\/21c35a3e-bd4b-4734-93aa-3fcc518a4335.png","datePublished":"2025-12-14T10:55:15+00:00","breadcrumb":{"@id":"https:\/\/www.notibras.com\/site\/onde-o-esoterismo-vive-no-topo-do-mundo\/#breadcrumb"},"inLanguage":"pt-BR","potentialAction":[{"@type":"ReadAction","target":["https:\/\/www.notibras.com\/site\/onde-o-esoterismo-vive-no-topo-do-mundo\/"]}]},{"@type":"ImageObject","inLanguage":"pt-BR","@id":"https:\/\/www.notibras.com\/site\/onde-o-esoterismo-vive-no-topo-do-mundo\/#primaryimage","url":"https:\/\/www.notibras.com\/site\/wp-content\/uploads\/2025\/12\/21c35a3e-bd4b-4734-93aa-3fcc518a4335.png","contentUrl":"https:\/\/www.notibras.com\/site\/wp-content\/uploads\/2025\/12\/21c35a3e-bd4b-4734-93aa-3fcc518a4335.png","width":1024,"height":1536},{"@type":"BreadcrumbList","@id":"https:\/\/www.notibras.com\/site\/onde-o-esoterismo-vive-no-topo-do-mundo\/#breadcrumb","itemListElement":[{"@type":"ListItem","position":1,"name":"In\u00edcio","item":"https:\/\/www.notibras.com\/site\/"},{"@type":"ListItem","position":2,"name":"Onde o esoterismo vive no topo do mundo"}]},{"@type":"WebSite","@id":"https:\/\/www.notibras.com\/site\/#website","url":"https:\/\/www.notibras.com\/site\/","name":"Notibras","description":"Not\u00edcias de Bras\u00edlia, do Brasil e do Mundo","publisher":{"@id":"https:\/\/www.notibras.com\/site\/#organization"},"potentialAction":[{"@type":"SearchAction","target":{"@type":"EntryPoint","urlTemplate":"https:\/\/www.notibras.com\/site\/?s={search_term_string}"},"query-input":{"@type":"PropertyValueSpecification","valueRequired":true,"valueName":"search_term_string"}}],"inLanguage":"pt-BR"},{"@type":"Organization","@id":"https:\/\/www.notibras.com\/site\/#organization","name":"Grupo Notibras de Comunica\u00e7\u00e3o","url":"https:\/\/www.notibras.com\/site\/","logo":{"@type":"ImageObject","inLanguage":"pt-BR","@id":"https:\/\/www.notibras.com\/site\/#\/schema\/logo\/image\/","url":"https:\/\/www.notibras.com\/site\/wp-content\/uploads\/2023\/01\/notibras23.png","contentUrl":"https:\/\/www.notibras.com\/site\/wp-content\/uploads\/2023\/01\/notibras23.png","width":350,"height":87,"caption":"Grupo Notibras de Comunica\u00e7\u00e3o"},"image":{"@id":"https:\/\/www.notibras.com\/site\/#\/schema\/logo\/image\/"},"sameAs":["https:\/\/www.facebook.com\/notibras\/","https:\/\/x.com\/Notibras","https:\/\/www.instagram.com\/notibras\/"]},{"@type":"Person","@id":"https:\/\/www.notibras.com\/site\/#\/schema\/person\/36ab0979449956132d3e5b517ea76ac8","name":"Reda\u00e7\u00e3o","image":{"@type":"ImageObject","inLanguage":"pt-BR","@id":"https:\/\/secure.gravatar.com\/avatar\/e0a867bdedb85fd243eadf09663511f96fc81e0720a4a42581f334ad4303aa6b?s=96&d=mm&r=g","url":"https:\/\/secure.gravatar.com\/avatar\/e0a867bdedb85fd243eadf09663511f96fc81e0720a4a42581f334ad4303aa6b?s=96&d=mm&r=g","contentUrl":"https:\/\/secure.gravatar.com\/avatar\/e0a867bdedb85fd243eadf09663511f96fc81e0720a4a42581f334ad4303aa6b?s=96&d=mm&r=g","caption":"Reda\u00e7\u00e3o"}}]}},"amp_enabled":true,"_links":{"self":[{"href":"https:\/\/www.notibras.com\/site\/wp-json\/wp\/v2\/posts\/374769","targetHints":{"allow":["GET"]}}],"collection":[{"href":"https:\/\/www.notibras.com\/site\/wp-json\/wp\/v2\/posts"}],"about":[{"href":"https:\/\/www.notibras.com\/site\/wp-json\/wp\/v2\/types\/post"}],"author":[{"embeddable":true,"href":"https:\/\/www.notibras.com\/site\/wp-json\/wp\/v2\/users\/2"}],"replies":[{"embeddable":true,"href":"https:\/\/www.notibras.com\/site\/wp-json\/wp\/v2\/comments?post=374769"}],"version-history":[{"count":1,"href":"https:\/\/www.notibras.com\/site\/wp-json\/wp\/v2\/posts\/374769\/revisions"}],"predecessor-version":[{"id":374771,"href":"https:\/\/www.notibras.com\/site\/wp-json\/wp\/v2\/posts\/374769\/revisions\/374771"}],"wp:featuredmedia":[{"embeddable":true,"href":"https:\/\/www.notibras.com\/site\/wp-json\/wp\/v2\/media\/374770"}],"wp:attachment":[{"href":"https:\/\/www.notibras.com\/site\/wp-json\/wp\/v2\/media?parent=374769"}],"wp:term":[{"taxonomy":"category","embeddable":true,"href":"https:\/\/www.notibras.com\/site\/wp-json\/wp\/v2\/categories?post=374769"},{"taxonomy":"post_tag","embeddable":true,"href":"https:\/\/www.notibras.com\/site\/wp-json\/wp\/v2\/tags?post=374769"}],"curies":[{"name":"wp","href":"https:\/\/api.w.org\/{rel}","templated":true}]}}