{"id":374784,"date":"2025-12-14T08:29:56","date_gmt":"2025-12-14T11:29:56","guid":{"rendered":"https:\/\/www.notibras.com\/site\/?p=374784"},"modified":"2025-12-14T08:29:56","modified_gmt":"2025-12-14T11:29:56","slug":"olinda-leva-cara-das-suas-mascaras-para-carioca-ver","status":"publish","type":"post","link":"https:\/\/www.notibras.com\/site\/olinda-leva-cara-das-suas-mascaras-para-carioca-ver\/","title":{"rendered":"Olinda leva cara das suas m\u00e1scaras para carioca ver"},"content":{"rendered":"<p>O artes\u00e3o Mateus Vitor Santos Vilela, de 27 anos, \u00e9 a quarta gera\u00e7\u00e3o que mant\u00e9m viva a tradi\u00e7\u00e3o da arte popular de produzir m\u00e1scaras em Olinda, Pernambuco. A primeira e mais conhecida \u00e9 a La Ursa. Tudo come\u00e7ou com seu bisav\u00f4 Juli\u00e3o Vilela, artes\u00e3o nascido na cidade no final do s\u00e9culo 19, que d\u00e1 nome ao Bazar Art\u00edstico de Juli\u00e3o das M\u00e1scaras, onde as pe\u00e7as s\u00e3o criadas. Depois dele, veio o filho Jo\u00e3o Dias Vilela, o neto Jo\u00e3o Dias Vilela Filho e o bisneto Mateus.<\/p>\n<p>Na terceira gera\u00e7\u00e3o, Jo\u00e3o Dias Vilela Filho aprendeu o of\u00edcio vendo o pai trabalhar para sustentar a fam\u00edlia. O interesse em fazer o mesmo trabalho se manifestou cedo, quando tinha 12 anos de idade. O \u00fanico dos cinco irm\u00e3os que seguiu a tradi\u00e7\u00e3o do artesanato foi chamado em uma ocasi\u00e3o para substituir o pai que tinha ficado doente, como professor de artes pl\u00e1sticas em escolas municipais de Olinda. Aquele momento resultou em uma carteira assinada e a sequ\u00eancia na profiss\u00e3o at\u00e9 a aposentadoria, sem, no entanto, deixar de lado as outras atividades.<\/p>\n<p>\u201cNada no mundo \u00e9 f\u00e1cil, tem que insistir. Tem muita gente que no meio do caminho desiste, mas se atreve porque tem que ter dedica\u00e7\u00e3o total. J\u00e1 levei muito pux\u00e3o de orelha para fazer. Meu pai falava \u2018n\u00e3o est\u00e1 certo, mas voc\u00ea faz melhor&#8217; e assim eu comecei a aprender\u201d, lembra Jo\u00e3o.<\/p>\n<p>\u201cSe voc\u00ea disser a um menino que aquilo ali est\u00e1 feio, ele vai para casa e n\u00e3o volta mais. Tem que dizer que ele faz melhor\u201d, ensina Jo\u00e3o, que, aos 65 anos, diz que tem muita paci\u00eancia para transmitir o seu conhecimento \u00e0s pessoas interessadas.<\/p>\n<p><strong>M\u00e1scaras<\/strong><br \/>\nAs m\u00e1scaras feitas em papel mach\u00ea, com uma mistura de papel e goma de mandioca, chamam a aten\u00e7\u00e3o de moradores e visitantes de Olinda e fazem parte da cultura do carnaval da cidade, que atrai grande quantidade de turistas e lota as ruas. Durante o per\u00edodo, muitos deles compram as pe\u00e7as para participar dos diversos desfiles de tro\u00e7as, maracatus e blocos, que tamb\u00e9m t\u00eam como atra\u00e7\u00e3o caracter\u00edstica os bonecos gigantes.<\/p>\n<p>O de maior destaque \u00e9 o Homem da Meia-Noite. Ele passa pelas ruas justamente no s\u00e1bado neste hor\u00e1rio e no domingo e \u00e9 respons\u00e1vel pela entrega da chave do carnaval de Olinda para que a Tro\u00e7a Carnavalesca Mista Cariri Olindense fa\u00e7a a abertura dos festejos.<\/p>\n<p><strong>Mostra<\/strong><br \/>\nAgora, a arte das m\u00e1scaras pode ser admirada no Rio de Janeiro at\u00e9 o dia 25 de fevereiro de 2026, na exposi\u00e7\u00e3o Entre M\u00e1scaras e Gigantes: Os Juli\u00f5es do Carnaval de Olinda. A nova mostra do programa Sala do Artista Popular (SAP) foi instalada no Centro Nacional de Folclore e Cultura Popular (CNFCP\/Iphan), que fica no Museu de Folclore Edison Carneiro, no Catete, zona sul do Rio.<\/p>\n<p>\u201c\u00c9 muito importante para a gente porque vemos a nossa cultura ultrapassar as fronteiras. A gente produz e faz [m\u00e1scaras] h\u00e1 mais de 100 anos, desde o meu bisav\u00f4, meu av\u00f4, meu pai e hoje em dia comigo\u201d, diz, orgulhoso, Mateus, em entrevista \u00e0 Ag\u00eancia Brasil.<\/p>\n<p>\u2018Isso \u00e9 um orgulho muito grande de as pessoas reconhecerem a gente como artistas. A cultura n\u00e3o pode cair. Agrade\u00e7o muito \u00e0s pessoas que compram. Gosto do que eu fa\u00e7o. Quando a gente gosta do que faz, vai abra\u00e7ar o mundo todo\u201d, afirma o pai de Mateus.<\/p>\n<p>A valoriza\u00e7\u00e3o do trabalho j\u00e1 superou fronteiras. Mateus conta que a fam\u00edlia j\u00e1 enviou m\u00e1scaras para v\u00e1rios lugares do mundo, mas \u00e9 a primeira vez que faz uma exposi\u00e7\u00e3o fora de Pernambuco. \u201cA gente v\u00ea como oportunidade tamb\u00e9m de as pessoas conhecerem a cultura de Pernambuco que vem crescendo cada vez mais, principalmente, referente a La Ursa, que hoje \u00e9 um s\u00edmbolo do carnaval pernambucano.\u201d<\/p>\n<p>O interesse na La Ursa extrapolou o carnaval. Atualmente ela \u00e9 usada em decora\u00e7\u00e3o, \u00e9 nome de restaurante, \u00e9 acervo de museus e aparece at\u00e9 no filme O Agente Secreto, de Kleber Mendon\u00e7a, protagonizado por Wagner Moura, que vem recebendo pr\u00eamios mundo afora. \u201cLa Ursa hoje virou quase uma entidade pr\u00f3pria. Est\u00e1 presente em restaurantes, blocos, roupas e adere\u00e7os. Em Pernambuco, se v\u00ea La Ursa desde uma propaganda at\u00e9 uma camisa de uma pessoa\u201d, completa.<\/p>\n<p>A viv\u00eancia e o amor ao carnaval impulsionam a continuidade da tradi\u00e7\u00e3o de produzir m\u00e1scaras. \u201cA gente gosta de carnaval. Eu brinco, meu pai tamb\u00e9m, isso impulsiona muito a gente a fazer. \u00c9 um legado. Tem gente que compra as m\u00e1scaras desde pequeno e fala para a gente \u2018meu pai comprava com seu av\u00f4&#8217;, gente que de anos vem comprando com a gente.\u201d<\/p>\n<p>Mateus lembra que no come\u00e7o o bisav\u00f4 fazia as m\u00e1scaras caracter\u00edsticas da \u00e9poca que eram de Pierrot e Colombina at\u00e9 que o seu av\u00f4 come\u00e7ou a fazer os bonecos gigantes de Olinda, que atualmente t\u00eam uma produ\u00e7\u00e3o menor. &#8220;Os bonecos de Olinda eram feitos pelo meu av\u00f4, fez o Homem da Meia-Noite, a primeira feminina, que foi a Mulher do Dia\u201d, conta, ao concordar que os bonecos s\u00e3o muito caracter\u00edsticos de Olinda.<\/p>\n<p>\u201c\u00c9 uma coisa que entra no sangue da gente que a gente n\u00e3o deixa de atender e cada vez mais aperfei\u00e7oando para sair melhor.&#8221;<\/p>\n<p>Segundo o neto da tradi\u00e7\u00e3o dos Juli\u014des, a produ\u00e7\u00e3o segue durante o ano todo, porque recebem muitas encomendas, principalmente a m\u00e1scara da La Ursa, mas tem tamb\u00e9m as de animais e personagens tradicionais. \u201cTem pessoas que v\u00eam para comprar no carnaval, mas tem tamb\u00e9m para comprar no ano todo. A gente tamb\u00e9m participa de feiras como a Fenearte [Feira Nacional de Neg\u00f3cios de Artesanato] de Olinda. A gente tem todo tipo de demanda, tem de rosto, de cabe\u00e7a e para a decora\u00e7\u00e3o.\u201d<\/p>\n<p>Jo\u00e3o Dias Vilela Filho e o filho Mateus vieram para o Rio para a abertura da exposi\u00e7\u00e3o na quinta-feira (11). Empolgados com o legado recebido de Juli\u00e3o, gostam de dividir o conhecimento. Eles participaram de oficinas para ensinar como as m\u00e1scaras s\u00e3o produzidas. Ao todo est\u00e3o expostas mais de 100 pe\u00e7as, parte em exibi\u00e7\u00e3o e o restante no Espa\u00e7o de Comercializa\u00e7\u00e3o. Os valores est\u00e3o entre R$ 100 e R$ 250.<\/p>\n<p>Entre as v\u00e1rias m\u00e1scaras expostas, a mostra apresenta um panorama em fotos e v\u00eddeo, mostrando o processo de cria\u00e7\u00e3o, com as etapas de trabalho da casa\/ateli\u00ea de Jo\u00e3o Dias Vilela Filho, em Varadouro, que fica pr\u00f3ximo do Bazar Art\u00edstico de Juli\u00e3o das M\u00e1scaras, em Olinda. As imagens que integram a mostra e o cat\u00e1logo foram registradas pela premiada fot\u00f3grafa Mirielle Batista Misael.<\/p>\n<p>Para a autora da pesquisa e do texto do cat\u00e1logo da exposi\u00e7\u00e3o, a antrop\u00f3loga Raquel Dias Teixeira, conforme indicou no conte\u00fado de divulga\u00e7\u00e3o da mostra, os visitantes ter\u00e3o \u201cacesso a um universo simb\u00f3lico carnavalesco profundamente enraizado na cultura popular pernambucana\u201d. Ainda de acordo com a antrop\u00f3loga, essa arte vai al\u00e9m de moldar rostos e mem\u00f3rias do imagin\u00e1rio popular.<\/p>\n<p>\u201cMais que objetos festivos, essas m\u00e1scaras, ao habitar diferentes lugares e contextos, tamb\u00e9m expressam v\u00ednculos de parentesco, conviv\u00eancia e territ\u00f3rio, perpetuando um saber que une trabalho, brincadeira e inven\u00e7\u00e3o\u201d, aponta Raquel no conte\u00fado.<\/p>\n<p>O cat\u00e1logo traz a hist\u00f3ria da fam\u00edlia de Juli\u00e3o nesta arte, que tem como caracter\u00edstica, grandes cabe\u00e7as para fantasias carnavalescas, mas tamb\u00e9m mamulengos, brinquedos de madeira entre outros objetos de artesanato. Na sua trajet\u00f3ria a fam\u00edlia chegou a produzir mais de 50 bonecos gigantes.<\/p>\n<p><strong>Servi\u00e7o:<\/strong><br \/>\nMuseu de Folclore Edison Carneiro \u2013 Rua do Catete, 179<br \/>\nPer\u00edodo da exposi\u00e7\u00e3o: 11 de dezembro de 2025 a 25 de fevereiro de 2026<br \/>\nDias: Ter\u00e7a a sexta-feira, das 10h \u00e0s 18h. S\u00e1bados, domingos e feriados, das 11h \u00e0s 17h<br \/>\nNo recesso de final de ano, nos dias 24, 25, 31 de dezembro e 1\u00ba de janeiro de 2026, a exposi\u00e7\u00e3o estar\u00e1 fechada<\/p>\n","protected":false},"excerpt":{"rendered":"<p>O artes\u00e3o Mateus Vitor Santos Vilela, de 27 anos, \u00e9 a quarta gera\u00e7\u00e3o que mant\u00e9m viva a tradi\u00e7\u00e3o da arte popular de produzir m\u00e1scaras em Olinda, Pernambuco. A primeira e mais conhecida \u00e9 a La Ursa. Tudo come\u00e7ou com seu bisav\u00f4 Juli\u00e3o Vilela, artes\u00e3o nascido na cidade no final do s\u00e9culo 19, que d\u00e1 nome [&hellip;]<\/p>\n","protected":false},"author":2,"featured_media":374785,"comment_status":"closed","ping_status":"closed","sticky":false,"template":"","format":"standard","meta":{"_acf_changed":false,"footnotes":""},"categories":[165],"tags":[],"class_list":["post-374784","post","type-post","status-publish","format-standard","has-post-thumbnail","hentry","category-nordeste"],"acf":[],"yoast_head":"<!-- This site is optimized with the Yoast SEO plugin v27.5 - https:\/\/yoast.com\/product\/yoast-seo-wordpress\/ -->\n<title>Olinda leva cara das suas m\u00e1scaras para carioca ver - Notibras<\/title>\n<meta name=\"robots\" content=\"index, follow, max-snippet:-1, max-image-preview:large, max-video-preview:-1\" \/>\n<link rel=\"canonical\" href=\"https:\/\/www.notibras.com\/site\/olinda-leva-cara-das-suas-mascaras-para-carioca-ver\/\" \/>\n<meta property=\"og:locale\" content=\"pt_BR\" \/>\n<meta property=\"og:type\" content=\"article\" \/>\n<meta property=\"og:title\" content=\"Olinda leva cara das suas m\u00e1scaras para carioca ver - Notibras\" \/>\n<meta property=\"og:description\" content=\"O artes\u00e3o Mateus Vitor Santos Vilela, de 27 anos, \u00e9 a quarta gera\u00e7\u00e3o que mant\u00e9m viva a tradi\u00e7\u00e3o da arte popular de produzir m\u00e1scaras em Olinda, Pernambuco. A primeira e mais conhecida \u00e9 a La Ursa. Tudo come\u00e7ou com seu bisav\u00f4 Juli\u00e3o Vilela, artes\u00e3o nascido na cidade no final do s\u00e9culo 19, que d\u00e1 nome [&hellip;]\" \/>\n<meta property=\"og:url\" content=\"https:\/\/www.notibras.com\/site\/olinda-leva-cara-das-suas-mascaras-para-carioca-ver\/\" \/>\n<meta property=\"og:site_name\" content=\"Notibras\" \/>\n<meta property=\"article:publisher\" content=\"https:\/\/www.facebook.com\/notibras\/\" \/>\n<meta property=\"article:published_time\" content=\"2025-12-14T11:29:56+00:00\" \/>\n<meta property=\"og:image\" content=\"https:\/\/www.notibras.com\/site\/wp-content\/uploads\/2025\/12\/exposio-entre-mscaras-e-gigantes-os-julies-do-carnaval-de-olinda_54978224329_o.webp\" \/>\n\t<meta property=\"og:image:width\" content=\"1170\" \/>\n\t<meta property=\"og:image:height\" content=\"700\" \/>\n\t<meta property=\"og:image:type\" content=\"image\/webp\" \/>\n<meta name=\"author\" content=\"Reda\u00e7\u00e3o\" \/>\n<meta name=\"twitter:card\" content=\"summary_large_image\" \/>\n<meta name=\"twitter:creator\" content=\"@Notibras\" \/>\n<meta name=\"twitter:site\" content=\"@Notibras\" \/>\n<meta name=\"twitter:label1\" content=\"Escrito por\" \/>\n\t<meta name=\"twitter:data1\" content=\"Reda\u00e7\u00e3o\" \/>\n\t<meta name=\"twitter:label2\" content=\"Est. tempo de leitura\" \/>\n\t<meta name=\"twitter:data2\" content=\"8 minutos\" \/>\n<script type=\"application\/ld+json\" class=\"yoast-schema-graph\">{\"@context\":\"https:\\\/\\\/schema.org\",\"@graph\":[{\"@type\":\"Article\",\"@id\":\"https:\\\/\\\/www.notibras.com\\\/site\\\/olinda-leva-cara-das-suas-mascaras-para-carioca-ver\\\/#article\",\"isPartOf\":{\"@id\":\"https:\\\/\\\/www.notibras.com\\\/site\\\/olinda-leva-cara-das-suas-mascaras-para-carioca-ver\\\/\"},\"author\":{\"name\":\"Reda\u00e7\u00e3o\",\"@id\":\"https:\\\/\\\/www.notibras.com\\\/site\\\/#\\\/schema\\\/person\\\/36ab0979449956132d3e5b517ea76ac8\"},\"headline\":\"Olinda leva cara das suas m\u00e1scaras para carioca ver\",\"datePublished\":\"2025-12-14T11:29:56+00:00\",\"mainEntityOfPage\":{\"@id\":\"https:\\\/\\\/www.notibras.com\\\/site\\\/olinda-leva-cara-das-suas-mascaras-para-carioca-ver\\\/\"},\"wordCount\":1390,\"publisher\":{\"@id\":\"https:\\\/\\\/www.notibras.com\\\/site\\\/#organization\"},\"image\":{\"@id\":\"https:\\\/\\\/www.notibras.com\\\/site\\\/olinda-leva-cara-das-suas-mascaras-para-carioca-ver\\\/#primaryimage\"},\"thumbnailUrl\":\"https:\\\/\\\/www.notibras.com\\\/site\\\/wp-content\\\/uploads\\\/2025\\\/12\\\/exposio-entre-mscaras-e-gigantes-os-julies-do-carnaval-de-olinda_54978224329_o.webp\",\"articleSection\":[\"Nordeste\"],\"inLanguage\":\"pt-BR\"},{\"@type\":\"WebPage\",\"@id\":\"https:\\\/\\\/www.notibras.com\\\/site\\\/olinda-leva-cara-das-suas-mascaras-para-carioca-ver\\\/\",\"url\":\"https:\\\/\\\/www.notibras.com\\\/site\\\/olinda-leva-cara-das-suas-mascaras-para-carioca-ver\\\/\",\"name\":\"Olinda leva cara das suas m\u00e1scaras para carioca ver - Notibras\",\"isPartOf\":{\"@id\":\"https:\\\/\\\/www.notibras.com\\\/site\\\/#website\"},\"primaryImageOfPage\":{\"@id\":\"https:\\\/\\\/www.notibras.com\\\/site\\\/olinda-leva-cara-das-suas-mascaras-para-carioca-ver\\\/#primaryimage\"},\"image\":{\"@id\":\"https:\\\/\\\/www.notibras.com\\\/site\\\/olinda-leva-cara-das-suas-mascaras-para-carioca-ver\\\/#primaryimage\"},\"thumbnailUrl\":\"https:\\\/\\\/www.notibras.com\\\/site\\\/wp-content\\\/uploads\\\/2025\\\/12\\\/exposio-entre-mscaras-e-gigantes-os-julies-do-carnaval-de-olinda_54978224329_o.webp\",\"datePublished\":\"2025-12-14T11:29:56+00:00\",\"breadcrumb\":{\"@id\":\"https:\\\/\\\/www.notibras.com\\\/site\\\/olinda-leva-cara-das-suas-mascaras-para-carioca-ver\\\/#breadcrumb\"},\"inLanguage\":\"pt-BR\",\"potentialAction\":[{\"@type\":\"ReadAction\",\"target\":[\"https:\\\/\\\/www.notibras.com\\\/site\\\/olinda-leva-cara-das-suas-mascaras-para-carioca-ver\\\/\"]}]},{\"@type\":\"ImageObject\",\"inLanguage\":\"pt-BR\",\"@id\":\"https:\\\/\\\/www.notibras.com\\\/site\\\/olinda-leva-cara-das-suas-mascaras-para-carioca-ver\\\/#primaryimage\",\"url\":\"https:\\\/\\\/www.notibras.com\\\/site\\\/wp-content\\\/uploads\\\/2025\\\/12\\\/exposio-entre-mscaras-e-gigantes-os-julies-do-carnaval-de-olinda_54978224329_o.webp\",\"contentUrl\":\"https:\\\/\\\/www.notibras.com\\\/site\\\/wp-content\\\/uploads\\\/2025\\\/12\\\/exposio-entre-mscaras-e-gigantes-os-julies-do-carnaval-de-olinda_54978224329_o.webp\",\"width\":1170,\"height\":700},{\"@type\":\"BreadcrumbList\",\"@id\":\"https:\\\/\\\/www.notibras.com\\\/site\\\/olinda-leva-cara-das-suas-mascaras-para-carioca-ver\\\/#breadcrumb\",\"itemListElement\":[{\"@type\":\"ListItem\",\"position\":1,\"name\":\"In\u00edcio\",\"item\":\"https:\\\/\\\/www.notibras.com\\\/site\\\/\"},{\"@type\":\"ListItem\",\"position\":2,\"name\":\"Olinda leva cara das suas m\u00e1scaras para carioca ver\"}]},{\"@type\":\"WebSite\",\"@id\":\"https:\\\/\\\/www.notibras.com\\\/site\\\/#website\",\"url\":\"https:\\\/\\\/www.notibras.com\\\/site\\\/\",\"name\":\"Notibras\",\"description\":\"Not\u00edcias de Bras\u00edlia, do Brasil e do Mundo\",\"publisher\":{\"@id\":\"https:\\\/\\\/www.notibras.com\\\/site\\\/#organization\"},\"potentialAction\":[{\"@type\":\"SearchAction\",\"target\":{\"@type\":\"EntryPoint\",\"urlTemplate\":\"https:\\\/\\\/www.notibras.com\\\/site\\\/?s={search_term_string}\"},\"query-input\":{\"@type\":\"PropertyValueSpecification\",\"valueRequired\":true,\"valueName\":\"search_term_string\"}}],\"inLanguage\":\"pt-BR\"},{\"@type\":\"Organization\",\"@id\":\"https:\\\/\\\/www.notibras.com\\\/site\\\/#organization\",\"name\":\"Grupo Notibras de Comunica\u00e7\u00e3o\",\"url\":\"https:\\\/\\\/www.notibras.com\\\/site\\\/\",\"logo\":{\"@type\":\"ImageObject\",\"inLanguage\":\"pt-BR\",\"@id\":\"https:\\\/\\\/www.notibras.com\\\/site\\\/#\\\/schema\\\/logo\\\/image\\\/\",\"url\":\"https:\\\/\\\/www.notibras.com\\\/site\\\/wp-content\\\/uploads\\\/2023\\\/01\\\/notibras23.png\",\"contentUrl\":\"https:\\\/\\\/www.notibras.com\\\/site\\\/wp-content\\\/uploads\\\/2023\\\/01\\\/notibras23.png\",\"width\":350,\"height\":87,\"caption\":\"Grupo Notibras de Comunica\u00e7\u00e3o\"},\"image\":{\"@id\":\"https:\\\/\\\/www.notibras.com\\\/site\\\/#\\\/schema\\\/logo\\\/image\\\/\"},\"sameAs\":[\"https:\\\/\\\/www.facebook.com\\\/notibras\\\/\",\"https:\\\/\\\/x.com\\\/Notibras\",\"https:\\\/\\\/www.instagram.com\\\/notibras\\\/\"]},{\"@type\":\"Person\",\"@id\":\"https:\\\/\\\/www.notibras.com\\\/site\\\/#\\\/schema\\\/person\\\/36ab0979449956132d3e5b517ea76ac8\",\"name\":\"Reda\u00e7\u00e3o\",\"image\":{\"@type\":\"ImageObject\",\"inLanguage\":\"pt-BR\",\"@id\":\"https:\\\/\\\/secure.gravatar.com\\\/avatar\\\/e0a867bdedb85fd243eadf09663511f96fc81e0720a4a42581f334ad4303aa6b?s=96&d=mm&r=g\",\"url\":\"https:\\\/\\\/secure.gravatar.com\\\/avatar\\\/e0a867bdedb85fd243eadf09663511f96fc81e0720a4a42581f334ad4303aa6b?s=96&d=mm&r=g\",\"contentUrl\":\"https:\\\/\\\/secure.gravatar.com\\\/avatar\\\/e0a867bdedb85fd243eadf09663511f96fc81e0720a4a42581f334ad4303aa6b?s=96&d=mm&r=g\",\"caption\":\"Reda\u00e7\u00e3o\"}}]}<\/script>\n<!-- \/ Yoast SEO plugin. -->","yoast_head_json":{"title":"Olinda leva cara das suas m\u00e1scaras para carioca ver - Notibras","robots":{"index":"index","follow":"follow","max-snippet":"max-snippet:-1","max-image-preview":"max-image-preview:large","max-video-preview":"max-video-preview:-1"},"canonical":"https:\/\/www.notibras.com\/site\/olinda-leva-cara-das-suas-mascaras-para-carioca-ver\/","og_locale":"pt_BR","og_type":"article","og_title":"Olinda leva cara das suas m\u00e1scaras para carioca ver - Notibras","og_description":"O artes\u00e3o Mateus Vitor Santos Vilela, de 27 anos, \u00e9 a quarta gera\u00e7\u00e3o que mant\u00e9m viva a tradi\u00e7\u00e3o da arte popular de produzir m\u00e1scaras em Olinda, Pernambuco. A primeira e mais conhecida \u00e9 a La Ursa. Tudo come\u00e7ou com seu bisav\u00f4 Juli\u00e3o Vilela, artes\u00e3o nascido na cidade no final do s\u00e9culo 19, que d\u00e1 nome [&hellip;]","og_url":"https:\/\/www.notibras.com\/site\/olinda-leva-cara-das-suas-mascaras-para-carioca-ver\/","og_site_name":"Notibras","article_publisher":"https:\/\/www.facebook.com\/notibras\/","article_published_time":"2025-12-14T11:29:56+00:00","og_image":[{"width":1170,"height":700,"url":"https:\/\/www.notibras.com\/site\/wp-content\/uploads\/2025\/12\/exposio-entre-mscaras-e-gigantes-os-julies-do-carnaval-de-olinda_54978224329_o.webp","type":"image\/webp"}],"author":"Reda\u00e7\u00e3o","twitter_card":"summary_large_image","twitter_creator":"@Notibras","twitter_site":"@Notibras","twitter_misc":{"Escrito por":"Reda\u00e7\u00e3o","Est. tempo de leitura":"8 minutos"},"schema":{"@context":"https:\/\/schema.org","@graph":[{"@type":"Article","@id":"https:\/\/www.notibras.com\/site\/olinda-leva-cara-das-suas-mascaras-para-carioca-ver\/#article","isPartOf":{"@id":"https:\/\/www.notibras.com\/site\/olinda-leva-cara-das-suas-mascaras-para-carioca-ver\/"},"author":{"name":"Reda\u00e7\u00e3o","@id":"https:\/\/www.notibras.com\/site\/#\/schema\/person\/36ab0979449956132d3e5b517ea76ac8"},"headline":"Olinda leva cara das suas m\u00e1scaras para carioca ver","datePublished":"2025-12-14T11:29:56+00:00","mainEntityOfPage":{"@id":"https:\/\/www.notibras.com\/site\/olinda-leva-cara-das-suas-mascaras-para-carioca-ver\/"},"wordCount":1390,"publisher":{"@id":"https:\/\/www.notibras.com\/site\/#organization"},"image":{"@id":"https:\/\/www.notibras.com\/site\/olinda-leva-cara-das-suas-mascaras-para-carioca-ver\/#primaryimage"},"thumbnailUrl":"https:\/\/www.notibras.com\/site\/wp-content\/uploads\/2025\/12\/exposio-entre-mscaras-e-gigantes-os-julies-do-carnaval-de-olinda_54978224329_o.webp","articleSection":["Nordeste"],"inLanguage":"pt-BR"},{"@type":"WebPage","@id":"https:\/\/www.notibras.com\/site\/olinda-leva-cara-das-suas-mascaras-para-carioca-ver\/","url":"https:\/\/www.notibras.com\/site\/olinda-leva-cara-das-suas-mascaras-para-carioca-ver\/","name":"Olinda leva cara das suas m\u00e1scaras para carioca ver - Notibras","isPartOf":{"@id":"https:\/\/www.notibras.com\/site\/#website"},"primaryImageOfPage":{"@id":"https:\/\/www.notibras.com\/site\/olinda-leva-cara-das-suas-mascaras-para-carioca-ver\/#primaryimage"},"image":{"@id":"https:\/\/www.notibras.com\/site\/olinda-leva-cara-das-suas-mascaras-para-carioca-ver\/#primaryimage"},"thumbnailUrl":"https:\/\/www.notibras.com\/site\/wp-content\/uploads\/2025\/12\/exposio-entre-mscaras-e-gigantes-os-julies-do-carnaval-de-olinda_54978224329_o.webp","datePublished":"2025-12-14T11:29:56+00:00","breadcrumb":{"@id":"https:\/\/www.notibras.com\/site\/olinda-leva-cara-das-suas-mascaras-para-carioca-ver\/#breadcrumb"},"inLanguage":"pt-BR","potentialAction":[{"@type":"ReadAction","target":["https:\/\/www.notibras.com\/site\/olinda-leva-cara-das-suas-mascaras-para-carioca-ver\/"]}]},{"@type":"ImageObject","inLanguage":"pt-BR","@id":"https:\/\/www.notibras.com\/site\/olinda-leva-cara-das-suas-mascaras-para-carioca-ver\/#primaryimage","url":"https:\/\/www.notibras.com\/site\/wp-content\/uploads\/2025\/12\/exposio-entre-mscaras-e-gigantes-os-julies-do-carnaval-de-olinda_54978224329_o.webp","contentUrl":"https:\/\/www.notibras.com\/site\/wp-content\/uploads\/2025\/12\/exposio-entre-mscaras-e-gigantes-os-julies-do-carnaval-de-olinda_54978224329_o.webp","width":1170,"height":700},{"@type":"BreadcrumbList","@id":"https:\/\/www.notibras.com\/site\/olinda-leva-cara-das-suas-mascaras-para-carioca-ver\/#breadcrumb","itemListElement":[{"@type":"ListItem","position":1,"name":"In\u00edcio","item":"https:\/\/www.notibras.com\/site\/"},{"@type":"ListItem","position":2,"name":"Olinda leva cara das suas m\u00e1scaras para carioca ver"}]},{"@type":"WebSite","@id":"https:\/\/www.notibras.com\/site\/#website","url":"https:\/\/www.notibras.com\/site\/","name":"Notibras","description":"Not\u00edcias de Bras\u00edlia, do Brasil e do Mundo","publisher":{"@id":"https:\/\/www.notibras.com\/site\/#organization"},"potentialAction":[{"@type":"SearchAction","target":{"@type":"EntryPoint","urlTemplate":"https:\/\/www.notibras.com\/site\/?s={search_term_string}"},"query-input":{"@type":"PropertyValueSpecification","valueRequired":true,"valueName":"search_term_string"}}],"inLanguage":"pt-BR"},{"@type":"Organization","@id":"https:\/\/www.notibras.com\/site\/#organization","name":"Grupo Notibras de Comunica\u00e7\u00e3o","url":"https:\/\/www.notibras.com\/site\/","logo":{"@type":"ImageObject","inLanguage":"pt-BR","@id":"https:\/\/www.notibras.com\/site\/#\/schema\/logo\/image\/","url":"https:\/\/www.notibras.com\/site\/wp-content\/uploads\/2023\/01\/notibras23.png","contentUrl":"https:\/\/www.notibras.com\/site\/wp-content\/uploads\/2023\/01\/notibras23.png","width":350,"height":87,"caption":"Grupo Notibras de Comunica\u00e7\u00e3o"},"image":{"@id":"https:\/\/www.notibras.com\/site\/#\/schema\/logo\/image\/"},"sameAs":["https:\/\/www.facebook.com\/notibras\/","https:\/\/x.com\/Notibras","https:\/\/www.instagram.com\/notibras\/"]},{"@type":"Person","@id":"https:\/\/www.notibras.com\/site\/#\/schema\/person\/36ab0979449956132d3e5b517ea76ac8","name":"Reda\u00e7\u00e3o","image":{"@type":"ImageObject","inLanguage":"pt-BR","@id":"https:\/\/secure.gravatar.com\/avatar\/e0a867bdedb85fd243eadf09663511f96fc81e0720a4a42581f334ad4303aa6b?s=96&d=mm&r=g","url":"https:\/\/secure.gravatar.com\/avatar\/e0a867bdedb85fd243eadf09663511f96fc81e0720a4a42581f334ad4303aa6b?s=96&d=mm&r=g","contentUrl":"https:\/\/secure.gravatar.com\/avatar\/e0a867bdedb85fd243eadf09663511f96fc81e0720a4a42581f334ad4303aa6b?s=96&d=mm&r=g","caption":"Reda\u00e7\u00e3o"}}]}},"amp_enabled":true,"_links":{"self":[{"href":"https:\/\/www.notibras.com\/site\/wp-json\/wp\/v2\/posts\/374784","targetHints":{"allow":["GET"]}}],"collection":[{"href":"https:\/\/www.notibras.com\/site\/wp-json\/wp\/v2\/posts"}],"about":[{"href":"https:\/\/www.notibras.com\/site\/wp-json\/wp\/v2\/types\/post"}],"author":[{"embeddable":true,"href":"https:\/\/www.notibras.com\/site\/wp-json\/wp\/v2\/users\/2"}],"replies":[{"embeddable":true,"href":"https:\/\/www.notibras.com\/site\/wp-json\/wp\/v2\/comments?post=374784"}],"version-history":[{"count":1,"href":"https:\/\/www.notibras.com\/site\/wp-json\/wp\/v2\/posts\/374784\/revisions"}],"predecessor-version":[{"id":374786,"href":"https:\/\/www.notibras.com\/site\/wp-json\/wp\/v2\/posts\/374784\/revisions\/374786"}],"wp:featuredmedia":[{"embeddable":true,"href":"https:\/\/www.notibras.com\/site\/wp-json\/wp\/v2\/media\/374785"}],"wp:attachment":[{"href":"https:\/\/www.notibras.com\/site\/wp-json\/wp\/v2\/media?parent=374784"}],"wp:term":[{"taxonomy":"category","embeddable":true,"href":"https:\/\/www.notibras.com\/site\/wp-json\/wp\/v2\/categories?post=374784"},{"taxonomy":"post_tag","embeddable":true,"href":"https:\/\/www.notibras.com\/site\/wp-json\/wp\/v2\/tags?post=374784"}],"curies":[{"name":"wp","href":"https:\/\/api.w.org\/{rel}","templated":true}]}}