{"id":374829,"date":"2025-12-15T00:30:24","date_gmt":"2025-12-15T03:30:24","guid":{"rendered":"https:\/\/www.notibras.com\/site\/?p=374829"},"modified":"2025-12-14T22:18:23","modified_gmt":"2025-12-15T01:18:23","slug":"mais-de-17-milhoes-de-refeicoes-servidas-nos-restaurantes-comunitarios-em-2025","status":"publish","type":"post","link":"https:\/\/www.notibras.com\/site\/mais-de-17-milhoes-de-refeicoes-servidas-nos-restaurantes-comunitarios-em-2025\/","title":{"rendered":"Mais de 17 milh\u00f5es de refei\u00e7\u00f5es servidas nos restaurantes comunit\u00e1rios em 2025"},"content":{"rendered":"<p>Os 18 restaurantes comunit\u00e1rios do Distrito Federal ofereceram mais de 17 milh\u00f5es de refei\u00e7\u00f5es em 2025. Foram cerca de 3 milh\u00f5es a mais que no ano passado. Os dados s\u00e3o da Secretaria de Desenvolvimento Social (Sedes-DF), gestora dos equipamentos.<\/p>\n<p>De acordo com a pasta, o aumento se deve \u00e0s melhorias realizadas nas unidades e \u00e0 amplia\u00e7\u00e3o da oferta de refei\u00e7\u00f5es. Entre os restaurantes contemplados est\u00e3o os do Gama, Santa Maria e Riacho Fundo II.<\/p>\n<p>\u201cOs restaurantes comunit\u00e1rios do Gama, Riacho Fundo II, Santa Maria e Samambaia tiveram manuten\u00e7\u00f5es preventivas para ampliar a capacidade de atendimento e passaram a servir tr\u00eas refei\u00e7\u00f5es di\u00e1rias, incluindo domingos e feriados. Samambaia Expans\u00e3o tamb\u00e9m passou por adequa\u00e7\u00f5es. J\u00e1 as unidades de S\u00e3o Sebasti\u00e3o, Parano\u00e1 e Planaltina tinham a estrutura mais antiga e foram totalmente modernizadas\u201d, detalha a secret\u00e1ria de Desenvolvimento Social, Ana Paula Marra.<\/p>\n<p><strong>Metas para 2026<\/strong><\/p>\n<p>A previs\u00e3o \u00e9 de que o n\u00famero total aumente em 2026 com a implementa\u00e7\u00e3o do jantar e o atendimento aos domingos e feriados nas unidades de Ceil\u00e2ndia, Estrutural e Sol Nascente. Atualmente, dos 18 restaurantes comunit\u00e1rios, 15 j\u00e1 servem as tr\u00eas refei\u00e7\u00f5es di\u00e1rias \u2014 caf\u00e9 da manh\u00e3 (R$ 0,50), almo\u00e7o (R$ 1) e jantar (R$ 0,50). No ano que vem, essas unidades tamb\u00e9m passar\u00e3o por manuten\u00e7\u00f5es para renovar a estrutura e ampliar a oferta.<\/p>\n<p>\u201cO DF ficou em primeiro lugar no Selo Betinho, porque combater a fome \u00e9 uma das nossas obsess\u00f5es. Todas as vezes que vou a um dos restaurantes comunit\u00e1rios, escuto relatos muito fortes de pessoas vulner\u00e1veis que t\u00eam ali a \u00fanica forma de se alimentar diariamente. Outro dia, um senhor contou que, com o dinheiro que eles gastavam para almo\u00e7ar um dia apenas, no restaurante comunit\u00e1rio faziam as tr\u00eas refei\u00e7\u00f5es do dia por mais de uma semana. E isso impacta muito na vida de quem mais precisa\u201d, destacou Ana Paula.<\/p>\n","protected":false},"excerpt":{"rendered":"<p>Os 18 restaurantes comunit\u00e1rios do Distrito Federal ofereceram mais de 17 milh\u00f5es de refei\u00e7\u00f5es em 2025. Foram cerca de 3 milh\u00f5es a mais que no ano passado. Os dados s\u00e3o da Secretaria de Desenvolvimento Social (Sedes-DF), gestora dos equipamentos. De acordo com a pasta, o aumento se deve \u00e0s melhorias realizadas nas unidades e \u00e0 [&hellip;]<\/p>\n","protected":false},"author":21,"featured_media":374830,"comment_status":"closed","ping_status":"closed","sticky":false,"template":"","format":"standard","meta":{"_acf_changed":false,"footnotes":""},"categories":[161],"tags":[],"class_list":["post-374829","post","type-post","status-publish","format-standard","has-post-thumbnail","hentry","category-quadradinho-em-foco"],"acf":[],"yoast_head":"<!-- This site is optimized with the Yoast SEO plugin v27.5 - https:\/\/yoast.com\/product\/yoast-seo-wordpress\/ -->\n<title>Mais de 17 milh\u00f5es de refei\u00e7\u00f5es servidas nos restaurantes comunit\u00e1rios em 2025 - Notibras<\/title>\n<meta name=\"robots\" content=\"index, follow, max-snippet:-1, max-image-preview:large, max-video-preview:-1\" \/>\n<link rel=\"canonical\" href=\"https:\/\/www.notibras.com\/site\/mais-de-17-milhoes-de-refeicoes-servidas-nos-restaurantes-comunitarios-em-2025\/\" \/>\n<meta property=\"og:locale\" content=\"pt_BR\" \/>\n<meta property=\"og:type\" content=\"article\" \/>\n<meta property=\"og:title\" content=\"Mais de 17 milh\u00f5es de refei\u00e7\u00f5es servidas nos restaurantes comunit\u00e1rios em 2025 - Notibras\" \/>\n<meta property=\"og:description\" content=\"Os 18 restaurantes comunit\u00e1rios do Distrito Federal ofereceram mais de 17 milh\u00f5es de refei\u00e7\u00f5es em 2025. Foram cerca de 3 milh\u00f5es a mais que no ano passado. Os dados s\u00e3o da Secretaria de Desenvolvimento Social (Sedes-DF), gestora dos equipamentos. De acordo com a pasta, o aumento se deve \u00e0s melhorias realizadas nas unidades e \u00e0 [&hellip;]\" \/>\n<meta property=\"og:url\" content=\"https:\/\/www.notibras.com\/site\/mais-de-17-milhoes-de-refeicoes-servidas-nos-restaurantes-comunitarios-em-2025\/\" \/>\n<meta property=\"og:site_name\" content=\"Notibras\" \/>\n<meta property=\"article:publisher\" content=\"https:\/\/www.facebook.com\/notibras\/\" \/>\n<meta property=\"article:published_time\" content=\"2025-12-15T03:30:24+00:00\" \/>\n<meta property=\"og:image\" content=\"https:\/\/www.notibras.com\/site\/wp-content\/uploads\/2025\/12\/WhatsApp-Image-2025-12-09-at-17.58.54.jpeg\" \/>\n\t<meta property=\"og:image:width\" content=\"1600\" \/>\n\t<meta property=\"og:image:height\" content=\"1066\" \/>\n\t<meta property=\"og:image:type\" content=\"image\/jpeg\" \/>\n<meta name=\"author\" content=\"Eduardo Mart\u00ednez\" \/>\n<meta name=\"twitter:card\" content=\"summary_large_image\" \/>\n<meta name=\"twitter:creator\" content=\"@Notibras\" \/>\n<meta name=\"twitter:site\" content=\"@Notibras\" \/>\n<meta name=\"twitter:label1\" content=\"Escrito por\" \/>\n\t<meta name=\"twitter:data1\" content=\"Eduardo Mart\u00ednez\" \/>\n\t<meta name=\"twitter:label2\" content=\"Est. tempo de leitura\" \/>\n\t<meta name=\"twitter:data2\" content=\"2 minutos\" \/>\n<script type=\"application\/ld+json\" class=\"yoast-schema-graph\">{\"@context\":\"https:\\\/\\\/schema.org\",\"@graph\":[{\"@type\":\"Article\",\"@id\":\"https:\\\/\\\/www.notibras.com\\\/site\\\/mais-de-17-milhoes-de-refeicoes-servidas-nos-restaurantes-comunitarios-em-2025\\\/#article\",\"isPartOf\":{\"@id\":\"https:\\\/\\\/www.notibras.com\\\/site\\\/mais-de-17-milhoes-de-refeicoes-servidas-nos-restaurantes-comunitarios-em-2025\\\/\"},\"author\":{\"name\":\"Eduardo Mart\u00ednez\",\"@id\":\"https:\\\/\\\/www.notibras.com\\\/site\\\/#\\\/schema\\\/person\\\/5b7fabf2aedc3ada2105f03b22b4d3dd\"},\"headline\":\"Mais de 17 milh\u00f5es de refei\u00e7\u00f5es servidas nos restaurantes comunit\u00e1rios em 2025\",\"datePublished\":\"2025-12-15T03:30:24+00:00\",\"mainEntityOfPage\":{\"@id\":\"https:\\\/\\\/www.notibras.com\\\/site\\\/mais-de-17-milhoes-de-refeicoes-servidas-nos-restaurantes-comunitarios-em-2025\\\/\"},\"wordCount\":342,\"publisher\":{\"@id\":\"https:\\\/\\\/www.notibras.com\\\/site\\\/#organization\"},\"image\":{\"@id\":\"https:\\\/\\\/www.notibras.com\\\/site\\\/mais-de-17-milhoes-de-refeicoes-servidas-nos-restaurantes-comunitarios-em-2025\\\/#primaryimage\"},\"thumbnailUrl\":\"https:\\\/\\\/www.notibras.com\\\/site\\\/wp-content\\\/uploads\\\/2025\\\/12\\\/WhatsApp-Image-2025-12-09-at-17.58.54.jpeg\",\"articleSection\":[\"Quadradinho em Foco\"],\"inLanguage\":\"pt-BR\"},{\"@type\":\"WebPage\",\"@id\":\"https:\\\/\\\/www.notibras.com\\\/site\\\/mais-de-17-milhoes-de-refeicoes-servidas-nos-restaurantes-comunitarios-em-2025\\\/\",\"url\":\"https:\\\/\\\/www.notibras.com\\\/site\\\/mais-de-17-milhoes-de-refeicoes-servidas-nos-restaurantes-comunitarios-em-2025\\\/\",\"name\":\"Mais de 17 milh\u00f5es de refei\u00e7\u00f5es servidas nos restaurantes comunit\u00e1rios em 2025 - Notibras\",\"isPartOf\":{\"@id\":\"https:\\\/\\\/www.notibras.com\\\/site\\\/#website\"},\"primaryImageOfPage\":{\"@id\":\"https:\\\/\\\/www.notibras.com\\\/site\\\/mais-de-17-milhoes-de-refeicoes-servidas-nos-restaurantes-comunitarios-em-2025\\\/#primaryimage\"},\"image\":{\"@id\":\"https:\\\/\\\/www.notibras.com\\\/site\\\/mais-de-17-milhoes-de-refeicoes-servidas-nos-restaurantes-comunitarios-em-2025\\\/#primaryimage\"},\"thumbnailUrl\":\"https:\\\/\\\/www.notibras.com\\\/site\\\/wp-content\\\/uploads\\\/2025\\\/12\\\/WhatsApp-Image-2025-12-09-at-17.58.54.jpeg\",\"datePublished\":\"2025-12-15T03:30:24+00:00\",\"breadcrumb\":{\"@id\":\"https:\\\/\\\/www.notibras.com\\\/site\\\/mais-de-17-milhoes-de-refeicoes-servidas-nos-restaurantes-comunitarios-em-2025\\\/#breadcrumb\"},\"inLanguage\":\"pt-BR\",\"potentialAction\":[{\"@type\":\"ReadAction\",\"target\":[\"https:\\\/\\\/www.notibras.com\\\/site\\\/mais-de-17-milhoes-de-refeicoes-servidas-nos-restaurantes-comunitarios-em-2025\\\/\"]}]},{\"@type\":\"ImageObject\",\"inLanguage\":\"pt-BR\",\"@id\":\"https:\\\/\\\/www.notibras.com\\\/site\\\/mais-de-17-milhoes-de-refeicoes-servidas-nos-restaurantes-comunitarios-em-2025\\\/#primaryimage\",\"url\":\"https:\\\/\\\/www.notibras.com\\\/site\\\/wp-content\\\/uploads\\\/2025\\\/12\\\/WhatsApp-Image-2025-12-09-at-17.58.54.jpeg\",\"contentUrl\":\"https:\\\/\\\/www.notibras.com\\\/site\\\/wp-content\\\/uploads\\\/2025\\\/12\\\/WhatsApp-Image-2025-12-09-at-17.58.54.jpeg\",\"width\":1600,\"height\":1066},{\"@type\":\"BreadcrumbList\",\"@id\":\"https:\\\/\\\/www.notibras.com\\\/site\\\/mais-de-17-milhoes-de-refeicoes-servidas-nos-restaurantes-comunitarios-em-2025\\\/#breadcrumb\",\"itemListElement\":[{\"@type\":\"ListItem\",\"position\":1,\"name\":\"In\u00edcio\",\"item\":\"https:\\\/\\\/www.notibras.com\\\/site\\\/\"},{\"@type\":\"ListItem\",\"position\":2,\"name\":\"Mais de 17 milh\u00f5es de refei\u00e7\u00f5es servidas nos restaurantes comunit\u00e1rios em 2025\"}]},{\"@type\":\"WebSite\",\"@id\":\"https:\\\/\\\/www.notibras.com\\\/site\\\/#website\",\"url\":\"https:\\\/\\\/www.notibras.com\\\/site\\\/\",\"name\":\"Notibras\",\"description\":\"Not\u00edcias de Bras\u00edlia, do Brasil e do Mundo\",\"publisher\":{\"@id\":\"https:\\\/\\\/www.notibras.com\\\/site\\\/#organization\"},\"potentialAction\":[{\"@type\":\"SearchAction\",\"target\":{\"@type\":\"EntryPoint\",\"urlTemplate\":\"https:\\\/\\\/www.notibras.com\\\/site\\\/?s={search_term_string}\"},\"query-input\":{\"@type\":\"PropertyValueSpecification\",\"valueRequired\":true,\"valueName\":\"search_term_string\"}}],\"inLanguage\":\"pt-BR\"},{\"@type\":\"Organization\",\"@id\":\"https:\\\/\\\/www.notibras.com\\\/site\\\/#organization\",\"name\":\"Grupo Notibras de Comunica\u00e7\u00e3o\",\"url\":\"https:\\\/\\\/www.notibras.com\\\/site\\\/\",\"logo\":{\"@type\":\"ImageObject\",\"inLanguage\":\"pt-BR\",\"@id\":\"https:\\\/\\\/www.notibras.com\\\/site\\\/#\\\/schema\\\/logo\\\/image\\\/\",\"url\":\"https:\\\/\\\/www.notibras.com\\\/site\\\/wp-content\\\/uploads\\\/2023\\\/01\\\/notibras23.png\",\"contentUrl\":\"https:\\\/\\\/www.notibras.com\\\/site\\\/wp-content\\\/uploads\\\/2023\\\/01\\\/notibras23.png\",\"width\":350,\"height\":87,\"caption\":\"Grupo Notibras de Comunica\u00e7\u00e3o\"},\"image\":{\"@id\":\"https:\\\/\\\/www.notibras.com\\\/site\\\/#\\\/schema\\\/logo\\\/image\\\/\"},\"sameAs\":[\"https:\\\/\\\/www.facebook.com\\\/notibras\\\/\",\"https:\\\/\\\/x.com\\\/Notibras\",\"https:\\\/\\\/www.instagram.com\\\/notibras\\\/\"]},{\"@type\":\"Person\",\"@id\":\"https:\\\/\\\/www.notibras.com\\\/site\\\/#\\\/schema\\\/person\\\/5b7fabf2aedc3ada2105f03b22b4d3dd\",\"name\":\"Eduardo Mart\u00ednez\",\"image\":{\"@type\":\"ImageObject\",\"inLanguage\":\"pt-BR\",\"@id\":\"https:\\\/\\\/secure.gravatar.com\\\/avatar\\\/7902f906289926289cbcda644b5197c796b893c6ffd7b9a536a42d290f7704a0?s=96&d=mm&r=g\",\"url\":\"https:\\\/\\\/secure.gravatar.com\\\/avatar\\\/7902f906289926289cbcda644b5197c796b893c6ffd7b9a536a42d290f7704a0?s=96&d=mm&r=g\",\"contentUrl\":\"https:\\\/\\\/secure.gravatar.com\\\/avatar\\\/7902f906289926289cbcda644b5197c796b893c6ffd7b9a536a42d290f7704a0?s=96&d=mm&r=g\",\"caption\":\"Eduardo Mart\u00ednez\"}}]}<\/script>\n<!-- \/ Yoast SEO plugin. -->","yoast_head_json":{"title":"Mais de 17 milh\u00f5es de refei\u00e7\u00f5es servidas nos restaurantes comunit\u00e1rios em 2025 - Notibras","robots":{"index":"index","follow":"follow","max-snippet":"max-snippet:-1","max-image-preview":"max-image-preview:large","max-video-preview":"max-video-preview:-1"},"canonical":"https:\/\/www.notibras.com\/site\/mais-de-17-milhoes-de-refeicoes-servidas-nos-restaurantes-comunitarios-em-2025\/","og_locale":"pt_BR","og_type":"article","og_title":"Mais de 17 milh\u00f5es de refei\u00e7\u00f5es servidas nos restaurantes comunit\u00e1rios em 2025 - Notibras","og_description":"Os 18 restaurantes comunit\u00e1rios do Distrito Federal ofereceram mais de 17 milh\u00f5es de refei\u00e7\u00f5es em 2025. Foram cerca de 3 milh\u00f5es a mais que no ano passado. Os dados s\u00e3o da Secretaria de Desenvolvimento Social (Sedes-DF), gestora dos equipamentos. De acordo com a pasta, o aumento se deve \u00e0s melhorias realizadas nas unidades e \u00e0 [&hellip;]","og_url":"https:\/\/www.notibras.com\/site\/mais-de-17-milhoes-de-refeicoes-servidas-nos-restaurantes-comunitarios-em-2025\/","og_site_name":"Notibras","article_publisher":"https:\/\/www.facebook.com\/notibras\/","article_published_time":"2025-12-15T03:30:24+00:00","og_image":[{"width":1600,"height":1066,"url":"https:\/\/www.notibras.com\/site\/wp-content\/uploads\/2025\/12\/WhatsApp-Image-2025-12-09-at-17.58.54.jpeg","type":"image\/jpeg"}],"author":"Eduardo Mart\u00ednez","twitter_card":"summary_large_image","twitter_creator":"@Notibras","twitter_site":"@Notibras","twitter_misc":{"Escrito por":"Eduardo Mart\u00ednez","Est. tempo de leitura":"2 minutos"},"schema":{"@context":"https:\/\/schema.org","@graph":[{"@type":"Article","@id":"https:\/\/www.notibras.com\/site\/mais-de-17-milhoes-de-refeicoes-servidas-nos-restaurantes-comunitarios-em-2025\/#article","isPartOf":{"@id":"https:\/\/www.notibras.com\/site\/mais-de-17-milhoes-de-refeicoes-servidas-nos-restaurantes-comunitarios-em-2025\/"},"author":{"name":"Eduardo Mart\u00ednez","@id":"https:\/\/www.notibras.com\/site\/#\/schema\/person\/5b7fabf2aedc3ada2105f03b22b4d3dd"},"headline":"Mais de 17 milh\u00f5es de refei\u00e7\u00f5es servidas nos restaurantes comunit\u00e1rios em 2025","datePublished":"2025-12-15T03:30:24+00:00","mainEntityOfPage":{"@id":"https:\/\/www.notibras.com\/site\/mais-de-17-milhoes-de-refeicoes-servidas-nos-restaurantes-comunitarios-em-2025\/"},"wordCount":342,"publisher":{"@id":"https:\/\/www.notibras.com\/site\/#organization"},"image":{"@id":"https:\/\/www.notibras.com\/site\/mais-de-17-milhoes-de-refeicoes-servidas-nos-restaurantes-comunitarios-em-2025\/#primaryimage"},"thumbnailUrl":"https:\/\/www.notibras.com\/site\/wp-content\/uploads\/2025\/12\/WhatsApp-Image-2025-12-09-at-17.58.54.jpeg","articleSection":["Quadradinho em Foco"],"inLanguage":"pt-BR"},{"@type":"WebPage","@id":"https:\/\/www.notibras.com\/site\/mais-de-17-milhoes-de-refeicoes-servidas-nos-restaurantes-comunitarios-em-2025\/","url":"https:\/\/www.notibras.com\/site\/mais-de-17-milhoes-de-refeicoes-servidas-nos-restaurantes-comunitarios-em-2025\/","name":"Mais de 17 milh\u00f5es de refei\u00e7\u00f5es servidas nos restaurantes comunit\u00e1rios em 2025 - Notibras","isPartOf":{"@id":"https:\/\/www.notibras.com\/site\/#website"},"primaryImageOfPage":{"@id":"https:\/\/www.notibras.com\/site\/mais-de-17-milhoes-de-refeicoes-servidas-nos-restaurantes-comunitarios-em-2025\/#primaryimage"},"image":{"@id":"https:\/\/www.notibras.com\/site\/mais-de-17-milhoes-de-refeicoes-servidas-nos-restaurantes-comunitarios-em-2025\/#primaryimage"},"thumbnailUrl":"https:\/\/www.notibras.com\/site\/wp-content\/uploads\/2025\/12\/WhatsApp-Image-2025-12-09-at-17.58.54.jpeg","datePublished":"2025-12-15T03:30:24+00:00","breadcrumb":{"@id":"https:\/\/www.notibras.com\/site\/mais-de-17-milhoes-de-refeicoes-servidas-nos-restaurantes-comunitarios-em-2025\/#breadcrumb"},"inLanguage":"pt-BR","potentialAction":[{"@type":"ReadAction","target":["https:\/\/www.notibras.com\/site\/mais-de-17-milhoes-de-refeicoes-servidas-nos-restaurantes-comunitarios-em-2025\/"]}]},{"@type":"ImageObject","inLanguage":"pt-BR","@id":"https:\/\/www.notibras.com\/site\/mais-de-17-milhoes-de-refeicoes-servidas-nos-restaurantes-comunitarios-em-2025\/#primaryimage","url":"https:\/\/www.notibras.com\/site\/wp-content\/uploads\/2025\/12\/WhatsApp-Image-2025-12-09-at-17.58.54.jpeg","contentUrl":"https:\/\/www.notibras.com\/site\/wp-content\/uploads\/2025\/12\/WhatsApp-Image-2025-12-09-at-17.58.54.jpeg","width":1600,"height":1066},{"@type":"BreadcrumbList","@id":"https:\/\/www.notibras.com\/site\/mais-de-17-milhoes-de-refeicoes-servidas-nos-restaurantes-comunitarios-em-2025\/#breadcrumb","itemListElement":[{"@type":"ListItem","position":1,"name":"In\u00edcio","item":"https:\/\/www.notibras.com\/site\/"},{"@type":"ListItem","position":2,"name":"Mais de 17 milh\u00f5es de refei\u00e7\u00f5es servidas nos restaurantes comunit\u00e1rios em 2025"}]},{"@type":"WebSite","@id":"https:\/\/www.notibras.com\/site\/#website","url":"https:\/\/www.notibras.com\/site\/","name":"Notibras","description":"Not\u00edcias de Bras\u00edlia, do Brasil e do Mundo","publisher":{"@id":"https:\/\/www.notibras.com\/site\/#organization"},"potentialAction":[{"@type":"SearchAction","target":{"@type":"EntryPoint","urlTemplate":"https:\/\/www.notibras.com\/site\/?s={search_term_string}"},"query-input":{"@type":"PropertyValueSpecification","valueRequired":true,"valueName":"search_term_string"}}],"inLanguage":"pt-BR"},{"@type":"Organization","@id":"https:\/\/www.notibras.com\/site\/#organization","name":"Grupo Notibras de Comunica\u00e7\u00e3o","url":"https:\/\/www.notibras.com\/site\/","logo":{"@type":"ImageObject","inLanguage":"pt-BR","@id":"https:\/\/www.notibras.com\/site\/#\/schema\/logo\/image\/","url":"https:\/\/www.notibras.com\/site\/wp-content\/uploads\/2023\/01\/notibras23.png","contentUrl":"https:\/\/www.notibras.com\/site\/wp-content\/uploads\/2023\/01\/notibras23.png","width":350,"height":87,"caption":"Grupo Notibras de Comunica\u00e7\u00e3o"},"image":{"@id":"https:\/\/www.notibras.com\/site\/#\/schema\/logo\/image\/"},"sameAs":["https:\/\/www.facebook.com\/notibras\/","https:\/\/x.com\/Notibras","https:\/\/www.instagram.com\/notibras\/"]},{"@type":"Person","@id":"https:\/\/www.notibras.com\/site\/#\/schema\/person\/5b7fabf2aedc3ada2105f03b22b4d3dd","name":"Eduardo Mart\u00ednez","image":{"@type":"ImageObject","inLanguage":"pt-BR","@id":"https:\/\/secure.gravatar.com\/avatar\/7902f906289926289cbcda644b5197c796b893c6ffd7b9a536a42d290f7704a0?s=96&d=mm&r=g","url":"https:\/\/secure.gravatar.com\/avatar\/7902f906289926289cbcda644b5197c796b893c6ffd7b9a536a42d290f7704a0?s=96&d=mm&r=g","contentUrl":"https:\/\/secure.gravatar.com\/avatar\/7902f906289926289cbcda644b5197c796b893c6ffd7b9a536a42d290f7704a0?s=96&d=mm&r=g","caption":"Eduardo Mart\u00ednez"}}]}},"amp_enabled":true,"_links":{"self":[{"href":"https:\/\/www.notibras.com\/site\/wp-json\/wp\/v2\/posts\/374829","targetHints":{"allow":["GET"]}}],"collection":[{"href":"https:\/\/www.notibras.com\/site\/wp-json\/wp\/v2\/posts"}],"about":[{"href":"https:\/\/www.notibras.com\/site\/wp-json\/wp\/v2\/types\/post"}],"author":[{"embeddable":true,"href":"https:\/\/www.notibras.com\/site\/wp-json\/wp\/v2\/users\/21"}],"replies":[{"embeddable":true,"href":"https:\/\/www.notibras.com\/site\/wp-json\/wp\/v2\/comments?post=374829"}],"version-history":[{"count":3,"href":"https:\/\/www.notibras.com\/site\/wp-json\/wp\/v2\/posts\/374829\/revisions"}],"predecessor-version":[{"id":374833,"href":"https:\/\/www.notibras.com\/site\/wp-json\/wp\/v2\/posts\/374829\/revisions\/374833"}],"wp:featuredmedia":[{"embeddable":true,"href":"https:\/\/www.notibras.com\/site\/wp-json\/wp\/v2\/media\/374830"}],"wp:attachment":[{"href":"https:\/\/www.notibras.com\/site\/wp-json\/wp\/v2\/media?parent=374829"}],"wp:term":[{"taxonomy":"category","embeddable":true,"href":"https:\/\/www.notibras.com\/site\/wp-json\/wp\/v2\/categories?post=374829"},{"taxonomy":"post_tag","embeddable":true,"href":"https:\/\/www.notibras.com\/site\/wp-json\/wp\/v2\/tags?post=374829"}],"curies":[{"name":"wp","href":"https:\/\/api.w.org\/{rel}","templated":true}]}}