{"id":374835,"date":"2025-12-15T00:45:27","date_gmt":"2025-12-15T03:45:27","guid":{"rendered":"https:\/\/www.notibras.com\/site\/?p=374835"},"modified":"2025-12-14T22:30:23","modified_gmt":"2025-12-15T01:30:23","slug":"pipas-afetam-rede-de-energia-eletrica","status":"publish","type":"post","link":"https:\/\/www.notibras.com\/site\/pipas-afetam-rede-de-energia-eletrica\/","title":{"rendered":"Pipas afetam rede de energia el\u00e9trica"},"content":{"rendered":"<p>A Neoenergia Bras\u00edlia registrou um aumento significativo nos incidentes envolvendo pipas na rede el\u00e9trica durante este ano. De janeiro a novembro, foram contabilizadas 411 ocorr\u00eancias, um aumento de 14% em rela\u00e7\u00e3o ao mesmo per\u00edodo de 2024, quando foram registradas 360. O n\u00famero de consumidores impactados tamb\u00e9m cresceu: 138,5 mil clientes foram afetados neste ano, ante 120,4 mil no ano anterior.<\/p>\n<p>Com a chegada das f\u00e9rias escolares, cresce o tempo que crian\u00e7as e adolescentes passam em casa e em \u00e1reas de lazer, per\u00edodo em que a pr\u00e1tica de soltar pipas se intensifica. Essa brincadeira, quando realizada perto da rede el\u00e9trica, pode provocar curtos-circuitos, rompimento de cabos e interrup\u00e7\u00f5es no fornecimento. O risco surge quando a linha se enrosca em postes, transformadores ou fia\u00e7\u00f5es.<\/p>\n<p>\u201cA pipa deve ser empinada apenas em locais amplos e longe da rede el\u00e9trica, como campos, parques e \u00e1reas descampadas\u201d, alerta Jorge Frota, gerente de Sa\u00fade e Seguran\u00e7a da Neoenergia Bras\u00edlia. \u201cJamais tente retirar uma pipa presa na fia\u00e7\u00e3o. E nunca utilize cerol ou linha chilena, que, al\u00e9m de perigosos para a popula\u00e7\u00e3o, podem danificar os cabos.\u201d<\/p>\n<p>A distribuidora refor\u00e7a que a retirada de pipas presas na rede \u00e9 uma tarefa exclusiva de profissionais autorizados e treinados. Entrar em subesta\u00e7\u00f5es, mesmo para buscar brinquedos, \u00e9 terminantemente proibido e representa grave amea\u00e7a \u00e0 vida.<\/p>\n<p><strong>Dicas para prevenir acidentes com pipas<\/strong><\/p>\n<p>\u2022 Evite o uso de fios met\u00e1licos ou papel laminado, que podem conduzir energia<\/p>\n<p>\u2022 Nunca tente retirar pipas enroscadas em cabos<\/p>\n<p>\u2022 N\u00e3o utilize cerol ou linha chilena<\/p>\n<p>\u2022 N\u00e3o arremesse objetos na rede el\u00e9trica, como arames ou correntes<\/p>\n<p>\u2022 N\u00e3o solte pipas durante chuva ou ventos fortes; recolha imediatamente em caso de rel\u00e2mpagos<\/p>\n<p>\u2022 Aten\u00e7\u00e3o redobrada para motociclistas e ciclistas, que podem ser atingidos pela linha.<\/p>\n<p><strong>Cuidados no ambiente dom\u00e9stico<\/strong><\/p>\n<p>Durante as f\u00e9rias, aumenta tamb\u00e9m o uso de smartphones, videogames e outros eletr\u00f4nicos. A Neoenergia Bras\u00edlia orienta que equipamentos s\u00f3 sejam conectados ou desconectados por adultos, sempre segurando o plugue e jamais puxando o fio. Tomadas devem ter protetores, e cabos danificados n\u00e3o devem ser utilizados.<\/p>\n<p>\u201cO acompanhamento dos respons\u00e1veis \u00e9 fundamental para evitar acidentes envolvendo eletricidade\u201d, refor\u00e7a Jorge Frota. Ele destaca a import\u00e2ncia de revisar instala\u00e7\u00f5es internas e conferir o estado dos fios e aparelhos.<\/p>\n<p>Crian\u00e7as n\u00e3o devem manusear eletr\u00f4nicos enquanto carregam as baterias. Em condom\u00ednios ou casas, o acesso a quadros de energia, geradores e salas de for\u00e7a deve ser restrito a profissionais habilitados.<\/p>\n<p>Em caso de acidentes, a orienta\u00e7\u00e3o \u00e9 desligar a chave geral ou o disjuntor e acionar imediatamente o Corpo de Bombeiros (193) ou o Samu (192). Situa\u00e7\u00f5es envolvendo a rede de distribui\u00e7\u00e3o devem ser comunicadas \u00e0 Neoenergia Bras\u00edlia pelo n\u00famero 116.<\/p>\n","protected":false},"excerpt":{"rendered":"<p>A Neoenergia Bras\u00edlia registrou um aumento significativo nos incidentes envolvendo pipas na rede el\u00e9trica durante este ano. De janeiro a novembro, foram contabilizadas 411 ocorr\u00eancias, um aumento de 14% em rela\u00e7\u00e3o ao mesmo per\u00edodo de 2024, quando foram registradas 360. O n\u00famero de consumidores impactados tamb\u00e9m cresceu: 138,5 mil clientes foram afetados neste ano, ante [&hellip;]<\/p>\n","protected":false},"author":21,"featured_media":374836,"comment_status":"closed","ping_status":"closed","sticky":false,"template":"","format":"standard","meta":{"_acf_changed":false,"footnotes":""},"categories":[161],"tags":[],"class_list":["post-374835","post","type-post","status-publish","format-standard","has-post-thumbnail","hentry","category-quadradinho-em-foco"],"acf":[],"yoast_head":"<!-- This site is optimized with the Yoast SEO plugin v27.5 - https:\/\/yoast.com\/product\/yoast-seo-wordpress\/ -->\n<title>Pipas afetam rede de energia el\u00e9trica - Notibras<\/title>\n<meta name=\"robots\" content=\"index, follow, max-snippet:-1, max-image-preview:large, max-video-preview:-1\" \/>\n<link rel=\"canonical\" href=\"https:\/\/www.notibras.com\/site\/pipas-afetam-rede-de-energia-eletrica\/\" \/>\n<meta property=\"og:locale\" content=\"pt_BR\" \/>\n<meta property=\"og:type\" content=\"article\" \/>\n<meta property=\"og:title\" content=\"Pipas afetam rede de energia el\u00e9trica - Notibras\" \/>\n<meta property=\"og:description\" content=\"A Neoenergia Bras\u00edlia registrou um aumento significativo nos incidentes envolvendo pipas na rede el\u00e9trica durante este ano. De janeiro a novembro, foram contabilizadas 411 ocorr\u00eancias, um aumento de 14% em rela\u00e7\u00e3o ao mesmo per\u00edodo de 2024, quando foram registradas 360. O n\u00famero de consumidores impactados tamb\u00e9m cresceu: 138,5 mil clientes foram afetados neste ano, ante [&hellip;]\" \/>\n<meta property=\"og:url\" content=\"https:\/\/www.notibras.com\/site\/pipas-afetam-rede-de-energia-eletrica\/\" \/>\n<meta property=\"og:site_name\" content=\"Notibras\" \/>\n<meta property=\"article:publisher\" content=\"https:\/\/www.facebook.com\/notibras\/\" \/>\n<meta property=\"article:published_time\" content=\"2025-12-15T03:45:27+00:00\" \/>\n<meta property=\"og:image\" content=\"https:\/\/www.notibras.com\/site\/wp-content\/uploads\/2025\/12\/image002-6.png\" \/>\n\t<meta property=\"og:image:width\" content=\"607\" \/>\n\t<meta property=\"og:image:height\" content=\"291\" \/>\n\t<meta property=\"og:image:type\" content=\"image\/png\" \/>\n<meta name=\"author\" content=\"Eduardo Mart\u00ednez\" \/>\n<meta name=\"twitter:card\" content=\"summary_large_image\" \/>\n<meta name=\"twitter:creator\" content=\"@Notibras\" \/>\n<meta name=\"twitter:site\" content=\"@Notibras\" \/>\n<meta name=\"twitter:label1\" content=\"Escrito por\" \/>\n\t<meta name=\"twitter:data1\" content=\"Eduardo Mart\u00ednez\" \/>\n\t<meta name=\"twitter:label2\" content=\"Est. tempo de leitura\" \/>\n\t<meta name=\"twitter:data2\" content=\"3 minutos\" \/>\n<script type=\"application\/ld+json\" class=\"yoast-schema-graph\">{\"@context\":\"https:\\\/\\\/schema.org\",\"@graph\":[{\"@type\":\"Article\",\"@id\":\"https:\\\/\\\/www.notibras.com\\\/site\\\/pipas-afetam-rede-de-energia-eletrica\\\/#article\",\"isPartOf\":{\"@id\":\"https:\\\/\\\/www.notibras.com\\\/site\\\/pipas-afetam-rede-de-energia-eletrica\\\/\"},\"author\":{\"name\":\"Eduardo Mart\u00ednez\",\"@id\":\"https:\\\/\\\/www.notibras.com\\\/site\\\/#\\\/schema\\\/person\\\/5b7fabf2aedc3ada2105f03b22b4d3dd\"},\"headline\":\"Pipas afetam rede de energia el\u00e9trica\",\"datePublished\":\"2025-12-15T03:45:27+00:00\",\"mainEntityOfPage\":{\"@id\":\"https:\\\/\\\/www.notibras.com\\\/site\\\/pipas-afetam-rede-de-energia-eletrica\\\/\"},\"wordCount\":477,\"publisher\":{\"@id\":\"https:\\\/\\\/www.notibras.com\\\/site\\\/#organization\"},\"image\":{\"@id\":\"https:\\\/\\\/www.notibras.com\\\/site\\\/pipas-afetam-rede-de-energia-eletrica\\\/#primaryimage\"},\"thumbnailUrl\":\"https:\\\/\\\/www.notibras.com\\\/site\\\/wp-content\\\/uploads\\\/2025\\\/12\\\/image002-6.png\",\"articleSection\":[\"Quadradinho em Foco\"],\"inLanguage\":\"pt-BR\"},{\"@type\":\"WebPage\",\"@id\":\"https:\\\/\\\/www.notibras.com\\\/site\\\/pipas-afetam-rede-de-energia-eletrica\\\/\",\"url\":\"https:\\\/\\\/www.notibras.com\\\/site\\\/pipas-afetam-rede-de-energia-eletrica\\\/\",\"name\":\"Pipas afetam rede de energia el\u00e9trica - Notibras\",\"isPartOf\":{\"@id\":\"https:\\\/\\\/www.notibras.com\\\/site\\\/#website\"},\"primaryImageOfPage\":{\"@id\":\"https:\\\/\\\/www.notibras.com\\\/site\\\/pipas-afetam-rede-de-energia-eletrica\\\/#primaryimage\"},\"image\":{\"@id\":\"https:\\\/\\\/www.notibras.com\\\/site\\\/pipas-afetam-rede-de-energia-eletrica\\\/#primaryimage\"},\"thumbnailUrl\":\"https:\\\/\\\/www.notibras.com\\\/site\\\/wp-content\\\/uploads\\\/2025\\\/12\\\/image002-6.png\",\"datePublished\":\"2025-12-15T03:45:27+00:00\",\"breadcrumb\":{\"@id\":\"https:\\\/\\\/www.notibras.com\\\/site\\\/pipas-afetam-rede-de-energia-eletrica\\\/#breadcrumb\"},\"inLanguage\":\"pt-BR\",\"potentialAction\":[{\"@type\":\"ReadAction\",\"target\":[\"https:\\\/\\\/www.notibras.com\\\/site\\\/pipas-afetam-rede-de-energia-eletrica\\\/\"]}]},{\"@type\":\"ImageObject\",\"inLanguage\":\"pt-BR\",\"@id\":\"https:\\\/\\\/www.notibras.com\\\/site\\\/pipas-afetam-rede-de-energia-eletrica\\\/#primaryimage\",\"url\":\"https:\\\/\\\/www.notibras.com\\\/site\\\/wp-content\\\/uploads\\\/2025\\\/12\\\/image002-6.png\",\"contentUrl\":\"https:\\\/\\\/www.notibras.com\\\/site\\\/wp-content\\\/uploads\\\/2025\\\/12\\\/image002-6.png\",\"width\":607,\"height\":291},{\"@type\":\"BreadcrumbList\",\"@id\":\"https:\\\/\\\/www.notibras.com\\\/site\\\/pipas-afetam-rede-de-energia-eletrica\\\/#breadcrumb\",\"itemListElement\":[{\"@type\":\"ListItem\",\"position\":1,\"name\":\"In\u00edcio\",\"item\":\"https:\\\/\\\/www.notibras.com\\\/site\\\/\"},{\"@type\":\"ListItem\",\"position\":2,\"name\":\"Pipas afetam rede de energia el\u00e9trica\"}]},{\"@type\":\"WebSite\",\"@id\":\"https:\\\/\\\/www.notibras.com\\\/site\\\/#website\",\"url\":\"https:\\\/\\\/www.notibras.com\\\/site\\\/\",\"name\":\"Notibras\",\"description\":\"Not\u00edcias de Bras\u00edlia, do Brasil e do Mundo\",\"publisher\":{\"@id\":\"https:\\\/\\\/www.notibras.com\\\/site\\\/#organization\"},\"potentialAction\":[{\"@type\":\"SearchAction\",\"target\":{\"@type\":\"EntryPoint\",\"urlTemplate\":\"https:\\\/\\\/www.notibras.com\\\/site\\\/?s={search_term_string}\"},\"query-input\":{\"@type\":\"PropertyValueSpecification\",\"valueRequired\":true,\"valueName\":\"search_term_string\"}}],\"inLanguage\":\"pt-BR\"},{\"@type\":\"Organization\",\"@id\":\"https:\\\/\\\/www.notibras.com\\\/site\\\/#organization\",\"name\":\"Grupo Notibras de Comunica\u00e7\u00e3o\",\"url\":\"https:\\\/\\\/www.notibras.com\\\/site\\\/\",\"logo\":{\"@type\":\"ImageObject\",\"inLanguage\":\"pt-BR\",\"@id\":\"https:\\\/\\\/www.notibras.com\\\/site\\\/#\\\/schema\\\/logo\\\/image\\\/\",\"url\":\"https:\\\/\\\/www.notibras.com\\\/site\\\/wp-content\\\/uploads\\\/2023\\\/01\\\/notibras23.png\",\"contentUrl\":\"https:\\\/\\\/www.notibras.com\\\/site\\\/wp-content\\\/uploads\\\/2023\\\/01\\\/notibras23.png\",\"width\":350,\"height\":87,\"caption\":\"Grupo Notibras de Comunica\u00e7\u00e3o\"},\"image\":{\"@id\":\"https:\\\/\\\/www.notibras.com\\\/site\\\/#\\\/schema\\\/logo\\\/image\\\/\"},\"sameAs\":[\"https:\\\/\\\/www.facebook.com\\\/notibras\\\/\",\"https:\\\/\\\/x.com\\\/Notibras\",\"https:\\\/\\\/www.instagram.com\\\/notibras\\\/\"]},{\"@type\":\"Person\",\"@id\":\"https:\\\/\\\/www.notibras.com\\\/site\\\/#\\\/schema\\\/person\\\/5b7fabf2aedc3ada2105f03b22b4d3dd\",\"name\":\"Eduardo Mart\u00ednez\",\"image\":{\"@type\":\"ImageObject\",\"inLanguage\":\"pt-BR\",\"@id\":\"https:\\\/\\\/secure.gravatar.com\\\/avatar\\\/7902f906289926289cbcda644b5197c796b893c6ffd7b9a536a42d290f7704a0?s=96&d=mm&r=g\",\"url\":\"https:\\\/\\\/secure.gravatar.com\\\/avatar\\\/7902f906289926289cbcda644b5197c796b893c6ffd7b9a536a42d290f7704a0?s=96&d=mm&r=g\",\"contentUrl\":\"https:\\\/\\\/secure.gravatar.com\\\/avatar\\\/7902f906289926289cbcda644b5197c796b893c6ffd7b9a536a42d290f7704a0?s=96&d=mm&r=g\",\"caption\":\"Eduardo Mart\u00ednez\"}}]}<\/script>\n<!-- \/ Yoast SEO plugin. -->","yoast_head_json":{"title":"Pipas afetam rede de energia el\u00e9trica - Notibras","robots":{"index":"index","follow":"follow","max-snippet":"max-snippet:-1","max-image-preview":"max-image-preview:large","max-video-preview":"max-video-preview:-1"},"canonical":"https:\/\/www.notibras.com\/site\/pipas-afetam-rede-de-energia-eletrica\/","og_locale":"pt_BR","og_type":"article","og_title":"Pipas afetam rede de energia el\u00e9trica - Notibras","og_description":"A Neoenergia Bras\u00edlia registrou um aumento significativo nos incidentes envolvendo pipas na rede el\u00e9trica durante este ano. De janeiro a novembro, foram contabilizadas 411 ocorr\u00eancias, um aumento de 14% em rela\u00e7\u00e3o ao mesmo per\u00edodo de 2024, quando foram registradas 360. O n\u00famero de consumidores impactados tamb\u00e9m cresceu: 138,5 mil clientes foram afetados neste ano, ante [&hellip;]","og_url":"https:\/\/www.notibras.com\/site\/pipas-afetam-rede-de-energia-eletrica\/","og_site_name":"Notibras","article_publisher":"https:\/\/www.facebook.com\/notibras\/","article_published_time":"2025-12-15T03:45:27+00:00","og_image":[{"width":607,"height":291,"url":"https:\/\/www.notibras.com\/site\/wp-content\/uploads\/2025\/12\/image002-6.png","type":"image\/png"}],"author":"Eduardo Mart\u00ednez","twitter_card":"summary_large_image","twitter_creator":"@Notibras","twitter_site":"@Notibras","twitter_misc":{"Escrito por":"Eduardo Mart\u00ednez","Est. tempo de leitura":"3 minutos"},"schema":{"@context":"https:\/\/schema.org","@graph":[{"@type":"Article","@id":"https:\/\/www.notibras.com\/site\/pipas-afetam-rede-de-energia-eletrica\/#article","isPartOf":{"@id":"https:\/\/www.notibras.com\/site\/pipas-afetam-rede-de-energia-eletrica\/"},"author":{"name":"Eduardo Mart\u00ednez","@id":"https:\/\/www.notibras.com\/site\/#\/schema\/person\/5b7fabf2aedc3ada2105f03b22b4d3dd"},"headline":"Pipas afetam rede de energia el\u00e9trica","datePublished":"2025-12-15T03:45:27+00:00","mainEntityOfPage":{"@id":"https:\/\/www.notibras.com\/site\/pipas-afetam-rede-de-energia-eletrica\/"},"wordCount":477,"publisher":{"@id":"https:\/\/www.notibras.com\/site\/#organization"},"image":{"@id":"https:\/\/www.notibras.com\/site\/pipas-afetam-rede-de-energia-eletrica\/#primaryimage"},"thumbnailUrl":"https:\/\/www.notibras.com\/site\/wp-content\/uploads\/2025\/12\/image002-6.png","articleSection":["Quadradinho em Foco"],"inLanguage":"pt-BR"},{"@type":"WebPage","@id":"https:\/\/www.notibras.com\/site\/pipas-afetam-rede-de-energia-eletrica\/","url":"https:\/\/www.notibras.com\/site\/pipas-afetam-rede-de-energia-eletrica\/","name":"Pipas afetam rede de energia el\u00e9trica - Notibras","isPartOf":{"@id":"https:\/\/www.notibras.com\/site\/#website"},"primaryImageOfPage":{"@id":"https:\/\/www.notibras.com\/site\/pipas-afetam-rede-de-energia-eletrica\/#primaryimage"},"image":{"@id":"https:\/\/www.notibras.com\/site\/pipas-afetam-rede-de-energia-eletrica\/#primaryimage"},"thumbnailUrl":"https:\/\/www.notibras.com\/site\/wp-content\/uploads\/2025\/12\/image002-6.png","datePublished":"2025-12-15T03:45:27+00:00","breadcrumb":{"@id":"https:\/\/www.notibras.com\/site\/pipas-afetam-rede-de-energia-eletrica\/#breadcrumb"},"inLanguage":"pt-BR","potentialAction":[{"@type":"ReadAction","target":["https:\/\/www.notibras.com\/site\/pipas-afetam-rede-de-energia-eletrica\/"]}]},{"@type":"ImageObject","inLanguage":"pt-BR","@id":"https:\/\/www.notibras.com\/site\/pipas-afetam-rede-de-energia-eletrica\/#primaryimage","url":"https:\/\/www.notibras.com\/site\/wp-content\/uploads\/2025\/12\/image002-6.png","contentUrl":"https:\/\/www.notibras.com\/site\/wp-content\/uploads\/2025\/12\/image002-6.png","width":607,"height":291},{"@type":"BreadcrumbList","@id":"https:\/\/www.notibras.com\/site\/pipas-afetam-rede-de-energia-eletrica\/#breadcrumb","itemListElement":[{"@type":"ListItem","position":1,"name":"In\u00edcio","item":"https:\/\/www.notibras.com\/site\/"},{"@type":"ListItem","position":2,"name":"Pipas afetam rede de energia el\u00e9trica"}]},{"@type":"WebSite","@id":"https:\/\/www.notibras.com\/site\/#website","url":"https:\/\/www.notibras.com\/site\/","name":"Notibras","description":"Not\u00edcias de Bras\u00edlia, do Brasil e do Mundo","publisher":{"@id":"https:\/\/www.notibras.com\/site\/#organization"},"potentialAction":[{"@type":"SearchAction","target":{"@type":"EntryPoint","urlTemplate":"https:\/\/www.notibras.com\/site\/?s={search_term_string}"},"query-input":{"@type":"PropertyValueSpecification","valueRequired":true,"valueName":"search_term_string"}}],"inLanguage":"pt-BR"},{"@type":"Organization","@id":"https:\/\/www.notibras.com\/site\/#organization","name":"Grupo Notibras de Comunica\u00e7\u00e3o","url":"https:\/\/www.notibras.com\/site\/","logo":{"@type":"ImageObject","inLanguage":"pt-BR","@id":"https:\/\/www.notibras.com\/site\/#\/schema\/logo\/image\/","url":"https:\/\/www.notibras.com\/site\/wp-content\/uploads\/2023\/01\/notibras23.png","contentUrl":"https:\/\/www.notibras.com\/site\/wp-content\/uploads\/2023\/01\/notibras23.png","width":350,"height":87,"caption":"Grupo Notibras de Comunica\u00e7\u00e3o"},"image":{"@id":"https:\/\/www.notibras.com\/site\/#\/schema\/logo\/image\/"},"sameAs":["https:\/\/www.facebook.com\/notibras\/","https:\/\/x.com\/Notibras","https:\/\/www.instagram.com\/notibras\/"]},{"@type":"Person","@id":"https:\/\/www.notibras.com\/site\/#\/schema\/person\/5b7fabf2aedc3ada2105f03b22b4d3dd","name":"Eduardo Mart\u00ednez","image":{"@type":"ImageObject","inLanguage":"pt-BR","@id":"https:\/\/secure.gravatar.com\/avatar\/7902f906289926289cbcda644b5197c796b893c6ffd7b9a536a42d290f7704a0?s=96&d=mm&r=g","url":"https:\/\/secure.gravatar.com\/avatar\/7902f906289926289cbcda644b5197c796b893c6ffd7b9a536a42d290f7704a0?s=96&d=mm&r=g","contentUrl":"https:\/\/secure.gravatar.com\/avatar\/7902f906289926289cbcda644b5197c796b893c6ffd7b9a536a42d290f7704a0?s=96&d=mm&r=g","caption":"Eduardo Mart\u00ednez"}}]}},"amp_enabled":true,"_links":{"self":[{"href":"https:\/\/www.notibras.com\/site\/wp-json\/wp\/v2\/posts\/374835","targetHints":{"allow":["GET"]}}],"collection":[{"href":"https:\/\/www.notibras.com\/site\/wp-json\/wp\/v2\/posts"}],"about":[{"href":"https:\/\/www.notibras.com\/site\/wp-json\/wp\/v2\/types\/post"}],"author":[{"embeddable":true,"href":"https:\/\/www.notibras.com\/site\/wp-json\/wp\/v2\/users\/21"}],"replies":[{"embeddable":true,"href":"https:\/\/www.notibras.com\/site\/wp-json\/wp\/v2\/comments?post=374835"}],"version-history":[{"count":4,"href":"https:\/\/www.notibras.com\/site\/wp-json\/wp\/v2\/posts\/374835\/revisions"}],"predecessor-version":[{"id":374840,"href":"https:\/\/www.notibras.com\/site\/wp-json\/wp\/v2\/posts\/374835\/revisions\/374840"}],"wp:featuredmedia":[{"embeddable":true,"href":"https:\/\/www.notibras.com\/site\/wp-json\/wp\/v2\/media\/374836"}],"wp:attachment":[{"href":"https:\/\/www.notibras.com\/site\/wp-json\/wp\/v2\/media?parent=374835"}],"wp:term":[{"taxonomy":"category","embeddable":true,"href":"https:\/\/www.notibras.com\/site\/wp-json\/wp\/v2\/categories?post=374835"},{"taxonomy":"post_tag","embeddable":true,"href":"https:\/\/www.notibras.com\/site\/wp-json\/wp\/v2\/tags?post=374835"}],"curies":[{"name":"wp","href":"https:\/\/api.w.org\/{rel}","templated":true}]}}