{"id":374841,"date":"2025-12-15T01:00:32","date_gmt":"2025-12-15T04:00:32","guid":{"rendered":"https:\/\/www.notibras.com\/site\/?p=374841"},"modified":"2025-12-14T22:37:01","modified_gmt":"2025-12-15T01:37:01","slug":"papai-noel-reune-cerca-de-mil-pessoas","status":"publish","type":"post","link":"https:\/\/www.notibras.com\/site\/papai-noel-reune-cerca-de-mil-pessoas\/","title":{"rendered":"Papai Noel re\u00fane cerca de mil pessoas"},"content":{"rendered":"<p>&#8220;Comi cachorro-quente, pipoca, tomei refrigerante e ganhei um monte de balinha e uma bola do Flamengo\u201d, disse o pequeno Gael, de 6 anos, bastante animado ao lado da m\u00e3e, a atendente Lorrane Correia, de 32 anos, ap\u00f3s dar um abra\u00e7o apertado e tirar uma foto com o Papai e a Mam\u00e3e Noel. Eles foram algumas das cerca de mil pessoas presentes no Natal Solid\u00e1rio promovido, a\u00e7\u00e3o promovida pela Secretaria da Mulher (SMDF) no Centro Ol\u00edmpico e Paral\u00edmpico Parque de Vaquejada, em Sol Nascente\/P\u00f4r do Sol, na tarde desse s\u00e1bado (13).<\/p>\n<p>Durante o evento, o p\u00fablico teve acesso a atividades esportivas e recreativas, brinquedos infl\u00e1veis, conta\u00e7\u00e3o de hist\u00f3rias e exposi\u00e7\u00e3o de viaturas do Departamento de Tr\u00e2nsito (Detran-DF). Tamb\u00e9m foram ofertados servi\u00e7os como massagem, aula de defesa pessoal e a\u00e7\u00f5es de cuidado e beleza voltadas ao p\u00fablico adulto.<\/p>\n<p>Para a secret\u00e1ria da Mulher, Giselle Ferreira, o Natal Solid\u00e1rio representa mais do que um momento de celebra\u00e7\u00e3o. \u201cA iniciativa reafirma o compromisso do Governo do Distrito Federal (GDF) com o cuidado, a inclus\u00e3o e a garantia de direitos, fortalecendo v\u00ednculos familiares e levando acolhimento \u00e0s comunidades\u201d, destacou.<\/p>\n<p>Um dos momentos mais marcantes da programa\u00e7\u00e3o foi a chegada do Papai e da Mam\u00e3e Noel em um helic\u00f3ptero do Detran-DF, que emocionou crian\u00e7as e familiares. \u201cMinha filha chorou quando viu os dois. Ela fica muito emotiva nesse per\u00edodo\u201d, relatou a diarista Edilene Nogueira, de 27 anos, m\u00e3e da pequena Nathany, de 5 anos.<\/p>\n<p>O Natal Solid\u00e1rio 2025 \u00e9 uma grande a\u00e7\u00e3o social promovida pelo Governo do Distrito Federal, por meio da Secretaria da Mulher e apoio de \u00f3rg\u00e3os como a Secretaria de Esporte e Lazer (SEL-DF), o Corpo de Bombeiros Militar do DF (CBMDF) e a Pol\u00edcia Militar (PMDF), al\u00e9m do Detran.<\/p>\n<p>\u201cO objetivo foi promover um dia de integra\u00e7\u00e3o comunit\u00e1ria, celebra\u00e7\u00e3o natalina e garantia de direitos, fortalecendo v\u00ednculos familiares e oferecendo atividades que estimulem o bem-estar f\u00edsico, emocional e social das fam\u00edlias atendidas\u201d, destacou a subsecret\u00e1ria de Promo\u00e7\u00e3o das Mulheres, Renata Daguiar.<\/p>\n<p>O Natal Solid\u00e1rio integra diversas pol\u00edticas p\u00fablicas de inclus\u00e3o, esporte, cidadania e promo\u00e7\u00e3o das mulheres. A iniciativa refor\u00e7a a import\u00e2ncia do lazer como direito social, o papel do esporte como ferramenta de conviv\u00eancia comunit\u00e1ria e preven\u00e7\u00e3o de vulnerabilidades e a valoriza\u00e7\u00e3o das mulheres por meio de servi\u00e7os de cuidado, acolhimento e autonomia.<\/p>\n","protected":false},"excerpt":{"rendered":"<p>&#8220;Comi cachorro-quente, pipoca, tomei refrigerante e ganhei um monte de balinha e uma bola do Flamengo\u201d, disse o pequeno Gael, de 6 anos, bastante animado ao lado da m\u00e3e, a atendente Lorrane Correia, de 32 anos, ap\u00f3s dar um abra\u00e7o apertado e tirar uma foto com o Papai e a Mam\u00e3e Noel. Eles foram algumas [&hellip;]<\/p>\n","protected":false},"author":21,"featured_media":374842,"comment_status":"closed","ping_status":"closed","sticky":false,"template":"","format":"standard","meta":{"_acf_changed":false,"footnotes":""},"categories":[161],"tags":[],"class_list":["post-374841","post","type-post","status-publish","format-standard","has-post-thumbnail","hentry","category-quadradinho-em-foco"],"acf":[],"yoast_head":"<!-- This site is optimized with the Yoast SEO plugin v27.5 - https:\/\/yoast.com\/product\/yoast-seo-wordpress\/ -->\n<title>Papai Noel re\u00fane cerca de mil pessoas - Notibras<\/title>\n<meta name=\"robots\" content=\"index, follow, max-snippet:-1, max-image-preview:large, max-video-preview:-1\" \/>\n<link rel=\"canonical\" href=\"https:\/\/www.notibras.com\/site\/papai-noel-reune-cerca-de-mil-pessoas\/\" \/>\n<meta property=\"og:locale\" content=\"pt_BR\" \/>\n<meta property=\"og:type\" content=\"article\" \/>\n<meta property=\"og:title\" content=\"Papai Noel re\u00fane cerca de mil pessoas - Notibras\" \/>\n<meta property=\"og:description\" content=\"&#8220;Comi cachorro-quente, pipoca, tomei refrigerante e ganhei um monte de balinha e uma bola do Flamengo\u201d, disse o pequeno Gael, de 6 anos, bastante animado ao lado da m\u00e3e, a atendente Lorrane Correia, de 32 anos, ap\u00f3s dar um abra\u00e7o apertado e tirar uma foto com o Papai e a Mam\u00e3e Noel. Eles foram algumas [&hellip;]\" \/>\n<meta property=\"og:url\" content=\"https:\/\/www.notibras.com\/site\/papai-noel-reune-cerca-de-mil-pessoas\/\" \/>\n<meta property=\"og:site_name\" content=\"Notibras\" \/>\n<meta property=\"article:publisher\" content=\"https:\/\/www.facebook.com\/notibras\/\" \/>\n<meta property=\"article:published_time\" content=\"2025-12-15T04:00:32+00:00\" \/>\n<meta property=\"og:image\" content=\"https:\/\/www.notibras.com\/site\/wp-content\/uploads\/2025\/12\/image4-2-scaled.jpeg\" \/>\n\t<meta property=\"og:image:width\" content=\"2560\" \/>\n\t<meta property=\"og:image:height\" content=\"1920\" \/>\n\t<meta property=\"og:image:type\" content=\"image\/jpeg\" \/>\n<meta name=\"author\" content=\"Eduardo Mart\u00ednez\" \/>\n<meta name=\"twitter:card\" content=\"summary_large_image\" \/>\n<meta name=\"twitter:creator\" content=\"@Notibras\" \/>\n<meta name=\"twitter:site\" content=\"@Notibras\" \/>\n<meta name=\"twitter:label1\" content=\"Escrito por\" \/>\n\t<meta name=\"twitter:data1\" content=\"Eduardo Mart\u00ednez\" \/>\n\t<meta name=\"twitter:label2\" content=\"Est. tempo de leitura\" \/>\n\t<meta name=\"twitter:data2\" content=\"3 minutos\" \/>\n<script type=\"application\/ld+json\" class=\"yoast-schema-graph\">{\"@context\":\"https:\\\/\\\/schema.org\",\"@graph\":[{\"@type\":\"Article\",\"@id\":\"https:\\\/\\\/www.notibras.com\\\/site\\\/papai-noel-reune-cerca-de-mil-pessoas\\\/#article\",\"isPartOf\":{\"@id\":\"https:\\\/\\\/www.notibras.com\\\/site\\\/papai-noel-reune-cerca-de-mil-pessoas\\\/\"},\"author\":{\"name\":\"Eduardo Mart\u00ednez\",\"@id\":\"https:\\\/\\\/www.notibras.com\\\/site\\\/#\\\/schema\\\/person\\\/5b7fabf2aedc3ada2105f03b22b4d3dd\"},\"headline\":\"Papai Noel re\u00fane cerca de mil pessoas\",\"datePublished\":\"2025-12-15T04:00:32+00:00\",\"mainEntityOfPage\":{\"@id\":\"https:\\\/\\\/www.notibras.com\\\/site\\\/papai-noel-reune-cerca-de-mil-pessoas\\\/\"},\"wordCount\":438,\"publisher\":{\"@id\":\"https:\\\/\\\/www.notibras.com\\\/site\\\/#organization\"},\"image\":{\"@id\":\"https:\\\/\\\/www.notibras.com\\\/site\\\/papai-noel-reune-cerca-de-mil-pessoas\\\/#primaryimage\"},\"thumbnailUrl\":\"https:\\\/\\\/www.notibras.com\\\/site\\\/wp-content\\\/uploads\\\/2025\\\/12\\\/image4-2-scaled.jpeg\",\"articleSection\":[\"Quadradinho em Foco\"],\"inLanguage\":\"pt-BR\"},{\"@type\":\"WebPage\",\"@id\":\"https:\\\/\\\/www.notibras.com\\\/site\\\/papai-noel-reune-cerca-de-mil-pessoas\\\/\",\"url\":\"https:\\\/\\\/www.notibras.com\\\/site\\\/papai-noel-reune-cerca-de-mil-pessoas\\\/\",\"name\":\"Papai Noel re\u00fane cerca de mil pessoas - Notibras\",\"isPartOf\":{\"@id\":\"https:\\\/\\\/www.notibras.com\\\/site\\\/#website\"},\"primaryImageOfPage\":{\"@id\":\"https:\\\/\\\/www.notibras.com\\\/site\\\/papai-noel-reune-cerca-de-mil-pessoas\\\/#primaryimage\"},\"image\":{\"@id\":\"https:\\\/\\\/www.notibras.com\\\/site\\\/papai-noel-reune-cerca-de-mil-pessoas\\\/#primaryimage\"},\"thumbnailUrl\":\"https:\\\/\\\/www.notibras.com\\\/site\\\/wp-content\\\/uploads\\\/2025\\\/12\\\/image4-2-scaled.jpeg\",\"datePublished\":\"2025-12-15T04:00:32+00:00\",\"breadcrumb\":{\"@id\":\"https:\\\/\\\/www.notibras.com\\\/site\\\/papai-noel-reune-cerca-de-mil-pessoas\\\/#breadcrumb\"},\"inLanguage\":\"pt-BR\",\"potentialAction\":[{\"@type\":\"ReadAction\",\"target\":[\"https:\\\/\\\/www.notibras.com\\\/site\\\/papai-noel-reune-cerca-de-mil-pessoas\\\/\"]}]},{\"@type\":\"ImageObject\",\"inLanguage\":\"pt-BR\",\"@id\":\"https:\\\/\\\/www.notibras.com\\\/site\\\/papai-noel-reune-cerca-de-mil-pessoas\\\/#primaryimage\",\"url\":\"https:\\\/\\\/www.notibras.com\\\/site\\\/wp-content\\\/uploads\\\/2025\\\/12\\\/image4-2-scaled.jpeg\",\"contentUrl\":\"https:\\\/\\\/www.notibras.com\\\/site\\\/wp-content\\\/uploads\\\/2025\\\/12\\\/image4-2-scaled.jpeg\",\"width\":2560,\"height\":1920},{\"@type\":\"BreadcrumbList\",\"@id\":\"https:\\\/\\\/www.notibras.com\\\/site\\\/papai-noel-reune-cerca-de-mil-pessoas\\\/#breadcrumb\",\"itemListElement\":[{\"@type\":\"ListItem\",\"position\":1,\"name\":\"In\u00edcio\",\"item\":\"https:\\\/\\\/www.notibras.com\\\/site\\\/\"},{\"@type\":\"ListItem\",\"position\":2,\"name\":\"Papai Noel re\u00fane cerca de mil pessoas\"}]},{\"@type\":\"WebSite\",\"@id\":\"https:\\\/\\\/www.notibras.com\\\/site\\\/#website\",\"url\":\"https:\\\/\\\/www.notibras.com\\\/site\\\/\",\"name\":\"Notibras\",\"description\":\"Not\u00edcias de Bras\u00edlia, do Brasil e do Mundo\",\"publisher\":{\"@id\":\"https:\\\/\\\/www.notibras.com\\\/site\\\/#organization\"},\"potentialAction\":[{\"@type\":\"SearchAction\",\"target\":{\"@type\":\"EntryPoint\",\"urlTemplate\":\"https:\\\/\\\/www.notibras.com\\\/site\\\/?s={search_term_string}\"},\"query-input\":{\"@type\":\"PropertyValueSpecification\",\"valueRequired\":true,\"valueName\":\"search_term_string\"}}],\"inLanguage\":\"pt-BR\"},{\"@type\":\"Organization\",\"@id\":\"https:\\\/\\\/www.notibras.com\\\/site\\\/#organization\",\"name\":\"Grupo Notibras de Comunica\u00e7\u00e3o\",\"url\":\"https:\\\/\\\/www.notibras.com\\\/site\\\/\",\"logo\":{\"@type\":\"ImageObject\",\"inLanguage\":\"pt-BR\",\"@id\":\"https:\\\/\\\/www.notibras.com\\\/site\\\/#\\\/schema\\\/logo\\\/image\\\/\",\"url\":\"https:\\\/\\\/www.notibras.com\\\/site\\\/wp-content\\\/uploads\\\/2023\\\/01\\\/notibras23.png\",\"contentUrl\":\"https:\\\/\\\/www.notibras.com\\\/site\\\/wp-content\\\/uploads\\\/2023\\\/01\\\/notibras23.png\",\"width\":350,\"height\":87,\"caption\":\"Grupo Notibras de Comunica\u00e7\u00e3o\"},\"image\":{\"@id\":\"https:\\\/\\\/www.notibras.com\\\/site\\\/#\\\/schema\\\/logo\\\/image\\\/\"},\"sameAs\":[\"https:\\\/\\\/www.facebook.com\\\/notibras\\\/\",\"https:\\\/\\\/x.com\\\/Notibras\",\"https:\\\/\\\/www.instagram.com\\\/notibras\\\/\"]},{\"@type\":\"Person\",\"@id\":\"https:\\\/\\\/www.notibras.com\\\/site\\\/#\\\/schema\\\/person\\\/5b7fabf2aedc3ada2105f03b22b4d3dd\",\"name\":\"Eduardo Mart\u00ednez\",\"image\":{\"@type\":\"ImageObject\",\"inLanguage\":\"pt-BR\",\"@id\":\"https:\\\/\\\/secure.gravatar.com\\\/avatar\\\/7902f906289926289cbcda644b5197c796b893c6ffd7b9a536a42d290f7704a0?s=96&d=mm&r=g\",\"url\":\"https:\\\/\\\/secure.gravatar.com\\\/avatar\\\/7902f906289926289cbcda644b5197c796b893c6ffd7b9a536a42d290f7704a0?s=96&d=mm&r=g\",\"contentUrl\":\"https:\\\/\\\/secure.gravatar.com\\\/avatar\\\/7902f906289926289cbcda644b5197c796b893c6ffd7b9a536a42d290f7704a0?s=96&d=mm&r=g\",\"caption\":\"Eduardo Mart\u00ednez\"}}]}<\/script>\n<!-- \/ Yoast SEO plugin. -->","yoast_head_json":{"title":"Papai Noel re\u00fane cerca de mil pessoas - Notibras","robots":{"index":"index","follow":"follow","max-snippet":"max-snippet:-1","max-image-preview":"max-image-preview:large","max-video-preview":"max-video-preview:-1"},"canonical":"https:\/\/www.notibras.com\/site\/papai-noel-reune-cerca-de-mil-pessoas\/","og_locale":"pt_BR","og_type":"article","og_title":"Papai Noel re\u00fane cerca de mil pessoas - Notibras","og_description":"&#8220;Comi cachorro-quente, pipoca, tomei refrigerante e ganhei um monte de balinha e uma bola do Flamengo\u201d, disse o pequeno Gael, de 6 anos, bastante animado ao lado da m\u00e3e, a atendente Lorrane Correia, de 32 anos, ap\u00f3s dar um abra\u00e7o apertado e tirar uma foto com o Papai e a Mam\u00e3e Noel. Eles foram algumas [&hellip;]","og_url":"https:\/\/www.notibras.com\/site\/papai-noel-reune-cerca-de-mil-pessoas\/","og_site_name":"Notibras","article_publisher":"https:\/\/www.facebook.com\/notibras\/","article_published_time":"2025-12-15T04:00:32+00:00","og_image":[{"width":2560,"height":1920,"url":"https:\/\/www.notibras.com\/site\/wp-content\/uploads\/2025\/12\/image4-2-scaled.jpeg","type":"image\/jpeg"}],"author":"Eduardo Mart\u00ednez","twitter_card":"summary_large_image","twitter_creator":"@Notibras","twitter_site":"@Notibras","twitter_misc":{"Escrito por":"Eduardo Mart\u00ednez","Est. tempo de leitura":"3 minutos"},"schema":{"@context":"https:\/\/schema.org","@graph":[{"@type":"Article","@id":"https:\/\/www.notibras.com\/site\/papai-noel-reune-cerca-de-mil-pessoas\/#article","isPartOf":{"@id":"https:\/\/www.notibras.com\/site\/papai-noel-reune-cerca-de-mil-pessoas\/"},"author":{"name":"Eduardo Mart\u00ednez","@id":"https:\/\/www.notibras.com\/site\/#\/schema\/person\/5b7fabf2aedc3ada2105f03b22b4d3dd"},"headline":"Papai Noel re\u00fane cerca de mil pessoas","datePublished":"2025-12-15T04:00:32+00:00","mainEntityOfPage":{"@id":"https:\/\/www.notibras.com\/site\/papai-noel-reune-cerca-de-mil-pessoas\/"},"wordCount":438,"publisher":{"@id":"https:\/\/www.notibras.com\/site\/#organization"},"image":{"@id":"https:\/\/www.notibras.com\/site\/papai-noel-reune-cerca-de-mil-pessoas\/#primaryimage"},"thumbnailUrl":"https:\/\/www.notibras.com\/site\/wp-content\/uploads\/2025\/12\/image4-2-scaled.jpeg","articleSection":["Quadradinho em Foco"],"inLanguage":"pt-BR"},{"@type":"WebPage","@id":"https:\/\/www.notibras.com\/site\/papai-noel-reune-cerca-de-mil-pessoas\/","url":"https:\/\/www.notibras.com\/site\/papai-noel-reune-cerca-de-mil-pessoas\/","name":"Papai Noel re\u00fane cerca de mil pessoas - Notibras","isPartOf":{"@id":"https:\/\/www.notibras.com\/site\/#website"},"primaryImageOfPage":{"@id":"https:\/\/www.notibras.com\/site\/papai-noel-reune-cerca-de-mil-pessoas\/#primaryimage"},"image":{"@id":"https:\/\/www.notibras.com\/site\/papai-noel-reune-cerca-de-mil-pessoas\/#primaryimage"},"thumbnailUrl":"https:\/\/www.notibras.com\/site\/wp-content\/uploads\/2025\/12\/image4-2-scaled.jpeg","datePublished":"2025-12-15T04:00:32+00:00","breadcrumb":{"@id":"https:\/\/www.notibras.com\/site\/papai-noel-reune-cerca-de-mil-pessoas\/#breadcrumb"},"inLanguage":"pt-BR","potentialAction":[{"@type":"ReadAction","target":["https:\/\/www.notibras.com\/site\/papai-noel-reune-cerca-de-mil-pessoas\/"]}]},{"@type":"ImageObject","inLanguage":"pt-BR","@id":"https:\/\/www.notibras.com\/site\/papai-noel-reune-cerca-de-mil-pessoas\/#primaryimage","url":"https:\/\/www.notibras.com\/site\/wp-content\/uploads\/2025\/12\/image4-2-scaled.jpeg","contentUrl":"https:\/\/www.notibras.com\/site\/wp-content\/uploads\/2025\/12\/image4-2-scaled.jpeg","width":2560,"height":1920},{"@type":"BreadcrumbList","@id":"https:\/\/www.notibras.com\/site\/papai-noel-reune-cerca-de-mil-pessoas\/#breadcrumb","itemListElement":[{"@type":"ListItem","position":1,"name":"In\u00edcio","item":"https:\/\/www.notibras.com\/site\/"},{"@type":"ListItem","position":2,"name":"Papai Noel re\u00fane cerca de mil pessoas"}]},{"@type":"WebSite","@id":"https:\/\/www.notibras.com\/site\/#website","url":"https:\/\/www.notibras.com\/site\/","name":"Notibras","description":"Not\u00edcias de Bras\u00edlia, do Brasil e do Mundo","publisher":{"@id":"https:\/\/www.notibras.com\/site\/#organization"},"potentialAction":[{"@type":"SearchAction","target":{"@type":"EntryPoint","urlTemplate":"https:\/\/www.notibras.com\/site\/?s={search_term_string}"},"query-input":{"@type":"PropertyValueSpecification","valueRequired":true,"valueName":"search_term_string"}}],"inLanguage":"pt-BR"},{"@type":"Organization","@id":"https:\/\/www.notibras.com\/site\/#organization","name":"Grupo Notibras de Comunica\u00e7\u00e3o","url":"https:\/\/www.notibras.com\/site\/","logo":{"@type":"ImageObject","inLanguage":"pt-BR","@id":"https:\/\/www.notibras.com\/site\/#\/schema\/logo\/image\/","url":"https:\/\/www.notibras.com\/site\/wp-content\/uploads\/2023\/01\/notibras23.png","contentUrl":"https:\/\/www.notibras.com\/site\/wp-content\/uploads\/2023\/01\/notibras23.png","width":350,"height":87,"caption":"Grupo Notibras de Comunica\u00e7\u00e3o"},"image":{"@id":"https:\/\/www.notibras.com\/site\/#\/schema\/logo\/image\/"},"sameAs":["https:\/\/www.facebook.com\/notibras\/","https:\/\/x.com\/Notibras","https:\/\/www.instagram.com\/notibras\/"]},{"@type":"Person","@id":"https:\/\/www.notibras.com\/site\/#\/schema\/person\/5b7fabf2aedc3ada2105f03b22b4d3dd","name":"Eduardo Mart\u00ednez","image":{"@type":"ImageObject","inLanguage":"pt-BR","@id":"https:\/\/secure.gravatar.com\/avatar\/7902f906289926289cbcda644b5197c796b893c6ffd7b9a536a42d290f7704a0?s=96&d=mm&r=g","url":"https:\/\/secure.gravatar.com\/avatar\/7902f906289926289cbcda644b5197c796b893c6ffd7b9a536a42d290f7704a0?s=96&d=mm&r=g","contentUrl":"https:\/\/secure.gravatar.com\/avatar\/7902f906289926289cbcda644b5197c796b893c6ffd7b9a536a42d290f7704a0?s=96&d=mm&r=g","caption":"Eduardo Mart\u00ednez"}}]}},"amp_enabled":true,"_links":{"self":[{"href":"https:\/\/www.notibras.com\/site\/wp-json\/wp\/v2\/posts\/374841","targetHints":{"allow":["GET"]}}],"collection":[{"href":"https:\/\/www.notibras.com\/site\/wp-json\/wp\/v2\/posts"}],"about":[{"href":"https:\/\/www.notibras.com\/site\/wp-json\/wp\/v2\/types\/post"}],"author":[{"embeddable":true,"href":"https:\/\/www.notibras.com\/site\/wp-json\/wp\/v2\/users\/21"}],"replies":[{"embeddable":true,"href":"https:\/\/www.notibras.com\/site\/wp-json\/wp\/v2\/comments?post=374841"}],"version-history":[{"count":2,"href":"https:\/\/www.notibras.com\/site\/wp-json\/wp\/v2\/posts\/374841\/revisions"}],"predecessor-version":[{"id":374844,"href":"https:\/\/www.notibras.com\/site\/wp-json\/wp\/v2\/posts\/374841\/revisions\/374844"}],"wp:featuredmedia":[{"embeddable":true,"href":"https:\/\/www.notibras.com\/site\/wp-json\/wp\/v2\/media\/374842"}],"wp:attachment":[{"href":"https:\/\/www.notibras.com\/site\/wp-json\/wp\/v2\/media?parent=374841"}],"wp:term":[{"taxonomy":"category","embeddable":true,"href":"https:\/\/www.notibras.com\/site\/wp-json\/wp\/v2\/categories?post=374841"},{"taxonomy":"post_tag","embeddable":true,"href":"https:\/\/www.notibras.com\/site\/wp-json\/wp\/v2\/tags?post=374841"}],"curies":[{"name":"wp","href":"https:\/\/api.w.org\/{rel}","templated":true}]}}