{"id":374941,"date":"2025-12-15T08:24:54","date_gmt":"2025-12-15T11:24:54","guid":{"rendered":"https:\/\/www.notibras.com\/site\/?p=374941"},"modified":"2025-12-15T08:24:54","modified_gmt":"2025-12-15T11:24:54","slug":"semana-que-antecipa-natal-convida-ao-perdao","status":"publish","type":"post","link":"https:\/\/www.notibras.com\/site\/semana-que-antecipa-natal-convida-ao-perdao\/","title":{"rendered":"Semana que antecipa Natal convida ao perd\u00e3o"},"content":{"rendered":"<p data-start=\"227\" data-end=\"692\">A semana marca um fechamento simb\u00f3lico de ciclos, t\u00edpico de dezembro, quando o c\u00e9u convida \u00e0 revis\u00e3o, ao perd\u00e3o e ao preparo para o novo ano que se aproxima. O Sol avan\u00e7a pelos \u00faltimos graus de Sagit\u00e1rio, estimulando reflex\u00f5es filos\u00f3ficas, planos futuros e balan\u00e7os emocionais.<\/p>\n<p data-start=\"227\" data-end=\"692\">H\u00e1 uma atmosfera de despedida do que j\u00e1 cumpriu seu papel e de expectativa silenciosa pelo recome\u00e7o. Conversas importantes, decis\u00f5es internas e ajustes emocionais ganham destaque.<\/p>\n<p data-start=\"227\" data-end=\"692\">Encerrar bem \u00e9 t\u00e3o importante quanto come\u00e7ar certo. Use estes dias para limpar excessos, organizar emo\u00e7\u00f5es e abrir espa\u00e7o para o novo que se aproxima.<\/p>\n<h2 data-start=\"699\" data-end=\"711\">\u2648 \u00c1ries<\/h2>\n<p data-start=\"712\" data-end=\"947\">A semana pede modera\u00e7\u00e3o e estrat\u00e9gia. Nem tudo precisa ser resolvido na pressa. No trabalho, organize pend\u00eancias antes de iniciar novos projetos. No campo afetivo, escute mais e reaja menos. O fim de semana favorece reconcilia\u00e7\u00f5es.<\/p>\n<h2 data-start=\"949\" data-end=\"961\">\u2649 Touro<\/h2>\n<p data-start=\"962\" data-end=\"1155\">Momento ideal para colocar a casa em ordem, seja no sentido material ou emocional. Finan\u00e7as pedem aten\u00e7\u00e3o, mas sem p\u00e2nico. No amor, a semana favorece conversas profundas e decis\u00f5es maduras.<\/p>\n<h2 data-start=\"1157\" data-end=\"1170\">\u264a G\u00eameos<\/h2>\n<p data-start=\"1171\" data-end=\"1363\">Relacionamentos ganham protagonismo. Parcerias, acordos e di\u00e1logos estar\u00e3o em foco. Evite dispers\u00e3o e promessas que n\u00e3o poder\u00e1 cumprir. O fim de semana traz clareza emocional e boas surpresas.<\/p>\n<h2 data-start=\"1365\" data-end=\"1378\">\u264b C\u00e2ncer<\/h2>\n<p data-start=\"1379\" data-end=\"1560\">A rotina pode pesar um pouco, exigindo mais disciplina. Cuide da sa\u00fade e respeite seus limites. No campo afetivo, pequenos gestos ter\u00e3o grande impacto. Aten\u00e7\u00e3o especial ao descanso.<\/p>\n<h2 data-start=\"1562\" data-end=\"1573\">\u264c Le\u00e3o<\/h2>\n<p data-start=\"1574\" data-end=\"1756\">Semana criativa e emocionalmente intensa. Bons ventos para romances, projetos autorais e contato com pessoas queridas. Evite o orgulho excessivo e permita-se mostrar vulnerabilidade.<\/p>\n<h2 data-start=\"1758\" data-end=\"1771\">\u264d Virgem<\/h2>\n<p data-start=\"1772\" data-end=\"1956\">Assuntos familiares e emocionais v\u00eam \u00e0 tona. \u00c9 hora de resolver pend\u00eancias antigas com serenidade. No trabalho, finalize tarefas e evite sobrecarga. O lar ser\u00e1 seu ponto de equil\u00edbrio.<\/p>\n<h2 data-start=\"1958\" data-end=\"1970\">\u264e Libra<\/h2>\n<p data-start=\"1971\" data-end=\"2157\">Comunica\u00e7\u00e3o \u00e9 a palavra-chave da semana. Conversas importantes podem mudar rumos. Bom per\u00edodo para acordos, reconcilia\u00e7\u00f5es e decis\u00f5es intelectuais. Apenas cuidado com a ansiedade mental.<\/p>\n<h2 data-start=\"2159\" data-end=\"2175\">\u264f Escorpi\u00e3o<\/h2>\n<p data-start=\"2176\" data-end=\"2364\">Aten\u00e7\u00e3o aos valores: financeiros e emocionais. Avalie onde voc\u00ea tem investido sua energia. No amor, o momento pede mais seguran\u00e7a e menos jogos. O fim de semana favorece decis\u00f5es pr\u00e1ticas.<\/p>\n<h2 data-start=\"2366\" data-end=\"2382\">\u2650 Sagit\u00e1rio<\/h2>\n<p data-start=\"2383\" data-end=\"2577\">Com o Sol em seu signo, voc\u00ea sente mais clareza sobre quem \u00e9 e para onde quer ir. Aproveite para se posicionar, mas sem atropelar os outros. O per\u00edodo \u00e9 excelente para encerramentos conscientes.<\/p>\n<h2 data-start=\"2579\" data-end=\"2597\">\u2651 Capric\u00f3rnio<\/h2>\n<p data-start=\"2598\" data-end=\"2787\">Semana de introspec\u00e7\u00e3o e prepara\u00e7\u00e3o. Nem tudo precisa ser exposto agora. Observe, organize pensamentos e preserve sua energia. O descanso ser\u00e1 essencial para come\u00e7ar o novo ciclo com for\u00e7a.<\/p>\n<h2 data-start=\"2789\" data-end=\"2803\">\u2652 Aqu\u00e1rio<\/h2>\n<p data-start=\"2804\" data-end=\"2969\">Amizades, grupos e projetos coletivos ganham destaque. Reavalie alian\u00e7as e planos de longo prazo. O amor pode surgir de forma inesperada. Evite rigidez nas opini\u00f5es.<\/p>\n<h2 data-start=\"2971\" data-end=\"2984\">\u2653 Peixes<\/h2>\n<p data-start=\"2985\" data-end=\"3180\">Responsabilidades profissionais pedem foco e maturidade. Apesar do peso das cobran\u00e7as, h\u00e1 reconhecimento \u00e0 vista. No campo emocional, confie mais na sua intui\u00e7\u00e3o e menos nas expectativas alheias.<\/p>\n<p data-start=\"2985\" data-end=\"3180\">&#8230;&#8230;&#8230;&#8230;&#8230;&#8230;&#8230;&#8230;.<\/p>\n<p data-start=\"2985\" data-end=\"3180\"><strong>Anabelle Santa&#8217;cruz \u00e9 Editora de Or\u00e1culos<\/strong><\/p>\n","protected":false},"excerpt":{"rendered":"<p>A semana marca um fechamento simb\u00f3lico de ciclos, t\u00edpico de dezembro, quando o c\u00e9u convida \u00e0 revis\u00e3o, ao perd\u00e3o e ao preparo para o novo ano que se aproxima. O Sol avan\u00e7a pelos \u00faltimos graus de Sagit\u00e1rio, estimulando reflex\u00f5es filos\u00f3ficas, planos futuros e balan\u00e7os emocionais. H\u00e1 uma atmosfera de despedida do que j\u00e1 cumpriu seu [&hellip;]<\/p>\n","protected":false},"author":2,"featured_media":374942,"comment_status":"closed","ping_status":"closed","sticky":false,"template":"","format":"standard","meta":{"_acf_changed":false,"footnotes":""},"categories":[237],"tags":[],"class_list":["post-374941","post","type-post","status-publish","format-standard","has-post-thumbnail","hentry","category-oraculos"],"acf":[],"yoast_head":"<!-- This site is optimized with the Yoast SEO plugin v27.2 - https:\/\/yoast.com\/product\/yoast-seo-wordpress\/ -->\n<title>Semana que antecipa Natal convida ao perd\u00e3o - Notibras<\/title>\n<meta name=\"robots\" content=\"index, follow, max-snippet:-1, max-image-preview:large, max-video-preview:-1\" \/>\n<link rel=\"canonical\" href=\"https:\/\/www.notibras.com\/site\/semana-que-antecipa-natal-convida-ao-perdao\/\" \/>\n<meta property=\"og:locale\" content=\"pt_BR\" \/>\n<meta property=\"og:type\" content=\"article\" \/>\n<meta property=\"og:title\" content=\"Semana que antecipa Natal convida ao perd\u00e3o - Notibras\" \/>\n<meta property=\"og:description\" content=\"A semana marca um fechamento simb\u00f3lico de ciclos, t\u00edpico de dezembro, quando o c\u00e9u convida \u00e0 revis\u00e3o, ao perd\u00e3o e ao preparo para o novo ano que se aproxima. O Sol avan\u00e7a pelos \u00faltimos graus de Sagit\u00e1rio, estimulando reflex\u00f5es filos\u00f3ficas, planos futuros e balan\u00e7os emocionais. H\u00e1 uma atmosfera de despedida do que j\u00e1 cumpriu seu [&hellip;]\" \/>\n<meta property=\"og:url\" content=\"https:\/\/www.notibras.com\/site\/semana-que-antecipa-natal-convida-ao-perdao\/\" \/>\n<meta property=\"og:site_name\" content=\"Notibras\" \/>\n<meta property=\"article:publisher\" content=\"https:\/\/www.facebook.com\/notibras\/\" \/>\n<meta property=\"article:published_time\" content=\"2025-12-15T11:24:54+00:00\" \/>\n<meta property=\"og:image\" content=\"https:\/\/www.notibras.com\/site\/wp-content\/uploads\/2025\/12\/05a0d2e5-409a-4f81-b696-729a3e401e04.png\" \/>\n\t<meta property=\"og:image:width\" content=\"1024\" \/>\n\t<meta property=\"og:image:height\" content=\"1024\" \/>\n\t<meta property=\"og:image:type\" content=\"image\/png\" \/>\n<meta name=\"author\" content=\"Reda\u00e7\u00e3o\" \/>\n<meta name=\"twitter:card\" content=\"summary_large_image\" \/>\n<meta name=\"twitter:creator\" content=\"@Notibras\" \/>\n<meta name=\"twitter:site\" content=\"@Notibras\" \/>\n<meta name=\"twitter:label1\" content=\"Escrito por\" \/>\n\t<meta name=\"twitter:data1\" content=\"Reda\u00e7\u00e3o\" \/>\n\t<meta name=\"twitter:label2\" content=\"Est. tempo de leitura\" \/>\n\t<meta name=\"twitter:data2\" content=\"3 minutos\" \/>\n<script type=\"application\/ld+json\" class=\"yoast-schema-graph\">{\"@context\":\"https:\/\/schema.org\",\"@graph\":[{\"@type\":\"Article\",\"@id\":\"https:\/\/www.notibras.com\/site\/semana-que-antecipa-natal-convida-ao-perdao\/#article\",\"isPartOf\":{\"@id\":\"https:\/\/www.notibras.com\/site\/semana-que-antecipa-natal-convida-ao-perdao\/\"},\"author\":{\"name\":\"Reda\u00e7\u00e3o\",\"@id\":\"https:\/\/www.notibras.com\/site\/#\/schema\/person\/36ab0979449956132d3e5b517ea76ac8\"},\"headline\":\"Semana que antecipa Natal convida ao perd\u00e3o\",\"datePublished\":\"2025-12-15T11:24:54+00:00\",\"mainEntityOfPage\":{\"@id\":\"https:\/\/www.notibras.com\/site\/semana-que-antecipa-natal-convida-ao-perdao\/\"},\"wordCount\":518,\"publisher\":{\"@id\":\"https:\/\/www.notibras.com\/site\/#organization\"},\"image\":{\"@id\":\"https:\/\/www.notibras.com\/site\/semana-que-antecipa-natal-convida-ao-perdao\/#primaryimage\"},\"thumbnailUrl\":\"https:\/\/www.notibras.com\/site\/wp-content\/uploads\/2025\/12\/05a0d2e5-409a-4f81-b696-729a3e401e04.png\",\"articleSection\":[\"Or\u00e1culos\"],\"inLanguage\":\"pt-BR\"},{\"@type\":\"WebPage\",\"@id\":\"https:\/\/www.notibras.com\/site\/semana-que-antecipa-natal-convida-ao-perdao\/\",\"url\":\"https:\/\/www.notibras.com\/site\/semana-que-antecipa-natal-convida-ao-perdao\/\",\"name\":\"Semana que antecipa Natal convida ao perd\u00e3o - Notibras\",\"isPartOf\":{\"@id\":\"https:\/\/www.notibras.com\/site\/#website\"},\"primaryImageOfPage\":{\"@id\":\"https:\/\/www.notibras.com\/site\/semana-que-antecipa-natal-convida-ao-perdao\/#primaryimage\"},\"image\":{\"@id\":\"https:\/\/www.notibras.com\/site\/semana-que-antecipa-natal-convida-ao-perdao\/#primaryimage\"},\"thumbnailUrl\":\"https:\/\/www.notibras.com\/site\/wp-content\/uploads\/2025\/12\/05a0d2e5-409a-4f81-b696-729a3e401e04.png\",\"datePublished\":\"2025-12-15T11:24:54+00:00\",\"breadcrumb\":{\"@id\":\"https:\/\/www.notibras.com\/site\/semana-que-antecipa-natal-convida-ao-perdao\/#breadcrumb\"},\"inLanguage\":\"pt-BR\",\"potentialAction\":[{\"@type\":\"ReadAction\",\"target\":[\"https:\/\/www.notibras.com\/site\/semana-que-antecipa-natal-convida-ao-perdao\/\"]}]},{\"@type\":\"ImageObject\",\"inLanguage\":\"pt-BR\",\"@id\":\"https:\/\/www.notibras.com\/site\/semana-que-antecipa-natal-convida-ao-perdao\/#primaryimage\",\"url\":\"https:\/\/www.notibras.com\/site\/wp-content\/uploads\/2025\/12\/05a0d2e5-409a-4f81-b696-729a3e401e04.png\",\"contentUrl\":\"https:\/\/www.notibras.com\/site\/wp-content\/uploads\/2025\/12\/05a0d2e5-409a-4f81-b696-729a3e401e04.png\",\"width\":1024,\"height\":1024},{\"@type\":\"BreadcrumbList\",\"@id\":\"https:\/\/www.notibras.com\/site\/semana-que-antecipa-natal-convida-ao-perdao\/#breadcrumb\",\"itemListElement\":[{\"@type\":\"ListItem\",\"position\":1,\"name\":\"In\u00edcio\",\"item\":\"https:\/\/www.notibras.com\/site\/\"},{\"@type\":\"ListItem\",\"position\":2,\"name\":\"Semana que antecipa Natal convida ao perd\u00e3o\"}]},{\"@type\":\"WebSite\",\"@id\":\"https:\/\/www.notibras.com\/site\/#website\",\"url\":\"https:\/\/www.notibras.com\/site\/\",\"name\":\"Notibras\",\"description\":\"Not\u00edcias de Bras\u00edlia, do Brasil e do Mundo\",\"publisher\":{\"@id\":\"https:\/\/www.notibras.com\/site\/#organization\"},\"potentialAction\":[{\"@type\":\"SearchAction\",\"target\":{\"@type\":\"EntryPoint\",\"urlTemplate\":\"https:\/\/www.notibras.com\/site\/?s={search_term_string}\"},\"query-input\":{\"@type\":\"PropertyValueSpecification\",\"valueRequired\":true,\"valueName\":\"search_term_string\"}}],\"inLanguage\":\"pt-BR\"},{\"@type\":\"Organization\",\"@id\":\"https:\/\/www.notibras.com\/site\/#organization\",\"name\":\"Grupo Notibras de Comunica\u00e7\u00e3o\",\"url\":\"https:\/\/www.notibras.com\/site\/\",\"logo\":{\"@type\":\"ImageObject\",\"inLanguage\":\"pt-BR\",\"@id\":\"https:\/\/www.notibras.com\/site\/#\/schema\/logo\/image\/\",\"url\":\"https:\/\/www.notibras.com\/site\/wp-content\/uploads\/2023\/01\/notibras23.png\",\"contentUrl\":\"https:\/\/www.notibras.com\/site\/wp-content\/uploads\/2023\/01\/notibras23.png\",\"width\":350,\"height\":87,\"caption\":\"Grupo Notibras de Comunica\u00e7\u00e3o\"},\"image\":{\"@id\":\"https:\/\/www.notibras.com\/site\/#\/schema\/logo\/image\/\"},\"sameAs\":[\"https:\/\/www.facebook.com\/notibras\/\",\"https:\/\/x.com\/Notibras\",\"https:\/\/www.instagram.com\/notibras\/\"]},{\"@type\":\"Person\",\"@id\":\"https:\/\/www.notibras.com\/site\/#\/schema\/person\/36ab0979449956132d3e5b517ea76ac8\",\"name\":\"Reda\u00e7\u00e3o\",\"image\":{\"@type\":\"ImageObject\",\"inLanguage\":\"pt-BR\",\"@id\":\"https:\/\/secure.gravatar.com\/avatar\/e0a867bdedb85fd243eadf09663511f96fc81e0720a4a42581f334ad4303aa6b?s=96&d=mm&r=g\",\"url\":\"https:\/\/secure.gravatar.com\/avatar\/e0a867bdedb85fd243eadf09663511f96fc81e0720a4a42581f334ad4303aa6b?s=96&d=mm&r=g\",\"contentUrl\":\"https:\/\/secure.gravatar.com\/avatar\/e0a867bdedb85fd243eadf09663511f96fc81e0720a4a42581f334ad4303aa6b?s=96&d=mm&r=g\",\"caption\":\"Reda\u00e7\u00e3o\"}}]}<\/script>\n<!-- \/ Yoast SEO plugin. -->","yoast_head_json":{"title":"Semana que antecipa Natal convida ao perd\u00e3o - Notibras","robots":{"index":"index","follow":"follow","max-snippet":"max-snippet:-1","max-image-preview":"max-image-preview:large","max-video-preview":"max-video-preview:-1"},"canonical":"https:\/\/www.notibras.com\/site\/semana-que-antecipa-natal-convida-ao-perdao\/","og_locale":"pt_BR","og_type":"article","og_title":"Semana que antecipa Natal convida ao perd\u00e3o - Notibras","og_description":"A semana marca um fechamento simb\u00f3lico de ciclos, t\u00edpico de dezembro, quando o c\u00e9u convida \u00e0 revis\u00e3o, ao perd\u00e3o e ao preparo para o novo ano que se aproxima. O Sol avan\u00e7a pelos \u00faltimos graus de Sagit\u00e1rio, estimulando reflex\u00f5es filos\u00f3ficas, planos futuros e balan\u00e7os emocionais. H\u00e1 uma atmosfera de despedida do que j\u00e1 cumpriu seu [&hellip;]","og_url":"https:\/\/www.notibras.com\/site\/semana-que-antecipa-natal-convida-ao-perdao\/","og_site_name":"Notibras","article_publisher":"https:\/\/www.facebook.com\/notibras\/","article_published_time":"2025-12-15T11:24:54+00:00","og_image":[{"width":1024,"height":1024,"url":"https:\/\/www.notibras.com\/site\/wp-content\/uploads\/2025\/12\/05a0d2e5-409a-4f81-b696-729a3e401e04.png","type":"image\/png"}],"author":"Reda\u00e7\u00e3o","twitter_card":"summary_large_image","twitter_creator":"@Notibras","twitter_site":"@Notibras","twitter_misc":{"Escrito por":"Reda\u00e7\u00e3o","Est. tempo de leitura":"3 minutos"},"schema":{"@context":"https:\/\/schema.org","@graph":[{"@type":"Article","@id":"https:\/\/www.notibras.com\/site\/semana-que-antecipa-natal-convida-ao-perdao\/#article","isPartOf":{"@id":"https:\/\/www.notibras.com\/site\/semana-que-antecipa-natal-convida-ao-perdao\/"},"author":{"name":"Reda\u00e7\u00e3o","@id":"https:\/\/www.notibras.com\/site\/#\/schema\/person\/36ab0979449956132d3e5b517ea76ac8"},"headline":"Semana que antecipa Natal convida ao perd\u00e3o","datePublished":"2025-12-15T11:24:54+00:00","mainEntityOfPage":{"@id":"https:\/\/www.notibras.com\/site\/semana-que-antecipa-natal-convida-ao-perdao\/"},"wordCount":518,"publisher":{"@id":"https:\/\/www.notibras.com\/site\/#organization"},"image":{"@id":"https:\/\/www.notibras.com\/site\/semana-que-antecipa-natal-convida-ao-perdao\/#primaryimage"},"thumbnailUrl":"https:\/\/www.notibras.com\/site\/wp-content\/uploads\/2025\/12\/05a0d2e5-409a-4f81-b696-729a3e401e04.png","articleSection":["Or\u00e1culos"],"inLanguage":"pt-BR"},{"@type":"WebPage","@id":"https:\/\/www.notibras.com\/site\/semana-que-antecipa-natal-convida-ao-perdao\/","url":"https:\/\/www.notibras.com\/site\/semana-que-antecipa-natal-convida-ao-perdao\/","name":"Semana que antecipa Natal convida ao perd\u00e3o - Notibras","isPartOf":{"@id":"https:\/\/www.notibras.com\/site\/#website"},"primaryImageOfPage":{"@id":"https:\/\/www.notibras.com\/site\/semana-que-antecipa-natal-convida-ao-perdao\/#primaryimage"},"image":{"@id":"https:\/\/www.notibras.com\/site\/semana-que-antecipa-natal-convida-ao-perdao\/#primaryimage"},"thumbnailUrl":"https:\/\/www.notibras.com\/site\/wp-content\/uploads\/2025\/12\/05a0d2e5-409a-4f81-b696-729a3e401e04.png","datePublished":"2025-12-15T11:24:54+00:00","breadcrumb":{"@id":"https:\/\/www.notibras.com\/site\/semana-que-antecipa-natal-convida-ao-perdao\/#breadcrumb"},"inLanguage":"pt-BR","potentialAction":[{"@type":"ReadAction","target":["https:\/\/www.notibras.com\/site\/semana-que-antecipa-natal-convida-ao-perdao\/"]}]},{"@type":"ImageObject","inLanguage":"pt-BR","@id":"https:\/\/www.notibras.com\/site\/semana-que-antecipa-natal-convida-ao-perdao\/#primaryimage","url":"https:\/\/www.notibras.com\/site\/wp-content\/uploads\/2025\/12\/05a0d2e5-409a-4f81-b696-729a3e401e04.png","contentUrl":"https:\/\/www.notibras.com\/site\/wp-content\/uploads\/2025\/12\/05a0d2e5-409a-4f81-b696-729a3e401e04.png","width":1024,"height":1024},{"@type":"BreadcrumbList","@id":"https:\/\/www.notibras.com\/site\/semana-que-antecipa-natal-convida-ao-perdao\/#breadcrumb","itemListElement":[{"@type":"ListItem","position":1,"name":"In\u00edcio","item":"https:\/\/www.notibras.com\/site\/"},{"@type":"ListItem","position":2,"name":"Semana que antecipa Natal convida ao perd\u00e3o"}]},{"@type":"WebSite","@id":"https:\/\/www.notibras.com\/site\/#website","url":"https:\/\/www.notibras.com\/site\/","name":"Notibras","description":"Not\u00edcias de Bras\u00edlia, do Brasil e do Mundo","publisher":{"@id":"https:\/\/www.notibras.com\/site\/#organization"},"potentialAction":[{"@type":"SearchAction","target":{"@type":"EntryPoint","urlTemplate":"https:\/\/www.notibras.com\/site\/?s={search_term_string}"},"query-input":{"@type":"PropertyValueSpecification","valueRequired":true,"valueName":"search_term_string"}}],"inLanguage":"pt-BR"},{"@type":"Organization","@id":"https:\/\/www.notibras.com\/site\/#organization","name":"Grupo Notibras de Comunica\u00e7\u00e3o","url":"https:\/\/www.notibras.com\/site\/","logo":{"@type":"ImageObject","inLanguage":"pt-BR","@id":"https:\/\/www.notibras.com\/site\/#\/schema\/logo\/image\/","url":"https:\/\/www.notibras.com\/site\/wp-content\/uploads\/2023\/01\/notibras23.png","contentUrl":"https:\/\/www.notibras.com\/site\/wp-content\/uploads\/2023\/01\/notibras23.png","width":350,"height":87,"caption":"Grupo Notibras de Comunica\u00e7\u00e3o"},"image":{"@id":"https:\/\/www.notibras.com\/site\/#\/schema\/logo\/image\/"},"sameAs":["https:\/\/www.facebook.com\/notibras\/","https:\/\/x.com\/Notibras","https:\/\/www.instagram.com\/notibras\/"]},{"@type":"Person","@id":"https:\/\/www.notibras.com\/site\/#\/schema\/person\/36ab0979449956132d3e5b517ea76ac8","name":"Reda\u00e7\u00e3o","image":{"@type":"ImageObject","inLanguage":"pt-BR","@id":"https:\/\/secure.gravatar.com\/avatar\/e0a867bdedb85fd243eadf09663511f96fc81e0720a4a42581f334ad4303aa6b?s=96&d=mm&r=g","url":"https:\/\/secure.gravatar.com\/avatar\/e0a867bdedb85fd243eadf09663511f96fc81e0720a4a42581f334ad4303aa6b?s=96&d=mm&r=g","contentUrl":"https:\/\/secure.gravatar.com\/avatar\/e0a867bdedb85fd243eadf09663511f96fc81e0720a4a42581f334ad4303aa6b?s=96&d=mm&r=g","caption":"Reda\u00e7\u00e3o"}}]}},"amp_enabled":true,"_links":{"self":[{"href":"https:\/\/www.notibras.com\/site\/wp-json\/wp\/v2\/posts\/374941","targetHints":{"allow":["GET"]}}],"collection":[{"href":"https:\/\/www.notibras.com\/site\/wp-json\/wp\/v2\/posts"}],"about":[{"href":"https:\/\/www.notibras.com\/site\/wp-json\/wp\/v2\/types\/post"}],"author":[{"embeddable":true,"href":"https:\/\/www.notibras.com\/site\/wp-json\/wp\/v2\/users\/2"}],"replies":[{"embeddable":true,"href":"https:\/\/www.notibras.com\/site\/wp-json\/wp\/v2\/comments?post=374941"}],"version-history":[{"count":1,"href":"https:\/\/www.notibras.com\/site\/wp-json\/wp\/v2\/posts\/374941\/revisions"}],"predecessor-version":[{"id":374943,"href":"https:\/\/www.notibras.com\/site\/wp-json\/wp\/v2\/posts\/374941\/revisions\/374943"}],"wp:featuredmedia":[{"embeddable":true,"href":"https:\/\/www.notibras.com\/site\/wp-json\/wp\/v2\/media\/374942"}],"wp:attachment":[{"href":"https:\/\/www.notibras.com\/site\/wp-json\/wp\/v2\/media?parent=374941"}],"wp:term":[{"taxonomy":"category","embeddable":true,"href":"https:\/\/www.notibras.com\/site\/wp-json\/wp\/v2\/categories?post=374941"},{"taxonomy":"post_tag","embeddable":true,"href":"https:\/\/www.notibras.com\/site\/wp-json\/wp\/v2\/tags?post=374941"}],"curies":[{"name":"wp","href":"https:\/\/api.w.org\/{rel}","templated":true}]}}