{"id":374948,"date":"2025-12-15T00:30:46","date_gmt":"2025-12-15T03:30:46","guid":{"rendered":"https:\/\/www.notibras.com\/site\/?p=374948"},"modified":"2025-12-15T08:33:49","modified_gmt":"2025-12-15T11:33:49","slug":"nordestino-baixa-renda-com-nis-final-4-recebe-auxilio-gas-de-100-reais","status":"publish","type":"post","link":"https:\/\/www.notibras.com\/site\/nordestino-baixa-renda-com-nis-final-4-recebe-auxilio-gas-de-100-reais\/","title":{"rendered":"Nordestino baixa renda com NIS final 4 recebe Aux\u00edlio G\u00e1s de 100 reais"},"content":{"rendered":"<p>Benefici\u00e1rios inscritos no Cadastro \u00danico para Programas Sociais do Governo Federal (Cad\u00danico) com N\u00famero de Inscri\u00e7\u00e3o Social (NIS) de final 4 recebem nesta segunda-feira (15) o Aux\u00edlio G\u00e1s de dezembro no valor de R$ 110.<\/p>\n<p>Com dura\u00e7\u00e3o prevista at\u00e9 o fim de 2026, o programa beneficia 4,4 milh\u00f5es de fam\u00edlias neste m\u00eas. Com a aprova\u00e7\u00e3o da Emenda Constitucional da Transi\u00e7\u00e3o, no fim de 2022, o benef\u00edcio foi mantido em 100% do pre\u00e7o m\u00e9dio do botij\u00e3o de 13 kg.<\/p>\n<p>O benef\u00edcio \u00e9 pago a cada dois meses e segue o calend\u00e1rio do Bolsa Fam\u00edlia, com pagamentos at\u00e9 23 de dezembro, para benefici\u00e1rios com NIS final 0.<\/p>\n<p>S\u00f3 pode receber o Aux\u00edlio G\u00e1s quem est\u00e1 inclu\u00eddo no Cad\u00danico e tenha pelo menos um membro da fam\u00edlia que receba o Benef\u00edcio de Presta\u00e7\u00e3o Continuada (BPC).<\/p>\n<p>A lei que criou o programa definiu que a mulher respons\u00e1vel pela fam\u00edlia ter\u00e1 prefer\u00eancia, assim como mulheres v\u00edtimas de viol\u00eancia dom\u00e9stica.<\/p>\n","protected":false},"excerpt":{"rendered":"<p>Benefici\u00e1rios inscritos no Cadastro \u00danico para Programas Sociais do Governo Federal (Cad\u00danico) com N\u00famero de Inscri\u00e7\u00e3o Social (NIS) de final 4 recebem nesta segunda-feira (15) o Aux\u00edlio G\u00e1s de dezembro no valor de R$ 110. Com dura\u00e7\u00e3o prevista at\u00e9 o fim de 2026, o programa beneficia 4,4 milh\u00f5es de fam\u00edlias neste m\u00eas. Com a aprova\u00e7\u00e3o [&hellip;]<\/p>\n","protected":false},"author":2,"featured_media":374949,"comment_status":"closed","ping_status":"closed","sticky":false,"template":"","format":"standard","meta":{"_acf_changed":false,"footnotes":""},"categories":[165],"tags":[],"class_list":["post-374948","post","type-post","status-publish","format-standard","has-post-thumbnail","hentry","category-nordeste"],"acf":[],"yoast_head":"<!-- This site is optimized with the Yoast SEO plugin v27.5 - https:\/\/yoast.com\/product\/yoast-seo-wordpress\/ -->\n<title>Nordestino baixa renda com NIS final 4 recebe Aux\u00edlio G\u00e1s de 100 reais - Notibras<\/title>\n<meta name=\"robots\" content=\"index, follow, max-snippet:-1, max-image-preview:large, max-video-preview:-1\" \/>\n<link rel=\"canonical\" href=\"https:\/\/www.notibras.com\/site\/nordestino-baixa-renda-com-nis-final-4-recebe-auxilio-gas-de-100-reais\/\" \/>\n<meta property=\"og:locale\" content=\"pt_BR\" \/>\n<meta property=\"og:type\" content=\"article\" \/>\n<meta property=\"og:title\" content=\"Nordestino baixa renda com NIS final 4 recebe Aux\u00edlio G\u00e1s de 100 reais - Notibras\" \/>\n<meta property=\"og:description\" content=\"Benefici\u00e1rios inscritos no Cadastro \u00danico para Programas Sociais do Governo Federal (Cad\u00danico) com N\u00famero de Inscri\u00e7\u00e3o Social (NIS) de final 4 recebem nesta segunda-feira (15) o Aux\u00edlio G\u00e1s de dezembro no valor de R$ 110. Com dura\u00e7\u00e3o prevista at\u00e9 o fim de 2026, o programa beneficia 4,4 milh\u00f5es de fam\u00edlias neste m\u00eas. Com a aprova\u00e7\u00e3o [&hellip;]\" \/>\n<meta property=\"og:url\" content=\"https:\/\/www.notibras.com\/site\/nordestino-baixa-renda-com-nis-final-4-recebe-auxilio-gas-de-100-reais\/\" \/>\n<meta property=\"og:site_name\" content=\"Notibras\" \/>\n<meta property=\"article:publisher\" content=\"https:\/\/www.facebook.com\/notibras\/\" \/>\n<meta property=\"article:published_time\" content=\"2025-12-15T03:30:46+00:00\" \/>\n<meta property=\"article:modified_time\" content=\"2025-12-15T11:33:49+00:00\" \/>\n<meta property=\"og:image\" content=\"https:\/\/www.notibras.com\/site\/wp-content\/uploads\/2025\/12\/gas_abr_2911214322.webp\" \/>\n\t<meta property=\"og:image:width\" content=\"1170\" \/>\n\t<meta property=\"og:image:height\" content=\"700\" \/>\n\t<meta property=\"og:image:type\" content=\"image\/webp\" \/>\n<meta name=\"author\" content=\"Reda\u00e7\u00e3o\" \/>\n<meta name=\"twitter:card\" content=\"summary_large_image\" \/>\n<meta name=\"twitter:creator\" content=\"@Notibras\" \/>\n<meta name=\"twitter:site\" content=\"@Notibras\" \/>\n<meta name=\"twitter:label1\" content=\"Escrito por\" \/>\n\t<meta name=\"twitter:data1\" content=\"Reda\u00e7\u00e3o\" \/>\n\t<meta name=\"twitter:label2\" content=\"Est. tempo de leitura\" \/>\n\t<meta name=\"twitter:data2\" content=\"2 minutos\" \/>\n<script type=\"application\/ld+json\" class=\"yoast-schema-graph\">{\"@context\":\"https:\\\/\\\/schema.org\",\"@graph\":[{\"@type\":\"Article\",\"@id\":\"https:\\\/\\\/www.notibras.com\\\/site\\\/nordestino-baixa-renda-com-nis-final-4-recebe-auxilio-gas-de-100-reais\\\/#article\",\"isPartOf\":{\"@id\":\"https:\\\/\\\/www.notibras.com\\\/site\\\/nordestino-baixa-renda-com-nis-final-4-recebe-auxilio-gas-de-100-reais\\\/\"},\"author\":{\"name\":\"Reda\u00e7\u00e3o\",\"@id\":\"https:\\\/\\\/www.notibras.com\\\/site\\\/#\\\/schema\\\/person\\\/36ab0979449956132d3e5b517ea76ac8\"},\"headline\":\"Nordestino baixa renda com NIS final 4 recebe Aux\u00edlio G\u00e1s de 100 reais\",\"datePublished\":\"2025-12-15T03:30:46+00:00\",\"dateModified\":\"2025-12-15T11:33:49+00:00\",\"mainEntityOfPage\":{\"@id\":\"https:\\\/\\\/www.notibras.com\\\/site\\\/nordestino-baixa-renda-com-nis-final-4-recebe-auxilio-gas-de-100-reais\\\/\"},\"wordCount\":189,\"publisher\":{\"@id\":\"https:\\\/\\\/www.notibras.com\\\/site\\\/#organization\"},\"image\":{\"@id\":\"https:\\\/\\\/www.notibras.com\\\/site\\\/nordestino-baixa-renda-com-nis-final-4-recebe-auxilio-gas-de-100-reais\\\/#primaryimage\"},\"thumbnailUrl\":\"https:\\\/\\\/www.notibras.com\\\/site\\\/wp-content\\\/uploads\\\/2025\\\/12\\\/gas_abr_2911214322.webp\",\"articleSection\":[\"Nordeste\"],\"inLanguage\":\"pt-BR\"},{\"@type\":\"WebPage\",\"@id\":\"https:\\\/\\\/www.notibras.com\\\/site\\\/nordestino-baixa-renda-com-nis-final-4-recebe-auxilio-gas-de-100-reais\\\/\",\"url\":\"https:\\\/\\\/www.notibras.com\\\/site\\\/nordestino-baixa-renda-com-nis-final-4-recebe-auxilio-gas-de-100-reais\\\/\",\"name\":\"Nordestino baixa renda com NIS final 4 recebe Aux\u00edlio G\u00e1s de 100 reais - Notibras\",\"isPartOf\":{\"@id\":\"https:\\\/\\\/www.notibras.com\\\/site\\\/#website\"},\"primaryImageOfPage\":{\"@id\":\"https:\\\/\\\/www.notibras.com\\\/site\\\/nordestino-baixa-renda-com-nis-final-4-recebe-auxilio-gas-de-100-reais\\\/#primaryimage\"},\"image\":{\"@id\":\"https:\\\/\\\/www.notibras.com\\\/site\\\/nordestino-baixa-renda-com-nis-final-4-recebe-auxilio-gas-de-100-reais\\\/#primaryimage\"},\"thumbnailUrl\":\"https:\\\/\\\/www.notibras.com\\\/site\\\/wp-content\\\/uploads\\\/2025\\\/12\\\/gas_abr_2911214322.webp\",\"datePublished\":\"2025-12-15T03:30:46+00:00\",\"dateModified\":\"2025-12-15T11:33:49+00:00\",\"breadcrumb\":{\"@id\":\"https:\\\/\\\/www.notibras.com\\\/site\\\/nordestino-baixa-renda-com-nis-final-4-recebe-auxilio-gas-de-100-reais\\\/#breadcrumb\"},\"inLanguage\":\"pt-BR\",\"potentialAction\":[{\"@type\":\"ReadAction\",\"target\":[\"https:\\\/\\\/www.notibras.com\\\/site\\\/nordestino-baixa-renda-com-nis-final-4-recebe-auxilio-gas-de-100-reais\\\/\"]}]},{\"@type\":\"ImageObject\",\"inLanguage\":\"pt-BR\",\"@id\":\"https:\\\/\\\/www.notibras.com\\\/site\\\/nordestino-baixa-renda-com-nis-final-4-recebe-auxilio-gas-de-100-reais\\\/#primaryimage\",\"url\":\"https:\\\/\\\/www.notibras.com\\\/site\\\/wp-content\\\/uploads\\\/2025\\\/12\\\/gas_abr_2911214322.webp\",\"contentUrl\":\"https:\\\/\\\/www.notibras.com\\\/site\\\/wp-content\\\/uploads\\\/2025\\\/12\\\/gas_abr_2911214322.webp\",\"width\":1170,\"height\":700},{\"@type\":\"BreadcrumbList\",\"@id\":\"https:\\\/\\\/www.notibras.com\\\/site\\\/nordestino-baixa-renda-com-nis-final-4-recebe-auxilio-gas-de-100-reais\\\/#breadcrumb\",\"itemListElement\":[{\"@type\":\"ListItem\",\"position\":1,\"name\":\"In\u00edcio\",\"item\":\"https:\\\/\\\/www.notibras.com\\\/site\\\/\"},{\"@type\":\"ListItem\",\"position\":2,\"name\":\"Nordestino baixa renda com NIS final 4 recebe Aux\u00edlio G\u00e1s de 100 reais\"}]},{\"@type\":\"WebSite\",\"@id\":\"https:\\\/\\\/www.notibras.com\\\/site\\\/#website\",\"url\":\"https:\\\/\\\/www.notibras.com\\\/site\\\/\",\"name\":\"Notibras\",\"description\":\"Not\u00edcias de Bras\u00edlia, do Brasil e do Mundo\",\"publisher\":{\"@id\":\"https:\\\/\\\/www.notibras.com\\\/site\\\/#organization\"},\"potentialAction\":[{\"@type\":\"SearchAction\",\"target\":{\"@type\":\"EntryPoint\",\"urlTemplate\":\"https:\\\/\\\/www.notibras.com\\\/site\\\/?s={search_term_string}\"},\"query-input\":{\"@type\":\"PropertyValueSpecification\",\"valueRequired\":true,\"valueName\":\"search_term_string\"}}],\"inLanguage\":\"pt-BR\"},{\"@type\":\"Organization\",\"@id\":\"https:\\\/\\\/www.notibras.com\\\/site\\\/#organization\",\"name\":\"Grupo Notibras de Comunica\u00e7\u00e3o\",\"url\":\"https:\\\/\\\/www.notibras.com\\\/site\\\/\",\"logo\":{\"@type\":\"ImageObject\",\"inLanguage\":\"pt-BR\",\"@id\":\"https:\\\/\\\/www.notibras.com\\\/site\\\/#\\\/schema\\\/logo\\\/image\\\/\",\"url\":\"https:\\\/\\\/www.notibras.com\\\/site\\\/wp-content\\\/uploads\\\/2023\\\/01\\\/notibras23.png\",\"contentUrl\":\"https:\\\/\\\/www.notibras.com\\\/site\\\/wp-content\\\/uploads\\\/2023\\\/01\\\/notibras23.png\",\"width\":350,\"height\":87,\"caption\":\"Grupo Notibras de Comunica\u00e7\u00e3o\"},\"image\":{\"@id\":\"https:\\\/\\\/www.notibras.com\\\/site\\\/#\\\/schema\\\/logo\\\/image\\\/\"},\"sameAs\":[\"https:\\\/\\\/www.facebook.com\\\/notibras\\\/\",\"https:\\\/\\\/x.com\\\/Notibras\",\"https:\\\/\\\/www.instagram.com\\\/notibras\\\/\"]},{\"@type\":\"Person\",\"@id\":\"https:\\\/\\\/www.notibras.com\\\/site\\\/#\\\/schema\\\/person\\\/36ab0979449956132d3e5b517ea76ac8\",\"name\":\"Reda\u00e7\u00e3o\",\"image\":{\"@type\":\"ImageObject\",\"inLanguage\":\"pt-BR\",\"@id\":\"https:\\\/\\\/secure.gravatar.com\\\/avatar\\\/e0a867bdedb85fd243eadf09663511f96fc81e0720a4a42581f334ad4303aa6b?s=96&d=mm&r=g\",\"url\":\"https:\\\/\\\/secure.gravatar.com\\\/avatar\\\/e0a867bdedb85fd243eadf09663511f96fc81e0720a4a42581f334ad4303aa6b?s=96&d=mm&r=g\",\"contentUrl\":\"https:\\\/\\\/secure.gravatar.com\\\/avatar\\\/e0a867bdedb85fd243eadf09663511f96fc81e0720a4a42581f334ad4303aa6b?s=96&d=mm&r=g\",\"caption\":\"Reda\u00e7\u00e3o\"}}]}<\/script>\n<!-- \/ Yoast SEO plugin. -->","yoast_head_json":{"title":"Nordestino baixa renda com NIS final 4 recebe Aux\u00edlio G\u00e1s de 100 reais - Notibras","robots":{"index":"index","follow":"follow","max-snippet":"max-snippet:-1","max-image-preview":"max-image-preview:large","max-video-preview":"max-video-preview:-1"},"canonical":"https:\/\/www.notibras.com\/site\/nordestino-baixa-renda-com-nis-final-4-recebe-auxilio-gas-de-100-reais\/","og_locale":"pt_BR","og_type":"article","og_title":"Nordestino baixa renda com NIS final 4 recebe Aux\u00edlio G\u00e1s de 100 reais - Notibras","og_description":"Benefici\u00e1rios inscritos no Cadastro \u00danico para Programas Sociais do Governo Federal (Cad\u00danico) com N\u00famero de Inscri\u00e7\u00e3o Social (NIS) de final 4 recebem nesta segunda-feira (15) o Aux\u00edlio G\u00e1s de dezembro no valor de R$ 110. Com dura\u00e7\u00e3o prevista at\u00e9 o fim de 2026, o programa beneficia 4,4 milh\u00f5es de fam\u00edlias neste m\u00eas. Com a aprova\u00e7\u00e3o [&hellip;]","og_url":"https:\/\/www.notibras.com\/site\/nordestino-baixa-renda-com-nis-final-4-recebe-auxilio-gas-de-100-reais\/","og_site_name":"Notibras","article_publisher":"https:\/\/www.facebook.com\/notibras\/","article_published_time":"2025-12-15T03:30:46+00:00","article_modified_time":"2025-12-15T11:33:49+00:00","og_image":[{"width":1170,"height":700,"url":"https:\/\/www.notibras.com\/site\/wp-content\/uploads\/2025\/12\/gas_abr_2911214322.webp","type":"image\/webp"}],"author":"Reda\u00e7\u00e3o","twitter_card":"summary_large_image","twitter_creator":"@Notibras","twitter_site":"@Notibras","twitter_misc":{"Escrito por":"Reda\u00e7\u00e3o","Est. tempo de leitura":"2 minutos"},"schema":{"@context":"https:\/\/schema.org","@graph":[{"@type":"Article","@id":"https:\/\/www.notibras.com\/site\/nordestino-baixa-renda-com-nis-final-4-recebe-auxilio-gas-de-100-reais\/#article","isPartOf":{"@id":"https:\/\/www.notibras.com\/site\/nordestino-baixa-renda-com-nis-final-4-recebe-auxilio-gas-de-100-reais\/"},"author":{"name":"Reda\u00e7\u00e3o","@id":"https:\/\/www.notibras.com\/site\/#\/schema\/person\/36ab0979449956132d3e5b517ea76ac8"},"headline":"Nordestino baixa renda com NIS final 4 recebe Aux\u00edlio G\u00e1s de 100 reais","datePublished":"2025-12-15T03:30:46+00:00","dateModified":"2025-12-15T11:33:49+00:00","mainEntityOfPage":{"@id":"https:\/\/www.notibras.com\/site\/nordestino-baixa-renda-com-nis-final-4-recebe-auxilio-gas-de-100-reais\/"},"wordCount":189,"publisher":{"@id":"https:\/\/www.notibras.com\/site\/#organization"},"image":{"@id":"https:\/\/www.notibras.com\/site\/nordestino-baixa-renda-com-nis-final-4-recebe-auxilio-gas-de-100-reais\/#primaryimage"},"thumbnailUrl":"https:\/\/www.notibras.com\/site\/wp-content\/uploads\/2025\/12\/gas_abr_2911214322.webp","articleSection":["Nordeste"],"inLanguage":"pt-BR"},{"@type":"WebPage","@id":"https:\/\/www.notibras.com\/site\/nordestino-baixa-renda-com-nis-final-4-recebe-auxilio-gas-de-100-reais\/","url":"https:\/\/www.notibras.com\/site\/nordestino-baixa-renda-com-nis-final-4-recebe-auxilio-gas-de-100-reais\/","name":"Nordestino baixa renda com NIS final 4 recebe Aux\u00edlio G\u00e1s de 100 reais - Notibras","isPartOf":{"@id":"https:\/\/www.notibras.com\/site\/#website"},"primaryImageOfPage":{"@id":"https:\/\/www.notibras.com\/site\/nordestino-baixa-renda-com-nis-final-4-recebe-auxilio-gas-de-100-reais\/#primaryimage"},"image":{"@id":"https:\/\/www.notibras.com\/site\/nordestino-baixa-renda-com-nis-final-4-recebe-auxilio-gas-de-100-reais\/#primaryimage"},"thumbnailUrl":"https:\/\/www.notibras.com\/site\/wp-content\/uploads\/2025\/12\/gas_abr_2911214322.webp","datePublished":"2025-12-15T03:30:46+00:00","dateModified":"2025-12-15T11:33:49+00:00","breadcrumb":{"@id":"https:\/\/www.notibras.com\/site\/nordestino-baixa-renda-com-nis-final-4-recebe-auxilio-gas-de-100-reais\/#breadcrumb"},"inLanguage":"pt-BR","potentialAction":[{"@type":"ReadAction","target":["https:\/\/www.notibras.com\/site\/nordestino-baixa-renda-com-nis-final-4-recebe-auxilio-gas-de-100-reais\/"]}]},{"@type":"ImageObject","inLanguage":"pt-BR","@id":"https:\/\/www.notibras.com\/site\/nordestino-baixa-renda-com-nis-final-4-recebe-auxilio-gas-de-100-reais\/#primaryimage","url":"https:\/\/www.notibras.com\/site\/wp-content\/uploads\/2025\/12\/gas_abr_2911214322.webp","contentUrl":"https:\/\/www.notibras.com\/site\/wp-content\/uploads\/2025\/12\/gas_abr_2911214322.webp","width":1170,"height":700},{"@type":"BreadcrumbList","@id":"https:\/\/www.notibras.com\/site\/nordestino-baixa-renda-com-nis-final-4-recebe-auxilio-gas-de-100-reais\/#breadcrumb","itemListElement":[{"@type":"ListItem","position":1,"name":"In\u00edcio","item":"https:\/\/www.notibras.com\/site\/"},{"@type":"ListItem","position":2,"name":"Nordestino baixa renda com NIS final 4 recebe Aux\u00edlio G\u00e1s de 100 reais"}]},{"@type":"WebSite","@id":"https:\/\/www.notibras.com\/site\/#website","url":"https:\/\/www.notibras.com\/site\/","name":"Notibras","description":"Not\u00edcias de Bras\u00edlia, do Brasil e do Mundo","publisher":{"@id":"https:\/\/www.notibras.com\/site\/#organization"},"potentialAction":[{"@type":"SearchAction","target":{"@type":"EntryPoint","urlTemplate":"https:\/\/www.notibras.com\/site\/?s={search_term_string}"},"query-input":{"@type":"PropertyValueSpecification","valueRequired":true,"valueName":"search_term_string"}}],"inLanguage":"pt-BR"},{"@type":"Organization","@id":"https:\/\/www.notibras.com\/site\/#organization","name":"Grupo Notibras de Comunica\u00e7\u00e3o","url":"https:\/\/www.notibras.com\/site\/","logo":{"@type":"ImageObject","inLanguage":"pt-BR","@id":"https:\/\/www.notibras.com\/site\/#\/schema\/logo\/image\/","url":"https:\/\/www.notibras.com\/site\/wp-content\/uploads\/2023\/01\/notibras23.png","contentUrl":"https:\/\/www.notibras.com\/site\/wp-content\/uploads\/2023\/01\/notibras23.png","width":350,"height":87,"caption":"Grupo Notibras de Comunica\u00e7\u00e3o"},"image":{"@id":"https:\/\/www.notibras.com\/site\/#\/schema\/logo\/image\/"},"sameAs":["https:\/\/www.facebook.com\/notibras\/","https:\/\/x.com\/Notibras","https:\/\/www.instagram.com\/notibras\/"]},{"@type":"Person","@id":"https:\/\/www.notibras.com\/site\/#\/schema\/person\/36ab0979449956132d3e5b517ea76ac8","name":"Reda\u00e7\u00e3o","image":{"@type":"ImageObject","inLanguage":"pt-BR","@id":"https:\/\/secure.gravatar.com\/avatar\/e0a867bdedb85fd243eadf09663511f96fc81e0720a4a42581f334ad4303aa6b?s=96&d=mm&r=g","url":"https:\/\/secure.gravatar.com\/avatar\/e0a867bdedb85fd243eadf09663511f96fc81e0720a4a42581f334ad4303aa6b?s=96&d=mm&r=g","contentUrl":"https:\/\/secure.gravatar.com\/avatar\/e0a867bdedb85fd243eadf09663511f96fc81e0720a4a42581f334ad4303aa6b?s=96&d=mm&r=g","caption":"Reda\u00e7\u00e3o"}}]}},"amp_enabled":true,"_links":{"self":[{"href":"https:\/\/www.notibras.com\/site\/wp-json\/wp\/v2\/posts\/374948","targetHints":{"allow":["GET"]}}],"collection":[{"href":"https:\/\/www.notibras.com\/site\/wp-json\/wp\/v2\/posts"}],"about":[{"href":"https:\/\/www.notibras.com\/site\/wp-json\/wp\/v2\/types\/post"}],"author":[{"embeddable":true,"href":"https:\/\/www.notibras.com\/site\/wp-json\/wp\/v2\/users\/2"}],"replies":[{"embeddable":true,"href":"https:\/\/www.notibras.com\/site\/wp-json\/wp\/v2\/comments?post=374948"}],"version-history":[{"count":1,"href":"https:\/\/www.notibras.com\/site\/wp-json\/wp\/v2\/posts\/374948\/revisions"}],"predecessor-version":[{"id":374950,"href":"https:\/\/www.notibras.com\/site\/wp-json\/wp\/v2\/posts\/374948\/revisions\/374950"}],"wp:featuredmedia":[{"embeddable":true,"href":"https:\/\/www.notibras.com\/site\/wp-json\/wp\/v2\/media\/374949"}],"wp:attachment":[{"href":"https:\/\/www.notibras.com\/site\/wp-json\/wp\/v2\/media?parent=374948"}],"wp:term":[{"taxonomy":"category","embeddable":true,"href":"https:\/\/www.notibras.com\/site\/wp-json\/wp\/v2\/categories?post=374948"},{"taxonomy":"post_tag","embeddable":true,"href":"https:\/\/www.notibras.com\/site\/wp-json\/wp\/v2\/tags?post=374948"}],"curies":[{"name":"wp","href":"https:\/\/api.w.org\/{rel}","templated":true}]}}