{"id":374988,"date":"2025-12-16T00:15:28","date_gmt":"2025-12-16T03:15:28","guid":{"rendered":"https:\/\/www.notibras.com\/site\/?p=374988"},"modified":"2025-12-15T19:32:51","modified_gmt":"2025-12-15T22:32:51","slug":"cuidado-continuo-para-pacientes-com-dor-cronica","status":"publish","type":"post","link":"https:\/\/www.notibras.com\/site\/cuidado-continuo-para-pacientes-com-dor-cronica\/","title":{"rendered":"Cuidado cont\u00ednuo para pacientes com dor cr\u00f4nica"},"content":{"rendered":"<p>Todas as semanas, Vanda Linhares sai de casa, em Valpar\u00edso (GO), com um objetivo claro: n\u00e3o faltar aos encontros do grupo terap\u00eautico para pessoas com dor cr\u00f4nica do Hospital Regional de Santa Maria (HRSM). Diagnosticada com depress\u00e3o grave e em investiga\u00e7\u00e3o para fibromialgia, ela encontrou no projeto um espa\u00e7o de acolhimento, aprendizado e al\u00edvio. \u201cEste \u00e9 meu quarto encontro. Procuro n\u00e3o faltar, porque me faz bem\u201d, conta.<\/p>\n<p>Vanda faz parte do grupo atendido pelo Ambulat\u00f3rio da Dor do HRSM, um projeto estruturado em 12 encontros semanais que re\u00fane pacientes que convivem, diariamente, com dores persistentes e limitantes. Mais do que tratar sintomas, a proposta \u00e9 ensinar o paciente a compreender sua condi\u00e7\u00e3o, reconhecer crises e desenvolver autonomia para lidar com a dor no dia a dia.<\/p>\n<p>O acompanhamento \u00e9 multiprofissional e integrado. Desde a entrada no servi\u00e7o, a enfermagem realiza a triagem e aplica escalas de dor. A farm\u00e1cia cl\u00ednica avalia a ades\u00e3o ao tratamento, orienta sobre o uso correto dos medicamentos e monitora poss\u00edveis intera\u00e7\u00f5es. O servi\u00e7o social identifica fatores sociais que podem interferir no cuidado, enquanto a nutri\u00e7\u00e3o orienta sobre dietas com potencial anti-inflamat\u00f3rio.<\/p>\n<p>A linha de cuidado tamb\u00e9m inclui fisioterapia, psicologia e terapia ocupacional. Na fisioterapia, os pacientes aprendem exerc\u00edcios e t\u00e9cnicas de al\u00edvio. J\u00e1 os atendimentos psicol\u00f3gicos oferecem suporte emocional e psicoeduca\u00e7\u00e3o, fundamentais para quem convive com dor constante. A terapia ocupacional avalia como a dor interfere nas atividades di\u00e1rias e prop\u00f5e adapta\u00e7\u00f5es para preservar a funcionalidade e a independ\u00eancia.<\/p>\n<p>Segundo a chefe do Servi\u00e7o de Psicologia do HRSM, Paola Palatucci Bello, o projeto foi criado para responder a uma demanda crescente. \u201cS\u00e3o pessoas que precisam aprender a manejar a dor no cotidiano. Nos 12 encontros, trabalhamos a compreens\u00e3o da doen\u00e7a, o reconhecimento das crises e estrat\u00e9gias para reduzir o sofrimento, inclusive diminuindo a busca recorrente pelo pronto-socorro\u201d, explica.<\/p>\n<p>A psic\u00f3loga Maria Aparecida Pacheco destaca que a dor cr\u00f4nica est\u00e1 diretamente relacionada \u00e0 sa\u00fade mental. \u201cDormir e acordar todos os dias sentindo dor fragiliza qualquer pessoa. Isso pode desencadear ansiedade, tristeza profunda e quadros depressivos. Cuidar da mente \u00e9 parte essencial do tratamento\u201d, afirma.<\/p>\n<p>Para a fisioterapeuta Thayze Braga, o foco est\u00e1 em oferecer ferramentas pr\u00e1ticas que possam ser usadas fora do ambiente hospitalar. \u201cTrabalhamos alongamentos, relaxamentos e auriculoterapia. Quando o paciente entende que a dor n\u00e3o precisa ser um fator limitante e que existem t\u00e9cnicas para lidar com ela, a qualidade de vida melhora. Isso tamb\u00e9m reduz o uso excessivo de medica\u00e7\u00f5es\u201d, observa.<\/p>\n<p>Entre as condi\u00e7\u00f5es mais acompanhadas pelo Ambulat\u00f3rio da Dor est\u00e3o artrite, fibromialgia, diabetes, les\u00f5es lombares, dores musculares e neurop\u00e1ticas, al\u00e9m de quadros oncol\u00f3gicos. Ao final dos 12 encontros, os pacientes s\u00e3o encaminhados para continuidade do cuidado na aten\u00e7\u00e3o prim\u00e1ria e, sempre que poss\u00edvel, para pr\u00e1ticas integrativas pr\u00f3ximas de suas resid\u00eancias.<\/p>\n","protected":false},"excerpt":{"rendered":"<p>Todas as semanas, Vanda Linhares sai de casa, em Valpar\u00edso (GO), com um objetivo claro: n\u00e3o faltar aos encontros do grupo terap\u00eautico para pessoas com dor cr\u00f4nica do Hospital Regional de Santa Maria (HRSM). Diagnosticada com depress\u00e3o grave e em investiga\u00e7\u00e3o para fibromialgia, ela encontrou no projeto um espa\u00e7o de acolhimento, aprendizado e al\u00edvio. \u201cEste [&hellip;]<\/p>\n","protected":false},"author":21,"featured_media":374990,"comment_status":"closed","ping_status":"closed","sticky":false,"template":"","format":"standard","meta":{"_acf_changed":false,"footnotes":""},"categories":[161],"tags":[],"class_list":["post-374988","post","type-post","status-publish","format-standard","has-post-thumbnail","hentry","category-quadradinho-em-foco"],"acf":[],"yoast_head":"<!-- This site is optimized with the Yoast SEO plugin v27.5 - https:\/\/yoast.com\/product\/yoast-seo-wordpress\/ -->\n<title>Cuidado cont\u00ednuo para pacientes com dor cr\u00f4nica - Notibras<\/title>\n<meta name=\"robots\" content=\"index, follow, max-snippet:-1, max-image-preview:large, max-video-preview:-1\" \/>\n<link rel=\"canonical\" href=\"https:\/\/www.notibras.com\/site\/cuidado-continuo-para-pacientes-com-dor-cronica\/\" \/>\n<meta property=\"og:locale\" content=\"pt_BR\" \/>\n<meta property=\"og:type\" content=\"article\" \/>\n<meta property=\"og:title\" content=\"Cuidado cont\u00ednuo para pacientes com dor cr\u00f4nica - Notibras\" \/>\n<meta property=\"og:description\" content=\"Todas as semanas, Vanda Linhares sai de casa, em Valpar\u00edso (GO), com um objetivo claro: n\u00e3o faltar aos encontros do grupo terap\u00eautico para pessoas com dor cr\u00f4nica do Hospital Regional de Santa Maria (HRSM). Diagnosticada com depress\u00e3o grave e em investiga\u00e7\u00e3o para fibromialgia, ela encontrou no projeto um espa\u00e7o de acolhimento, aprendizado e al\u00edvio. \u201cEste [&hellip;]\" \/>\n<meta property=\"og:url\" content=\"https:\/\/www.notibras.com\/site\/cuidado-continuo-para-pacientes-com-dor-cronica\/\" \/>\n<meta property=\"og:site_name\" content=\"Notibras\" \/>\n<meta property=\"article:publisher\" content=\"https:\/\/www.facebook.com\/notibras\/\" \/>\n<meta property=\"article:published_time\" content=\"2025-12-16T03:15:28+00:00\" \/>\n<meta property=\"og:image\" content=\"https:\/\/www.notibras.com\/site\/wp-content\/uploads\/2025\/12\/Higiene-do-sono-com-a-psi-Maria-Aparecida-1.jpeg\" \/>\n\t<meta property=\"og:image:width\" content=\"1600\" \/>\n\t<meta property=\"og:image:height\" content=\"1200\" \/>\n\t<meta property=\"og:image:type\" content=\"image\/jpeg\" \/>\n<meta name=\"author\" content=\"Eduardo Mart\u00ednez\" \/>\n<meta name=\"twitter:card\" content=\"summary_large_image\" \/>\n<meta name=\"twitter:creator\" content=\"@Notibras\" \/>\n<meta name=\"twitter:site\" content=\"@Notibras\" \/>\n<meta name=\"twitter:label1\" content=\"Escrito por\" \/>\n\t<meta name=\"twitter:data1\" content=\"Eduardo Mart\u00ednez\" \/>\n\t<meta name=\"twitter:label2\" content=\"Est. tempo de leitura\" \/>\n\t<meta name=\"twitter:data2\" content=\"3 minutos\" \/>\n<script type=\"application\/ld+json\" class=\"yoast-schema-graph\">{\"@context\":\"https:\\\/\\\/schema.org\",\"@graph\":[{\"@type\":\"Article\",\"@id\":\"https:\\\/\\\/www.notibras.com\\\/site\\\/cuidado-continuo-para-pacientes-com-dor-cronica\\\/#article\",\"isPartOf\":{\"@id\":\"https:\\\/\\\/www.notibras.com\\\/site\\\/cuidado-continuo-para-pacientes-com-dor-cronica\\\/\"},\"author\":{\"name\":\"Eduardo Mart\u00ednez\",\"@id\":\"https:\\\/\\\/www.notibras.com\\\/site\\\/#\\\/schema\\\/person\\\/5b7fabf2aedc3ada2105f03b22b4d3dd\"},\"headline\":\"Cuidado cont\u00ednuo para pacientes com dor cr\u00f4nica\",\"datePublished\":\"2025-12-16T03:15:28+00:00\",\"mainEntityOfPage\":{\"@id\":\"https:\\\/\\\/www.notibras.com\\\/site\\\/cuidado-continuo-para-pacientes-com-dor-cronica\\\/\"},\"wordCount\":517,\"publisher\":{\"@id\":\"https:\\\/\\\/www.notibras.com\\\/site\\\/#organization\"},\"image\":{\"@id\":\"https:\\\/\\\/www.notibras.com\\\/site\\\/cuidado-continuo-para-pacientes-com-dor-cronica\\\/#primaryimage\"},\"thumbnailUrl\":\"https:\\\/\\\/www.notibras.com\\\/site\\\/wp-content\\\/uploads\\\/2025\\\/12\\\/Higiene-do-sono-com-a-psi-Maria-Aparecida-1.jpeg\",\"articleSection\":[\"Quadradinho em Foco\"],\"inLanguage\":\"pt-BR\"},{\"@type\":\"WebPage\",\"@id\":\"https:\\\/\\\/www.notibras.com\\\/site\\\/cuidado-continuo-para-pacientes-com-dor-cronica\\\/\",\"url\":\"https:\\\/\\\/www.notibras.com\\\/site\\\/cuidado-continuo-para-pacientes-com-dor-cronica\\\/\",\"name\":\"Cuidado cont\u00ednuo para pacientes com dor cr\u00f4nica - Notibras\",\"isPartOf\":{\"@id\":\"https:\\\/\\\/www.notibras.com\\\/site\\\/#website\"},\"primaryImageOfPage\":{\"@id\":\"https:\\\/\\\/www.notibras.com\\\/site\\\/cuidado-continuo-para-pacientes-com-dor-cronica\\\/#primaryimage\"},\"image\":{\"@id\":\"https:\\\/\\\/www.notibras.com\\\/site\\\/cuidado-continuo-para-pacientes-com-dor-cronica\\\/#primaryimage\"},\"thumbnailUrl\":\"https:\\\/\\\/www.notibras.com\\\/site\\\/wp-content\\\/uploads\\\/2025\\\/12\\\/Higiene-do-sono-com-a-psi-Maria-Aparecida-1.jpeg\",\"datePublished\":\"2025-12-16T03:15:28+00:00\",\"breadcrumb\":{\"@id\":\"https:\\\/\\\/www.notibras.com\\\/site\\\/cuidado-continuo-para-pacientes-com-dor-cronica\\\/#breadcrumb\"},\"inLanguage\":\"pt-BR\",\"potentialAction\":[{\"@type\":\"ReadAction\",\"target\":[\"https:\\\/\\\/www.notibras.com\\\/site\\\/cuidado-continuo-para-pacientes-com-dor-cronica\\\/\"]}]},{\"@type\":\"ImageObject\",\"inLanguage\":\"pt-BR\",\"@id\":\"https:\\\/\\\/www.notibras.com\\\/site\\\/cuidado-continuo-para-pacientes-com-dor-cronica\\\/#primaryimage\",\"url\":\"https:\\\/\\\/www.notibras.com\\\/site\\\/wp-content\\\/uploads\\\/2025\\\/12\\\/Higiene-do-sono-com-a-psi-Maria-Aparecida-1.jpeg\",\"contentUrl\":\"https:\\\/\\\/www.notibras.com\\\/site\\\/wp-content\\\/uploads\\\/2025\\\/12\\\/Higiene-do-sono-com-a-psi-Maria-Aparecida-1.jpeg\",\"width\":1600,\"height\":1200},{\"@type\":\"BreadcrumbList\",\"@id\":\"https:\\\/\\\/www.notibras.com\\\/site\\\/cuidado-continuo-para-pacientes-com-dor-cronica\\\/#breadcrumb\",\"itemListElement\":[{\"@type\":\"ListItem\",\"position\":1,\"name\":\"In\u00edcio\",\"item\":\"https:\\\/\\\/www.notibras.com\\\/site\\\/\"},{\"@type\":\"ListItem\",\"position\":2,\"name\":\"Cuidado cont\u00ednuo para pacientes com dor cr\u00f4nica\"}]},{\"@type\":\"WebSite\",\"@id\":\"https:\\\/\\\/www.notibras.com\\\/site\\\/#website\",\"url\":\"https:\\\/\\\/www.notibras.com\\\/site\\\/\",\"name\":\"Notibras\",\"description\":\"Not\u00edcias de Bras\u00edlia, do Brasil e do Mundo\",\"publisher\":{\"@id\":\"https:\\\/\\\/www.notibras.com\\\/site\\\/#organization\"},\"potentialAction\":[{\"@type\":\"SearchAction\",\"target\":{\"@type\":\"EntryPoint\",\"urlTemplate\":\"https:\\\/\\\/www.notibras.com\\\/site\\\/?s={search_term_string}\"},\"query-input\":{\"@type\":\"PropertyValueSpecification\",\"valueRequired\":true,\"valueName\":\"search_term_string\"}}],\"inLanguage\":\"pt-BR\"},{\"@type\":\"Organization\",\"@id\":\"https:\\\/\\\/www.notibras.com\\\/site\\\/#organization\",\"name\":\"Grupo Notibras de Comunica\u00e7\u00e3o\",\"url\":\"https:\\\/\\\/www.notibras.com\\\/site\\\/\",\"logo\":{\"@type\":\"ImageObject\",\"inLanguage\":\"pt-BR\",\"@id\":\"https:\\\/\\\/www.notibras.com\\\/site\\\/#\\\/schema\\\/logo\\\/image\\\/\",\"url\":\"https:\\\/\\\/www.notibras.com\\\/site\\\/wp-content\\\/uploads\\\/2023\\\/01\\\/notibras23.png\",\"contentUrl\":\"https:\\\/\\\/www.notibras.com\\\/site\\\/wp-content\\\/uploads\\\/2023\\\/01\\\/notibras23.png\",\"width\":350,\"height\":87,\"caption\":\"Grupo Notibras de Comunica\u00e7\u00e3o\"},\"image\":{\"@id\":\"https:\\\/\\\/www.notibras.com\\\/site\\\/#\\\/schema\\\/logo\\\/image\\\/\"},\"sameAs\":[\"https:\\\/\\\/www.facebook.com\\\/notibras\\\/\",\"https:\\\/\\\/x.com\\\/Notibras\",\"https:\\\/\\\/www.instagram.com\\\/notibras\\\/\"]},{\"@type\":\"Person\",\"@id\":\"https:\\\/\\\/www.notibras.com\\\/site\\\/#\\\/schema\\\/person\\\/5b7fabf2aedc3ada2105f03b22b4d3dd\",\"name\":\"Eduardo Mart\u00ednez\",\"image\":{\"@type\":\"ImageObject\",\"inLanguage\":\"pt-BR\",\"@id\":\"https:\\\/\\\/secure.gravatar.com\\\/avatar\\\/7902f906289926289cbcda644b5197c796b893c6ffd7b9a536a42d290f7704a0?s=96&d=mm&r=g\",\"url\":\"https:\\\/\\\/secure.gravatar.com\\\/avatar\\\/7902f906289926289cbcda644b5197c796b893c6ffd7b9a536a42d290f7704a0?s=96&d=mm&r=g\",\"contentUrl\":\"https:\\\/\\\/secure.gravatar.com\\\/avatar\\\/7902f906289926289cbcda644b5197c796b893c6ffd7b9a536a42d290f7704a0?s=96&d=mm&r=g\",\"caption\":\"Eduardo Mart\u00ednez\"}}]}<\/script>\n<!-- \/ Yoast SEO plugin. -->","yoast_head_json":{"title":"Cuidado cont\u00ednuo para pacientes com dor cr\u00f4nica - Notibras","robots":{"index":"index","follow":"follow","max-snippet":"max-snippet:-1","max-image-preview":"max-image-preview:large","max-video-preview":"max-video-preview:-1"},"canonical":"https:\/\/www.notibras.com\/site\/cuidado-continuo-para-pacientes-com-dor-cronica\/","og_locale":"pt_BR","og_type":"article","og_title":"Cuidado cont\u00ednuo para pacientes com dor cr\u00f4nica - Notibras","og_description":"Todas as semanas, Vanda Linhares sai de casa, em Valpar\u00edso (GO), com um objetivo claro: n\u00e3o faltar aos encontros do grupo terap\u00eautico para pessoas com dor cr\u00f4nica do Hospital Regional de Santa Maria (HRSM). Diagnosticada com depress\u00e3o grave e em investiga\u00e7\u00e3o para fibromialgia, ela encontrou no projeto um espa\u00e7o de acolhimento, aprendizado e al\u00edvio. \u201cEste [&hellip;]","og_url":"https:\/\/www.notibras.com\/site\/cuidado-continuo-para-pacientes-com-dor-cronica\/","og_site_name":"Notibras","article_publisher":"https:\/\/www.facebook.com\/notibras\/","article_published_time":"2025-12-16T03:15:28+00:00","og_image":[{"width":1600,"height":1200,"url":"https:\/\/www.notibras.com\/site\/wp-content\/uploads\/2025\/12\/Higiene-do-sono-com-a-psi-Maria-Aparecida-1.jpeg","type":"image\/jpeg"}],"author":"Eduardo Mart\u00ednez","twitter_card":"summary_large_image","twitter_creator":"@Notibras","twitter_site":"@Notibras","twitter_misc":{"Escrito por":"Eduardo Mart\u00ednez","Est. tempo de leitura":"3 minutos"},"schema":{"@context":"https:\/\/schema.org","@graph":[{"@type":"Article","@id":"https:\/\/www.notibras.com\/site\/cuidado-continuo-para-pacientes-com-dor-cronica\/#article","isPartOf":{"@id":"https:\/\/www.notibras.com\/site\/cuidado-continuo-para-pacientes-com-dor-cronica\/"},"author":{"name":"Eduardo Mart\u00ednez","@id":"https:\/\/www.notibras.com\/site\/#\/schema\/person\/5b7fabf2aedc3ada2105f03b22b4d3dd"},"headline":"Cuidado cont\u00ednuo para pacientes com dor cr\u00f4nica","datePublished":"2025-12-16T03:15:28+00:00","mainEntityOfPage":{"@id":"https:\/\/www.notibras.com\/site\/cuidado-continuo-para-pacientes-com-dor-cronica\/"},"wordCount":517,"publisher":{"@id":"https:\/\/www.notibras.com\/site\/#organization"},"image":{"@id":"https:\/\/www.notibras.com\/site\/cuidado-continuo-para-pacientes-com-dor-cronica\/#primaryimage"},"thumbnailUrl":"https:\/\/www.notibras.com\/site\/wp-content\/uploads\/2025\/12\/Higiene-do-sono-com-a-psi-Maria-Aparecida-1.jpeg","articleSection":["Quadradinho em Foco"],"inLanguage":"pt-BR"},{"@type":"WebPage","@id":"https:\/\/www.notibras.com\/site\/cuidado-continuo-para-pacientes-com-dor-cronica\/","url":"https:\/\/www.notibras.com\/site\/cuidado-continuo-para-pacientes-com-dor-cronica\/","name":"Cuidado cont\u00ednuo para pacientes com dor cr\u00f4nica - Notibras","isPartOf":{"@id":"https:\/\/www.notibras.com\/site\/#website"},"primaryImageOfPage":{"@id":"https:\/\/www.notibras.com\/site\/cuidado-continuo-para-pacientes-com-dor-cronica\/#primaryimage"},"image":{"@id":"https:\/\/www.notibras.com\/site\/cuidado-continuo-para-pacientes-com-dor-cronica\/#primaryimage"},"thumbnailUrl":"https:\/\/www.notibras.com\/site\/wp-content\/uploads\/2025\/12\/Higiene-do-sono-com-a-psi-Maria-Aparecida-1.jpeg","datePublished":"2025-12-16T03:15:28+00:00","breadcrumb":{"@id":"https:\/\/www.notibras.com\/site\/cuidado-continuo-para-pacientes-com-dor-cronica\/#breadcrumb"},"inLanguage":"pt-BR","potentialAction":[{"@type":"ReadAction","target":["https:\/\/www.notibras.com\/site\/cuidado-continuo-para-pacientes-com-dor-cronica\/"]}]},{"@type":"ImageObject","inLanguage":"pt-BR","@id":"https:\/\/www.notibras.com\/site\/cuidado-continuo-para-pacientes-com-dor-cronica\/#primaryimage","url":"https:\/\/www.notibras.com\/site\/wp-content\/uploads\/2025\/12\/Higiene-do-sono-com-a-psi-Maria-Aparecida-1.jpeg","contentUrl":"https:\/\/www.notibras.com\/site\/wp-content\/uploads\/2025\/12\/Higiene-do-sono-com-a-psi-Maria-Aparecida-1.jpeg","width":1600,"height":1200},{"@type":"BreadcrumbList","@id":"https:\/\/www.notibras.com\/site\/cuidado-continuo-para-pacientes-com-dor-cronica\/#breadcrumb","itemListElement":[{"@type":"ListItem","position":1,"name":"In\u00edcio","item":"https:\/\/www.notibras.com\/site\/"},{"@type":"ListItem","position":2,"name":"Cuidado cont\u00ednuo para pacientes com dor cr\u00f4nica"}]},{"@type":"WebSite","@id":"https:\/\/www.notibras.com\/site\/#website","url":"https:\/\/www.notibras.com\/site\/","name":"Notibras","description":"Not\u00edcias de Bras\u00edlia, do Brasil e do Mundo","publisher":{"@id":"https:\/\/www.notibras.com\/site\/#organization"},"potentialAction":[{"@type":"SearchAction","target":{"@type":"EntryPoint","urlTemplate":"https:\/\/www.notibras.com\/site\/?s={search_term_string}"},"query-input":{"@type":"PropertyValueSpecification","valueRequired":true,"valueName":"search_term_string"}}],"inLanguage":"pt-BR"},{"@type":"Organization","@id":"https:\/\/www.notibras.com\/site\/#organization","name":"Grupo Notibras de Comunica\u00e7\u00e3o","url":"https:\/\/www.notibras.com\/site\/","logo":{"@type":"ImageObject","inLanguage":"pt-BR","@id":"https:\/\/www.notibras.com\/site\/#\/schema\/logo\/image\/","url":"https:\/\/www.notibras.com\/site\/wp-content\/uploads\/2023\/01\/notibras23.png","contentUrl":"https:\/\/www.notibras.com\/site\/wp-content\/uploads\/2023\/01\/notibras23.png","width":350,"height":87,"caption":"Grupo Notibras de Comunica\u00e7\u00e3o"},"image":{"@id":"https:\/\/www.notibras.com\/site\/#\/schema\/logo\/image\/"},"sameAs":["https:\/\/www.facebook.com\/notibras\/","https:\/\/x.com\/Notibras","https:\/\/www.instagram.com\/notibras\/"]},{"@type":"Person","@id":"https:\/\/www.notibras.com\/site\/#\/schema\/person\/5b7fabf2aedc3ada2105f03b22b4d3dd","name":"Eduardo Mart\u00ednez","image":{"@type":"ImageObject","inLanguage":"pt-BR","@id":"https:\/\/secure.gravatar.com\/avatar\/7902f906289926289cbcda644b5197c796b893c6ffd7b9a536a42d290f7704a0?s=96&d=mm&r=g","url":"https:\/\/secure.gravatar.com\/avatar\/7902f906289926289cbcda644b5197c796b893c6ffd7b9a536a42d290f7704a0?s=96&d=mm&r=g","contentUrl":"https:\/\/secure.gravatar.com\/avatar\/7902f906289926289cbcda644b5197c796b893c6ffd7b9a536a42d290f7704a0?s=96&d=mm&r=g","caption":"Eduardo Mart\u00ednez"}}]}},"amp_enabled":true,"_links":{"self":[{"href":"https:\/\/www.notibras.com\/site\/wp-json\/wp\/v2\/posts\/374988","targetHints":{"allow":["GET"]}}],"collection":[{"href":"https:\/\/www.notibras.com\/site\/wp-json\/wp\/v2\/posts"}],"about":[{"href":"https:\/\/www.notibras.com\/site\/wp-json\/wp\/v2\/types\/post"}],"author":[{"embeddable":true,"href":"https:\/\/www.notibras.com\/site\/wp-json\/wp\/v2\/users\/21"}],"replies":[{"embeddable":true,"href":"https:\/\/www.notibras.com\/site\/wp-json\/wp\/v2\/comments?post=374988"}],"version-history":[{"count":3,"href":"https:\/\/www.notibras.com\/site\/wp-json\/wp\/v2\/posts\/374988\/revisions"}],"predecessor-version":[{"id":374992,"href":"https:\/\/www.notibras.com\/site\/wp-json\/wp\/v2\/posts\/374988\/revisions\/374992"}],"wp:featuredmedia":[{"embeddable":true,"href":"https:\/\/www.notibras.com\/site\/wp-json\/wp\/v2\/media\/374990"}],"wp:attachment":[{"href":"https:\/\/www.notibras.com\/site\/wp-json\/wp\/v2\/media?parent=374988"}],"wp:term":[{"taxonomy":"category","embeddable":true,"href":"https:\/\/www.notibras.com\/site\/wp-json\/wp\/v2\/categories?post=374988"},{"taxonomy":"post_tag","embeddable":true,"href":"https:\/\/www.notibras.com\/site\/wp-json\/wp\/v2\/tags?post=374988"}],"curies":[{"name":"wp","href":"https:\/\/api.w.org\/{rel}","templated":true}]}}