{"id":374993,"date":"2025-12-16T00:30:15","date_gmt":"2025-12-16T03:30:15","guid":{"rendered":"https:\/\/www.notibras.com\/site\/?p=374993"},"modified":"2025-12-15T19:42:02","modified_gmt":"2025-12-15T22:42:02","slug":"834-vagas-de-emprego-nesta-terca-16","status":"publish","type":"post","link":"https:\/\/www.notibras.com\/site\/834-vagas-de-emprego-nesta-terca-16\/","title":{"rendered":"834 vagas de emprego nesta ter\u00e7a (16)"},"content":{"rendered":"<p>As ag\u00eancias do trabalhador do Distrito Federal est\u00e3o com <a href=\"https:\/\/sedet.df.gov.br\/quadro-de-vagas\">834 oportunidades profissionais<\/a> dispon\u00edveis nesta ter\u00e7a-feira (16). O maior sal\u00e1rio \u00e9 de R$ 3 mil, encontrado em uma vaga para comprador no Guar\u00e1 e em uma para supervisor de vendas sem ponto fixo de trabalho. Para pessoas com defici\u00eancia (PcD), h\u00e1 cinco postos de auxiliar de limpeza na Asa Sul, com oferta de R$ 1.639,44. As chances s\u00e3o reservadas ao p\u00fablico e n\u00e3o cobram experi\u00eancia ou escolaridade.<\/p>\n<p>Em rela\u00e7\u00e3o \u00e0 demanda por novos funcion\u00e1rios, destaque para a \u00e1rea comercial. Est\u00e3o abertas 183 oportunidades para operador de caixa, 182 para repositor de mercadorias, 40 para fiscal de preven\u00e7\u00e3o de perdas, 35 para auxiliar de armazenamento e 30 para atendente de padaria. Os sal\u00e1rios v\u00e3o at\u00e9 R$ 1.814,30 e as empresas ficam em Samambaia, Riacho Fundo, Taguatinga, Recanto das Emas, Plano Piloto, N\u00facleo Bandeirante, \u00c1guas Claras, Planaltina e Santa Maria.<\/p>\n<p>Para participar dos processos seletivos, basta cadastrar o curr\u00edculo no aplicativo da Carteira de Trabalho Digital (CTPS) ou ir a uma das <a href=\"https:\/\/www.sedet.df.gov.br\/telefone-das-unidades-2\">16 ag\u00eancias do trabalhador<\/a>, das 8h \u00e0s 17h, durante a semana. Mesmo que nenhuma das oportunidades do dia seja atraente ao candidato, o cadastro vale para oportunidades futuras, j\u00e1 que o sistema cruza dados dos concorrentes com o perfil que as empresas procuram.<\/p>\n<p>Empregadores e empreendedores que desejem ofertar vagas ou utilizar o espa\u00e7o das ag\u00eancias do trabalhador para as entrevistas podem se cadastrar pessoalmente nas unidades ou pelo e-mail gcv@sedet.df.gov.br. Pode ser utilizado, ainda, o <a href=\"https:\/\/sedet.df.gov.br\/canal-do-empregador\">Canal do Empregador<\/a>, no site da Secretaria de Desenvolvimento Econ\u00f4mico, Trabalho e Renda (Sedet).<\/p>\n","protected":false},"excerpt":{"rendered":"<p>As ag\u00eancias do trabalhador do Distrito Federal est\u00e3o com 834 oportunidades profissionais dispon\u00edveis nesta ter\u00e7a-feira (16). O maior sal\u00e1rio \u00e9 de R$ 3 mil, encontrado em uma vaga para comprador no Guar\u00e1 e em uma para supervisor de vendas sem ponto fixo de trabalho. Para pessoas com defici\u00eancia (PcD), h\u00e1 cinco postos de auxiliar de [&hellip;]<\/p>\n","protected":false},"author":21,"featured_media":374994,"comment_status":"closed","ping_status":"closed","sticky":false,"template":"","format":"standard","meta":{"_acf_changed":false,"footnotes":""},"categories":[161],"tags":[],"class_list":["post-374993","post","type-post","status-publish","format-standard","has-post-thumbnail","hentry","category-quadradinho-em-foco"],"acf":[],"yoast_head":"<!-- This site is optimized with the Yoast SEO plugin v27.5 - https:\/\/yoast.com\/product\/yoast-seo-wordpress\/ -->\n<title>834 vagas de emprego nesta ter\u00e7a (16) - Notibras<\/title>\n<meta name=\"robots\" content=\"index, follow, max-snippet:-1, max-image-preview:large, max-video-preview:-1\" \/>\n<link rel=\"canonical\" href=\"https:\/\/www.notibras.com\/site\/834-vagas-de-emprego-nesta-terca-16\/\" \/>\n<meta property=\"og:locale\" content=\"pt_BR\" \/>\n<meta property=\"og:type\" content=\"article\" \/>\n<meta property=\"og:title\" content=\"834 vagas de emprego nesta ter\u00e7a (16) - Notibras\" \/>\n<meta property=\"og:description\" content=\"As ag\u00eancias do trabalhador do Distrito Federal est\u00e3o com 834 oportunidades profissionais dispon\u00edveis nesta ter\u00e7a-feira (16). O maior sal\u00e1rio \u00e9 de R$ 3 mil, encontrado em uma vaga para comprador no Guar\u00e1 e em uma para supervisor de vendas sem ponto fixo de trabalho. Para pessoas com defici\u00eancia (PcD), h\u00e1 cinco postos de auxiliar de [&hellip;]\" \/>\n<meta property=\"og:url\" content=\"https:\/\/www.notibras.com\/site\/834-vagas-de-emprego-nesta-terca-16\/\" \/>\n<meta property=\"og:site_name\" content=\"Notibras\" \/>\n<meta property=\"article:publisher\" content=\"https:\/\/www.facebook.com\/notibras\/\" \/>\n<meta property=\"article:published_time\" content=\"2025-12-16T03:30:15+00:00\" \/>\n<meta property=\"og:image\" content=\"https:\/\/www.notibras.com\/site\/wp-content\/uploads\/2025\/12\/Carteira-de-trabalho.-Foto-Divulgacao-1.jpeg\" \/>\n\t<meta property=\"og:image:width\" content=\"740\" \/>\n\t<meta property=\"og:image:height\" content=\"768\" \/>\n\t<meta property=\"og:image:type\" content=\"image\/jpeg\" \/>\n<meta name=\"author\" content=\"Eduardo Mart\u00ednez\" \/>\n<meta name=\"twitter:card\" content=\"summary_large_image\" \/>\n<meta name=\"twitter:creator\" content=\"@Notibras\" \/>\n<meta name=\"twitter:site\" content=\"@Notibras\" \/>\n<meta name=\"twitter:label1\" content=\"Escrito por\" \/>\n\t<meta name=\"twitter:data1\" content=\"Eduardo Mart\u00ednez\" \/>\n\t<meta name=\"twitter:label2\" content=\"Est. tempo de leitura\" \/>\n\t<meta name=\"twitter:data2\" content=\"2 minutos\" \/>\n<script type=\"application\/ld+json\" class=\"yoast-schema-graph\">{\"@context\":\"https:\\\/\\\/schema.org\",\"@graph\":[{\"@type\":\"Article\",\"@id\":\"https:\\\/\\\/www.notibras.com\\\/site\\\/834-vagas-de-emprego-nesta-terca-16\\\/#article\",\"isPartOf\":{\"@id\":\"https:\\\/\\\/www.notibras.com\\\/site\\\/834-vagas-de-emprego-nesta-terca-16\\\/\"},\"author\":{\"name\":\"Eduardo Mart\u00ednez\",\"@id\":\"https:\\\/\\\/www.notibras.com\\\/site\\\/#\\\/schema\\\/person\\\/5b7fabf2aedc3ada2105f03b22b4d3dd\"},\"headline\":\"834 vagas de emprego nesta ter\u00e7a (16)\",\"datePublished\":\"2025-12-16T03:30:15+00:00\",\"mainEntityOfPage\":{\"@id\":\"https:\\\/\\\/www.notibras.com\\\/site\\\/834-vagas-de-emprego-nesta-terca-16\\\/\"},\"wordCount\":278,\"publisher\":{\"@id\":\"https:\\\/\\\/www.notibras.com\\\/site\\\/#organization\"},\"image\":{\"@id\":\"https:\\\/\\\/www.notibras.com\\\/site\\\/834-vagas-de-emprego-nesta-terca-16\\\/#primaryimage\"},\"thumbnailUrl\":\"https:\\\/\\\/www.notibras.com\\\/site\\\/wp-content\\\/uploads\\\/2025\\\/12\\\/Carteira-de-trabalho.-Foto-Divulgacao-1.jpeg\",\"articleSection\":[\"Quadradinho em Foco\"],\"inLanguage\":\"pt-BR\"},{\"@type\":\"WebPage\",\"@id\":\"https:\\\/\\\/www.notibras.com\\\/site\\\/834-vagas-de-emprego-nesta-terca-16\\\/\",\"url\":\"https:\\\/\\\/www.notibras.com\\\/site\\\/834-vagas-de-emprego-nesta-terca-16\\\/\",\"name\":\"834 vagas de emprego nesta ter\u00e7a (16) - Notibras\",\"isPartOf\":{\"@id\":\"https:\\\/\\\/www.notibras.com\\\/site\\\/#website\"},\"primaryImageOfPage\":{\"@id\":\"https:\\\/\\\/www.notibras.com\\\/site\\\/834-vagas-de-emprego-nesta-terca-16\\\/#primaryimage\"},\"image\":{\"@id\":\"https:\\\/\\\/www.notibras.com\\\/site\\\/834-vagas-de-emprego-nesta-terca-16\\\/#primaryimage\"},\"thumbnailUrl\":\"https:\\\/\\\/www.notibras.com\\\/site\\\/wp-content\\\/uploads\\\/2025\\\/12\\\/Carteira-de-trabalho.-Foto-Divulgacao-1.jpeg\",\"datePublished\":\"2025-12-16T03:30:15+00:00\",\"breadcrumb\":{\"@id\":\"https:\\\/\\\/www.notibras.com\\\/site\\\/834-vagas-de-emprego-nesta-terca-16\\\/#breadcrumb\"},\"inLanguage\":\"pt-BR\",\"potentialAction\":[{\"@type\":\"ReadAction\",\"target\":[\"https:\\\/\\\/www.notibras.com\\\/site\\\/834-vagas-de-emprego-nesta-terca-16\\\/\"]}]},{\"@type\":\"ImageObject\",\"inLanguage\":\"pt-BR\",\"@id\":\"https:\\\/\\\/www.notibras.com\\\/site\\\/834-vagas-de-emprego-nesta-terca-16\\\/#primaryimage\",\"url\":\"https:\\\/\\\/www.notibras.com\\\/site\\\/wp-content\\\/uploads\\\/2025\\\/12\\\/Carteira-de-trabalho.-Foto-Divulgacao-1.jpeg\",\"contentUrl\":\"https:\\\/\\\/www.notibras.com\\\/site\\\/wp-content\\\/uploads\\\/2025\\\/12\\\/Carteira-de-trabalho.-Foto-Divulgacao-1.jpeg\",\"width\":740,\"height\":768},{\"@type\":\"BreadcrumbList\",\"@id\":\"https:\\\/\\\/www.notibras.com\\\/site\\\/834-vagas-de-emprego-nesta-terca-16\\\/#breadcrumb\",\"itemListElement\":[{\"@type\":\"ListItem\",\"position\":1,\"name\":\"In\u00edcio\",\"item\":\"https:\\\/\\\/www.notibras.com\\\/site\\\/\"},{\"@type\":\"ListItem\",\"position\":2,\"name\":\"834 vagas de emprego nesta ter\u00e7a (16)\"}]},{\"@type\":\"WebSite\",\"@id\":\"https:\\\/\\\/www.notibras.com\\\/site\\\/#website\",\"url\":\"https:\\\/\\\/www.notibras.com\\\/site\\\/\",\"name\":\"Notibras\",\"description\":\"Not\u00edcias de Bras\u00edlia, do Brasil e do Mundo\",\"publisher\":{\"@id\":\"https:\\\/\\\/www.notibras.com\\\/site\\\/#organization\"},\"potentialAction\":[{\"@type\":\"SearchAction\",\"target\":{\"@type\":\"EntryPoint\",\"urlTemplate\":\"https:\\\/\\\/www.notibras.com\\\/site\\\/?s={search_term_string}\"},\"query-input\":{\"@type\":\"PropertyValueSpecification\",\"valueRequired\":true,\"valueName\":\"search_term_string\"}}],\"inLanguage\":\"pt-BR\"},{\"@type\":\"Organization\",\"@id\":\"https:\\\/\\\/www.notibras.com\\\/site\\\/#organization\",\"name\":\"Grupo Notibras de Comunica\u00e7\u00e3o\",\"url\":\"https:\\\/\\\/www.notibras.com\\\/site\\\/\",\"logo\":{\"@type\":\"ImageObject\",\"inLanguage\":\"pt-BR\",\"@id\":\"https:\\\/\\\/www.notibras.com\\\/site\\\/#\\\/schema\\\/logo\\\/image\\\/\",\"url\":\"https:\\\/\\\/www.notibras.com\\\/site\\\/wp-content\\\/uploads\\\/2023\\\/01\\\/notibras23.png\",\"contentUrl\":\"https:\\\/\\\/www.notibras.com\\\/site\\\/wp-content\\\/uploads\\\/2023\\\/01\\\/notibras23.png\",\"width\":350,\"height\":87,\"caption\":\"Grupo Notibras de Comunica\u00e7\u00e3o\"},\"image\":{\"@id\":\"https:\\\/\\\/www.notibras.com\\\/site\\\/#\\\/schema\\\/logo\\\/image\\\/\"},\"sameAs\":[\"https:\\\/\\\/www.facebook.com\\\/notibras\\\/\",\"https:\\\/\\\/x.com\\\/Notibras\",\"https:\\\/\\\/www.instagram.com\\\/notibras\\\/\"]},{\"@type\":\"Person\",\"@id\":\"https:\\\/\\\/www.notibras.com\\\/site\\\/#\\\/schema\\\/person\\\/5b7fabf2aedc3ada2105f03b22b4d3dd\",\"name\":\"Eduardo Mart\u00ednez\",\"image\":{\"@type\":\"ImageObject\",\"inLanguage\":\"pt-BR\",\"@id\":\"https:\\\/\\\/secure.gravatar.com\\\/avatar\\\/7902f906289926289cbcda644b5197c796b893c6ffd7b9a536a42d290f7704a0?s=96&d=mm&r=g\",\"url\":\"https:\\\/\\\/secure.gravatar.com\\\/avatar\\\/7902f906289926289cbcda644b5197c796b893c6ffd7b9a536a42d290f7704a0?s=96&d=mm&r=g\",\"contentUrl\":\"https:\\\/\\\/secure.gravatar.com\\\/avatar\\\/7902f906289926289cbcda644b5197c796b893c6ffd7b9a536a42d290f7704a0?s=96&d=mm&r=g\",\"caption\":\"Eduardo Mart\u00ednez\"}}]}<\/script>\n<!-- \/ Yoast SEO plugin. -->","yoast_head_json":{"title":"834 vagas de emprego nesta ter\u00e7a (16) - Notibras","robots":{"index":"index","follow":"follow","max-snippet":"max-snippet:-1","max-image-preview":"max-image-preview:large","max-video-preview":"max-video-preview:-1"},"canonical":"https:\/\/www.notibras.com\/site\/834-vagas-de-emprego-nesta-terca-16\/","og_locale":"pt_BR","og_type":"article","og_title":"834 vagas de emprego nesta ter\u00e7a (16) - Notibras","og_description":"As ag\u00eancias do trabalhador do Distrito Federal est\u00e3o com 834 oportunidades profissionais dispon\u00edveis nesta ter\u00e7a-feira (16). O maior sal\u00e1rio \u00e9 de R$ 3 mil, encontrado em uma vaga para comprador no Guar\u00e1 e em uma para supervisor de vendas sem ponto fixo de trabalho. Para pessoas com defici\u00eancia (PcD), h\u00e1 cinco postos de auxiliar de [&hellip;]","og_url":"https:\/\/www.notibras.com\/site\/834-vagas-de-emprego-nesta-terca-16\/","og_site_name":"Notibras","article_publisher":"https:\/\/www.facebook.com\/notibras\/","article_published_time":"2025-12-16T03:30:15+00:00","og_image":[{"width":740,"height":768,"url":"https:\/\/www.notibras.com\/site\/wp-content\/uploads\/2025\/12\/Carteira-de-trabalho.-Foto-Divulgacao-1.jpeg","type":"image\/jpeg"}],"author":"Eduardo Mart\u00ednez","twitter_card":"summary_large_image","twitter_creator":"@Notibras","twitter_site":"@Notibras","twitter_misc":{"Escrito por":"Eduardo Mart\u00ednez","Est. tempo de leitura":"2 minutos"},"schema":{"@context":"https:\/\/schema.org","@graph":[{"@type":"Article","@id":"https:\/\/www.notibras.com\/site\/834-vagas-de-emprego-nesta-terca-16\/#article","isPartOf":{"@id":"https:\/\/www.notibras.com\/site\/834-vagas-de-emprego-nesta-terca-16\/"},"author":{"name":"Eduardo Mart\u00ednez","@id":"https:\/\/www.notibras.com\/site\/#\/schema\/person\/5b7fabf2aedc3ada2105f03b22b4d3dd"},"headline":"834 vagas de emprego nesta ter\u00e7a (16)","datePublished":"2025-12-16T03:30:15+00:00","mainEntityOfPage":{"@id":"https:\/\/www.notibras.com\/site\/834-vagas-de-emprego-nesta-terca-16\/"},"wordCount":278,"publisher":{"@id":"https:\/\/www.notibras.com\/site\/#organization"},"image":{"@id":"https:\/\/www.notibras.com\/site\/834-vagas-de-emprego-nesta-terca-16\/#primaryimage"},"thumbnailUrl":"https:\/\/www.notibras.com\/site\/wp-content\/uploads\/2025\/12\/Carteira-de-trabalho.-Foto-Divulgacao-1.jpeg","articleSection":["Quadradinho em Foco"],"inLanguage":"pt-BR"},{"@type":"WebPage","@id":"https:\/\/www.notibras.com\/site\/834-vagas-de-emprego-nesta-terca-16\/","url":"https:\/\/www.notibras.com\/site\/834-vagas-de-emprego-nesta-terca-16\/","name":"834 vagas de emprego nesta ter\u00e7a (16) - Notibras","isPartOf":{"@id":"https:\/\/www.notibras.com\/site\/#website"},"primaryImageOfPage":{"@id":"https:\/\/www.notibras.com\/site\/834-vagas-de-emprego-nesta-terca-16\/#primaryimage"},"image":{"@id":"https:\/\/www.notibras.com\/site\/834-vagas-de-emprego-nesta-terca-16\/#primaryimage"},"thumbnailUrl":"https:\/\/www.notibras.com\/site\/wp-content\/uploads\/2025\/12\/Carteira-de-trabalho.-Foto-Divulgacao-1.jpeg","datePublished":"2025-12-16T03:30:15+00:00","breadcrumb":{"@id":"https:\/\/www.notibras.com\/site\/834-vagas-de-emprego-nesta-terca-16\/#breadcrumb"},"inLanguage":"pt-BR","potentialAction":[{"@type":"ReadAction","target":["https:\/\/www.notibras.com\/site\/834-vagas-de-emprego-nesta-terca-16\/"]}]},{"@type":"ImageObject","inLanguage":"pt-BR","@id":"https:\/\/www.notibras.com\/site\/834-vagas-de-emprego-nesta-terca-16\/#primaryimage","url":"https:\/\/www.notibras.com\/site\/wp-content\/uploads\/2025\/12\/Carteira-de-trabalho.-Foto-Divulgacao-1.jpeg","contentUrl":"https:\/\/www.notibras.com\/site\/wp-content\/uploads\/2025\/12\/Carteira-de-trabalho.-Foto-Divulgacao-1.jpeg","width":740,"height":768},{"@type":"BreadcrumbList","@id":"https:\/\/www.notibras.com\/site\/834-vagas-de-emprego-nesta-terca-16\/#breadcrumb","itemListElement":[{"@type":"ListItem","position":1,"name":"In\u00edcio","item":"https:\/\/www.notibras.com\/site\/"},{"@type":"ListItem","position":2,"name":"834 vagas de emprego nesta ter\u00e7a (16)"}]},{"@type":"WebSite","@id":"https:\/\/www.notibras.com\/site\/#website","url":"https:\/\/www.notibras.com\/site\/","name":"Notibras","description":"Not\u00edcias de Bras\u00edlia, do Brasil e do Mundo","publisher":{"@id":"https:\/\/www.notibras.com\/site\/#organization"},"potentialAction":[{"@type":"SearchAction","target":{"@type":"EntryPoint","urlTemplate":"https:\/\/www.notibras.com\/site\/?s={search_term_string}"},"query-input":{"@type":"PropertyValueSpecification","valueRequired":true,"valueName":"search_term_string"}}],"inLanguage":"pt-BR"},{"@type":"Organization","@id":"https:\/\/www.notibras.com\/site\/#organization","name":"Grupo Notibras de Comunica\u00e7\u00e3o","url":"https:\/\/www.notibras.com\/site\/","logo":{"@type":"ImageObject","inLanguage":"pt-BR","@id":"https:\/\/www.notibras.com\/site\/#\/schema\/logo\/image\/","url":"https:\/\/www.notibras.com\/site\/wp-content\/uploads\/2023\/01\/notibras23.png","contentUrl":"https:\/\/www.notibras.com\/site\/wp-content\/uploads\/2023\/01\/notibras23.png","width":350,"height":87,"caption":"Grupo Notibras de Comunica\u00e7\u00e3o"},"image":{"@id":"https:\/\/www.notibras.com\/site\/#\/schema\/logo\/image\/"},"sameAs":["https:\/\/www.facebook.com\/notibras\/","https:\/\/x.com\/Notibras","https:\/\/www.instagram.com\/notibras\/"]},{"@type":"Person","@id":"https:\/\/www.notibras.com\/site\/#\/schema\/person\/5b7fabf2aedc3ada2105f03b22b4d3dd","name":"Eduardo Mart\u00ednez","image":{"@type":"ImageObject","inLanguage":"pt-BR","@id":"https:\/\/secure.gravatar.com\/avatar\/7902f906289926289cbcda644b5197c796b893c6ffd7b9a536a42d290f7704a0?s=96&d=mm&r=g","url":"https:\/\/secure.gravatar.com\/avatar\/7902f906289926289cbcda644b5197c796b893c6ffd7b9a536a42d290f7704a0?s=96&d=mm&r=g","contentUrl":"https:\/\/secure.gravatar.com\/avatar\/7902f906289926289cbcda644b5197c796b893c6ffd7b9a536a42d290f7704a0?s=96&d=mm&r=g","caption":"Eduardo Mart\u00ednez"}}]}},"amp_enabled":true,"_links":{"self":[{"href":"https:\/\/www.notibras.com\/site\/wp-json\/wp\/v2\/posts\/374993","targetHints":{"allow":["GET"]}}],"collection":[{"href":"https:\/\/www.notibras.com\/site\/wp-json\/wp\/v2\/posts"}],"about":[{"href":"https:\/\/www.notibras.com\/site\/wp-json\/wp\/v2\/types\/post"}],"author":[{"embeddable":true,"href":"https:\/\/www.notibras.com\/site\/wp-json\/wp\/v2\/users\/21"}],"replies":[{"embeddable":true,"href":"https:\/\/www.notibras.com\/site\/wp-json\/wp\/v2\/comments?post=374993"}],"version-history":[{"count":3,"href":"https:\/\/www.notibras.com\/site\/wp-json\/wp\/v2\/posts\/374993\/revisions"}],"predecessor-version":[{"id":374997,"href":"https:\/\/www.notibras.com\/site\/wp-json\/wp\/v2\/posts\/374993\/revisions\/374997"}],"wp:featuredmedia":[{"embeddable":true,"href":"https:\/\/www.notibras.com\/site\/wp-json\/wp\/v2\/media\/374994"}],"wp:attachment":[{"href":"https:\/\/www.notibras.com\/site\/wp-json\/wp\/v2\/media?parent=374993"}],"wp:term":[{"taxonomy":"category","embeddable":true,"href":"https:\/\/www.notibras.com\/site\/wp-json\/wp\/v2\/categories?post=374993"},{"taxonomy":"post_tag","embeddable":true,"href":"https:\/\/www.notibras.com\/site\/wp-json\/wp\/v2\/tags?post=374993"}],"curies":[{"name":"wp","href":"https:\/\/api.w.org\/{rel}","templated":true}]}}