{"id":374998,"date":"2025-12-16T01:00:01","date_gmt":"2025-12-16T04:00:01","guid":{"rendered":"https:\/\/www.notibras.com\/site\/?p=374998"},"modified":"2025-12-15T20:26:08","modified_gmt":"2025-12-15T23:26:08","slug":"servico-de-cirurgia-plastica-soma-quase-mil-atendimentos-mensais","status":"publish","type":"post","link":"https:\/\/www.notibras.com\/site\/servico-de-cirurgia-plastica-soma-quase-mil-atendimentos-mensais\/","title":{"rendered":"Servi\u00e7o de cirurgia pl\u00e1stica soma quase mil atendimentos mensais"},"content":{"rendered":"<p>Funcionando h\u00e1 quase 40 anos, o servi\u00e7o de cirurgia pl\u00e1stica no Hospital Regional da Asa Norte (Hran) acumula hist\u00f3rias de supera\u00e7\u00e3o. S\u00e3o pacientes que tiveram a vida reconstru\u00edda ap\u00f3s procedimentos reparadores. Atualmente, a equipe presta quase mil atendimentos por m\u00eas, abrangendo casos de diferentes complexidades.<\/p>\n<p>Maria do Socorro, 59 anos, \u00e9 uma dessas pacientes. Ela foi atendida h\u00e1 nove anos, ap\u00f3s um acidente de carro que causou m\u00faltiplos traumas pelo corpo. Desde ent\u00e3o, segue acompanhada pelo setor de cirurgia pl\u00e1stica do Hran. \u201cSinto muita gratid\u00e3o a toda a equipe respons\u00e1vel pelo tratamento; todos ajudam com amor e carinho\u201d, comenta.<\/p>\n<p>O cirurgi\u00e3o pl\u00e1stico Ant\u00f4nio Jos\u00e9 Pacheco, do Hran, lembra que o impacto dos procedimentos vai al\u00e9m da sa\u00fade f\u00edsica: \u201cQuando fazemos uma pl\u00e1stica, estamos trabalhando na qualidade de vida das pessoas, devolvendo a autoestima e at\u00e9 a vontade de viver. \u00c9 muito mais que est\u00e9tica. As pessoas sofrem com a apar\u00eancia e com a rejei\u00e7\u00e3o da sociedade\u201d.<\/p>\n<p>\u00c9 o caso da Maria das Gra\u00e7as Gomes, 76, que passou por uma reconstru\u00e7\u00e3o mam\u00e1ria depois de enfrentar um c\u00e2ncer agressivo. \u201cA equipe trouxe minha autoestima de volta\u201d, relatou. \u201cFiquei mutilada por dois anos. Eu n\u00e3o me olhava no espelho, n\u00e3o me arrumava. Hoje, coloco biqu\u00edni, vou \u00e0 praia e curto\u201d.<\/p>\n<p><strong>Como ser atendido<\/strong><\/p>\n<p>As cirurgias pl\u00e1sticas realizadas no Hran incluem os procedimentos em membros, como pernas e bra\u00e7os, contemplando tamb\u00e9m pacientes queimados, fissurados, sequelas de acidentes, al\u00e9m de casos de c\u00e2ncer de pele. Com frequ\u00eancia, a equipe ainda recebe casos de mordidas de animais, principalmente de cachorros.<\/p>\n<p>Por se tratar de um servi\u00e7o especializado, o encaminhamento para a cirurgia pl\u00e1stica \u00e9 feito por meio do Complexo Regulador. O acesso come\u00e7a nas unidades b\u00e1sicas de sa\u00fade (UBSs), que direcionam o paciente \u00e0 consulta com a equipe de cirurgia pl\u00e1stica. Ap\u00f3s a avalia\u00e7\u00e3o da equipe especializada, dependendo da necessidade, \u00e9 feita a inser\u00e7\u00e3o na lista de espera.<\/p>\n","protected":false},"excerpt":{"rendered":"<p>Funcionando h\u00e1 quase 40 anos, o servi\u00e7o de cirurgia pl\u00e1stica no Hospital Regional da Asa Norte (Hran) acumula hist\u00f3rias de supera\u00e7\u00e3o. S\u00e3o pacientes que tiveram a vida reconstru\u00edda ap\u00f3s procedimentos reparadores. Atualmente, a equipe presta quase mil atendimentos por m\u00eas, abrangendo casos de diferentes complexidades. Maria do Socorro, 59 anos, \u00e9 uma dessas pacientes. Ela [&hellip;]<\/p>\n","protected":false},"author":21,"featured_media":374999,"comment_status":"closed","ping_status":"closed","sticky":false,"template":"","format":"standard","meta":{"_acf_changed":false,"footnotes":""},"categories":[161],"tags":[],"class_list":["post-374998","post","type-post","status-publish","format-standard","has-post-thumbnail","hentry","category-quadradinho-em-foco"],"acf":[],"yoast_head":"<!-- This site is optimized with the Yoast SEO plugin v27.5 - https:\/\/yoast.com\/product\/yoast-seo-wordpress\/ -->\n<title>Servi\u00e7o de cirurgia pl\u00e1stica soma quase mil atendimentos mensais - Notibras<\/title>\n<meta name=\"robots\" content=\"index, follow, max-snippet:-1, max-image-preview:large, max-video-preview:-1\" \/>\n<link rel=\"canonical\" href=\"https:\/\/www.notibras.com\/site\/servico-de-cirurgia-plastica-soma-quase-mil-atendimentos-mensais\/\" \/>\n<meta property=\"og:locale\" content=\"pt_BR\" \/>\n<meta property=\"og:type\" content=\"article\" \/>\n<meta property=\"og:title\" content=\"Servi\u00e7o de cirurgia pl\u00e1stica soma quase mil atendimentos mensais - Notibras\" \/>\n<meta property=\"og:description\" content=\"Funcionando h\u00e1 quase 40 anos, o servi\u00e7o de cirurgia pl\u00e1stica no Hospital Regional da Asa Norte (Hran) acumula hist\u00f3rias de supera\u00e7\u00e3o. S\u00e3o pacientes que tiveram a vida reconstru\u00edda ap\u00f3s procedimentos reparadores. Atualmente, a equipe presta quase mil atendimentos por m\u00eas, abrangendo casos de diferentes complexidades. Maria do Socorro, 59 anos, \u00e9 uma dessas pacientes. Ela [&hellip;]\" \/>\n<meta property=\"og:url\" content=\"https:\/\/www.notibras.com\/site\/servico-de-cirurgia-plastica-soma-quase-mil-atendimentos-mensais\/\" \/>\n<meta property=\"og:site_name\" content=\"Notibras\" \/>\n<meta property=\"article:publisher\" content=\"https:\/\/www.facebook.com\/notibras\/\" \/>\n<meta property=\"article:published_time\" content=\"2025-12-16T04:00:01+00:00\" \/>\n<meta property=\"og:image\" content=\"https:\/\/www.notibras.com\/site\/wp-content\/uploads\/2025\/12\/04.12.2024-HRAN-Fotos-Sandro-Araujo_Agencia-Saude-DF.jpg\" \/>\n\t<meta property=\"og:image:width\" content=\"1920\" \/>\n\t<meta property=\"og:image:height\" content=\"1280\" \/>\n\t<meta property=\"og:image:type\" content=\"image\/jpeg\" \/>\n<meta name=\"author\" content=\"Eduardo Mart\u00ednez\" \/>\n<meta name=\"twitter:card\" content=\"summary_large_image\" \/>\n<meta name=\"twitter:creator\" content=\"@Notibras\" \/>\n<meta name=\"twitter:site\" content=\"@Notibras\" \/>\n<meta name=\"twitter:label1\" content=\"Escrito por\" \/>\n\t<meta name=\"twitter:data1\" content=\"Eduardo Mart\u00ednez\" \/>\n\t<meta name=\"twitter:label2\" content=\"Est. tempo de leitura\" \/>\n\t<meta name=\"twitter:data2\" content=\"2 minutos\" \/>\n<script type=\"application\/ld+json\" class=\"yoast-schema-graph\">{\"@context\":\"https:\\\/\\\/schema.org\",\"@graph\":[{\"@type\":\"Article\",\"@id\":\"https:\\\/\\\/www.notibras.com\\\/site\\\/servico-de-cirurgia-plastica-soma-quase-mil-atendimentos-mensais\\\/#article\",\"isPartOf\":{\"@id\":\"https:\\\/\\\/www.notibras.com\\\/site\\\/servico-de-cirurgia-plastica-soma-quase-mil-atendimentos-mensais\\\/\"},\"author\":{\"name\":\"Eduardo Mart\u00ednez\",\"@id\":\"https:\\\/\\\/www.notibras.com\\\/site\\\/#\\\/schema\\\/person\\\/5b7fabf2aedc3ada2105f03b22b4d3dd\"},\"headline\":\"Servi\u00e7o de cirurgia pl\u00e1stica soma quase mil atendimentos mensais\",\"datePublished\":\"2025-12-16T04:00:01+00:00\",\"mainEntityOfPage\":{\"@id\":\"https:\\\/\\\/www.notibras.com\\\/site\\\/servico-de-cirurgia-plastica-soma-quase-mil-atendimentos-mensais\\\/\"},\"wordCount\":359,\"publisher\":{\"@id\":\"https:\\\/\\\/www.notibras.com\\\/site\\\/#organization\"},\"image\":{\"@id\":\"https:\\\/\\\/www.notibras.com\\\/site\\\/servico-de-cirurgia-plastica-soma-quase-mil-atendimentos-mensais\\\/#primaryimage\"},\"thumbnailUrl\":\"https:\\\/\\\/www.notibras.com\\\/site\\\/wp-content\\\/uploads\\\/2025\\\/12\\\/04.12.2024-HRAN-Fotos-Sandro-Araujo_Agencia-Saude-DF.jpg\",\"articleSection\":[\"Quadradinho em Foco\"],\"inLanguage\":\"pt-BR\"},{\"@type\":\"WebPage\",\"@id\":\"https:\\\/\\\/www.notibras.com\\\/site\\\/servico-de-cirurgia-plastica-soma-quase-mil-atendimentos-mensais\\\/\",\"url\":\"https:\\\/\\\/www.notibras.com\\\/site\\\/servico-de-cirurgia-plastica-soma-quase-mil-atendimentos-mensais\\\/\",\"name\":\"Servi\u00e7o de cirurgia pl\u00e1stica soma quase mil atendimentos mensais - Notibras\",\"isPartOf\":{\"@id\":\"https:\\\/\\\/www.notibras.com\\\/site\\\/#website\"},\"primaryImageOfPage\":{\"@id\":\"https:\\\/\\\/www.notibras.com\\\/site\\\/servico-de-cirurgia-plastica-soma-quase-mil-atendimentos-mensais\\\/#primaryimage\"},\"image\":{\"@id\":\"https:\\\/\\\/www.notibras.com\\\/site\\\/servico-de-cirurgia-plastica-soma-quase-mil-atendimentos-mensais\\\/#primaryimage\"},\"thumbnailUrl\":\"https:\\\/\\\/www.notibras.com\\\/site\\\/wp-content\\\/uploads\\\/2025\\\/12\\\/04.12.2024-HRAN-Fotos-Sandro-Araujo_Agencia-Saude-DF.jpg\",\"datePublished\":\"2025-12-16T04:00:01+00:00\",\"breadcrumb\":{\"@id\":\"https:\\\/\\\/www.notibras.com\\\/site\\\/servico-de-cirurgia-plastica-soma-quase-mil-atendimentos-mensais\\\/#breadcrumb\"},\"inLanguage\":\"pt-BR\",\"potentialAction\":[{\"@type\":\"ReadAction\",\"target\":[\"https:\\\/\\\/www.notibras.com\\\/site\\\/servico-de-cirurgia-plastica-soma-quase-mil-atendimentos-mensais\\\/\"]}]},{\"@type\":\"ImageObject\",\"inLanguage\":\"pt-BR\",\"@id\":\"https:\\\/\\\/www.notibras.com\\\/site\\\/servico-de-cirurgia-plastica-soma-quase-mil-atendimentos-mensais\\\/#primaryimage\",\"url\":\"https:\\\/\\\/www.notibras.com\\\/site\\\/wp-content\\\/uploads\\\/2025\\\/12\\\/04.12.2024-HRAN-Fotos-Sandro-Araujo_Agencia-Saude-DF.jpg\",\"contentUrl\":\"https:\\\/\\\/www.notibras.com\\\/site\\\/wp-content\\\/uploads\\\/2025\\\/12\\\/04.12.2024-HRAN-Fotos-Sandro-Araujo_Agencia-Saude-DF.jpg\",\"width\":1920,\"height\":1280},{\"@type\":\"BreadcrumbList\",\"@id\":\"https:\\\/\\\/www.notibras.com\\\/site\\\/servico-de-cirurgia-plastica-soma-quase-mil-atendimentos-mensais\\\/#breadcrumb\",\"itemListElement\":[{\"@type\":\"ListItem\",\"position\":1,\"name\":\"In\u00edcio\",\"item\":\"https:\\\/\\\/www.notibras.com\\\/site\\\/\"},{\"@type\":\"ListItem\",\"position\":2,\"name\":\"Servi\u00e7o de cirurgia pl\u00e1stica soma quase mil atendimentos mensais\"}]},{\"@type\":\"WebSite\",\"@id\":\"https:\\\/\\\/www.notibras.com\\\/site\\\/#website\",\"url\":\"https:\\\/\\\/www.notibras.com\\\/site\\\/\",\"name\":\"Notibras\",\"description\":\"Not\u00edcias de Bras\u00edlia, do Brasil e do Mundo\",\"publisher\":{\"@id\":\"https:\\\/\\\/www.notibras.com\\\/site\\\/#organization\"},\"potentialAction\":[{\"@type\":\"SearchAction\",\"target\":{\"@type\":\"EntryPoint\",\"urlTemplate\":\"https:\\\/\\\/www.notibras.com\\\/site\\\/?s={search_term_string}\"},\"query-input\":{\"@type\":\"PropertyValueSpecification\",\"valueRequired\":true,\"valueName\":\"search_term_string\"}}],\"inLanguage\":\"pt-BR\"},{\"@type\":\"Organization\",\"@id\":\"https:\\\/\\\/www.notibras.com\\\/site\\\/#organization\",\"name\":\"Grupo Notibras de Comunica\u00e7\u00e3o\",\"url\":\"https:\\\/\\\/www.notibras.com\\\/site\\\/\",\"logo\":{\"@type\":\"ImageObject\",\"inLanguage\":\"pt-BR\",\"@id\":\"https:\\\/\\\/www.notibras.com\\\/site\\\/#\\\/schema\\\/logo\\\/image\\\/\",\"url\":\"https:\\\/\\\/www.notibras.com\\\/site\\\/wp-content\\\/uploads\\\/2023\\\/01\\\/notibras23.png\",\"contentUrl\":\"https:\\\/\\\/www.notibras.com\\\/site\\\/wp-content\\\/uploads\\\/2023\\\/01\\\/notibras23.png\",\"width\":350,\"height\":87,\"caption\":\"Grupo Notibras de Comunica\u00e7\u00e3o\"},\"image\":{\"@id\":\"https:\\\/\\\/www.notibras.com\\\/site\\\/#\\\/schema\\\/logo\\\/image\\\/\"},\"sameAs\":[\"https:\\\/\\\/www.facebook.com\\\/notibras\\\/\",\"https:\\\/\\\/x.com\\\/Notibras\",\"https:\\\/\\\/www.instagram.com\\\/notibras\\\/\"]},{\"@type\":\"Person\",\"@id\":\"https:\\\/\\\/www.notibras.com\\\/site\\\/#\\\/schema\\\/person\\\/5b7fabf2aedc3ada2105f03b22b4d3dd\",\"name\":\"Eduardo Mart\u00ednez\",\"image\":{\"@type\":\"ImageObject\",\"inLanguage\":\"pt-BR\",\"@id\":\"https:\\\/\\\/secure.gravatar.com\\\/avatar\\\/7902f906289926289cbcda644b5197c796b893c6ffd7b9a536a42d290f7704a0?s=96&d=mm&r=g\",\"url\":\"https:\\\/\\\/secure.gravatar.com\\\/avatar\\\/7902f906289926289cbcda644b5197c796b893c6ffd7b9a536a42d290f7704a0?s=96&d=mm&r=g\",\"contentUrl\":\"https:\\\/\\\/secure.gravatar.com\\\/avatar\\\/7902f906289926289cbcda644b5197c796b893c6ffd7b9a536a42d290f7704a0?s=96&d=mm&r=g\",\"caption\":\"Eduardo Mart\u00ednez\"}}]}<\/script>\n<!-- \/ Yoast SEO plugin. -->","yoast_head_json":{"title":"Servi\u00e7o de cirurgia pl\u00e1stica soma quase mil atendimentos mensais - Notibras","robots":{"index":"index","follow":"follow","max-snippet":"max-snippet:-1","max-image-preview":"max-image-preview:large","max-video-preview":"max-video-preview:-1"},"canonical":"https:\/\/www.notibras.com\/site\/servico-de-cirurgia-plastica-soma-quase-mil-atendimentos-mensais\/","og_locale":"pt_BR","og_type":"article","og_title":"Servi\u00e7o de cirurgia pl\u00e1stica soma quase mil atendimentos mensais - Notibras","og_description":"Funcionando h\u00e1 quase 40 anos, o servi\u00e7o de cirurgia pl\u00e1stica no Hospital Regional da Asa Norte (Hran) acumula hist\u00f3rias de supera\u00e7\u00e3o. S\u00e3o pacientes que tiveram a vida reconstru\u00edda ap\u00f3s procedimentos reparadores. Atualmente, a equipe presta quase mil atendimentos por m\u00eas, abrangendo casos de diferentes complexidades. Maria do Socorro, 59 anos, \u00e9 uma dessas pacientes. Ela [&hellip;]","og_url":"https:\/\/www.notibras.com\/site\/servico-de-cirurgia-plastica-soma-quase-mil-atendimentos-mensais\/","og_site_name":"Notibras","article_publisher":"https:\/\/www.facebook.com\/notibras\/","article_published_time":"2025-12-16T04:00:01+00:00","og_image":[{"width":1920,"height":1280,"url":"https:\/\/www.notibras.com\/site\/wp-content\/uploads\/2025\/12\/04.12.2024-HRAN-Fotos-Sandro-Araujo_Agencia-Saude-DF.jpg","type":"image\/jpeg"}],"author":"Eduardo Mart\u00ednez","twitter_card":"summary_large_image","twitter_creator":"@Notibras","twitter_site":"@Notibras","twitter_misc":{"Escrito por":"Eduardo Mart\u00ednez","Est. tempo de leitura":"2 minutos"},"schema":{"@context":"https:\/\/schema.org","@graph":[{"@type":"Article","@id":"https:\/\/www.notibras.com\/site\/servico-de-cirurgia-plastica-soma-quase-mil-atendimentos-mensais\/#article","isPartOf":{"@id":"https:\/\/www.notibras.com\/site\/servico-de-cirurgia-plastica-soma-quase-mil-atendimentos-mensais\/"},"author":{"name":"Eduardo Mart\u00ednez","@id":"https:\/\/www.notibras.com\/site\/#\/schema\/person\/5b7fabf2aedc3ada2105f03b22b4d3dd"},"headline":"Servi\u00e7o de cirurgia pl\u00e1stica soma quase mil atendimentos mensais","datePublished":"2025-12-16T04:00:01+00:00","mainEntityOfPage":{"@id":"https:\/\/www.notibras.com\/site\/servico-de-cirurgia-plastica-soma-quase-mil-atendimentos-mensais\/"},"wordCount":359,"publisher":{"@id":"https:\/\/www.notibras.com\/site\/#organization"},"image":{"@id":"https:\/\/www.notibras.com\/site\/servico-de-cirurgia-plastica-soma-quase-mil-atendimentos-mensais\/#primaryimage"},"thumbnailUrl":"https:\/\/www.notibras.com\/site\/wp-content\/uploads\/2025\/12\/04.12.2024-HRAN-Fotos-Sandro-Araujo_Agencia-Saude-DF.jpg","articleSection":["Quadradinho em Foco"],"inLanguage":"pt-BR"},{"@type":"WebPage","@id":"https:\/\/www.notibras.com\/site\/servico-de-cirurgia-plastica-soma-quase-mil-atendimentos-mensais\/","url":"https:\/\/www.notibras.com\/site\/servico-de-cirurgia-plastica-soma-quase-mil-atendimentos-mensais\/","name":"Servi\u00e7o de cirurgia pl\u00e1stica soma quase mil atendimentos mensais - Notibras","isPartOf":{"@id":"https:\/\/www.notibras.com\/site\/#website"},"primaryImageOfPage":{"@id":"https:\/\/www.notibras.com\/site\/servico-de-cirurgia-plastica-soma-quase-mil-atendimentos-mensais\/#primaryimage"},"image":{"@id":"https:\/\/www.notibras.com\/site\/servico-de-cirurgia-plastica-soma-quase-mil-atendimentos-mensais\/#primaryimage"},"thumbnailUrl":"https:\/\/www.notibras.com\/site\/wp-content\/uploads\/2025\/12\/04.12.2024-HRAN-Fotos-Sandro-Araujo_Agencia-Saude-DF.jpg","datePublished":"2025-12-16T04:00:01+00:00","breadcrumb":{"@id":"https:\/\/www.notibras.com\/site\/servico-de-cirurgia-plastica-soma-quase-mil-atendimentos-mensais\/#breadcrumb"},"inLanguage":"pt-BR","potentialAction":[{"@type":"ReadAction","target":["https:\/\/www.notibras.com\/site\/servico-de-cirurgia-plastica-soma-quase-mil-atendimentos-mensais\/"]}]},{"@type":"ImageObject","inLanguage":"pt-BR","@id":"https:\/\/www.notibras.com\/site\/servico-de-cirurgia-plastica-soma-quase-mil-atendimentos-mensais\/#primaryimage","url":"https:\/\/www.notibras.com\/site\/wp-content\/uploads\/2025\/12\/04.12.2024-HRAN-Fotos-Sandro-Araujo_Agencia-Saude-DF.jpg","contentUrl":"https:\/\/www.notibras.com\/site\/wp-content\/uploads\/2025\/12\/04.12.2024-HRAN-Fotos-Sandro-Araujo_Agencia-Saude-DF.jpg","width":1920,"height":1280},{"@type":"BreadcrumbList","@id":"https:\/\/www.notibras.com\/site\/servico-de-cirurgia-plastica-soma-quase-mil-atendimentos-mensais\/#breadcrumb","itemListElement":[{"@type":"ListItem","position":1,"name":"In\u00edcio","item":"https:\/\/www.notibras.com\/site\/"},{"@type":"ListItem","position":2,"name":"Servi\u00e7o de cirurgia pl\u00e1stica soma quase mil atendimentos mensais"}]},{"@type":"WebSite","@id":"https:\/\/www.notibras.com\/site\/#website","url":"https:\/\/www.notibras.com\/site\/","name":"Notibras","description":"Not\u00edcias de Bras\u00edlia, do Brasil e do Mundo","publisher":{"@id":"https:\/\/www.notibras.com\/site\/#organization"},"potentialAction":[{"@type":"SearchAction","target":{"@type":"EntryPoint","urlTemplate":"https:\/\/www.notibras.com\/site\/?s={search_term_string}"},"query-input":{"@type":"PropertyValueSpecification","valueRequired":true,"valueName":"search_term_string"}}],"inLanguage":"pt-BR"},{"@type":"Organization","@id":"https:\/\/www.notibras.com\/site\/#organization","name":"Grupo Notibras de Comunica\u00e7\u00e3o","url":"https:\/\/www.notibras.com\/site\/","logo":{"@type":"ImageObject","inLanguage":"pt-BR","@id":"https:\/\/www.notibras.com\/site\/#\/schema\/logo\/image\/","url":"https:\/\/www.notibras.com\/site\/wp-content\/uploads\/2023\/01\/notibras23.png","contentUrl":"https:\/\/www.notibras.com\/site\/wp-content\/uploads\/2023\/01\/notibras23.png","width":350,"height":87,"caption":"Grupo Notibras de Comunica\u00e7\u00e3o"},"image":{"@id":"https:\/\/www.notibras.com\/site\/#\/schema\/logo\/image\/"},"sameAs":["https:\/\/www.facebook.com\/notibras\/","https:\/\/x.com\/Notibras","https:\/\/www.instagram.com\/notibras\/"]},{"@type":"Person","@id":"https:\/\/www.notibras.com\/site\/#\/schema\/person\/5b7fabf2aedc3ada2105f03b22b4d3dd","name":"Eduardo Mart\u00ednez","image":{"@type":"ImageObject","inLanguage":"pt-BR","@id":"https:\/\/secure.gravatar.com\/avatar\/7902f906289926289cbcda644b5197c796b893c6ffd7b9a536a42d290f7704a0?s=96&d=mm&r=g","url":"https:\/\/secure.gravatar.com\/avatar\/7902f906289926289cbcda644b5197c796b893c6ffd7b9a536a42d290f7704a0?s=96&d=mm&r=g","contentUrl":"https:\/\/secure.gravatar.com\/avatar\/7902f906289926289cbcda644b5197c796b893c6ffd7b9a536a42d290f7704a0?s=96&d=mm&r=g","caption":"Eduardo Mart\u00ednez"}}]}},"amp_enabled":true,"_links":{"self":[{"href":"https:\/\/www.notibras.com\/site\/wp-json\/wp\/v2\/posts\/374998","targetHints":{"allow":["GET"]}}],"collection":[{"href":"https:\/\/www.notibras.com\/site\/wp-json\/wp\/v2\/posts"}],"about":[{"href":"https:\/\/www.notibras.com\/site\/wp-json\/wp\/v2\/types\/post"}],"author":[{"embeddable":true,"href":"https:\/\/www.notibras.com\/site\/wp-json\/wp\/v2\/users\/21"}],"replies":[{"embeddable":true,"href":"https:\/\/www.notibras.com\/site\/wp-json\/wp\/v2\/comments?post=374998"}],"version-history":[{"count":3,"href":"https:\/\/www.notibras.com\/site\/wp-json\/wp\/v2\/posts\/374998\/revisions"}],"predecessor-version":[{"id":375002,"href":"https:\/\/www.notibras.com\/site\/wp-json\/wp\/v2\/posts\/374998\/revisions\/375002"}],"wp:featuredmedia":[{"embeddable":true,"href":"https:\/\/www.notibras.com\/site\/wp-json\/wp\/v2\/media\/374999"}],"wp:attachment":[{"href":"https:\/\/www.notibras.com\/site\/wp-json\/wp\/v2\/media?parent=374998"}],"wp:term":[{"taxonomy":"category","embeddable":true,"href":"https:\/\/www.notibras.com\/site\/wp-json\/wp\/v2\/categories?post=374998"},{"taxonomy":"post_tag","embeddable":true,"href":"https:\/\/www.notibras.com\/site\/wp-json\/wp\/v2\/tags?post=374998"}],"curies":[{"name":"wp","href":"https:\/\/api.w.org\/{rel}","templated":true}]}}