{"id":375003,"date":"2025-12-16T00:45:40","date_gmt":"2025-12-16T03:45:40","guid":{"rendered":"https:\/\/www.notibras.com\/site\/?p=375003"},"modified":"2025-12-15T20:49:43","modified_gmt":"2025-12-15T23:49:43","slug":"viaduto-de-acesso-entre-a-br-020-e-a-df-128-esta-na-fase-de-fundacao","status":"publish","type":"post","link":"https:\/\/www.notibras.com\/site\/viaduto-de-acesso-entre-a-br-020-e-a-df-128-esta-na-fase-de-fundacao\/","title":{"rendered":"Viaduto de acesso, entre a BR-020 e a DF-128, est\u00e1 na fase de funda\u00e7\u00e3o"},"content":{"rendered":"<p>Mais uma das obras de grande porte executadas pelo Departamento de Estradas de Rodagem do Distrito Federal (DER-DF), o viaduto de acesso a Planaltina, entre a BR-020 e a DF-128, segue em ritmo intenso.<\/p>\n<p>Com investimento de R$ 45 milh\u00f5es, o trabalho, iniciado no primeiro semestre deste ano, vai beneficiar 90 mil motoristas que trafegam pela regi\u00e3o de Planaltina, Planaltina (GO), N\u00facleo Rural Monjolo, Mestre d\u2019Armas e sa\u00edda norte do DF. Atualmente, as obras se encontram na fase de implanta\u00e7\u00e3o da funda\u00e7\u00e3o do elevado. Na sequ\u00eancia, ser\u00e3o colocadas as vigas.<\/p>\n<p>Posteriormente, ser\u00e3o realizadas as etapas de implanta\u00e7\u00e3o da laje e encabe\u00e7amento. Por enquanto, foram finalizadas as fases de implanta\u00e7\u00e3o de desvio e das 120 estacas.<\/p>\n<p>\u201cEsta obra representa um passo fundamental para melhorar a seguran\u00e7a vi\u00e1ria dos milhares de motoristas que trafegam pelo trecho, j\u00e1 que a constru\u00e7\u00e3o do viaduto vai possibilitar a retirada de retornos que, hoje, fazem parte da regi\u00e3o\u201d, ressalta o presidente do DER-DF, Fauzi Nacfur J\u00fanior. \u201cVamos resolver n\u00e3o s\u00f3 os gargalos de tr\u00e2nsito, mas tamb\u00e9m impulsionar ainda mais o desenvolvimento econ\u00f4mico, facilitando a mobilidade.\u201d<\/p>\n","protected":false},"excerpt":{"rendered":"<p>Mais uma das obras de grande porte executadas pelo Departamento de Estradas de Rodagem do Distrito Federal (DER-DF), o viaduto de acesso a Planaltina, entre a BR-020 e a DF-128, segue em ritmo intenso. Com investimento de R$ 45 milh\u00f5es, o trabalho, iniciado no primeiro semestre deste ano, vai beneficiar 90 mil motoristas que trafegam [&hellip;]<\/p>\n","protected":false},"author":21,"featured_media":375004,"comment_status":"closed","ping_status":"closed","sticky":false,"template":"","format":"standard","meta":{"_acf_changed":false,"footnotes":""},"categories":[161],"tags":[],"class_list":["post-375003","post","type-post","status-publish","format-standard","has-post-thumbnail","hentry","category-quadradinho-em-foco"],"acf":[],"yoast_head":"<!-- This site is optimized with the Yoast SEO plugin v27.5 - https:\/\/yoast.com\/product\/yoast-seo-wordpress\/ -->\n<title>Viaduto de acesso, entre a BR-020 e a DF-128, est\u00e1 na fase de funda\u00e7\u00e3o - Notibras<\/title>\n<meta name=\"robots\" content=\"index, follow, max-snippet:-1, max-image-preview:large, max-video-preview:-1\" \/>\n<link rel=\"canonical\" href=\"https:\/\/www.notibras.com\/site\/viaduto-de-acesso-entre-a-br-020-e-a-df-128-esta-na-fase-de-fundacao\/\" \/>\n<meta property=\"og:locale\" content=\"pt_BR\" \/>\n<meta property=\"og:type\" content=\"article\" \/>\n<meta property=\"og:title\" content=\"Viaduto de acesso, entre a BR-020 e a DF-128, est\u00e1 na fase de funda\u00e7\u00e3o - Notibras\" \/>\n<meta property=\"og:description\" content=\"Mais uma das obras de grande porte executadas pelo Departamento de Estradas de Rodagem do Distrito Federal (DER-DF), o viaduto de acesso a Planaltina, entre a BR-020 e a DF-128, segue em ritmo intenso. Com investimento de R$ 45 milh\u00f5es, o trabalho, iniciado no primeiro semestre deste ano, vai beneficiar 90 mil motoristas que trafegam [&hellip;]\" \/>\n<meta property=\"og:url\" content=\"https:\/\/www.notibras.com\/site\/viaduto-de-acesso-entre-a-br-020-e-a-df-128-esta-na-fase-de-fundacao\/\" \/>\n<meta property=\"og:site_name\" content=\"Notibras\" \/>\n<meta property=\"article:publisher\" content=\"https:\/\/www.facebook.com\/notibras\/\" \/>\n<meta property=\"article:published_time\" content=\"2025-12-16T03:45:40+00:00\" \/>\n<meta property=\"og:image\" content=\"https:\/\/www.notibras.com\/site\/wp-content\/uploads\/2025\/12\/15.12.-DER-DF.jpeg\" \/>\n\t<meta property=\"og:image:width\" content=\"1600\" \/>\n\t<meta property=\"og:image:height\" content=\"765\" \/>\n\t<meta property=\"og:image:type\" content=\"image\/jpeg\" \/>\n<meta name=\"author\" content=\"Eduardo Mart\u00ednez\" \/>\n<meta name=\"twitter:card\" content=\"summary_large_image\" \/>\n<meta name=\"twitter:creator\" content=\"@Notibras\" \/>\n<meta name=\"twitter:site\" content=\"@Notibras\" \/>\n<meta name=\"twitter:label1\" content=\"Escrito por\" \/>\n\t<meta name=\"twitter:data1\" content=\"Eduardo Mart\u00ednez\" \/>\n\t<meta name=\"twitter:label2\" content=\"Est. tempo de leitura\" \/>\n\t<meta name=\"twitter:data2\" content=\"2 minutos\" \/>\n<script type=\"application\/ld+json\" class=\"yoast-schema-graph\">{\"@context\":\"https:\\\/\\\/schema.org\",\"@graph\":[{\"@type\":\"Article\",\"@id\":\"https:\\\/\\\/www.notibras.com\\\/site\\\/viaduto-de-acesso-entre-a-br-020-e-a-df-128-esta-na-fase-de-fundacao\\\/#article\",\"isPartOf\":{\"@id\":\"https:\\\/\\\/www.notibras.com\\\/site\\\/viaduto-de-acesso-entre-a-br-020-e-a-df-128-esta-na-fase-de-fundacao\\\/\"},\"author\":{\"name\":\"Eduardo Mart\u00ednez\",\"@id\":\"https:\\\/\\\/www.notibras.com\\\/site\\\/#\\\/schema\\\/person\\\/5b7fabf2aedc3ada2105f03b22b4d3dd\"},\"headline\":\"Viaduto de acesso, entre a BR-020 e a DF-128, est\u00e1 na fase de funda\u00e7\u00e3o\",\"datePublished\":\"2025-12-16T03:45:40+00:00\",\"mainEntityOfPage\":{\"@id\":\"https:\\\/\\\/www.notibras.com\\\/site\\\/viaduto-de-acesso-entre-a-br-020-e-a-df-128-esta-na-fase-de-fundacao\\\/\"},\"wordCount\":213,\"publisher\":{\"@id\":\"https:\\\/\\\/www.notibras.com\\\/site\\\/#organization\"},\"image\":{\"@id\":\"https:\\\/\\\/www.notibras.com\\\/site\\\/viaduto-de-acesso-entre-a-br-020-e-a-df-128-esta-na-fase-de-fundacao\\\/#primaryimage\"},\"thumbnailUrl\":\"https:\\\/\\\/www.notibras.com\\\/site\\\/wp-content\\\/uploads\\\/2025\\\/12\\\/15.12.-DER-DF.jpeg\",\"articleSection\":[\"Quadradinho em Foco\"],\"inLanguage\":\"pt-BR\"},{\"@type\":\"WebPage\",\"@id\":\"https:\\\/\\\/www.notibras.com\\\/site\\\/viaduto-de-acesso-entre-a-br-020-e-a-df-128-esta-na-fase-de-fundacao\\\/\",\"url\":\"https:\\\/\\\/www.notibras.com\\\/site\\\/viaduto-de-acesso-entre-a-br-020-e-a-df-128-esta-na-fase-de-fundacao\\\/\",\"name\":\"Viaduto de acesso, entre a BR-020 e a DF-128, est\u00e1 na fase de funda\u00e7\u00e3o - Notibras\",\"isPartOf\":{\"@id\":\"https:\\\/\\\/www.notibras.com\\\/site\\\/#website\"},\"primaryImageOfPage\":{\"@id\":\"https:\\\/\\\/www.notibras.com\\\/site\\\/viaduto-de-acesso-entre-a-br-020-e-a-df-128-esta-na-fase-de-fundacao\\\/#primaryimage\"},\"image\":{\"@id\":\"https:\\\/\\\/www.notibras.com\\\/site\\\/viaduto-de-acesso-entre-a-br-020-e-a-df-128-esta-na-fase-de-fundacao\\\/#primaryimage\"},\"thumbnailUrl\":\"https:\\\/\\\/www.notibras.com\\\/site\\\/wp-content\\\/uploads\\\/2025\\\/12\\\/15.12.-DER-DF.jpeg\",\"datePublished\":\"2025-12-16T03:45:40+00:00\",\"breadcrumb\":{\"@id\":\"https:\\\/\\\/www.notibras.com\\\/site\\\/viaduto-de-acesso-entre-a-br-020-e-a-df-128-esta-na-fase-de-fundacao\\\/#breadcrumb\"},\"inLanguage\":\"pt-BR\",\"potentialAction\":[{\"@type\":\"ReadAction\",\"target\":[\"https:\\\/\\\/www.notibras.com\\\/site\\\/viaduto-de-acesso-entre-a-br-020-e-a-df-128-esta-na-fase-de-fundacao\\\/\"]}]},{\"@type\":\"ImageObject\",\"inLanguage\":\"pt-BR\",\"@id\":\"https:\\\/\\\/www.notibras.com\\\/site\\\/viaduto-de-acesso-entre-a-br-020-e-a-df-128-esta-na-fase-de-fundacao\\\/#primaryimage\",\"url\":\"https:\\\/\\\/www.notibras.com\\\/site\\\/wp-content\\\/uploads\\\/2025\\\/12\\\/15.12.-DER-DF.jpeg\",\"contentUrl\":\"https:\\\/\\\/www.notibras.com\\\/site\\\/wp-content\\\/uploads\\\/2025\\\/12\\\/15.12.-DER-DF.jpeg\",\"width\":1600,\"height\":765},{\"@type\":\"BreadcrumbList\",\"@id\":\"https:\\\/\\\/www.notibras.com\\\/site\\\/viaduto-de-acesso-entre-a-br-020-e-a-df-128-esta-na-fase-de-fundacao\\\/#breadcrumb\",\"itemListElement\":[{\"@type\":\"ListItem\",\"position\":1,\"name\":\"In\u00edcio\",\"item\":\"https:\\\/\\\/www.notibras.com\\\/site\\\/\"},{\"@type\":\"ListItem\",\"position\":2,\"name\":\"Viaduto de acesso, entre a BR-020 e a DF-128, est\u00e1 na fase de funda\u00e7\u00e3o\"}]},{\"@type\":\"WebSite\",\"@id\":\"https:\\\/\\\/www.notibras.com\\\/site\\\/#website\",\"url\":\"https:\\\/\\\/www.notibras.com\\\/site\\\/\",\"name\":\"Notibras\",\"description\":\"Not\u00edcias de Bras\u00edlia, do Brasil e do Mundo\",\"publisher\":{\"@id\":\"https:\\\/\\\/www.notibras.com\\\/site\\\/#organization\"},\"potentialAction\":[{\"@type\":\"SearchAction\",\"target\":{\"@type\":\"EntryPoint\",\"urlTemplate\":\"https:\\\/\\\/www.notibras.com\\\/site\\\/?s={search_term_string}\"},\"query-input\":{\"@type\":\"PropertyValueSpecification\",\"valueRequired\":true,\"valueName\":\"search_term_string\"}}],\"inLanguage\":\"pt-BR\"},{\"@type\":\"Organization\",\"@id\":\"https:\\\/\\\/www.notibras.com\\\/site\\\/#organization\",\"name\":\"Grupo Notibras de Comunica\u00e7\u00e3o\",\"url\":\"https:\\\/\\\/www.notibras.com\\\/site\\\/\",\"logo\":{\"@type\":\"ImageObject\",\"inLanguage\":\"pt-BR\",\"@id\":\"https:\\\/\\\/www.notibras.com\\\/site\\\/#\\\/schema\\\/logo\\\/image\\\/\",\"url\":\"https:\\\/\\\/www.notibras.com\\\/site\\\/wp-content\\\/uploads\\\/2023\\\/01\\\/notibras23.png\",\"contentUrl\":\"https:\\\/\\\/www.notibras.com\\\/site\\\/wp-content\\\/uploads\\\/2023\\\/01\\\/notibras23.png\",\"width\":350,\"height\":87,\"caption\":\"Grupo Notibras de Comunica\u00e7\u00e3o\"},\"image\":{\"@id\":\"https:\\\/\\\/www.notibras.com\\\/site\\\/#\\\/schema\\\/logo\\\/image\\\/\"},\"sameAs\":[\"https:\\\/\\\/www.facebook.com\\\/notibras\\\/\",\"https:\\\/\\\/x.com\\\/Notibras\",\"https:\\\/\\\/www.instagram.com\\\/notibras\\\/\"]},{\"@type\":\"Person\",\"@id\":\"https:\\\/\\\/www.notibras.com\\\/site\\\/#\\\/schema\\\/person\\\/5b7fabf2aedc3ada2105f03b22b4d3dd\",\"name\":\"Eduardo Mart\u00ednez\",\"image\":{\"@type\":\"ImageObject\",\"inLanguage\":\"pt-BR\",\"@id\":\"https:\\\/\\\/secure.gravatar.com\\\/avatar\\\/7902f906289926289cbcda644b5197c796b893c6ffd7b9a536a42d290f7704a0?s=96&d=mm&r=g\",\"url\":\"https:\\\/\\\/secure.gravatar.com\\\/avatar\\\/7902f906289926289cbcda644b5197c796b893c6ffd7b9a536a42d290f7704a0?s=96&d=mm&r=g\",\"contentUrl\":\"https:\\\/\\\/secure.gravatar.com\\\/avatar\\\/7902f906289926289cbcda644b5197c796b893c6ffd7b9a536a42d290f7704a0?s=96&d=mm&r=g\",\"caption\":\"Eduardo Mart\u00ednez\"}}]}<\/script>\n<!-- \/ Yoast SEO plugin. -->","yoast_head_json":{"title":"Viaduto de acesso, entre a BR-020 e a DF-128, est\u00e1 na fase de funda\u00e7\u00e3o - Notibras","robots":{"index":"index","follow":"follow","max-snippet":"max-snippet:-1","max-image-preview":"max-image-preview:large","max-video-preview":"max-video-preview:-1"},"canonical":"https:\/\/www.notibras.com\/site\/viaduto-de-acesso-entre-a-br-020-e-a-df-128-esta-na-fase-de-fundacao\/","og_locale":"pt_BR","og_type":"article","og_title":"Viaduto de acesso, entre a BR-020 e a DF-128, est\u00e1 na fase de funda\u00e7\u00e3o - Notibras","og_description":"Mais uma das obras de grande porte executadas pelo Departamento de Estradas de Rodagem do Distrito Federal (DER-DF), o viaduto de acesso a Planaltina, entre a BR-020 e a DF-128, segue em ritmo intenso. Com investimento de R$ 45 milh\u00f5es, o trabalho, iniciado no primeiro semestre deste ano, vai beneficiar 90 mil motoristas que trafegam [&hellip;]","og_url":"https:\/\/www.notibras.com\/site\/viaduto-de-acesso-entre-a-br-020-e-a-df-128-esta-na-fase-de-fundacao\/","og_site_name":"Notibras","article_publisher":"https:\/\/www.facebook.com\/notibras\/","article_published_time":"2025-12-16T03:45:40+00:00","og_image":[{"width":1600,"height":765,"url":"https:\/\/www.notibras.com\/site\/wp-content\/uploads\/2025\/12\/15.12.-DER-DF.jpeg","type":"image\/jpeg"}],"author":"Eduardo Mart\u00ednez","twitter_card":"summary_large_image","twitter_creator":"@Notibras","twitter_site":"@Notibras","twitter_misc":{"Escrito por":"Eduardo Mart\u00ednez","Est. tempo de leitura":"2 minutos"},"schema":{"@context":"https:\/\/schema.org","@graph":[{"@type":"Article","@id":"https:\/\/www.notibras.com\/site\/viaduto-de-acesso-entre-a-br-020-e-a-df-128-esta-na-fase-de-fundacao\/#article","isPartOf":{"@id":"https:\/\/www.notibras.com\/site\/viaduto-de-acesso-entre-a-br-020-e-a-df-128-esta-na-fase-de-fundacao\/"},"author":{"name":"Eduardo Mart\u00ednez","@id":"https:\/\/www.notibras.com\/site\/#\/schema\/person\/5b7fabf2aedc3ada2105f03b22b4d3dd"},"headline":"Viaduto de acesso, entre a BR-020 e a DF-128, est\u00e1 na fase de funda\u00e7\u00e3o","datePublished":"2025-12-16T03:45:40+00:00","mainEntityOfPage":{"@id":"https:\/\/www.notibras.com\/site\/viaduto-de-acesso-entre-a-br-020-e-a-df-128-esta-na-fase-de-fundacao\/"},"wordCount":213,"publisher":{"@id":"https:\/\/www.notibras.com\/site\/#organization"},"image":{"@id":"https:\/\/www.notibras.com\/site\/viaduto-de-acesso-entre-a-br-020-e-a-df-128-esta-na-fase-de-fundacao\/#primaryimage"},"thumbnailUrl":"https:\/\/www.notibras.com\/site\/wp-content\/uploads\/2025\/12\/15.12.-DER-DF.jpeg","articleSection":["Quadradinho em Foco"],"inLanguage":"pt-BR"},{"@type":"WebPage","@id":"https:\/\/www.notibras.com\/site\/viaduto-de-acesso-entre-a-br-020-e-a-df-128-esta-na-fase-de-fundacao\/","url":"https:\/\/www.notibras.com\/site\/viaduto-de-acesso-entre-a-br-020-e-a-df-128-esta-na-fase-de-fundacao\/","name":"Viaduto de acesso, entre a BR-020 e a DF-128, est\u00e1 na fase de funda\u00e7\u00e3o - Notibras","isPartOf":{"@id":"https:\/\/www.notibras.com\/site\/#website"},"primaryImageOfPage":{"@id":"https:\/\/www.notibras.com\/site\/viaduto-de-acesso-entre-a-br-020-e-a-df-128-esta-na-fase-de-fundacao\/#primaryimage"},"image":{"@id":"https:\/\/www.notibras.com\/site\/viaduto-de-acesso-entre-a-br-020-e-a-df-128-esta-na-fase-de-fundacao\/#primaryimage"},"thumbnailUrl":"https:\/\/www.notibras.com\/site\/wp-content\/uploads\/2025\/12\/15.12.-DER-DF.jpeg","datePublished":"2025-12-16T03:45:40+00:00","breadcrumb":{"@id":"https:\/\/www.notibras.com\/site\/viaduto-de-acesso-entre-a-br-020-e-a-df-128-esta-na-fase-de-fundacao\/#breadcrumb"},"inLanguage":"pt-BR","potentialAction":[{"@type":"ReadAction","target":["https:\/\/www.notibras.com\/site\/viaduto-de-acesso-entre-a-br-020-e-a-df-128-esta-na-fase-de-fundacao\/"]}]},{"@type":"ImageObject","inLanguage":"pt-BR","@id":"https:\/\/www.notibras.com\/site\/viaduto-de-acesso-entre-a-br-020-e-a-df-128-esta-na-fase-de-fundacao\/#primaryimage","url":"https:\/\/www.notibras.com\/site\/wp-content\/uploads\/2025\/12\/15.12.-DER-DF.jpeg","contentUrl":"https:\/\/www.notibras.com\/site\/wp-content\/uploads\/2025\/12\/15.12.-DER-DF.jpeg","width":1600,"height":765},{"@type":"BreadcrumbList","@id":"https:\/\/www.notibras.com\/site\/viaduto-de-acesso-entre-a-br-020-e-a-df-128-esta-na-fase-de-fundacao\/#breadcrumb","itemListElement":[{"@type":"ListItem","position":1,"name":"In\u00edcio","item":"https:\/\/www.notibras.com\/site\/"},{"@type":"ListItem","position":2,"name":"Viaduto de acesso, entre a BR-020 e a DF-128, est\u00e1 na fase de funda\u00e7\u00e3o"}]},{"@type":"WebSite","@id":"https:\/\/www.notibras.com\/site\/#website","url":"https:\/\/www.notibras.com\/site\/","name":"Notibras","description":"Not\u00edcias de Bras\u00edlia, do Brasil e do Mundo","publisher":{"@id":"https:\/\/www.notibras.com\/site\/#organization"},"potentialAction":[{"@type":"SearchAction","target":{"@type":"EntryPoint","urlTemplate":"https:\/\/www.notibras.com\/site\/?s={search_term_string}"},"query-input":{"@type":"PropertyValueSpecification","valueRequired":true,"valueName":"search_term_string"}}],"inLanguage":"pt-BR"},{"@type":"Organization","@id":"https:\/\/www.notibras.com\/site\/#organization","name":"Grupo Notibras de Comunica\u00e7\u00e3o","url":"https:\/\/www.notibras.com\/site\/","logo":{"@type":"ImageObject","inLanguage":"pt-BR","@id":"https:\/\/www.notibras.com\/site\/#\/schema\/logo\/image\/","url":"https:\/\/www.notibras.com\/site\/wp-content\/uploads\/2023\/01\/notibras23.png","contentUrl":"https:\/\/www.notibras.com\/site\/wp-content\/uploads\/2023\/01\/notibras23.png","width":350,"height":87,"caption":"Grupo Notibras de Comunica\u00e7\u00e3o"},"image":{"@id":"https:\/\/www.notibras.com\/site\/#\/schema\/logo\/image\/"},"sameAs":["https:\/\/www.facebook.com\/notibras\/","https:\/\/x.com\/Notibras","https:\/\/www.instagram.com\/notibras\/"]},{"@type":"Person","@id":"https:\/\/www.notibras.com\/site\/#\/schema\/person\/5b7fabf2aedc3ada2105f03b22b4d3dd","name":"Eduardo Mart\u00ednez","image":{"@type":"ImageObject","inLanguage":"pt-BR","@id":"https:\/\/secure.gravatar.com\/avatar\/7902f906289926289cbcda644b5197c796b893c6ffd7b9a536a42d290f7704a0?s=96&d=mm&r=g","url":"https:\/\/secure.gravatar.com\/avatar\/7902f906289926289cbcda644b5197c796b893c6ffd7b9a536a42d290f7704a0?s=96&d=mm&r=g","contentUrl":"https:\/\/secure.gravatar.com\/avatar\/7902f906289926289cbcda644b5197c796b893c6ffd7b9a536a42d290f7704a0?s=96&d=mm&r=g","caption":"Eduardo Mart\u00ednez"}}]}},"amp_enabled":true,"_links":{"self":[{"href":"https:\/\/www.notibras.com\/site\/wp-json\/wp\/v2\/posts\/375003","targetHints":{"allow":["GET"]}}],"collection":[{"href":"https:\/\/www.notibras.com\/site\/wp-json\/wp\/v2\/posts"}],"about":[{"href":"https:\/\/www.notibras.com\/site\/wp-json\/wp\/v2\/types\/post"}],"author":[{"embeddable":true,"href":"https:\/\/www.notibras.com\/site\/wp-json\/wp\/v2\/users\/21"}],"replies":[{"embeddable":true,"href":"https:\/\/www.notibras.com\/site\/wp-json\/wp\/v2\/comments?post=375003"}],"version-history":[{"count":2,"href":"https:\/\/www.notibras.com\/site\/wp-json\/wp\/v2\/posts\/375003\/revisions"}],"predecessor-version":[{"id":375006,"href":"https:\/\/www.notibras.com\/site\/wp-json\/wp\/v2\/posts\/375003\/revisions\/375006"}],"wp:featuredmedia":[{"embeddable":true,"href":"https:\/\/www.notibras.com\/site\/wp-json\/wp\/v2\/media\/375004"}],"wp:attachment":[{"href":"https:\/\/www.notibras.com\/site\/wp-json\/wp\/v2\/media?parent=375003"}],"wp:term":[{"taxonomy":"category","embeddable":true,"href":"https:\/\/www.notibras.com\/site\/wp-json\/wp\/v2\/categories?post=375003"},{"taxonomy":"post_tag","embeddable":true,"href":"https:\/\/www.notibras.com\/site\/wp-json\/wp\/v2\/tags?post=375003"}],"curies":[{"name":"wp","href":"https:\/\/api.w.org\/{rel}","templated":true}]}}