{"id":375020,"date":"2025-12-17T02:00:29","date_gmt":"2025-12-17T05:00:29","guid":{"rendered":"https:\/\/www.notibras.com\/site\/?p=375020"},"modified":"2025-12-17T03:03:08","modified_gmt":"2025-12-17T06:03:08","slug":"o-dia-em-que-tietei-simone-a-poetisa-inquieta-da-capital","status":"publish","type":"post","link":"https:\/\/www.notibras.com\/site\/o-dia-em-que-tietei-simone-a-poetisa-inquieta-da-capital\/","title":{"rendered":"O dia em que tietei Simone, a poetisa inquieta da capital"},"content":{"rendered":"<p>Gente, e n\u00e3o \u00e9 que conheci a poetisa inquieta do Caf\u00e9 Liter\u00e1rio? Sim, a pr\u00f3pria! Simone Magalh\u00e3es. Com aquele sorriso que envolve qualquer um. E eu, obviamente, me deixei ser envolvido, mesmo porque estava diante de uma das mais atuantes autoras do nosso tempo. Exagero? Sou f\u00e3, e f\u00e3 tem dessas coisas! Ent\u00e3o, \u00e9! Pronto e acabou!<\/p>\n<p>Pois \u00e9, confesso que a vida me leva para os superlativos, ainda mais diante de algu\u00e9m que sabe pintar e bordar o sete, o oito, o milh\u00e3o e o zilh\u00e3o num guardanapo que seja, s\u00f3 para ficar de olho na rea\u00e7\u00e3o do leitor. Simone \u00e9 assim.<\/p>\n<p>O encontro aconteceu na Biblioteca Demonstrativa de Bras\u00edlia, na Asa Sul, no dia 13 de dezembro de 2025. Por que escrevo a data completa? Coisa de f\u00e3, coisa de f\u00e3&#8230; Quem \u00e9 me entende.<\/p>\n<p>Tietei, tietei e tietei, e ela se deixou tietar. Simp\u00e1tica al\u00e9m do infinito. E como aqueles olhos brilham! Brilham com a timidez da escritora. Sim, ela \u00e9 t\u00edmida. Como \u00e9 que pode?<\/p>\n<p>A Simone e outros autores estavam lan\u00e7ando a <em>Colet\u00e2nea Estilo &amp; Poesia, Volume 10<\/em>, pela Editora Brunsmarck. E a minha agora amiga&#8230; Sim, ainda sou f\u00e3, mas, ap\u00f3s esse encontro, nos tornamos amigos. Que nem minha filha Mariana diz: &#8220;Desculpa a\u00ed!&#8221;<\/p>\n<p>Mas como estava dizendo, a minha amiga Simone Magalh\u00e3es tem um lind\u00e9rrimo poema nesse livro que j\u00e1 devorei: <em>Nos palcos da vida<\/em>. Demais!!!<\/p>\n<p>Durante a nossa conversa, surgiram alguns nomes lembrados pela Simone, com destaque para a Cec\u00edlia Baumann, o Daniel Marchi e o Jos\u00e9 Seabra. Todavia, do nada, ela me confidencia sua admira\u00e7\u00e3o pelo escritor J. Emiliano Cruz, figura constante no Caf\u00e9 Liter\u00e1rio.<\/p>\n<p>\u2014 Edu, o J. Emiliano \u00e9 bom pra caramba!<\/p>\n<p>\u2014 Excelente! Um dos melhores! E gente boa demais!<\/p>\n<p>Simone Magalh\u00e3es, uma poetisa talentos\u00edssima, que escreve com inquietude e beleza incomuns. Sigo por aqui ainda muito f\u00e3 e, agora tamb\u00e9m, amigo.<\/p>\n<p><strong>&#8230;&#8230;&#8230;&#8230;&#8230;&#8230;&#8230;&#8230;..<\/strong><\/p>\n<p><strong>A Colet\u00e2nea Estilo &amp; Poesia, Volume 10 est\u00e1 \u00e0 venda pelo site da Editora Brunsmarck \u2013<\/strong> <a href=\"https:\/\/editorabrunsmarck.com.br\/estilo-e-poesia-volume-10\/p\">https:\/\/editorabrunsmarck.com.br\/estilo-e-poesia-volume-10\/p<\/a><\/p>\n<p><strong>Eduardo Mart\u00ednez \u00e9 autor do livro \u201957 Contos e Cr\u00f4nicas por um Autor Muito Velho\u2019 (Vencedor do Pr\u00eamio Liter\u00e1rio Clarice Lispector \u2013 2025 na categoria livro de contos).<\/strong><\/p>\n<p><strong>Compre aqui<\/strong><\/p>\n<p><a href=\"https:\/\/www.joanineditora.com.br\/57-contos-e-cronicas-por-um-autor-muito-velho\"><strong>https:\/\/www.joanineditora.com.br\/57-contos-e-cronicas-por-um-autor-muito-velho<\/strong><\/a><\/p>\n","protected":false},"excerpt":{"rendered":"<p>Gente, e n\u00e3o \u00e9 que conheci a poetisa inquieta do Caf\u00e9 Liter\u00e1rio? Sim, a pr\u00f3pria! Simone Magalh\u00e3es. Com aquele sorriso que envolve qualquer um. E eu, obviamente, me deixei ser envolvido, mesmo porque estava diante de uma das mais atuantes autoras do nosso tempo. Exagero? Sou f\u00e3, e f\u00e3 tem dessas coisas! Ent\u00e3o, \u00e9! Pronto [&hellip;]<\/p>\n","protected":false},"author":21,"featured_media":375021,"comment_status":"closed","ping_status":"closed","sticky":false,"template":"","format":"standard","meta":{"_acf_changed":false,"footnotes":""},"categories":[161],"tags":[],"class_list":["post-375020","post","type-post","status-publish","format-standard","has-post-thumbnail","hentry","category-quadradinho-em-foco"],"acf":[],"yoast_head":"<!-- This site is optimized with the Yoast SEO plugin v27.5 - https:\/\/yoast.com\/product\/yoast-seo-wordpress\/ -->\n<title>O dia em que tietei Simone, a poetisa inquieta da capital - Notibras<\/title>\n<meta name=\"robots\" content=\"index, follow, max-snippet:-1, max-image-preview:large, max-video-preview:-1\" \/>\n<link rel=\"canonical\" href=\"https:\/\/www.notibras.com\/site\/o-dia-em-que-tietei-simone-a-poetisa-inquieta-da-capital\/\" \/>\n<meta property=\"og:locale\" content=\"pt_BR\" \/>\n<meta property=\"og:type\" content=\"article\" \/>\n<meta property=\"og:title\" content=\"O dia em que tietei Simone, a poetisa inquieta da capital - Notibras\" \/>\n<meta property=\"og:description\" content=\"Gente, e n\u00e3o \u00e9 que conheci a poetisa inquieta do Caf\u00e9 Liter\u00e1rio? Sim, a pr\u00f3pria! Simone Magalh\u00e3es. Com aquele sorriso que envolve qualquer um. E eu, obviamente, me deixei ser envolvido, mesmo porque estava diante de uma das mais atuantes autoras do nosso tempo. Exagero? Sou f\u00e3, e f\u00e3 tem dessas coisas! Ent\u00e3o, \u00e9! Pronto [&hellip;]\" \/>\n<meta property=\"og:url\" content=\"https:\/\/www.notibras.com\/site\/o-dia-em-que-tietei-simone-a-poetisa-inquieta-da-capital\/\" \/>\n<meta property=\"og:site_name\" content=\"Notibras\" \/>\n<meta property=\"article:publisher\" content=\"https:\/\/www.facebook.com\/notibras\/\" \/>\n<meta property=\"article:published_time\" content=\"2025-12-17T05:00:29+00:00\" \/>\n<meta property=\"article:modified_time\" content=\"2025-12-17T06:03:08+00:00\" \/>\n<meta property=\"og:image\" content=\"https:\/\/www.notibras.com\/site\/wp-content\/uploads\/2025\/12\/IMG_9342-2-scaled.jpg\" \/>\n\t<meta property=\"og:image:width\" content=\"2560\" \/>\n\t<meta property=\"og:image:height\" content=\"1920\" \/>\n\t<meta property=\"og:image:type\" content=\"image\/jpeg\" \/>\n<meta name=\"author\" content=\"Eduardo Mart\u00ednez\" \/>\n<meta name=\"twitter:card\" content=\"summary_large_image\" \/>\n<meta name=\"twitter:creator\" content=\"@Notibras\" \/>\n<meta name=\"twitter:site\" content=\"@Notibras\" \/>\n<meta name=\"twitter:label1\" content=\"Escrito por\" \/>\n\t<meta name=\"twitter:data1\" content=\"Eduardo Mart\u00ednez\" \/>\n\t<meta name=\"twitter:label2\" content=\"Est. tempo de leitura\" \/>\n\t<meta name=\"twitter:data2\" content=\"3 minutos\" \/>\n<script type=\"application\/ld+json\" class=\"yoast-schema-graph\">{\"@context\":\"https:\\\/\\\/schema.org\",\"@graph\":[{\"@type\":\"Article\",\"@id\":\"https:\\\/\\\/www.notibras.com\\\/site\\\/o-dia-em-que-tietei-simone-a-poetisa-inquieta-da-capital\\\/#article\",\"isPartOf\":{\"@id\":\"https:\\\/\\\/www.notibras.com\\\/site\\\/o-dia-em-que-tietei-simone-a-poetisa-inquieta-da-capital\\\/\"},\"author\":{\"name\":\"Eduardo Mart\u00ednez\",\"@id\":\"https:\\\/\\\/www.notibras.com\\\/site\\\/#\\\/schema\\\/person\\\/5b7fabf2aedc3ada2105f03b22b4d3dd\"},\"headline\":\"O dia em que tietei Simone, a poetisa inquieta da capital\",\"datePublished\":\"2025-12-17T05:00:29+00:00\",\"dateModified\":\"2025-12-17T06:03:08+00:00\",\"mainEntityOfPage\":{\"@id\":\"https:\\\/\\\/www.notibras.com\\\/site\\\/o-dia-em-que-tietei-simone-a-poetisa-inquieta-da-capital\\\/\"},\"wordCount\":392,\"publisher\":{\"@id\":\"https:\\\/\\\/www.notibras.com\\\/site\\\/#organization\"},\"image\":{\"@id\":\"https:\\\/\\\/www.notibras.com\\\/site\\\/o-dia-em-que-tietei-simone-a-poetisa-inquieta-da-capital\\\/#primaryimage\"},\"thumbnailUrl\":\"https:\\\/\\\/www.notibras.com\\\/site\\\/wp-content\\\/uploads\\\/2025\\\/12\\\/IMG_9342-2-scaled.jpg\",\"articleSection\":[\"Quadradinho em Foco\"],\"inLanguage\":\"pt-BR\"},{\"@type\":\"WebPage\",\"@id\":\"https:\\\/\\\/www.notibras.com\\\/site\\\/o-dia-em-que-tietei-simone-a-poetisa-inquieta-da-capital\\\/\",\"url\":\"https:\\\/\\\/www.notibras.com\\\/site\\\/o-dia-em-que-tietei-simone-a-poetisa-inquieta-da-capital\\\/\",\"name\":\"O dia em que tietei Simone, a poetisa inquieta da capital - Notibras\",\"isPartOf\":{\"@id\":\"https:\\\/\\\/www.notibras.com\\\/site\\\/#website\"},\"primaryImageOfPage\":{\"@id\":\"https:\\\/\\\/www.notibras.com\\\/site\\\/o-dia-em-que-tietei-simone-a-poetisa-inquieta-da-capital\\\/#primaryimage\"},\"image\":{\"@id\":\"https:\\\/\\\/www.notibras.com\\\/site\\\/o-dia-em-que-tietei-simone-a-poetisa-inquieta-da-capital\\\/#primaryimage\"},\"thumbnailUrl\":\"https:\\\/\\\/www.notibras.com\\\/site\\\/wp-content\\\/uploads\\\/2025\\\/12\\\/IMG_9342-2-scaled.jpg\",\"datePublished\":\"2025-12-17T05:00:29+00:00\",\"dateModified\":\"2025-12-17T06:03:08+00:00\",\"breadcrumb\":{\"@id\":\"https:\\\/\\\/www.notibras.com\\\/site\\\/o-dia-em-que-tietei-simone-a-poetisa-inquieta-da-capital\\\/#breadcrumb\"},\"inLanguage\":\"pt-BR\",\"potentialAction\":[{\"@type\":\"ReadAction\",\"target\":[\"https:\\\/\\\/www.notibras.com\\\/site\\\/o-dia-em-que-tietei-simone-a-poetisa-inquieta-da-capital\\\/\"]}]},{\"@type\":\"ImageObject\",\"inLanguage\":\"pt-BR\",\"@id\":\"https:\\\/\\\/www.notibras.com\\\/site\\\/o-dia-em-que-tietei-simone-a-poetisa-inquieta-da-capital\\\/#primaryimage\",\"url\":\"https:\\\/\\\/www.notibras.com\\\/site\\\/wp-content\\\/uploads\\\/2025\\\/12\\\/IMG_9342-2-scaled.jpg\",\"contentUrl\":\"https:\\\/\\\/www.notibras.com\\\/site\\\/wp-content\\\/uploads\\\/2025\\\/12\\\/IMG_9342-2-scaled.jpg\",\"width\":2560,\"height\":1920},{\"@type\":\"BreadcrumbList\",\"@id\":\"https:\\\/\\\/www.notibras.com\\\/site\\\/o-dia-em-que-tietei-simone-a-poetisa-inquieta-da-capital\\\/#breadcrumb\",\"itemListElement\":[{\"@type\":\"ListItem\",\"position\":1,\"name\":\"In\u00edcio\",\"item\":\"https:\\\/\\\/www.notibras.com\\\/site\\\/\"},{\"@type\":\"ListItem\",\"position\":2,\"name\":\"O dia em que tietei Simone, a poetisa inquieta da capital\"}]},{\"@type\":\"WebSite\",\"@id\":\"https:\\\/\\\/www.notibras.com\\\/site\\\/#website\",\"url\":\"https:\\\/\\\/www.notibras.com\\\/site\\\/\",\"name\":\"Notibras\",\"description\":\"Not\u00edcias de Bras\u00edlia, do Brasil e do Mundo\",\"publisher\":{\"@id\":\"https:\\\/\\\/www.notibras.com\\\/site\\\/#organization\"},\"potentialAction\":[{\"@type\":\"SearchAction\",\"target\":{\"@type\":\"EntryPoint\",\"urlTemplate\":\"https:\\\/\\\/www.notibras.com\\\/site\\\/?s={search_term_string}\"},\"query-input\":{\"@type\":\"PropertyValueSpecification\",\"valueRequired\":true,\"valueName\":\"search_term_string\"}}],\"inLanguage\":\"pt-BR\"},{\"@type\":\"Organization\",\"@id\":\"https:\\\/\\\/www.notibras.com\\\/site\\\/#organization\",\"name\":\"Grupo Notibras de Comunica\u00e7\u00e3o\",\"url\":\"https:\\\/\\\/www.notibras.com\\\/site\\\/\",\"logo\":{\"@type\":\"ImageObject\",\"inLanguage\":\"pt-BR\",\"@id\":\"https:\\\/\\\/www.notibras.com\\\/site\\\/#\\\/schema\\\/logo\\\/image\\\/\",\"url\":\"https:\\\/\\\/www.notibras.com\\\/site\\\/wp-content\\\/uploads\\\/2023\\\/01\\\/notibras23.png\",\"contentUrl\":\"https:\\\/\\\/www.notibras.com\\\/site\\\/wp-content\\\/uploads\\\/2023\\\/01\\\/notibras23.png\",\"width\":350,\"height\":87,\"caption\":\"Grupo Notibras de Comunica\u00e7\u00e3o\"},\"image\":{\"@id\":\"https:\\\/\\\/www.notibras.com\\\/site\\\/#\\\/schema\\\/logo\\\/image\\\/\"},\"sameAs\":[\"https:\\\/\\\/www.facebook.com\\\/notibras\\\/\",\"https:\\\/\\\/x.com\\\/Notibras\",\"https:\\\/\\\/www.instagram.com\\\/notibras\\\/\"]},{\"@type\":\"Person\",\"@id\":\"https:\\\/\\\/www.notibras.com\\\/site\\\/#\\\/schema\\\/person\\\/5b7fabf2aedc3ada2105f03b22b4d3dd\",\"name\":\"Eduardo Mart\u00ednez\",\"image\":{\"@type\":\"ImageObject\",\"inLanguage\":\"pt-BR\",\"@id\":\"https:\\\/\\\/secure.gravatar.com\\\/avatar\\\/7902f906289926289cbcda644b5197c796b893c6ffd7b9a536a42d290f7704a0?s=96&d=mm&r=g\",\"url\":\"https:\\\/\\\/secure.gravatar.com\\\/avatar\\\/7902f906289926289cbcda644b5197c796b893c6ffd7b9a536a42d290f7704a0?s=96&d=mm&r=g\",\"contentUrl\":\"https:\\\/\\\/secure.gravatar.com\\\/avatar\\\/7902f906289926289cbcda644b5197c796b893c6ffd7b9a536a42d290f7704a0?s=96&d=mm&r=g\",\"caption\":\"Eduardo Mart\u00ednez\"}}]}<\/script>\n<!-- \/ Yoast SEO plugin. -->","yoast_head_json":{"title":"O dia em que tietei Simone, a poetisa inquieta da capital - Notibras","robots":{"index":"index","follow":"follow","max-snippet":"max-snippet:-1","max-image-preview":"max-image-preview:large","max-video-preview":"max-video-preview:-1"},"canonical":"https:\/\/www.notibras.com\/site\/o-dia-em-que-tietei-simone-a-poetisa-inquieta-da-capital\/","og_locale":"pt_BR","og_type":"article","og_title":"O dia em que tietei Simone, a poetisa inquieta da capital - Notibras","og_description":"Gente, e n\u00e3o \u00e9 que conheci a poetisa inquieta do Caf\u00e9 Liter\u00e1rio? Sim, a pr\u00f3pria! Simone Magalh\u00e3es. Com aquele sorriso que envolve qualquer um. E eu, obviamente, me deixei ser envolvido, mesmo porque estava diante de uma das mais atuantes autoras do nosso tempo. Exagero? Sou f\u00e3, e f\u00e3 tem dessas coisas! Ent\u00e3o, \u00e9! Pronto [&hellip;]","og_url":"https:\/\/www.notibras.com\/site\/o-dia-em-que-tietei-simone-a-poetisa-inquieta-da-capital\/","og_site_name":"Notibras","article_publisher":"https:\/\/www.facebook.com\/notibras\/","article_published_time":"2025-12-17T05:00:29+00:00","article_modified_time":"2025-12-17T06:03:08+00:00","og_image":[{"width":2560,"height":1920,"url":"https:\/\/www.notibras.com\/site\/wp-content\/uploads\/2025\/12\/IMG_9342-2-scaled.jpg","type":"image\/jpeg"}],"author":"Eduardo Mart\u00ednez","twitter_card":"summary_large_image","twitter_creator":"@Notibras","twitter_site":"@Notibras","twitter_misc":{"Escrito por":"Eduardo Mart\u00ednez","Est. tempo de leitura":"3 minutos"},"schema":{"@context":"https:\/\/schema.org","@graph":[{"@type":"Article","@id":"https:\/\/www.notibras.com\/site\/o-dia-em-que-tietei-simone-a-poetisa-inquieta-da-capital\/#article","isPartOf":{"@id":"https:\/\/www.notibras.com\/site\/o-dia-em-que-tietei-simone-a-poetisa-inquieta-da-capital\/"},"author":{"name":"Eduardo Mart\u00ednez","@id":"https:\/\/www.notibras.com\/site\/#\/schema\/person\/5b7fabf2aedc3ada2105f03b22b4d3dd"},"headline":"O dia em que tietei Simone, a poetisa inquieta da capital","datePublished":"2025-12-17T05:00:29+00:00","dateModified":"2025-12-17T06:03:08+00:00","mainEntityOfPage":{"@id":"https:\/\/www.notibras.com\/site\/o-dia-em-que-tietei-simone-a-poetisa-inquieta-da-capital\/"},"wordCount":392,"publisher":{"@id":"https:\/\/www.notibras.com\/site\/#organization"},"image":{"@id":"https:\/\/www.notibras.com\/site\/o-dia-em-que-tietei-simone-a-poetisa-inquieta-da-capital\/#primaryimage"},"thumbnailUrl":"https:\/\/www.notibras.com\/site\/wp-content\/uploads\/2025\/12\/IMG_9342-2-scaled.jpg","articleSection":["Quadradinho em Foco"],"inLanguage":"pt-BR"},{"@type":"WebPage","@id":"https:\/\/www.notibras.com\/site\/o-dia-em-que-tietei-simone-a-poetisa-inquieta-da-capital\/","url":"https:\/\/www.notibras.com\/site\/o-dia-em-que-tietei-simone-a-poetisa-inquieta-da-capital\/","name":"O dia em que tietei Simone, a poetisa inquieta da capital - Notibras","isPartOf":{"@id":"https:\/\/www.notibras.com\/site\/#website"},"primaryImageOfPage":{"@id":"https:\/\/www.notibras.com\/site\/o-dia-em-que-tietei-simone-a-poetisa-inquieta-da-capital\/#primaryimage"},"image":{"@id":"https:\/\/www.notibras.com\/site\/o-dia-em-que-tietei-simone-a-poetisa-inquieta-da-capital\/#primaryimage"},"thumbnailUrl":"https:\/\/www.notibras.com\/site\/wp-content\/uploads\/2025\/12\/IMG_9342-2-scaled.jpg","datePublished":"2025-12-17T05:00:29+00:00","dateModified":"2025-12-17T06:03:08+00:00","breadcrumb":{"@id":"https:\/\/www.notibras.com\/site\/o-dia-em-que-tietei-simone-a-poetisa-inquieta-da-capital\/#breadcrumb"},"inLanguage":"pt-BR","potentialAction":[{"@type":"ReadAction","target":["https:\/\/www.notibras.com\/site\/o-dia-em-que-tietei-simone-a-poetisa-inquieta-da-capital\/"]}]},{"@type":"ImageObject","inLanguage":"pt-BR","@id":"https:\/\/www.notibras.com\/site\/o-dia-em-que-tietei-simone-a-poetisa-inquieta-da-capital\/#primaryimage","url":"https:\/\/www.notibras.com\/site\/wp-content\/uploads\/2025\/12\/IMG_9342-2-scaled.jpg","contentUrl":"https:\/\/www.notibras.com\/site\/wp-content\/uploads\/2025\/12\/IMG_9342-2-scaled.jpg","width":2560,"height":1920},{"@type":"BreadcrumbList","@id":"https:\/\/www.notibras.com\/site\/o-dia-em-que-tietei-simone-a-poetisa-inquieta-da-capital\/#breadcrumb","itemListElement":[{"@type":"ListItem","position":1,"name":"In\u00edcio","item":"https:\/\/www.notibras.com\/site\/"},{"@type":"ListItem","position":2,"name":"O dia em que tietei Simone, a poetisa inquieta da capital"}]},{"@type":"WebSite","@id":"https:\/\/www.notibras.com\/site\/#website","url":"https:\/\/www.notibras.com\/site\/","name":"Notibras","description":"Not\u00edcias de Bras\u00edlia, do Brasil e do Mundo","publisher":{"@id":"https:\/\/www.notibras.com\/site\/#organization"},"potentialAction":[{"@type":"SearchAction","target":{"@type":"EntryPoint","urlTemplate":"https:\/\/www.notibras.com\/site\/?s={search_term_string}"},"query-input":{"@type":"PropertyValueSpecification","valueRequired":true,"valueName":"search_term_string"}}],"inLanguage":"pt-BR"},{"@type":"Organization","@id":"https:\/\/www.notibras.com\/site\/#organization","name":"Grupo Notibras de Comunica\u00e7\u00e3o","url":"https:\/\/www.notibras.com\/site\/","logo":{"@type":"ImageObject","inLanguage":"pt-BR","@id":"https:\/\/www.notibras.com\/site\/#\/schema\/logo\/image\/","url":"https:\/\/www.notibras.com\/site\/wp-content\/uploads\/2023\/01\/notibras23.png","contentUrl":"https:\/\/www.notibras.com\/site\/wp-content\/uploads\/2023\/01\/notibras23.png","width":350,"height":87,"caption":"Grupo Notibras de Comunica\u00e7\u00e3o"},"image":{"@id":"https:\/\/www.notibras.com\/site\/#\/schema\/logo\/image\/"},"sameAs":["https:\/\/www.facebook.com\/notibras\/","https:\/\/x.com\/Notibras","https:\/\/www.instagram.com\/notibras\/"]},{"@type":"Person","@id":"https:\/\/www.notibras.com\/site\/#\/schema\/person\/5b7fabf2aedc3ada2105f03b22b4d3dd","name":"Eduardo Mart\u00ednez","image":{"@type":"ImageObject","inLanguage":"pt-BR","@id":"https:\/\/secure.gravatar.com\/avatar\/7902f906289926289cbcda644b5197c796b893c6ffd7b9a536a42d290f7704a0?s=96&d=mm&r=g","url":"https:\/\/secure.gravatar.com\/avatar\/7902f906289926289cbcda644b5197c796b893c6ffd7b9a536a42d290f7704a0?s=96&d=mm&r=g","contentUrl":"https:\/\/secure.gravatar.com\/avatar\/7902f906289926289cbcda644b5197c796b893c6ffd7b9a536a42d290f7704a0?s=96&d=mm&r=g","caption":"Eduardo Mart\u00ednez"}}]}},"amp_enabled":true,"_links":{"self":[{"href":"https:\/\/www.notibras.com\/site\/wp-json\/wp\/v2\/posts\/375020","targetHints":{"allow":["GET"]}}],"collection":[{"href":"https:\/\/www.notibras.com\/site\/wp-json\/wp\/v2\/posts"}],"about":[{"href":"https:\/\/www.notibras.com\/site\/wp-json\/wp\/v2\/types\/post"}],"author":[{"embeddable":true,"href":"https:\/\/www.notibras.com\/site\/wp-json\/wp\/v2\/users\/21"}],"replies":[{"embeddable":true,"href":"https:\/\/www.notibras.com\/site\/wp-json\/wp\/v2\/comments?post=375020"}],"version-history":[{"count":9,"href":"https:\/\/www.notibras.com\/site\/wp-json\/wp\/v2\/posts\/375020\/revisions"}],"predecessor-version":[{"id":375188,"href":"https:\/\/www.notibras.com\/site\/wp-json\/wp\/v2\/posts\/375020\/revisions\/375188"}],"wp:featuredmedia":[{"embeddable":true,"href":"https:\/\/www.notibras.com\/site\/wp-json\/wp\/v2\/media\/375021"}],"wp:attachment":[{"href":"https:\/\/www.notibras.com\/site\/wp-json\/wp\/v2\/media?parent=375020"}],"wp:term":[{"taxonomy":"category","embeddable":true,"href":"https:\/\/www.notibras.com\/site\/wp-json\/wp\/v2\/categories?post=375020"},{"taxonomy":"post_tag","embeddable":true,"href":"https:\/\/www.notibras.com\/site\/wp-json\/wp\/v2\/tags?post=375020"}],"curies":[{"name":"wp","href":"https:\/\/api.w.org\/{rel}","templated":true}]}}