{"id":375050,"date":"2025-12-16T07:51:36","date_gmt":"2025-12-16T10:51:36","guid":{"rendered":"https:\/\/www.notibras.com\/site\/?p=375050"},"modified":"2025-12-16T07:52:15","modified_gmt":"2025-12-16T10:52:15","slug":"bolsa-familia-vira-vetor-que-move-interior","status":"publish","type":"post","link":"https:\/\/www.notibras.com\/site\/bolsa-familia-vira-vetor-que-move-interior\/","title":{"rendered":"Bolsa Fam\u00edlia vira vetor que move interior"},"content":{"rendered":"<p>No mapa do Brasil oficial, os munic\u00edpios aparecem como pontos iguais, alinhados por linhas imagin\u00e1rias. Mas, no mapa real da vida, h\u00e1 cidades que respiram com mais dificuldade. No Nordeste profundo, muitas prefeituras aprenderam a administrar n\u00e3o apenas ruas, escolas e postos de sa\u00fade, mas tamb\u00e9m a escassez. E, nesse cen\u00e1rio, o Bolsa Fam\u00edlia deixou de ser apenas um programa social: tornou-se uma engrenagem silenciosa do or\u00e7amento municipal.<\/p>\n<p>Em cidades pequenas, onde a arrecada\u00e7\u00e3o pr\u00f3pria mal paga a conta de luz da prefeitura, o dinheiro que entra pelos cart\u00f5es do Bolsa Fam\u00edlia circula como sangue novo. N\u00e3o passa pelo caixa do munic\u00edpio, \u00e9 verdade, mas sustenta o com\u00e9rcio, garante o imposto do p\u00e3o, do g\u00e1s, do rem\u00e9dio. O prefeito sabe: quando o benef\u00edcio chega, a feira fica cheia, a farm\u00e1cia vende fiado com menos medo, o mercadinho reabastece as prateleiras. \u00c9 a economia girando sem pedir licen\u00e7a.<\/p>\n<p>Essa depend\u00eancia n\u00e3o \u00e9 te\u00f3rica, \u00e9 concreta. Sem ind\u00fastrias, com agricultura fr\u00e1gil e empregos formais raros, muitas cidades vivem de transfer\u00eancias.<\/p>\n<p>O Fundo de Participa\u00e7\u00e3o dos Munic\u00edpios mant\u00e9m a m\u00e1quina p\u00fablica funcionando; o Bolsa Fam\u00edlia mant\u00e9m o povo em p\u00e9. Quando um falha, o outro sente. Se o benef\u00edcio atrasa ou encolhe, o impacto aparece r\u00e1pido: queda no consumo, menos arrecada\u00e7\u00e3o de ISS, com\u00e9rcio parado e a prefeitura, j\u00e1 fr\u00e1gil, apertando ainda mais o cinto.<\/p>\n<p>Nas salas frias das secretarias de finan\u00e7as, o discurso \u00e9 t\u00e9cnico. Fala-se em \u201cbaixa capacidade arrecadat\u00f3ria\u201d e \u201ceconomia dependente de transfer\u00eancias\u201d. Mas, nas ruas quentes do sert\u00e3o e do agreste, o nome \u00e9 outro: sobreviv\u00eancia. O dinheiro do Bolsa Fam\u00edlia paga o arroz, o feij\u00e3o, o caderno do menino. Indiretamente, paga tamb\u00e9m o imposto que ajuda a manter o munic\u00edpio de p\u00e9.<\/p>\n<p>H\u00e1 quem critique essa engrenagem, chamando-a de v\u00edcio ou acomoda\u00e7\u00e3o. Mas quem governa cidades onde o emprego n\u00e3o brota da terra seca sabe que o problema n\u00e3o \u00e9 o programa, \u00e9 a aus\u00eancia hist\u00f3rica de alternativas. A depend\u00eancia or\u00e7ament\u00e1ria n\u00e3o nasceu do Bolsa Fam\u00edlia; ele apenas revelou uma estrutura desigual, onde munic\u00edpios inteiros foram condenados a viver de repasses.<\/p>\n<p>Ainda assim, a cr\u00f4nica n\u00e3o termina na resigna\u00e7\u00e3o. Em muitos lugares, o benef\u00edcio virou base para algo maior. Com o m\u00ednimo garantido, fam\u00edlias arriscam pequenos neg\u00f3cios, crian\u00e7as permanecem na escola, a fome recua. E, pouco a pouco, surge a esperan\u00e7a de que um dia o or\u00e7amento municipal n\u00e3o dependa tanto do que vem de fora.<\/p>\n<p>At\u00e9 l\u00e1, no Nordeste real, o Bolsa Fam\u00edlia segue sendo mais que pol\u00edtica social. \u00c9 \u00e2ncora econ\u00f4mica, colch\u00e3o fiscal indireto e fio invis\u00edvel que sustenta prefeituras inteiras. Uma depend\u00eancia que revela n\u00e3o fraqueza moral, mas a urg\u00eancia de um pa\u00eds que ainda precisa aprender a distribuir oportunidades antes de cobrar autonomia.<\/p>\n","protected":false},"excerpt":{"rendered":"<p>No mapa do Brasil oficial, os munic\u00edpios aparecem como pontos iguais, alinhados por linhas imagin\u00e1rias. Mas, no mapa real da vida, h\u00e1 cidades que respiram com mais dificuldade. No Nordeste profundo, muitas prefeituras aprenderam a administrar n\u00e3o apenas ruas, escolas e postos de sa\u00fade, mas tamb\u00e9m a escassez. E, nesse cen\u00e1rio, o Bolsa Fam\u00edlia deixou [&hellip;]<\/p>\n","protected":false},"author":2,"featured_media":375051,"comment_status":"closed","ping_status":"closed","sticky":false,"template":"","format":"standard","meta":{"_acf_changed":false,"footnotes":""},"categories":[165],"tags":[],"class_list":["post-375050","post","type-post","status-publish","format-standard","has-post-thumbnail","hentry","category-nordeste"],"acf":[],"yoast_head":"<!-- This site is optimized with the Yoast SEO plugin v27.2 - https:\/\/yoast.com\/product\/yoast-seo-wordpress\/ -->\n<title>Bolsa Fam\u00edlia vira vetor que move interior - Notibras<\/title>\n<meta name=\"robots\" content=\"index, follow, max-snippet:-1, max-image-preview:large, max-video-preview:-1\" \/>\n<link rel=\"canonical\" href=\"https:\/\/www.notibras.com\/site\/bolsa-familia-vira-vetor-que-move-interior\/\" \/>\n<meta property=\"og:locale\" content=\"pt_BR\" \/>\n<meta property=\"og:type\" content=\"article\" \/>\n<meta property=\"og:title\" content=\"Bolsa Fam\u00edlia vira vetor que move interior - Notibras\" \/>\n<meta property=\"og:description\" content=\"No mapa do Brasil oficial, os munic\u00edpios aparecem como pontos iguais, alinhados por linhas imagin\u00e1rias. Mas, no mapa real da vida, h\u00e1 cidades que respiram com mais dificuldade. No Nordeste profundo, muitas prefeituras aprenderam a administrar n\u00e3o apenas ruas, escolas e postos de sa\u00fade, mas tamb\u00e9m a escassez. E, nesse cen\u00e1rio, o Bolsa Fam\u00edlia deixou [&hellip;]\" \/>\n<meta property=\"og:url\" content=\"https:\/\/www.notibras.com\/site\/bolsa-familia-vira-vetor-que-move-interior\/\" \/>\n<meta property=\"og:site_name\" content=\"Notibras\" \/>\n<meta property=\"article:publisher\" content=\"https:\/\/www.facebook.com\/notibras\/\" \/>\n<meta property=\"article:published_time\" content=\"2025-12-16T10:51:36+00:00\" \/>\n<meta property=\"article:modified_time\" content=\"2025-12-16T10:52:15+00:00\" \/>\n<meta property=\"og:image\" content=\"https:\/\/www.notibras.com\/site\/wp-content\/uploads\/2025\/12\/feira.bolsafamilia-1024x683.png\" \/>\n\t<meta property=\"og:image:width\" content=\"1024\" \/>\n\t<meta property=\"og:image:height\" content=\"683\" \/>\n\t<meta property=\"og:image:type\" content=\"image\/png\" \/>\n<meta name=\"author\" content=\"Reda\u00e7\u00e3o\" \/>\n<meta name=\"twitter:card\" content=\"summary_large_image\" \/>\n<meta name=\"twitter:creator\" content=\"@Notibras\" \/>\n<meta name=\"twitter:site\" content=\"@Notibras\" \/>\n<meta name=\"twitter:label1\" content=\"Escrito por\" \/>\n\t<meta name=\"twitter:data1\" content=\"Reda\u00e7\u00e3o\" \/>\n\t<meta name=\"twitter:label2\" content=\"Est. tempo de leitura\" \/>\n\t<meta name=\"twitter:data2\" content=\"3 minutos\" \/>\n<script type=\"application\/ld+json\" class=\"yoast-schema-graph\">{\"@context\":\"https:\/\/schema.org\",\"@graph\":[{\"@type\":\"Article\",\"@id\":\"https:\/\/www.notibras.com\/site\/bolsa-familia-vira-vetor-que-move-interior\/#article\",\"isPartOf\":{\"@id\":\"https:\/\/www.notibras.com\/site\/bolsa-familia-vira-vetor-que-move-interior\/\"},\"author\":{\"name\":\"Reda\u00e7\u00e3o\",\"@id\":\"https:\/\/www.notibras.com\/site\/#\/schema\/person\/36ab0979449956132d3e5b517ea76ac8\"},\"headline\":\"Bolsa Fam\u00edlia vira vetor que move interior\",\"datePublished\":\"2025-12-16T10:51:36+00:00\",\"dateModified\":\"2025-12-16T10:52:15+00:00\",\"mainEntityOfPage\":{\"@id\":\"https:\/\/www.notibras.com\/site\/bolsa-familia-vira-vetor-que-move-interior\/\"},\"wordCount\":529,\"publisher\":{\"@id\":\"https:\/\/www.notibras.com\/site\/#organization\"},\"image\":{\"@id\":\"https:\/\/www.notibras.com\/site\/bolsa-familia-vira-vetor-que-move-interior\/#primaryimage\"},\"thumbnailUrl\":\"https:\/\/www.notibras.com\/site\/wp-content\/uploads\/2025\/12\/feira.bolsafamilia.png\",\"articleSection\":[\"Nordeste\"],\"inLanguage\":\"pt-BR\"},{\"@type\":\"WebPage\",\"@id\":\"https:\/\/www.notibras.com\/site\/bolsa-familia-vira-vetor-que-move-interior\/\",\"url\":\"https:\/\/www.notibras.com\/site\/bolsa-familia-vira-vetor-que-move-interior\/\",\"name\":\"Bolsa Fam\u00edlia vira vetor que move interior - Notibras\",\"isPartOf\":{\"@id\":\"https:\/\/www.notibras.com\/site\/#website\"},\"primaryImageOfPage\":{\"@id\":\"https:\/\/www.notibras.com\/site\/bolsa-familia-vira-vetor-que-move-interior\/#primaryimage\"},\"image\":{\"@id\":\"https:\/\/www.notibras.com\/site\/bolsa-familia-vira-vetor-que-move-interior\/#primaryimage\"},\"thumbnailUrl\":\"https:\/\/www.notibras.com\/site\/wp-content\/uploads\/2025\/12\/feira.bolsafamilia.png\",\"datePublished\":\"2025-12-16T10:51:36+00:00\",\"dateModified\":\"2025-12-16T10:52:15+00:00\",\"breadcrumb\":{\"@id\":\"https:\/\/www.notibras.com\/site\/bolsa-familia-vira-vetor-que-move-interior\/#breadcrumb\"},\"inLanguage\":\"pt-BR\",\"potentialAction\":[{\"@type\":\"ReadAction\",\"target\":[\"https:\/\/www.notibras.com\/site\/bolsa-familia-vira-vetor-que-move-interior\/\"]}]},{\"@type\":\"ImageObject\",\"inLanguage\":\"pt-BR\",\"@id\":\"https:\/\/www.notibras.com\/site\/bolsa-familia-vira-vetor-que-move-interior\/#primaryimage\",\"url\":\"https:\/\/www.notibras.com\/site\/wp-content\/uploads\/2025\/12\/feira.bolsafamilia.png\",\"contentUrl\":\"https:\/\/www.notibras.com\/site\/wp-content\/uploads\/2025\/12\/feira.bolsafamilia.png\",\"width\":1536,\"height\":1024},{\"@type\":\"BreadcrumbList\",\"@id\":\"https:\/\/www.notibras.com\/site\/bolsa-familia-vira-vetor-que-move-interior\/#breadcrumb\",\"itemListElement\":[{\"@type\":\"ListItem\",\"position\":1,\"name\":\"In\u00edcio\",\"item\":\"https:\/\/www.notibras.com\/site\/\"},{\"@type\":\"ListItem\",\"position\":2,\"name\":\"Bolsa Fam\u00edlia vira vetor que move interior\"}]},{\"@type\":\"WebSite\",\"@id\":\"https:\/\/www.notibras.com\/site\/#website\",\"url\":\"https:\/\/www.notibras.com\/site\/\",\"name\":\"Notibras\",\"description\":\"Not\u00edcias de Bras\u00edlia, do Brasil e do Mundo\",\"publisher\":{\"@id\":\"https:\/\/www.notibras.com\/site\/#organization\"},\"potentialAction\":[{\"@type\":\"SearchAction\",\"target\":{\"@type\":\"EntryPoint\",\"urlTemplate\":\"https:\/\/www.notibras.com\/site\/?s={search_term_string}\"},\"query-input\":{\"@type\":\"PropertyValueSpecification\",\"valueRequired\":true,\"valueName\":\"search_term_string\"}}],\"inLanguage\":\"pt-BR\"},{\"@type\":\"Organization\",\"@id\":\"https:\/\/www.notibras.com\/site\/#organization\",\"name\":\"Grupo Notibras de Comunica\u00e7\u00e3o\",\"url\":\"https:\/\/www.notibras.com\/site\/\",\"logo\":{\"@type\":\"ImageObject\",\"inLanguage\":\"pt-BR\",\"@id\":\"https:\/\/www.notibras.com\/site\/#\/schema\/logo\/image\/\",\"url\":\"https:\/\/www.notibras.com\/site\/wp-content\/uploads\/2023\/01\/notibras23.png\",\"contentUrl\":\"https:\/\/www.notibras.com\/site\/wp-content\/uploads\/2023\/01\/notibras23.png\",\"width\":350,\"height\":87,\"caption\":\"Grupo Notibras de Comunica\u00e7\u00e3o\"},\"image\":{\"@id\":\"https:\/\/www.notibras.com\/site\/#\/schema\/logo\/image\/\"},\"sameAs\":[\"https:\/\/www.facebook.com\/notibras\/\",\"https:\/\/x.com\/Notibras\",\"https:\/\/www.instagram.com\/notibras\/\"]},{\"@type\":\"Person\",\"@id\":\"https:\/\/www.notibras.com\/site\/#\/schema\/person\/36ab0979449956132d3e5b517ea76ac8\",\"name\":\"Reda\u00e7\u00e3o\",\"image\":{\"@type\":\"ImageObject\",\"inLanguage\":\"pt-BR\",\"@id\":\"https:\/\/secure.gravatar.com\/avatar\/e0a867bdedb85fd243eadf09663511f96fc81e0720a4a42581f334ad4303aa6b?s=96&d=mm&r=g\",\"url\":\"https:\/\/secure.gravatar.com\/avatar\/e0a867bdedb85fd243eadf09663511f96fc81e0720a4a42581f334ad4303aa6b?s=96&d=mm&r=g\",\"contentUrl\":\"https:\/\/secure.gravatar.com\/avatar\/e0a867bdedb85fd243eadf09663511f96fc81e0720a4a42581f334ad4303aa6b?s=96&d=mm&r=g\",\"caption\":\"Reda\u00e7\u00e3o\"}}]}<\/script>\n<!-- \/ Yoast SEO plugin. -->","yoast_head_json":{"title":"Bolsa Fam\u00edlia vira vetor que move interior - Notibras","robots":{"index":"index","follow":"follow","max-snippet":"max-snippet:-1","max-image-preview":"max-image-preview:large","max-video-preview":"max-video-preview:-1"},"canonical":"https:\/\/www.notibras.com\/site\/bolsa-familia-vira-vetor-que-move-interior\/","og_locale":"pt_BR","og_type":"article","og_title":"Bolsa Fam\u00edlia vira vetor que move interior - Notibras","og_description":"No mapa do Brasil oficial, os munic\u00edpios aparecem como pontos iguais, alinhados por linhas imagin\u00e1rias. Mas, no mapa real da vida, h\u00e1 cidades que respiram com mais dificuldade. No Nordeste profundo, muitas prefeituras aprenderam a administrar n\u00e3o apenas ruas, escolas e postos de sa\u00fade, mas tamb\u00e9m a escassez. E, nesse cen\u00e1rio, o Bolsa Fam\u00edlia deixou [&hellip;]","og_url":"https:\/\/www.notibras.com\/site\/bolsa-familia-vira-vetor-que-move-interior\/","og_site_name":"Notibras","article_publisher":"https:\/\/www.facebook.com\/notibras\/","article_published_time":"2025-12-16T10:51:36+00:00","article_modified_time":"2025-12-16T10:52:15+00:00","og_image":[{"width":1024,"height":683,"url":"https:\/\/www.notibras.com\/site\/wp-content\/uploads\/2025\/12\/feira.bolsafamilia-1024x683.png","type":"image\/png"}],"author":"Reda\u00e7\u00e3o","twitter_card":"summary_large_image","twitter_creator":"@Notibras","twitter_site":"@Notibras","twitter_misc":{"Escrito por":"Reda\u00e7\u00e3o","Est. tempo de leitura":"3 minutos"},"schema":{"@context":"https:\/\/schema.org","@graph":[{"@type":"Article","@id":"https:\/\/www.notibras.com\/site\/bolsa-familia-vira-vetor-que-move-interior\/#article","isPartOf":{"@id":"https:\/\/www.notibras.com\/site\/bolsa-familia-vira-vetor-que-move-interior\/"},"author":{"name":"Reda\u00e7\u00e3o","@id":"https:\/\/www.notibras.com\/site\/#\/schema\/person\/36ab0979449956132d3e5b517ea76ac8"},"headline":"Bolsa Fam\u00edlia vira vetor que move interior","datePublished":"2025-12-16T10:51:36+00:00","dateModified":"2025-12-16T10:52:15+00:00","mainEntityOfPage":{"@id":"https:\/\/www.notibras.com\/site\/bolsa-familia-vira-vetor-que-move-interior\/"},"wordCount":529,"publisher":{"@id":"https:\/\/www.notibras.com\/site\/#organization"},"image":{"@id":"https:\/\/www.notibras.com\/site\/bolsa-familia-vira-vetor-que-move-interior\/#primaryimage"},"thumbnailUrl":"https:\/\/www.notibras.com\/site\/wp-content\/uploads\/2025\/12\/feira.bolsafamilia.png","articleSection":["Nordeste"],"inLanguage":"pt-BR"},{"@type":"WebPage","@id":"https:\/\/www.notibras.com\/site\/bolsa-familia-vira-vetor-que-move-interior\/","url":"https:\/\/www.notibras.com\/site\/bolsa-familia-vira-vetor-que-move-interior\/","name":"Bolsa Fam\u00edlia vira vetor que move interior - Notibras","isPartOf":{"@id":"https:\/\/www.notibras.com\/site\/#website"},"primaryImageOfPage":{"@id":"https:\/\/www.notibras.com\/site\/bolsa-familia-vira-vetor-que-move-interior\/#primaryimage"},"image":{"@id":"https:\/\/www.notibras.com\/site\/bolsa-familia-vira-vetor-que-move-interior\/#primaryimage"},"thumbnailUrl":"https:\/\/www.notibras.com\/site\/wp-content\/uploads\/2025\/12\/feira.bolsafamilia.png","datePublished":"2025-12-16T10:51:36+00:00","dateModified":"2025-12-16T10:52:15+00:00","breadcrumb":{"@id":"https:\/\/www.notibras.com\/site\/bolsa-familia-vira-vetor-que-move-interior\/#breadcrumb"},"inLanguage":"pt-BR","potentialAction":[{"@type":"ReadAction","target":["https:\/\/www.notibras.com\/site\/bolsa-familia-vira-vetor-que-move-interior\/"]}]},{"@type":"ImageObject","inLanguage":"pt-BR","@id":"https:\/\/www.notibras.com\/site\/bolsa-familia-vira-vetor-que-move-interior\/#primaryimage","url":"https:\/\/www.notibras.com\/site\/wp-content\/uploads\/2025\/12\/feira.bolsafamilia.png","contentUrl":"https:\/\/www.notibras.com\/site\/wp-content\/uploads\/2025\/12\/feira.bolsafamilia.png","width":1536,"height":1024},{"@type":"BreadcrumbList","@id":"https:\/\/www.notibras.com\/site\/bolsa-familia-vira-vetor-que-move-interior\/#breadcrumb","itemListElement":[{"@type":"ListItem","position":1,"name":"In\u00edcio","item":"https:\/\/www.notibras.com\/site\/"},{"@type":"ListItem","position":2,"name":"Bolsa Fam\u00edlia vira vetor que move interior"}]},{"@type":"WebSite","@id":"https:\/\/www.notibras.com\/site\/#website","url":"https:\/\/www.notibras.com\/site\/","name":"Notibras","description":"Not\u00edcias de Bras\u00edlia, do Brasil e do Mundo","publisher":{"@id":"https:\/\/www.notibras.com\/site\/#organization"},"potentialAction":[{"@type":"SearchAction","target":{"@type":"EntryPoint","urlTemplate":"https:\/\/www.notibras.com\/site\/?s={search_term_string}"},"query-input":{"@type":"PropertyValueSpecification","valueRequired":true,"valueName":"search_term_string"}}],"inLanguage":"pt-BR"},{"@type":"Organization","@id":"https:\/\/www.notibras.com\/site\/#organization","name":"Grupo Notibras de Comunica\u00e7\u00e3o","url":"https:\/\/www.notibras.com\/site\/","logo":{"@type":"ImageObject","inLanguage":"pt-BR","@id":"https:\/\/www.notibras.com\/site\/#\/schema\/logo\/image\/","url":"https:\/\/www.notibras.com\/site\/wp-content\/uploads\/2023\/01\/notibras23.png","contentUrl":"https:\/\/www.notibras.com\/site\/wp-content\/uploads\/2023\/01\/notibras23.png","width":350,"height":87,"caption":"Grupo Notibras de Comunica\u00e7\u00e3o"},"image":{"@id":"https:\/\/www.notibras.com\/site\/#\/schema\/logo\/image\/"},"sameAs":["https:\/\/www.facebook.com\/notibras\/","https:\/\/x.com\/Notibras","https:\/\/www.instagram.com\/notibras\/"]},{"@type":"Person","@id":"https:\/\/www.notibras.com\/site\/#\/schema\/person\/36ab0979449956132d3e5b517ea76ac8","name":"Reda\u00e7\u00e3o","image":{"@type":"ImageObject","inLanguage":"pt-BR","@id":"https:\/\/secure.gravatar.com\/avatar\/e0a867bdedb85fd243eadf09663511f96fc81e0720a4a42581f334ad4303aa6b?s=96&d=mm&r=g","url":"https:\/\/secure.gravatar.com\/avatar\/e0a867bdedb85fd243eadf09663511f96fc81e0720a4a42581f334ad4303aa6b?s=96&d=mm&r=g","contentUrl":"https:\/\/secure.gravatar.com\/avatar\/e0a867bdedb85fd243eadf09663511f96fc81e0720a4a42581f334ad4303aa6b?s=96&d=mm&r=g","caption":"Reda\u00e7\u00e3o"}}]}},"amp_enabled":true,"_links":{"self":[{"href":"https:\/\/www.notibras.com\/site\/wp-json\/wp\/v2\/posts\/375050","targetHints":{"allow":["GET"]}}],"collection":[{"href":"https:\/\/www.notibras.com\/site\/wp-json\/wp\/v2\/posts"}],"about":[{"href":"https:\/\/www.notibras.com\/site\/wp-json\/wp\/v2\/types\/post"}],"author":[{"embeddable":true,"href":"https:\/\/www.notibras.com\/site\/wp-json\/wp\/v2\/users\/2"}],"replies":[{"embeddable":true,"href":"https:\/\/www.notibras.com\/site\/wp-json\/wp\/v2\/comments?post=375050"}],"version-history":[{"count":1,"href":"https:\/\/www.notibras.com\/site\/wp-json\/wp\/v2\/posts\/375050\/revisions"}],"predecessor-version":[{"id":375052,"href":"https:\/\/www.notibras.com\/site\/wp-json\/wp\/v2\/posts\/375050\/revisions\/375052"}],"wp:featuredmedia":[{"embeddable":true,"href":"https:\/\/www.notibras.com\/site\/wp-json\/wp\/v2\/media\/375051"}],"wp:attachment":[{"href":"https:\/\/www.notibras.com\/site\/wp-json\/wp\/v2\/media?parent=375050"}],"wp:term":[{"taxonomy":"category","embeddable":true,"href":"https:\/\/www.notibras.com\/site\/wp-json\/wp\/v2\/categories?post=375050"},{"taxonomy":"post_tag","embeddable":true,"href":"https:\/\/www.notibras.com\/site\/wp-json\/wp\/v2\/tags?post=375050"}],"curies":[{"name":"wp","href":"https:\/\/api.w.org\/{rel}","templated":true}]}}