{"id":375132,"date":"2025-12-17T00:15:38","date_gmt":"2025-12-17T03:15:38","guid":{"rendered":"https:\/\/www.notibras.com\/site\/?p=375132"},"modified":"2025-12-16T17:06:46","modified_gmt":"2025-12-16T20:06:46","slug":"inaugurada-ubs-de-chapadinha","status":"publish","type":"post","link":"https:\/\/www.notibras.com\/site\/inaugurada-ubs-de-chapadinha\/","title":{"rendered":"Inaugurada UBS de Chapadinha"},"content":{"rendered":"<p>Nesta ter\u00e7a-feira (16), o governador Ibaneis Rocha inaugurou a Unidade B\u00e1sica de Sa\u00fade (UBS) de Chapadinha, em Brazl\u00e2ndia, que vai beneficiar cerca de 5,5 mil pessoas. A obra, executada pela Companhia Urbanizadora da Nova Capital do Brasil (Novacap), foi conclu\u00edda com investimento de mais de R$ 5,5 milh\u00f5es e tem como objetivo fortalecer a aten\u00e7\u00e3o b\u00e1sica e ampliar o acesso da popula\u00e7\u00e3o aos servi\u00e7os p\u00fablicos de sa\u00fade.<\/p>\n<p>\u201cBrazl\u00e2ndia \u00e9 uma cidade em que a gente tem feito investimentos\u201d, afirmou Ibaneis. \u201cA cidade estava totalmente abandonada pelos governos anteriores. N\u00f3s j\u00e1 entregamos aqui escolas, UPA e hoje temos uma UBS para entregar, al\u00e9m da reconstru\u00e7\u00e3o do hospital. Estamos fazendo isso com muito carinho.\u201d<\/p>\n<p>O equipamento p\u00fablico conta com vacina\u00e7\u00e3o, farm\u00e1cia e atendimento completo das equipes de Sa\u00fade da Fam\u00edlia (eSF), com consultas e encaminhamentos conforme as necessidades dos moradores. A UBS tamb\u00e9m oferece servi\u00e7o odontol\u00f3gico, equipado com duas cadeiras para atendimento \u00e0 popula\u00e7\u00e3o, e tem capacidade para atender at\u00e9 300 pacientes por dia.<\/p>\n<p><strong>Atendimento completo<\/strong><\/p>\n<p>Al\u00e9m disso, a UBS permitir\u00e1 o fortalecimento do sistema p\u00fablico de sa\u00fade da regi\u00e3o, que tamb\u00e9m tem recebido outros investimentos no setor. \u201cEla vai convergir diretamente com os novos investimentos que o governador fez\u201d, pontuou o secret\u00e1rio de Sa\u00fade do DF, Juracy Cavalcante Lacerda. \u201cTemos a reforma do pronto-socorro do Hospital de Brazl\u00e2ndia, na qual n\u00f3s teremos a amplia\u00e7\u00e3o de leitos, mais do que dobrando a capacidade do hospital, e o investimento em um tom\u00f3grafo\u201d.<\/p>\n<p>O presidente da Companhia Urbanizadora da Nova Capital (Novacap), Fernando Leite, enfatizou a estrutura do espa\u00e7o: \u201c\u00c9 uma unidade completa. Quem j\u00e1 visitou pode ver a qualidade. S\u00e3o 788 metros quadrados de \u00e1rea constru\u00edda, com atendimento b\u00e1sico completo\u201d.<\/p>\n<p>Para Leite, participar de obras como essa \u00e9 um orgulho para a empresa devido ao impacto direto na vida da popula\u00e7\u00e3o. \u201cApesar de sermos uma empresa genuinamente de engenharia, a parte que mais nos d\u00e1 satisfa\u00e7\u00e3o \u00e9 o que chamamos de engenharia social: hospitais, creches, escolas, tudo aquilo que est\u00e1 diretamente ligado \u00e0s pessoas\u201d, ilustrou.<\/p>\n<p><strong>Infraestrutura<\/strong><\/p>\n<p>Com \u00e1rea constru\u00edda de 762,97 m\u00b2 e localizada na Gleba 2, Reserva A, no Projeto Integrado de Coloniza\u00e7\u00e3o e Reforma Agr\u00e1ria Alexandre Gusm\u00e3o (Picag), a nova unidade tamb\u00e9m conta com estacionamento para carros e motocicletas, incluindo vagas reservadas para ambul\u00e2ncias, pessoas com defici\u00eancia (PcDs) e idosos. O espa\u00e7o disp\u00f5e ainda de acessibilidade, ilumina\u00e7\u00e3o externa, sistema de c\u00e2meras de seguran\u00e7a, \u00e1rea verde, reservat\u00f3rios superior e inferior e fechamento em gradil met\u00e1lico. A obra foi executada pela Construtora Queiroz Oliveira.<\/p>\n<p>Moradora da regi\u00e3o desde 1980, a cobradora de \u00f4nibus Claudimeire Azevedo, de 54 anos, que convive com diabetes, comemorou a inaugura\u00e7\u00e3o da nova UBS: \u201cAqui est\u00e1 bem melhor. Fiquei muito feliz. Eu j\u00e1 entrei, j\u00e1 me consultei hoje mesmo com o m\u00e9dico e fui muito bem-atendida. J\u00e1 estou com toda a documenta\u00e7\u00e3o certinha para pegar meus medicamentos. S\u00f3 tenho a agradecer a Deus\u201d.<\/p>\n<p>Segundo Claudimeire, a antiga estrutura deixava a desejar. \u201cO espa\u00e7o anterior era bem prec\u00e1rio, feio mesmo\u201d, lembrou. \u201cO que ficou para tr\u00e1s ficou para tr\u00e1s. Aqui \u00e9 para a frente. Desde que cheguei ao Distrito Federal, a gente precisava ir at\u00e9 Bras\u00edlia para quase tudo. Era um sacrif\u00edcio muito grande. Depois come\u00e7ou um atendimento mais perto, foi melhorando aos poucos, e agora a gente tem essa maravilha aqui. Isso \u00e9 muito bom para n\u00f3s aqui da regi\u00e3o, tanto para a Chapadinha quanto para o Rodeador, que s\u00e3o atendidos por essa unidade\u201d.<\/p>\n<p><strong>Investimentos<\/strong><\/p>\n<p>O Governo do Distrito Federal (GDF) tem investido de forma significativa para fortalecer a rede p\u00fablica de sa\u00fade em Brazl\u00e2ndia. Na regi\u00e3o, al\u00e9m da constru\u00e7\u00e3o da UBS 5 na Chapadinha, est\u00e3o em andamento as obras de uma nova unidade no Incra 8 e a reforma do pronto-socorro do Hospital Regional de Brazl\u00e2ndia (HRBz). Essa \u00e9 a 14\u00aa UBS entregue por este GDF desde 2019.<\/p>\n<p>As interven\u00e7\u00f5es fazem parte do conjunto de investimentos do GDF voltados \u00e0 amplia\u00e7\u00e3o e moderniza\u00e7\u00e3o dos espa\u00e7os de atendimento de urg\u00eancia, emerg\u00eancia e aten\u00e7\u00e3o prim\u00e1ria e secund\u00e1ria, que somam R$ 524.170.071,70 em todo o DF.<\/p>\n","protected":false},"excerpt":{"rendered":"<p>Nesta ter\u00e7a-feira (16), o governador Ibaneis Rocha inaugurou a Unidade B\u00e1sica de Sa\u00fade (UBS) de Chapadinha, em Brazl\u00e2ndia, que vai beneficiar cerca de 5,5 mil pessoas. A obra, executada pela Companhia Urbanizadora da Nova Capital do Brasil (Novacap), foi conclu\u00edda com investimento de mais de R$ 5,5 milh\u00f5es e tem como objetivo fortalecer a aten\u00e7\u00e3o [&hellip;]<\/p>\n","protected":false},"author":21,"featured_media":375135,"comment_status":"closed","ping_status":"closed","sticky":false,"template":"","format":"standard","meta":{"_acf_changed":false,"footnotes":""},"categories":[161],"tags":[],"class_list":["post-375132","post","type-post","status-publish","format-standard","has-post-thumbnail","hentry","category-quadradinho-em-foco"],"acf":[],"yoast_head":"<!-- This site is optimized with the Yoast SEO plugin v27.5 - https:\/\/yoast.com\/product\/yoast-seo-wordpress\/ -->\n<title>Inaugurada UBS de Chapadinha - Notibras<\/title>\n<meta name=\"robots\" content=\"index, follow, max-snippet:-1, max-image-preview:large, max-video-preview:-1\" \/>\n<link rel=\"canonical\" href=\"https:\/\/www.notibras.com\/site\/inaugurada-ubs-de-chapadinha\/\" \/>\n<meta property=\"og:locale\" content=\"pt_BR\" \/>\n<meta property=\"og:type\" content=\"article\" \/>\n<meta property=\"og:title\" content=\"Inaugurada UBS de Chapadinha - Notibras\" \/>\n<meta property=\"og:description\" content=\"Nesta ter\u00e7a-feira (16), o governador Ibaneis Rocha inaugurou a Unidade B\u00e1sica de Sa\u00fade (UBS) de Chapadinha, em Brazl\u00e2ndia, que vai beneficiar cerca de 5,5 mil pessoas. A obra, executada pela Companhia Urbanizadora da Nova Capital do Brasil (Novacap), foi conclu\u00edda com investimento de mais de R$ 5,5 milh\u00f5es e tem como objetivo fortalecer a aten\u00e7\u00e3o [&hellip;]\" \/>\n<meta property=\"og:url\" content=\"https:\/\/www.notibras.com\/site\/inaugurada-ubs-de-chapadinha\/\" \/>\n<meta property=\"og:site_name\" content=\"Notibras\" \/>\n<meta property=\"article:publisher\" content=\"https:\/\/www.facebook.com\/notibras\/\" \/>\n<meta property=\"article:published_time\" content=\"2025-12-17T03:15:38+00:00\" \/>\n<meta property=\"og:image\" content=\"https:\/\/www.notibras.com\/site\/wp-content\/uploads\/2025\/12\/16.12.-Chapadinha.-Foto-Renato-Alves-Agencia-Brasilia2.jpeg\" \/>\n\t<meta property=\"og:image:width\" content=\"1600\" \/>\n\t<meta property=\"og:image:height\" content=\"1066\" \/>\n\t<meta property=\"og:image:type\" content=\"image\/jpeg\" \/>\n<meta name=\"author\" content=\"Eduardo Mart\u00ednez\" \/>\n<meta name=\"twitter:card\" content=\"summary_large_image\" \/>\n<meta name=\"twitter:creator\" content=\"@Notibras\" \/>\n<meta name=\"twitter:site\" content=\"@Notibras\" \/>\n<meta name=\"twitter:label1\" content=\"Escrito por\" \/>\n\t<meta name=\"twitter:data1\" content=\"Eduardo Mart\u00ednez\" \/>\n\t<meta name=\"twitter:label2\" content=\"Est. tempo de leitura\" \/>\n\t<meta name=\"twitter:data2\" content=\"4 minutos\" \/>\n<script type=\"application\/ld+json\" class=\"yoast-schema-graph\">{\"@context\":\"https:\\\/\\\/schema.org\",\"@graph\":[{\"@type\":\"Article\",\"@id\":\"https:\\\/\\\/www.notibras.com\\\/site\\\/inaugurada-ubs-de-chapadinha\\\/#article\",\"isPartOf\":{\"@id\":\"https:\\\/\\\/www.notibras.com\\\/site\\\/inaugurada-ubs-de-chapadinha\\\/\"},\"author\":{\"name\":\"Eduardo Mart\u00ednez\",\"@id\":\"https:\\\/\\\/www.notibras.com\\\/site\\\/#\\\/schema\\\/person\\\/5b7fabf2aedc3ada2105f03b22b4d3dd\"},\"headline\":\"Inaugurada UBS de Chapadinha\",\"datePublished\":\"2025-12-17T03:15:38+00:00\",\"mainEntityOfPage\":{\"@id\":\"https:\\\/\\\/www.notibras.com\\\/site\\\/inaugurada-ubs-de-chapadinha\\\/\"},\"wordCount\":733,\"publisher\":{\"@id\":\"https:\\\/\\\/www.notibras.com\\\/site\\\/#organization\"},\"image\":{\"@id\":\"https:\\\/\\\/www.notibras.com\\\/site\\\/inaugurada-ubs-de-chapadinha\\\/#primaryimage\"},\"thumbnailUrl\":\"https:\\\/\\\/www.notibras.com\\\/site\\\/wp-content\\\/uploads\\\/2025\\\/12\\\/16.12.-Chapadinha.-Foto-Renato-Alves-Agencia-Brasilia2.jpeg\",\"articleSection\":[\"Quadradinho em Foco\"],\"inLanguage\":\"pt-BR\"},{\"@type\":\"WebPage\",\"@id\":\"https:\\\/\\\/www.notibras.com\\\/site\\\/inaugurada-ubs-de-chapadinha\\\/\",\"url\":\"https:\\\/\\\/www.notibras.com\\\/site\\\/inaugurada-ubs-de-chapadinha\\\/\",\"name\":\"Inaugurada UBS de Chapadinha - Notibras\",\"isPartOf\":{\"@id\":\"https:\\\/\\\/www.notibras.com\\\/site\\\/#website\"},\"primaryImageOfPage\":{\"@id\":\"https:\\\/\\\/www.notibras.com\\\/site\\\/inaugurada-ubs-de-chapadinha\\\/#primaryimage\"},\"image\":{\"@id\":\"https:\\\/\\\/www.notibras.com\\\/site\\\/inaugurada-ubs-de-chapadinha\\\/#primaryimage\"},\"thumbnailUrl\":\"https:\\\/\\\/www.notibras.com\\\/site\\\/wp-content\\\/uploads\\\/2025\\\/12\\\/16.12.-Chapadinha.-Foto-Renato-Alves-Agencia-Brasilia2.jpeg\",\"datePublished\":\"2025-12-17T03:15:38+00:00\",\"breadcrumb\":{\"@id\":\"https:\\\/\\\/www.notibras.com\\\/site\\\/inaugurada-ubs-de-chapadinha\\\/#breadcrumb\"},\"inLanguage\":\"pt-BR\",\"potentialAction\":[{\"@type\":\"ReadAction\",\"target\":[\"https:\\\/\\\/www.notibras.com\\\/site\\\/inaugurada-ubs-de-chapadinha\\\/\"]}]},{\"@type\":\"ImageObject\",\"inLanguage\":\"pt-BR\",\"@id\":\"https:\\\/\\\/www.notibras.com\\\/site\\\/inaugurada-ubs-de-chapadinha\\\/#primaryimage\",\"url\":\"https:\\\/\\\/www.notibras.com\\\/site\\\/wp-content\\\/uploads\\\/2025\\\/12\\\/16.12.-Chapadinha.-Foto-Renato-Alves-Agencia-Brasilia2.jpeg\",\"contentUrl\":\"https:\\\/\\\/www.notibras.com\\\/site\\\/wp-content\\\/uploads\\\/2025\\\/12\\\/16.12.-Chapadinha.-Foto-Renato-Alves-Agencia-Brasilia2.jpeg\",\"width\":1600,\"height\":1066},{\"@type\":\"BreadcrumbList\",\"@id\":\"https:\\\/\\\/www.notibras.com\\\/site\\\/inaugurada-ubs-de-chapadinha\\\/#breadcrumb\",\"itemListElement\":[{\"@type\":\"ListItem\",\"position\":1,\"name\":\"In\u00edcio\",\"item\":\"https:\\\/\\\/www.notibras.com\\\/site\\\/\"},{\"@type\":\"ListItem\",\"position\":2,\"name\":\"Inaugurada UBS de Chapadinha\"}]},{\"@type\":\"WebSite\",\"@id\":\"https:\\\/\\\/www.notibras.com\\\/site\\\/#website\",\"url\":\"https:\\\/\\\/www.notibras.com\\\/site\\\/\",\"name\":\"Notibras\",\"description\":\"Not\u00edcias de Bras\u00edlia, do Brasil e do Mundo\",\"publisher\":{\"@id\":\"https:\\\/\\\/www.notibras.com\\\/site\\\/#organization\"},\"potentialAction\":[{\"@type\":\"SearchAction\",\"target\":{\"@type\":\"EntryPoint\",\"urlTemplate\":\"https:\\\/\\\/www.notibras.com\\\/site\\\/?s={search_term_string}\"},\"query-input\":{\"@type\":\"PropertyValueSpecification\",\"valueRequired\":true,\"valueName\":\"search_term_string\"}}],\"inLanguage\":\"pt-BR\"},{\"@type\":\"Organization\",\"@id\":\"https:\\\/\\\/www.notibras.com\\\/site\\\/#organization\",\"name\":\"Grupo Notibras de Comunica\u00e7\u00e3o\",\"url\":\"https:\\\/\\\/www.notibras.com\\\/site\\\/\",\"logo\":{\"@type\":\"ImageObject\",\"inLanguage\":\"pt-BR\",\"@id\":\"https:\\\/\\\/www.notibras.com\\\/site\\\/#\\\/schema\\\/logo\\\/image\\\/\",\"url\":\"https:\\\/\\\/www.notibras.com\\\/site\\\/wp-content\\\/uploads\\\/2023\\\/01\\\/notibras23.png\",\"contentUrl\":\"https:\\\/\\\/www.notibras.com\\\/site\\\/wp-content\\\/uploads\\\/2023\\\/01\\\/notibras23.png\",\"width\":350,\"height\":87,\"caption\":\"Grupo Notibras de Comunica\u00e7\u00e3o\"},\"image\":{\"@id\":\"https:\\\/\\\/www.notibras.com\\\/site\\\/#\\\/schema\\\/logo\\\/image\\\/\"},\"sameAs\":[\"https:\\\/\\\/www.facebook.com\\\/notibras\\\/\",\"https:\\\/\\\/x.com\\\/Notibras\",\"https:\\\/\\\/www.instagram.com\\\/notibras\\\/\"]},{\"@type\":\"Person\",\"@id\":\"https:\\\/\\\/www.notibras.com\\\/site\\\/#\\\/schema\\\/person\\\/5b7fabf2aedc3ada2105f03b22b4d3dd\",\"name\":\"Eduardo Mart\u00ednez\",\"image\":{\"@type\":\"ImageObject\",\"inLanguage\":\"pt-BR\",\"@id\":\"https:\\\/\\\/secure.gravatar.com\\\/avatar\\\/7902f906289926289cbcda644b5197c796b893c6ffd7b9a536a42d290f7704a0?s=96&d=mm&r=g\",\"url\":\"https:\\\/\\\/secure.gravatar.com\\\/avatar\\\/7902f906289926289cbcda644b5197c796b893c6ffd7b9a536a42d290f7704a0?s=96&d=mm&r=g\",\"contentUrl\":\"https:\\\/\\\/secure.gravatar.com\\\/avatar\\\/7902f906289926289cbcda644b5197c796b893c6ffd7b9a536a42d290f7704a0?s=96&d=mm&r=g\",\"caption\":\"Eduardo Mart\u00ednez\"}}]}<\/script>\n<!-- \/ Yoast SEO plugin. -->","yoast_head_json":{"title":"Inaugurada UBS de Chapadinha - Notibras","robots":{"index":"index","follow":"follow","max-snippet":"max-snippet:-1","max-image-preview":"max-image-preview:large","max-video-preview":"max-video-preview:-1"},"canonical":"https:\/\/www.notibras.com\/site\/inaugurada-ubs-de-chapadinha\/","og_locale":"pt_BR","og_type":"article","og_title":"Inaugurada UBS de Chapadinha - Notibras","og_description":"Nesta ter\u00e7a-feira (16), o governador Ibaneis Rocha inaugurou a Unidade B\u00e1sica de Sa\u00fade (UBS) de Chapadinha, em Brazl\u00e2ndia, que vai beneficiar cerca de 5,5 mil pessoas. A obra, executada pela Companhia Urbanizadora da Nova Capital do Brasil (Novacap), foi conclu\u00edda com investimento de mais de R$ 5,5 milh\u00f5es e tem como objetivo fortalecer a aten\u00e7\u00e3o [&hellip;]","og_url":"https:\/\/www.notibras.com\/site\/inaugurada-ubs-de-chapadinha\/","og_site_name":"Notibras","article_publisher":"https:\/\/www.facebook.com\/notibras\/","article_published_time":"2025-12-17T03:15:38+00:00","og_image":[{"width":1600,"height":1066,"url":"https:\/\/www.notibras.com\/site\/wp-content\/uploads\/2025\/12\/16.12.-Chapadinha.-Foto-Renato-Alves-Agencia-Brasilia2.jpeg","type":"image\/jpeg"}],"author":"Eduardo Mart\u00ednez","twitter_card":"summary_large_image","twitter_creator":"@Notibras","twitter_site":"@Notibras","twitter_misc":{"Escrito por":"Eduardo Mart\u00ednez","Est. tempo de leitura":"4 minutos"},"schema":{"@context":"https:\/\/schema.org","@graph":[{"@type":"Article","@id":"https:\/\/www.notibras.com\/site\/inaugurada-ubs-de-chapadinha\/#article","isPartOf":{"@id":"https:\/\/www.notibras.com\/site\/inaugurada-ubs-de-chapadinha\/"},"author":{"name":"Eduardo Mart\u00ednez","@id":"https:\/\/www.notibras.com\/site\/#\/schema\/person\/5b7fabf2aedc3ada2105f03b22b4d3dd"},"headline":"Inaugurada UBS de Chapadinha","datePublished":"2025-12-17T03:15:38+00:00","mainEntityOfPage":{"@id":"https:\/\/www.notibras.com\/site\/inaugurada-ubs-de-chapadinha\/"},"wordCount":733,"publisher":{"@id":"https:\/\/www.notibras.com\/site\/#organization"},"image":{"@id":"https:\/\/www.notibras.com\/site\/inaugurada-ubs-de-chapadinha\/#primaryimage"},"thumbnailUrl":"https:\/\/www.notibras.com\/site\/wp-content\/uploads\/2025\/12\/16.12.-Chapadinha.-Foto-Renato-Alves-Agencia-Brasilia2.jpeg","articleSection":["Quadradinho em Foco"],"inLanguage":"pt-BR"},{"@type":"WebPage","@id":"https:\/\/www.notibras.com\/site\/inaugurada-ubs-de-chapadinha\/","url":"https:\/\/www.notibras.com\/site\/inaugurada-ubs-de-chapadinha\/","name":"Inaugurada UBS de Chapadinha - Notibras","isPartOf":{"@id":"https:\/\/www.notibras.com\/site\/#website"},"primaryImageOfPage":{"@id":"https:\/\/www.notibras.com\/site\/inaugurada-ubs-de-chapadinha\/#primaryimage"},"image":{"@id":"https:\/\/www.notibras.com\/site\/inaugurada-ubs-de-chapadinha\/#primaryimage"},"thumbnailUrl":"https:\/\/www.notibras.com\/site\/wp-content\/uploads\/2025\/12\/16.12.-Chapadinha.-Foto-Renato-Alves-Agencia-Brasilia2.jpeg","datePublished":"2025-12-17T03:15:38+00:00","breadcrumb":{"@id":"https:\/\/www.notibras.com\/site\/inaugurada-ubs-de-chapadinha\/#breadcrumb"},"inLanguage":"pt-BR","potentialAction":[{"@type":"ReadAction","target":["https:\/\/www.notibras.com\/site\/inaugurada-ubs-de-chapadinha\/"]}]},{"@type":"ImageObject","inLanguage":"pt-BR","@id":"https:\/\/www.notibras.com\/site\/inaugurada-ubs-de-chapadinha\/#primaryimage","url":"https:\/\/www.notibras.com\/site\/wp-content\/uploads\/2025\/12\/16.12.-Chapadinha.-Foto-Renato-Alves-Agencia-Brasilia2.jpeg","contentUrl":"https:\/\/www.notibras.com\/site\/wp-content\/uploads\/2025\/12\/16.12.-Chapadinha.-Foto-Renato-Alves-Agencia-Brasilia2.jpeg","width":1600,"height":1066},{"@type":"BreadcrumbList","@id":"https:\/\/www.notibras.com\/site\/inaugurada-ubs-de-chapadinha\/#breadcrumb","itemListElement":[{"@type":"ListItem","position":1,"name":"In\u00edcio","item":"https:\/\/www.notibras.com\/site\/"},{"@type":"ListItem","position":2,"name":"Inaugurada UBS de Chapadinha"}]},{"@type":"WebSite","@id":"https:\/\/www.notibras.com\/site\/#website","url":"https:\/\/www.notibras.com\/site\/","name":"Notibras","description":"Not\u00edcias de Bras\u00edlia, do Brasil e do Mundo","publisher":{"@id":"https:\/\/www.notibras.com\/site\/#organization"},"potentialAction":[{"@type":"SearchAction","target":{"@type":"EntryPoint","urlTemplate":"https:\/\/www.notibras.com\/site\/?s={search_term_string}"},"query-input":{"@type":"PropertyValueSpecification","valueRequired":true,"valueName":"search_term_string"}}],"inLanguage":"pt-BR"},{"@type":"Organization","@id":"https:\/\/www.notibras.com\/site\/#organization","name":"Grupo Notibras de Comunica\u00e7\u00e3o","url":"https:\/\/www.notibras.com\/site\/","logo":{"@type":"ImageObject","inLanguage":"pt-BR","@id":"https:\/\/www.notibras.com\/site\/#\/schema\/logo\/image\/","url":"https:\/\/www.notibras.com\/site\/wp-content\/uploads\/2023\/01\/notibras23.png","contentUrl":"https:\/\/www.notibras.com\/site\/wp-content\/uploads\/2023\/01\/notibras23.png","width":350,"height":87,"caption":"Grupo Notibras de Comunica\u00e7\u00e3o"},"image":{"@id":"https:\/\/www.notibras.com\/site\/#\/schema\/logo\/image\/"},"sameAs":["https:\/\/www.facebook.com\/notibras\/","https:\/\/x.com\/Notibras","https:\/\/www.instagram.com\/notibras\/"]},{"@type":"Person","@id":"https:\/\/www.notibras.com\/site\/#\/schema\/person\/5b7fabf2aedc3ada2105f03b22b4d3dd","name":"Eduardo Mart\u00ednez","image":{"@type":"ImageObject","inLanguage":"pt-BR","@id":"https:\/\/secure.gravatar.com\/avatar\/7902f906289926289cbcda644b5197c796b893c6ffd7b9a536a42d290f7704a0?s=96&d=mm&r=g","url":"https:\/\/secure.gravatar.com\/avatar\/7902f906289926289cbcda644b5197c796b893c6ffd7b9a536a42d290f7704a0?s=96&d=mm&r=g","contentUrl":"https:\/\/secure.gravatar.com\/avatar\/7902f906289926289cbcda644b5197c796b893c6ffd7b9a536a42d290f7704a0?s=96&d=mm&r=g","caption":"Eduardo Mart\u00ednez"}}]}},"amp_enabled":true,"_links":{"self":[{"href":"https:\/\/www.notibras.com\/site\/wp-json\/wp\/v2\/posts\/375132","targetHints":{"allow":["GET"]}}],"collection":[{"href":"https:\/\/www.notibras.com\/site\/wp-json\/wp\/v2\/posts"}],"about":[{"href":"https:\/\/www.notibras.com\/site\/wp-json\/wp\/v2\/types\/post"}],"author":[{"embeddable":true,"href":"https:\/\/www.notibras.com\/site\/wp-json\/wp\/v2\/users\/21"}],"replies":[{"embeddable":true,"href":"https:\/\/www.notibras.com\/site\/wp-json\/wp\/v2\/comments?post=375132"}],"version-history":[{"count":1,"href":"https:\/\/www.notibras.com\/site\/wp-json\/wp\/v2\/posts\/375132\/revisions"}],"predecessor-version":[{"id":375133,"href":"https:\/\/www.notibras.com\/site\/wp-json\/wp\/v2\/posts\/375132\/revisions\/375133"}],"wp:featuredmedia":[{"embeddable":true,"href":"https:\/\/www.notibras.com\/site\/wp-json\/wp\/v2\/media\/375135"}],"wp:attachment":[{"href":"https:\/\/www.notibras.com\/site\/wp-json\/wp\/v2\/media?parent=375132"}],"wp:term":[{"taxonomy":"category","embeddable":true,"href":"https:\/\/www.notibras.com\/site\/wp-json\/wp\/v2\/categories?post=375132"},{"taxonomy":"post_tag","embeddable":true,"href":"https:\/\/www.notibras.com\/site\/wp-json\/wp\/v2\/tags?post=375132"}],"curies":[{"name":"wp","href":"https:\/\/api.w.org\/{rel}","templated":true}]}}