{"id":375137,"date":"2025-12-17T00:30:41","date_gmt":"2025-12-17T03:30:41","guid":{"rendered":"https:\/\/www.notibras.com\/site\/?p=375137"},"modified":"2025-12-16T17:22:27","modified_gmt":"2025-12-16T20:22:27","slug":"22-mil-mudas-serao-plantadas-na-serrinha-do-paranoa","status":"publish","type":"post","link":"https:\/\/www.notibras.com\/site\/22-mil-mudas-serao-plantadas-na-serrinha-do-paranoa\/","title":{"rendered":"22 mil mudas ser\u00e3o plantadas na Serrinha do Parano\u00e1"},"content":{"rendered":"<p>Atendendo a uma demanda antiga da popula\u00e7\u00e3o do Lago Norte por a\u00e7\u00f5es efetivas de recupera\u00e7\u00e3o ambiental, a Secretaria da Agricultura, Abastecimento e Desenvolvimento Rural (Seagri-DF) vai recuperar a Serrinha do Parano\u00e1, \u00e1rea localizada na regi\u00e3o administrativa. O Contrato de Presta\u00e7\u00e3o de Servi\u00e7os n\u00ba 014\/2025 foi celebrado com a empresa Geoeletric Servi\u00e7os em Geologia, Engenharia e Meio Ambiente Ltda.<\/p>\n<p>A iniciativa prev\u00ea o transporte, a distribui\u00e7\u00e3o e o plantio de 22 mil mudas de esp\u00e9cies nativas do Cerrado, al\u00e9m da manuten\u00e7\u00e3o e do monitoramento das \u00e1reas recuperadas por um per\u00edodo de 24 meses. As a\u00e7\u00f5es de manuten\u00e7\u00e3o ser\u00e3o executadas sob demanda, conforme a necessidade identificada durante o acompanhamento t\u00e9cnico.<\/p>\n<p>\u201cEstamos investindo na recupera\u00e7\u00e3o de \u00e1reas sens\u00edveis, com foco na prote\u00e7\u00e3o das nascentes e na recomposi\u00e7\u00e3o da vegeta\u00e7\u00e3o nativa do Cerrado\u201d, explica o titular da Seagri-DF, Rafael Bueno. \u201c\u00c9 uma a\u00e7\u00e3o estruturante, que alia t\u00e9cnica, sustentabilidade e compromisso com o futuro ambiental do DF.\u201d<\/p>\n<p>O valor total do contrato \u00e9 de R$ 248 mil, com empenho integral do mesmo montante. Os recursos s\u00e3o oriundos da Fonte 332, vinculados \u00e0 Unidade Or\u00e7ament\u00e1ria 14101, no \u00e2mbito do programa de trabalho Fomento \u00e0 Defesa Agropecu\u00e1ria. A vig\u00eancia \u00e9 de 24 meses, podendo ser prorrogada por meio de termo aditivo.<\/p>\n<p><strong>Mobiliza\u00e7\u00e3o comunit\u00e1ria<\/strong><\/p>\n<p>A recupera\u00e7\u00e3o ambiental da Serrinha do Parano\u00e1 \u00e9 resultado de uma mobiliza\u00e7\u00e3o hist\u00f3rica da comunidade local, que h\u00e1 anos atua em defesa das nascentes, da vegeta\u00e7\u00e3o nativa e da qualidade ambiental da regi\u00e3o. Essa articula\u00e7\u00e3o foi fundamental para dar visibilidade \u00e0s demandas do territ\u00f3rio e viabilizar, junto ao Minist\u00e9rio da Integra\u00e7\u00e3o e do Desenvolvimento Regional (MIDR), o conv\u00eanio atualmente executado pela Seagri-DF.<\/p>\n<p>A partir desse processo participativo, foi poss\u00edvel estruturar a\u00e7\u00f5es integradas de diagn\u00f3stico ambiental, educa\u00e7\u00e3o ambiental, produ\u00e7\u00e3o de mudas nativas e recomposi\u00e7\u00e3o vegetal de \u00e1reas degradadas, alinhadas \u00e0s prioridades apontadas pela pr\u00f3pria comunidade.<\/p>\n<p>\u201cA participa\u00e7\u00e3o social \u00e9 decisiva para o sucesso das pol\u00edticas p\u00fablicas\u201d, ressalta o subsecret\u00e1rio de Pol\u00edticas Econ\u00f4micas Agropecu\u00e1rias da Seagri-DF, Ant\u00f4nio Barreto. \u201cEsse contrato simboliza a transforma\u00e7\u00e3o de uma reivindica\u00e7\u00e3o hist\u00f3rica em a\u00e7\u00f5es concretas de preserva\u00e7\u00e3o do Cerrado e de prote\u00e7\u00e3o dos recursos h\u00eddricos.\u201d<\/p>\n","protected":false},"excerpt":{"rendered":"<p>Atendendo a uma demanda antiga da popula\u00e7\u00e3o do Lago Norte por a\u00e7\u00f5es efetivas de recupera\u00e7\u00e3o ambiental, a Secretaria da Agricultura, Abastecimento e Desenvolvimento Rural (Seagri-DF) vai recuperar a Serrinha do Parano\u00e1, \u00e1rea localizada na regi\u00e3o administrativa. O Contrato de Presta\u00e7\u00e3o de Servi\u00e7os n\u00ba 014\/2025 foi celebrado com a empresa Geoeletric Servi\u00e7os em Geologia, Engenharia e [&hellip;]<\/p>\n","protected":false},"author":21,"featured_media":375138,"comment_status":"closed","ping_status":"closed","sticky":false,"template":"","format":"standard","meta":{"_acf_changed":false,"footnotes":""},"categories":[161],"tags":[],"class_list":["post-375137","post","type-post","status-publish","format-standard","has-post-thumbnail","hentry","category-quadradinho-em-foco"],"acf":[],"yoast_head":"<!-- This site is optimized with the Yoast SEO plugin v27.5 - https:\/\/yoast.com\/product\/yoast-seo-wordpress\/ -->\n<title>22 mil mudas ser\u00e3o plantadas na Serrinha do Parano\u00e1 - Notibras<\/title>\n<meta name=\"robots\" content=\"index, follow, max-snippet:-1, max-image-preview:large, max-video-preview:-1\" \/>\n<link rel=\"canonical\" href=\"https:\/\/www.notibras.com\/site\/22-mil-mudas-serao-plantadas-na-serrinha-do-paranoa\/\" \/>\n<meta property=\"og:locale\" content=\"pt_BR\" \/>\n<meta property=\"og:type\" content=\"article\" \/>\n<meta property=\"og:title\" content=\"22 mil mudas ser\u00e3o plantadas na Serrinha do Parano\u00e1 - Notibras\" \/>\n<meta property=\"og:description\" content=\"Atendendo a uma demanda antiga da popula\u00e7\u00e3o do Lago Norte por a\u00e7\u00f5es efetivas de recupera\u00e7\u00e3o ambiental, a Secretaria da Agricultura, Abastecimento e Desenvolvimento Rural (Seagri-DF) vai recuperar a Serrinha do Parano\u00e1, \u00e1rea localizada na regi\u00e3o administrativa. O Contrato de Presta\u00e7\u00e3o de Servi\u00e7os n\u00ba 014\/2025 foi celebrado com a empresa Geoeletric Servi\u00e7os em Geologia, Engenharia e [&hellip;]\" \/>\n<meta property=\"og:url\" content=\"https:\/\/www.notibras.com\/site\/22-mil-mudas-serao-plantadas-na-serrinha-do-paranoa\/\" \/>\n<meta property=\"og:site_name\" content=\"Notibras\" \/>\n<meta property=\"article:publisher\" content=\"https:\/\/www.facebook.com\/notibras\/\" \/>\n<meta property=\"article:published_time\" content=\"2025-12-17T03:30:41+00:00\" \/>\n<meta property=\"og:image\" content=\"https:\/\/www.notibras.com\/site\/wp-content\/uploads\/2025\/12\/16.12.-Materia-Seagri.-Foto-Valmor-Pazos-Filho-Divulgacao.jpeg\" \/>\n\t<meta property=\"og:image:width\" content=\"800\" \/>\n\t<meta property=\"og:image:height\" content=\"533\" \/>\n\t<meta property=\"og:image:type\" content=\"image\/jpeg\" \/>\n<meta name=\"author\" content=\"Eduardo Mart\u00ednez\" \/>\n<meta name=\"twitter:card\" content=\"summary_large_image\" \/>\n<meta name=\"twitter:creator\" content=\"@Notibras\" \/>\n<meta name=\"twitter:site\" content=\"@Notibras\" \/>\n<meta name=\"twitter:label1\" content=\"Escrito por\" \/>\n\t<meta name=\"twitter:data1\" content=\"Eduardo Mart\u00ednez\" \/>\n\t<meta name=\"twitter:label2\" content=\"Est. tempo de leitura\" \/>\n\t<meta name=\"twitter:data2\" content=\"3 minutos\" \/>\n<script type=\"application\/ld+json\" class=\"yoast-schema-graph\">{\"@context\":\"https:\\\/\\\/schema.org\",\"@graph\":[{\"@type\":\"Article\",\"@id\":\"https:\\\/\\\/www.notibras.com\\\/site\\\/22-mil-mudas-serao-plantadas-na-serrinha-do-paranoa\\\/#article\",\"isPartOf\":{\"@id\":\"https:\\\/\\\/www.notibras.com\\\/site\\\/22-mil-mudas-serao-plantadas-na-serrinha-do-paranoa\\\/\"},\"author\":{\"name\":\"Eduardo Mart\u00ednez\",\"@id\":\"https:\\\/\\\/www.notibras.com\\\/site\\\/#\\\/schema\\\/person\\\/5b7fabf2aedc3ada2105f03b22b4d3dd\"},\"headline\":\"22 mil mudas ser\u00e3o plantadas na Serrinha do Parano\u00e1\",\"datePublished\":\"2025-12-17T03:30:41+00:00\",\"mainEntityOfPage\":{\"@id\":\"https:\\\/\\\/www.notibras.com\\\/site\\\/22-mil-mudas-serao-plantadas-na-serrinha-do-paranoa\\\/\"},\"wordCount\":401,\"publisher\":{\"@id\":\"https:\\\/\\\/www.notibras.com\\\/site\\\/#organization\"},\"image\":{\"@id\":\"https:\\\/\\\/www.notibras.com\\\/site\\\/22-mil-mudas-serao-plantadas-na-serrinha-do-paranoa\\\/#primaryimage\"},\"thumbnailUrl\":\"https:\\\/\\\/www.notibras.com\\\/site\\\/wp-content\\\/uploads\\\/2025\\\/12\\\/16.12.-Materia-Seagri.-Foto-Valmor-Pazos-Filho-Divulgacao.jpeg\",\"articleSection\":[\"Quadradinho em Foco\"],\"inLanguage\":\"pt-BR\"},{\"@type\":\"WebPage\",\"@id\":\"https:\\\/\\\/www.notibras.com\\\/site\\\/22-mil-mudas-serao-plantadas-na-serrinha-do-paranoa\\\/\",\"url\":\"https:\\\/\\\/www.notibras.com\\\/site\\\/22-mil-mudas-serao-plantadas-na-serrinha-do-paranoa\\\/\",\"name\":\"22 mil mudas ser\u00e3o plantadas na Serrinha do Parano\u00e1 - Notibras\",\"isPartOf\":{\"@id\":\"https:\\\/\\\/www.notibras.com\\\/site\\\/#website\"},\"primaryImageOfPage\":{\"@id\":\"https:\\\/\\\/www.notibras.com\\\/site\\\/22-mil-mudas-serao-plantadas-na-serrinha-do-paranoa\\\/#primaryimage\"},\"image\":{\"@id\":\"https:\\\/\\\/www.notibras.com\\\/site\\\/22-mil-mudas-serao-plantadas-na-serrinha-do-paranoa\\\/#primaryimage\"},\"thumbnailUrl\":\"https:\\\/\\\/www.notibras.com\\\/site\\\/wp-content\\\/uploads\\\/2025\\\/12\\\/16.12.-Materia-Seagri.-Foto-Valmor-Pazos-Filho-Divulgacao.jpeg\",\"datePublished\":\"2025-12-17T03:30:41+00:00\",\"breadcrumb\":{\"@id\":\"https:\\\/\\\/www.notibras.com\\\/site\\\/22-mil-mudas-serao-plantadas-na-serrinha-do-paranoa\\\/#breadcrumb\"},\"inLanguage\":\"pt-BR\",\"potentialAction\":[{\"@type\":\"ReadAction\",\"target\":[\"https:\\\/\\\/www.notibras.com\\\/site\\\/22-mil-mudas-serao-plantadas-na-serrinha-do-paranoa\\\/\"]}]},{\"@type\":\"ImageObject\",\"inLanguage\":\"pt-BR\",\"@id\":\"https:\\\/\\\/www.notibras.com\\\/site\\\/22-mil-mudas-serao-plantadas-na-serrinha-do-paranoa\\\/#primaryimage\",\"url\":\"https:\\\/\\\/www.notibras.com\\\/site\\\/wp-content\\\/uploads\\\/2025\\\/12\\\/16.12.-Materia-Seagri.-Foto-Valmor-Pazos-Filho-Divulgacao.jpeg\",\"contentUrl\":\"https:\\\/\\\/www.notibras.com\\\/site\\\/wp-content\\\/uploads\\\/2025\\\/12\\\/16.12.-Materia-Seagri.-Foto-Valmor-Pazos-Filho-Divulgacao.jpeg\",\"width\":800,\"height\":533},{\"@type\":\"BreadcrumbList\",\"@id\":\"https:\\\/\\\/www.notibras.com\\\/site\\\/22-mil-mudas-serao-plantadas-na-serrinha-do-paranoa\\\/#breadcrumb\",\"itemListElement\":[{\"@type\":\"ListItem\",\"position\":1,\"name\":\"In\u00edcio\",\"item\":\"https:\\\/\\\/www.notibras.com\\\/site\\\/\"},{\"@type\":\"ListItem\",\"position\":2,\"name\":\"22 mil mudas ser\u00e3o plantadas na Serrinha do Parano\u00e1\"}]},{\"@type\":\"WebSite\",\"@id\":\"https:\\\/\\\/www.notibras.com\\\/site\\\/#website\",\"url\":\"https:\\\/\\\/www.notibras.com\\\/site\\\/\",\"name\":\"Notibras\",\"description\":\"Not\u00edcias de Bras\u00edlia, do Brasil e do Mundo\",\"publisher\":{\"@id\":\"https:\\\/\\\/www.notibras.com\\\/site\\\/#organization\"},\"potentialAction\":[{\"@type\":\"SearchAction\",\"target\":{\"@type\":\"EntryPoint\",\"urlTemplate\":\"https:\\\/\\\/www.notibras.com\\\/site\\\/?s={search_term_string}\"},\"query-input\":{\"@type\":\"PropertyValueSpecification\",\"valueRequired\":true,\"valueName\":\"search_term_string\"}}],\"inLanguage\":\"pt-BR\"},{\"@type\":\"Organization\",\"@id\":\"https:\\\/\\\/www.notibras.com\\\/site\\\/#organization\",\"name\":\"Grupo Notibras de Comunica\u00e7\u00e3o\",\"url\":\"https:\\\/\\\/www.notibras.com\\\/site\\\/\",\"logo\":{\"@type\":\"ImageObject\",\"inLanguage\":\"pt-BR\",\"@id\":\"https:\\\/\\\/www.notibras.com\\\/site\\\/#\\\/schema\\\/logo\\\/image\\\/\",\"url\":\"https:\\\/\\\/www.notibras.com\\\/site\\\/wp-content\\\/uploads\\\/2023\\\/01\\\/notibras23.png\",\"contentUrl\":\"https:\\\/\\\/www.notibras.com\\\/site\\\/wp-content\\\/uploads\\\/2023\\\/01\\\/notibras23.png\",\"width\":350,\"height\":87,\"caption\":\"Grupo Notibras de Comunica\u00e7\u00e3o\"},\"image\":{\"@id\":\"https:\\\/\\\/www.notibras.com\\\/site\\\/#\\\/schema\\\/logo\\\/image\\\/\"},\"sameAs\":[\"https:\\\/\\\/www.facebook.com\\\/notibras\\\/\",\"https:\\\/\\\/x.com\\\/Notibras\",\"https:\\\/\\\/www.instagram.com\\\/notibras\\\/\"]},{\"@type\":\"Person\",\"@id\":\"https:\\\/\\\/www.notibras.com\\\/site\\\/#\\\/schema\\\/person\\\/5b7fabf2aedc3ada2105f03b22b4d3dd\",\"name\":\"Eduardo Mart\u00ednez\",\"image\":{\"@type\":\"ImageObject\",\"inLanguage\":\"pt-BR\",\"@id\":\"https:\\\/\\\/secure.gravatar.com\\\/avatar\\\/7902f906289926289cbcda644b5197c796b893c6ffd7b9a536a42d290f7704a0?s=96&d=mm&r=g\",\"url\":\"https:\\\/\\\/secure.gravatar.com\\\/avatar\\\/7902f906289926289cbcda644b5197c796b893c6ffd7b9a536a42d290f7704a0?s=96&d=mm&r=g\",\"contentUrl\":\"https:\\\/\\\/secure.gravatar.com\\\/avatar\\\/7902f906289926289cbcda644b5197c796b893c6ffd7b9a536a42d290f7704a0?s=96&d=mm&r=g\",\"caption\":\"Eduardo Mart\u00ednez\"}}]}<\/script>\n<!-- \/ Yoast SEO plugin. -->","yoast_head_json":{"title":"22 mil mudas ser\u00e3o plantadas na Serrinha do Parano\u00e1 - Notibras","robots":{"index":"index","follow":"follow","max-snippet":"max-snippet:-1","max-image-preview":"max-image-preview:large","max-video-preview":"max-video-preview:-1"},"canonical":"https:\/\/www.notibras.com\/site\/22-mil-mudas-serao-plantadas-na-serrinha-do-paranoa\/","og_locale":"pt_BR","og_type":"article","og_title":"22 mil mudas ser\u00e3o plantadas na Serrinha do Parano\u00e1 - Notibras","og_description":"Atendendo a uma demanda antiga da popula\u00e7\u00e3o do Lago Norte por a\u00e7\u00f5es efetivas de recupera\u00e7\u00e3o ambiental, a Secretaria da Agricultura, Abastecimento e Desenvolvimento Rural (Seagri-DF) vai recuperar a Serrinha do Parano\u00e1, \u00e1rea localizada na regi\u00e3o administrativa. O Contrato de Presta\u00e7\u00e3o de Servi\u00e7os n\u00ba 014\/2025 foi celebrado com a empresa Geoeletric Servi\u00e7os em Geologia, Engenharia e [&hellip;]","og_url":"https:\/\/www.notibras.com\/site\/22-mil-mudas-serao-plantadas-na-serrinha-do-paranoa\/","og_site_name":"Notibras","article_publisher":"https:\/\/www.facebook.com\/notibras\/","article_published_time":"2025-12-17T03:30:41+00:00","og_image":[{"width":800,"height":533,"url":"https:\/\/www.notibras.com\/site\/wp-content\/uploads\/2025\/12\/16.12.-Materia-Seagri.-Foto-Valmor-Pazos-Filho-Divulgacao.jpeg","type":"image\/jpeg"}],"author":"Eduardo Mart\u00ednez","twitter_card":"summary_large_image","twitter_creator":"@Notibras","twitter_site":"@Notibras","twitter_misc":{"Escrito por":"Eduardo Mart\u00ednez","Est. tempo de leitura":"3 minutos"},"schema":{"@context":"https:\/\/schema.org","@graph":[{"@type":"Article","@id":"https:\/\/www.notibras.com\/site\/22-mil-mudas-serao-plantadas-na-serrinha-do-paranoa\/#article","isPartOf":{"@id":"https:\/\/www.notibras.com\/site\/22-mil-mudas-serao-plantadas-na-serrinha-do-paranoa\/"},"author":{"name":"Eduardo Mart\u00ednez","@id":"https:\/\/www.notibras.com\/site\/#\/schema\/person\/5b7fabf2aedc3ada2105f03b22b4d3dd"},"headline":"22 mil mudas ser\u00e3o plantadas na Serrinha do Parano\u00e1","datePublished":"2025-12-17T03:30:41+00:00","mainEntityOfPage":{"@id":"https:\/\/www.notibras.com\/site\/22-mil-mudas-serao-plantadas-na-serrinha-do-paranoa\/"},"wordCount":401,"publisher":{"@id":"https:\/\/www.notibras.com\/site\/#organization"},"image":{"@id":"https:\/\/www.notibras.com\/site\/22-mil-mudas-serao-plantadas-na-serrinha-do-paranoa\/#primaryimage"},"thumbnailUrl":"https:\/\/www.notibras.com\/site\/wp-content\/uploads\/2025\/12\/16.12.-Materia-Seagri.-Foto-Valmor-Pazos-Filho-Divulgacao.jpeg","articleSection":["Quadradinho em Foco"],"inLanguage":"pt-BR"},{"@type":"WebPage","@id":"https:\/\/www.notibras.com\/site\/22-mil-mudas-serao-plantadas-na-serrinha-do-paranoa\/","url":"https:\/\/www.notibras.com\/site\/22-mil-mudas-serao-plantadas-na-serrinha-do-paranoa\/","name":"22 mil mudas ser\u00e3o plantadas na Serrinha do Parano\u00e1 - Notibras","isPartOf":{"@id":"https:\/\/www.notibras.com\/site\/#website"},"primaryImageOfPage":{"@id":"https:\/\/www.notibras.com\/site\/22-mil-mudas-serao-plantadas-na-serrinha-do-paranoa\/#primaryimage"},"image":{"@id":"https:\/\/www.notibras.com\/site\/22-mil-mudas-serao-plantadas-na-serrinha-do-paranoa\/#primaryimage"},"thumbnailUrl":"https:\/\/www.notibras.com\/site\/wp-content\/uploads\/2025\/12\/16.12.-Materia-Seagri.-Foto-Valmor-Pazos-Filho-Divulgacao.jpeg","datePublished":"2025-12-17T03:30:41+00:00","breadcrumb":{"@id":"https:\/\/www.notibras.com\/site\/22-mil-mudas-serao-plantadas-na-serrinha-do-paranoa\/#breadcrumb"},"inLanguage":"pt-BR","potentialAction":[{"@type":"ReadAction","target":["https:\/\/www.notibras.com\/site\/22-mil-mudas-serao-plantadas-na-serrinha-do-paranoa\/"]}]},{"@type":"ImageObject","inLanguage":"pt-BR","@id":"https:\/\/www.notibras.com\/site\/22-mil-mudas-serao-plantadas-na-serrinha-do-paranoa\/#primaryimage","url":"https:\/\/www.notibras.com\/site\/wp-content\/uploads\/2025\/12\/16.12.-Materia-Seagri.-Foto-Valmor-Pazos-Filho-Divulgacao.jpeg","contentUrl":"https:\/\/www.notibras.com\/site\/wp-content\/uploads\/2025\/12\/16.12.-Materia-Seagri.-Foto-Valmor-Pazos-Filho-Divulgacao.jpeg","width":800,"height":533},{"@type":"BreadcrumbList","@id":"https:\/\/www.notibras.com\/site\/22-mil-mudas-serao-plantadas-na-serrinha-do-paranoa\/#breadcrumb","itemListElement":[{"@type":"ListItem","position":1,"name":"In\u00edcio","item":"https:\/\/www.notibras.com\/site\/"},{"@type":"ListItem","position":2,"name":"22 mil mudas ser\u00e3o plantadas na Serrinha do Parano\u00e1"}]},{"@type":"WebSite","@id":"https:\/\/www.notibras.com\/site\/#website","url":"https:\/\/www.notibras.com\/site\/","name":"Notibras","description":"Not\u00edcias de Bras\u00edlia, do Brasil e do Mundo","publisher":{"@id":"https:\/\/www.notibras.com\/site\/#organization"},"potentialAction":[{"@type":"SearchAction","target":{"@type":"EntryPoint","urlTemplate":"https:\/\/www.notibras.com\/site\/?s={search_term_string}"},"query-input":{"@type":"PropertyValueSpecification","valueRequired":true,"valueName":"search_term_string"}}],"inLanguage":"pt-BR"},{"@type":"Organization","@id":"https:\/\/www.notibras.com\/site\/#organization","name":"Grupo Notibras de Comunica\u00e7\u00e3o","url":"https:\/\/www.notibras.com\/site\/","logo":{"@type":"ImageObject","inLanguage":"pt-BR","@id":"https:\/\/www.notibras.com\/site\/#\/schema\/logo\/image\/","url":"https:\/\/www.notibras.com\/site\/wp-content\/uploads\/2023\/01\/notibras23.png","contentUrl":"https:\/\/www.notibras.com\/site\/wp-content\/uploads\/2023\/01\/notibras23.png","width":350,"height":87,"caption":"Grupo Notibras de Comunica\u00e7\u00e3o"},"image":{"@id":"https:\/\/www.notibras.com\/site\/#\/schema\/logo\/image\/"},"sameAs":["https:\/\/www.facebook.com\/notibras\/","https:\/\/x.com\/Notibras","https:\/\/www.instagram.com\/notibras\/"]},{"@type":"Person","@id":"https:\/\/www.notibras.com\/site\/#\/schema\/person\/5b7fabf2aedc3ada2105f03b22b4d3dd","name":"Eduardo Mart\u00ednez","image":{"@type":"ImageObject","inLanguage":"pt-BR","@id":"https:\/\/secure.gravatar.com\/avatar\/7902f906289926289cbcda644b5197c796b893c6ffd7b9a536a42d290f7704a0?s=96&d=mm&r=g","url":"https:\/\/secure.gravatar.com\/avatar\/7902f906289926289cbcda644b5197c796b893c6ffd7b9a536a42d290f7704a0?s=96&d=mm&r=g","contentUrl":"https:\/\/secure.gravatar.com\/avatar\/7902f906289926289cbcda644b5197c796b893c6ffd7b9a536a42d290f7704a0?s=96&d=mm&r=g","caption":"Eduardo Mart\u00ednez"}}]}},"amp_enabled":true,"_links":{"self":[{"href":"https:\/\/www.notibras.com\/site\/wp-json\/wp\/v2\/posts\/375137","targetHints":{"allow":["GET"]}}],"collection":[{"href":"https:\/\/www.notibras.com\/site\/wp-json\/wp\/v2\/posts"}],"about":[{"href":"https:\/\/www.notibras.com\/site\/wp-json\/wp\/v2\/types\/post"}],"author":[{"embeddable":true,"href":"https:\/\/www.notibras.com\/site\/wp-json\/wp\/v2\/users\/21"}],"replies":[{"embeddable":true,"href":"https:\/\/www.notibras.com\/site\/wp-json\/wp\/v2\/comments?post=375137"}],"version-history":[{"count":4,"href":"https:\/\/www.notibras.com\/site\/wp-json\/wp\/v2\/posts\/375137\/revisions"}],"predecessor-version":[{"id":375143,"href":"https:\/\/www.notibras.com\/site\/wp-json\/wp\/v2\/posts\/375137\/revisions\/375143"}],"wp:featuredmedia":[{"embeddable":true,"href":"https:\/\/www.notibras.com\/site\/wp-json\/wp\/v2\/media\/375138"}],"wp:attachment":[{"href":"https:\/\/www.notibras.com\/site\/wp-json\/wp\/v2\/media?parent=375137"}],"wp:term":[{"taxonomy":"category","embeddable":true,"href":"https:\/\/www.notibras.com\/site\/wp-json\/wp\/v2\/categories?post=375137"},{"taxonomy":"post_tag","embeddable":true,"href":"https:\/\/www.notibras.com\/site\/wp-json\/wp\/v2\/tags?post=375137"}],"curies":[{"name":"wp","href":"https:\/\/api.w.org\/{rel}","templated":true}]}}