{"id":375152,"date":"2025-12-17T00:45:06","date_gmt":"2025-12-17T03:45:06","guid":{"rendered":"https:\/\/www.notibras.com\/site\/?p=375152"},"modified":"2025-12-16T19:57:55","modified_gmt":"2025-12-16T22:57:55","slug":"melhor-merendeira-da-rede-publica","status":"publish","type":"post","link":"https:\/\/www.notibras.com\/site\/melhor-merendeira-da-rede-publica\/","title":{"rendered":"Melhor merendeira da rede p\u00fablica"},"content":{"rendered":"<p>O concurso Sabor de Escola celebra o esfor\u00e7o de quem transforma alimenta\u00e7\u00e3o escolar em cuidado di\u00e1rio com milhares de estudantes. Este ano, o certame elegeu, na segunda-feira (15), a melhor merendeira da rede p\u00fablica de ensino do Distrito Federal: Marli Pereira, da Escola Classe (EC) 15 de Ceil\u00e2ndia, que trabalha na \u00e1rea h\u00e1 15 anos. A cozinheira ganhou o concurso com o prato Joia Rara, composto por peixe ao molho, gratinado com queijo e batata, leite de coco, arroz e salada tropical.<\/p>\n<p>A final do Sabor de Escola contou com oito jurados t\u00e9cnicos, entre eles nutricionistas, chefs de cozinha renomados, diretores de alimenta\u00e7\u00e3o, e o principal p\u00fablico-alvo: estudantes da rede p\u00fablica de ensino. Al\u00e9m de dez convidados.<\/p>\n<p>\u201cO concurso \u00e9 destinado \u00e0s merendeiras, que dedicam boa parte de suas vidas a oferecer at\u00e9 seis refei\u00e7\u00f5es por dia para os estudantes da rede p\u00fablica. Esses profissionais t\u00eam essa afetividade muito forte com os alunos da rede, ent\u00e3o \u00e9 muito legal v\u00ea-los participando com tanta empolga\u00e7\u00e3o\u201d, afirmou a secret\u00e1ria de Educa\u00e7\u00e3o, H\u00e9lvia Paranagu\u00e1.<\/p>\n<p>A vice-governadora do Distrito Federal, Celina Le\u00e3o, madrinha da alimenta\u00e7\u00e3o escolar e uma das juradas da final, relembrou: \u201cAntes, n\u00f3s t\u00ednhamos 97% da nossa merenda escolar industrializada, mas isso tudo mudou. Hoje, temos apenas 3% da merenda escolar industrializada. Esse feito foi realizado com muita luta de todos os servidores da educa\u00e7\u00e3o, das merendeiras e merendeiros.\u201d<\/p>\n<p><strong>Ceil\u00e2ndia e Taguatinga em destaque<\/strong><\/p>\n<p>Com um pr\u00eamio de R$ 15 mil para a campe\u00e3 e mais R$ 150 mil para a cozinha da escola da vencedora, Marli Pereira, da EC 15 de Ceil\u00e2ndia, emocionou-se durante toda a competi\u00e7\u00e3o. \u201cEstou muito grata a todos por terem me proporcionado este momento. Com os R$ 15 mil, eu vou dar entrada na minha casa. Tamb\u00e9m queria muito essa reforma para a escola. Todo mundo que comeu o Joia Rara, gostou\u201d.<\/p>\n<p>O coordenador da Regional de Ensino de Ceil\u00e2ndia, Vin\u00edcius B\u00fcrgel, comemorou bastante a vit\u00f3ria de Marli: \u201cA gente acompanha as merendeiras de perto, sabemos as del\u00edcias que aparecem nas escolas, recebemos fotos dos pratos semanalmente. Marli tem um potencial enorme e eu tive o prazer de experimentar o prato dela.\u201d<\/p>\n<p>A vice-campe\u00e3 saiu da Regional de Taguatinga, Francisca Nunes, do CEF 12. A merendeira apresentou a grande novidade: canjica de frango, um prato que conquistou o paladar dos jurados. Com a premia\u00e7\u00e3o de R$ 12 mil para ela e R$ 120 mil para a cozinha da escola, ela celebrou a conquista.<\/p>\n<p>\u201cMeu prato \u00e9 diferente, uma canjica de frango. \u00c9 o mesmo gr\u00e3o da canjica, mas fiz salgado, cozinho o milho com sal, em outra panela fa\u00e7o o frango, e em outra panela eu refogo tomate, cebola, piment\u00e3o, quando todos est\u00e3o cozidos eu coloco em uma panela s\u00f3. E fica uma del\u00edcia\u201d, ensinou Francisca.<\/p>\n<p>A coordenadora Regional de Taguatinga, Daniela Freitas, tamb\u00e9m apaixonada pela culin\u00e1ria, contou um pouco sobre os projetos para 2026: \u201cEstamos planejando para o pr\u00f3ximo ano um projeto para unir as merendeiras, nutricionistas e professores de educa\u00e7\u00e3o f\u00edsica, com isso vamos trabalhar e incentivar os estudantes a terem uma alimenta\u00e7\u00e3o cada vez mais saud\u00e1vel.\u201d<\/p>\n<p>Com torcida organizada por Francisca, Gabriel Lucas Ferreira, de 18 anos, estudante do CEMI de Taguatinga, ressaltou. \u201cMinha escola faz uma comida perfeita, hoje mesmo o suco era de morango. Esse ano tivemos frango assado! \u00c9 muita comida boa\u201d.<\/p>\n<p><strong>Classifica\u00e7\u00e3o final da 3\u00aa edi\u00e7\u00e3o do Sabor de Escola<\/strong><\/p>\n<p>\u21d2 1\u00ba lugar: Marli Pereira Bueno de Souza, da EC 15 de Ceil\u00e2ndia<\/p>\n<p>Receita: Joia Rara<\/p>\n<p>\u21d2 2\u00ba lugar: Francisca Nunes Alecrim, do CEF 12 de Taguatinga<\/p>\n<p>Receita: Canjica de frango<\/p>\n<p>\u21d2 3\u00ba lugar: Andreia Medeiros Verde Lima, do CEF Metropolitana, no N\u00facleo Bandeirante<\/p>\n<p>Receita: Arroz carreteiro cremoso com lombo su\u00edno e legumes salteados<\/p>\n<p>\u21d2 4\u00ba lugar: Cristiane Nogueira de Oliveira, do CEF 201 de Santa Maria<\/p>\n<p>Receita: Fil\u00e9 de peixe com pur\u00ea de inhame e molho verde<\/p>\n<p>\u21d2 5\u00ba lugar: Karlene Pereira Moreira, da Escola Cora Coralina, no Parano\u00e1<\/p>\n<p>Receita: Quibe de ab\u00f3bora com creme de inhame<\/p>\n<p>\u21d2 6\u00ba lugar: Joedson dos Santos, do CEF Cer\u00e2mica S\u00e3o Paulo, em S\u00e3o Sebasti\u00e3o<\/p>\n<p>Receita: Fil\u00e9 de til\u00e1pia grelhada ao molho de moqueca<\/p>\n<p>\u21d2 7\u00ba lugar: Rosilane Batista dos Santos, do CED Vale do Amanhecer, em Planaltina<\/p>\n<p>Receita: Ousada<\/p>\n<p>\u21d2 8\u00ba lugar: Maria Cristina de Carvalho Ferreira, da EC 08 do Guar\u00e1 II<\/p>\n<p>Receita: Tropeiro Kids<\/p>\n","protected":false},"excerpt":{"rendered":"<p>O concurso Sabor de Escola celebra o esfor\u00e7o de quem transforma alimenta\u00e7\u00e3o escolar em cuidado di\u00e1rio com milhares de estudantes. Este ano, o certame elegeu, na segunda-feira (15), a melhor merendeira da rede p\u00fablica de ensino do Distrito Federal: Marli Pereira, da Escola Classe (EC) 15 de Ceil\u00e2ndia, que trabalha na \u00e1rea h\u00e1 15 anos. [&hellip;]<\/p>\n","protected":false},"author":21,"featured_media":375153,"comment_status":"closed","ping_status":"closed","sticky":false,"template":"","format":"standard","meta":{"_acf_changed":false,"footnotes":""},"categories":[161],"tags":[],"class_list":["post-375152","post","type-post","status-publish","format-standard","has-post-thumbnail","hentry","category-quadradinho-em-foco"],"acf":[],"yoast_head":"<!-- This site is optimized with the Yoast SEO plugin v27.5 - https:\/\/yoast.com\/product\/yoast-seo-wordpress\/ -->\n<title>Melhor merendeira da rede p\u00fablica - Notibras<\/title>\n<meta name=\"robots\" content=\"index, follow, max-snippet:-1, max-image-preview:large, max-video-preview:-1\" \/>\n<link rel=\"canonical\" href=\"https:\/\/www.notibras.com\/site\/melhor-merendeira-da-rede-publica\/\" \/>\n<meta property=\"og:locale\" content=\"pt_BR\" \/>\n<meta property=\"og:type\" content=\"article\" \/>\n<meta property=\"og:title\" content=\"Melhor merendeira da rede p\u00fablica - Notibras\" \/>\n<meta property=\"og:description\" content=\"O concurso Sabor de Escola celebra o esfor\u00e7o de quem transforma alimenta\u00e7\u00e3o escolar em cuidado di\u00e1rio com milhares de estudantes. Este ano, o certame elegeu, na segunda-feira (15), a melhor merendeira da rede p\u00fablica de ensino do Distrito Federal: Marli Pereira, da Escola Classe (EC) 15 de Ceil\u00e2ndia, que trabalha na \u00e1rea h\u00e1 15 anos. [&hellip;]\" \/>\n<meta property=\"og:url\" content=\"https:\/\/www.notibras.com\/site\/melhor-merendeira-da-rede-publica\/\" \/>\n<meta property=\"og:site_name\" content=\"Notibras\" \/>\n<meta property=\"article:publisher\" content=\"https:\/\/www.facebook.com\/notibras\/\" \/>\n<meta property=\"article:published_time\" content=\"2025-12-17T03:45:06+00:00\" \/>\n<meta property=\"og:image\" content=\"https:\/\/www.notibras.com\/site\/wp-content\/uploads\/2025\/12\/Foto_tres_finalistas-1024x683.jpg\" \/>\n\t<meta property=\"og:image:width\" content=\"1024\" \/>\n\t<meta property=\"og:image:height\" content=\"683\" \/>\n\t<meta property=\"og:image:type\" content=\"image\/jpeg\" \/>\n<meta name=\"author\" content=\"Eduardo Mart\u00ednez\" \/>\n<meta name=\"twitter:card\" content=\"summary_large_image\" \/>\n<meta name=\"twitter:creator\" content=\"@Notibras\" \/>\n<meta name=\"twitter:site\" content=\"@Notibras\" \/>\n<meta name=\"twitter:label1\" content=\"Escrito por\" \/>\n\t<meta name=\"twitter:data1\" content=\"Eduardo Mart\u00ednez\" \/>\n\t<meta name=\"twitter:label2\" content=\"Est. tempo de leitura\" \/>\n\t<meta name=\"twitter:data2\" content=\"5 minutos\" \/>\n<script type=\"application\/ld+json\" class=\"yoast-schema-graph\">{\"@context\":\"https:\\\/\\\/schema.org\",\"@graph\":[{\"@type\":\"Article\",\"@id\":\"https:\\\/\\\/www.notibras.com\\\/site\\\/melhor-merendeira-da-rede-publica\\\/#article\",\"isPartOf\":{\"@id\":\"https:\\\/\\\/www.notibras.com\\\/site\\\/melhor-merendeira-da-rede-publica\\\/\"},\"author\":{\"name\":\"Eduardo Mart\u00ednez\",\"@id\":\"https:\\\/\\\/www.notibras.com\\\/site\\\/#\\\/schema\\\/person\\\/5b7fabf2aedc3ada2105f03b22b4d3dd\"},\"headline\":\"Melhor merendeira da rede p\u00fablica\",\"datePublished\":\"2025-12-17T03:45:06+00:00\",\"mainEntityOfPage\":{\"@id\":\"https:\\\/\\\/www.notibras.com\\\/site\\\/melhor-merendeira-da-rede-publica\\\/\"},\"wordCount\":738,\"publisher\":{\"@id\":\"https:\\\/\\\/www.notibras.com\\\/site\\\/#organization\"},\"image\":{\"@id\":\"https:\\\/\\\/www.notibras.com\\\/site\\\/melhor-merendeira-da-rede-publica\\\/#primaryimage\"},\"thumbnailUrl\":\"https:\\\/\\\/www.notibras.com\\\/site\\\/wp-content\\\/uploads\\\/2025\\\/12\\\/Foto_tres_finalistas.jpg\",\"articleSection\":[\"Quadradinho em Foco\"],\"inLanguage\":\"pt-BR\"},{\"@type\":\"WebPage\",\"@id\":\"https:\\\/\\\/www.notibras.com\\\/site\\\/melhor-merendeira-da-rede-publica\\\/\",\"url\":\"https:\\\/\\\/www.notibras.com\\\/site\\\/melhor-merendeira-da-rede-publica\\\/\",\"name\":\"Melhor merendeira da rede p\u00fablica - Notibras\",\"isPartOf\":{\"@id\":\"https:\\\/\\\/www.notibras.com\\\/site\\\/#website\"},\"primaryImageOfPage\":{\"@id\":\"https:\\\/\\\/www.notibras.com\\\/site\\\/melhor-merendeira-da-rede-publica\\\/#primaryimage\"},\"image\":{\"@id\":\"https:\\\/\\\/www.notibras.com\\\/site\\\/melhor-merendeira-da-rede-publica\\\/#primaryimage\"},\"thumbnailUrl\":\"https:\\\/\\\/www.notibras.com\\\/site\\\/wp-content\\\/uploads\\\/2025\\\/12\\\/Foto_tres_finalistas.jpg\",\"datePublished\":\"2025-12-17T03:45:06+00:00\",\"breadcrumb\":{\"@id\":\"https:\\\/\\\/www.notibras.com\\\/site\\\/melhor-merendeira-da-rede-publica\\\/#breadcrumb\"},\"inLanguage\":\"pt-BR\",\"potentialAction\":[{\"@type\":\"ReadAction\",\"target\":[\"https:\\\/\\\/www.notibras.com\\\/site\\\/melhor-merendeira-da-rede-publica\\\/\"]}]},{\"@type\":\"ImageObject\",\"inLanguage\":\"pt-BR\",\"@id\":\"https:\\\/\\\/www.notibras.com\\\/site\\\/melhor-merendeira-da-rede-publica\\\/#primaryimage\",\"url\":\"https:\\\/\\\/www.notibras.com\\\/site\\\/wp-content\\\/uploads\\\/2025\\\/12\\\/Foto_tres_finalistas.jpg\",\"contentUrl\":\"https:\\\/\\\/www.notibras.com\\\/site\\\/wp-content\\\/uploads\\\/2025\\\/12\\\/Foto_tres_finalistas.jpg\",\"width\":2500,\"height\":1667},{\"@type\":\"BreadcrumbList\",\"@id\":\"https:\\\/\\\/www.notibras.com\\\/site\\\/melhor-merendeira-da-rede-publica\\\/#breadcrumb\",\"itemListElement\":[{\"@type\":\"ListItem\",\"position\":1,\"name\":\"In\u00edcio\",\"item\":\"https:\\\/\\\/www.notibras.com\\\/site\\\/\"},{\"@type\":\"ListItem\",\"position\":2,\"name\":\"Melhor merendeira da rede p\u00fablica\"}]},{\"@type\":\"WebSite\",\"@id\":\"https:\\\/\\\/www.notibras.com\\\/site\\\/#website\",\"url\":\"https:\\\/\\\/www.notibras.com\\\/site\\\/\",\"name\":\"Notibras\",\"description\":\"Not\u00edcias de Bras\u00edlia, do Brasil e do Mundo\",\"publisher\":{\"@id\":\"https:\\\/\\\/www.notibras.com\\\/site\\\/#organization\"},\"potentialAction\":[{\"@type\":\"SearchAction\",\"target\":{\"@type\":\"EntryPoint\",\"urlTemplate\":\"https:\\\/\\\/www.notibras.com\\\/site\\\/?s={search_term_string}\"},\"query-input\":{\"@type\":\"PropertyValueSpecification\",\"valueRequired\":true,\"valueName\":\"search_term_string\"}}],\"inLanguage\":\"pt-BR\"},{\"@type\":\"Organization\",\"@id\":\"https:\\\/\\\/www.notibras.com\\\/site\\\/#organization\",\"name\":\"Grupo Notibras de Comunica\u00e7\u00e3o\",\"url\":\"https:\\\/\\\/www.notibras.com\\\/site\\\/\",\"logo\":{\"@type\":\"ImageObject\",\"inLanguage\":\"pt-BR\",\"@id\":\"https:\\\/\\\/www.notibras.com\\\/site\\\/#\\\/schema\\\/logo\\\/image\\\/\",\"url\":\"https:\\\/\\\/www.notibras.com\\\/site\\\/wp-content\\\/uploads\\\/2023\\\/01\\\/notibras23.png\",\"contentUrl\":\"https:\\\/\\\/www.notibras.com\\\/site\\\/wp-content\\\/uploads\\\/2023\\\/01\\\/notibras23.png\",\"width\":350,\"height\":87,\"caption\":\"Grupo Notibras de Comunica\u00e7\u00e3o\"},\"image\":{\"@id\":\"https:\\\/\\\/www.notibras.com\\\/site\\\/#\\\/schema\\\/logo\\\/image\\\/\"},\"sameAs\":[\"https:\\\/\\\/www.facebook.com\\\/notibras\\\/\",\"https:\\\/\\\/x.com\\\/Notibras\",\"https:\\\/\\\/www.instagram.com\\\/notibras\\\/\"]},{\"@type\":\"Person\",\"@id\":\"https:\\\/\\\/www.notibras.com\\\/site\\\/#\\\/schema\\\/person\\\/5b7fabf2aedc3ada2105f03b22b4d3dd\",\"name\":\"Eduardo Mart\u00ednez\",\"image\":{\"@type\":\"ImageObject\",\"inLanguage\":\"pt-BR\",\"@id\":\"https:\\\/\\\/secure.gravatar.com\\\/avatar\\\/7902f906289926289cbcda644b5197c796b893c6ffd7b9a536a42d290f7704a0?s=96&d=mm&r=g\",\"url\":\"https:\\\/\\\/secure.gravatar.com\\\/avatar\\\/7902f906289926289cbcda644b5197c796b893c6ffd7b9a536a42d290f7704a0?s=96&d=mm&r=g\",\"contentUrl\":\"https:\\\/\\\/secure.gravatar.com\\\/avatar\\\/7902f906289926289cbcda644b5197c796b893c6ffd7b9a536a42d290f7704a0?s=96&d=mm&r=g\",\"caption\":\"Eduardo Mart\u00ednez\"}}]}<\/script>\n<!-- \/ Yoast SEO plugin. -->","yoast_head_json":{"title":"Melhor merendeira da rede p\u00fablica - Notibras","robots":{"index":"index","follow":"follow","max-snippet":"max-snippet:-1","max-image-preview":"max-image-preview:large","max-video-preview":"max-video-preview:-1"},"canonical":"https:\/\/www.notibras.com\/site\/melhor-merendeira-da-rede-publica\/","og_locale":"pt_BR","og_type":"article","og_title":"Melhor merendeira da rede p\u00fablica - Notibras","og_description":"O concurso Sabor de Escola celebra o esfor\u00e7o de quem transforma alimenta\u00e7\u00e3o escolar em cuidado di\u00e1rio com milhares de estudantes. Este ano, o certame elegeu, na segunda-feira (15), a melhor merendeira da rede p\u00fablica de ensino do Distrito Federal: Marli Pereira, da Escola Classe (EC) 15 de Ceil\u00e2ndia, que trabalha na \u00e1rea h\u00e1 15 anos. [&hellip;]","og_url":"https:\/\/www.notibras.com\/site\/melhor-merendeira-da-rede-publica\/","og_site_name":"Notibras","article_publisher":"https:\/\/www.facebook.com\/notibras\/","article_published_time":"2025-12-17T03:45:06+00:00","og_image":[{"width":1024,"height":683,"url":"https:\/\/www.notibras.com\/site\/wp-content\/uploads\/2025\/12\/Foto_tres_finalistas-1024x683.jpg","type":"image\/jpeg"}],"author":"Eduardo Mart\u00ednez","twitter_card":"summary_large_image","twitter_creator":"@Notibras","twitter_site":"@Notibras","twitter_misc":{"Escrito por":"Eduardo Mart\u00ednez","Est. tempo de leitura":"5 minutos"},"schema":{"@context":"https:\/\/schema.org","@graph":[{"@type":"Article","@id":"https:\/\/www.notibras.com\/site\/melhor-merendeira-da-rede-publica\/#article","isPartOf":{"@id":"https:\/\/www.notibras.com\/site\/melhor-merendeira-da-rede-publica\/"},"author":{"name":"Eduardo Mart\u00ednez","@id":"https:\/\/www.notibras.com\/site\/#\/schema\/person\/5b7fabf2aedc3ada2105f03b22b4d3dd"},"headline":"Melhor merendeira da rede p\u00fablica","datePublished":"2025-12-17T03:45:06+00:00","mainEntityOfPage":{"@id":"https:\/\/www.notibras.com\/site\/melhor-merendeira-da-rede-publica\/"},"wordCount":738,"publisher":{"@id":"https:\/\/www.notibras.com\/site\/#organization"},"image":{"@id":"https:\/\/www.notibras.com\/site\/melhor-merendeira-da-rede-publica\/#primaryimage"},"thumbnailUrl":"https:\/\/www.notibras.com\/site\/wp-content\/uploads\/2025\/12\/Foto_tres_finalistas.jpg","articleSection":["Quadradinho em Foco"],"inLanguage":"pt-BR"},{"@type":"WebPage","@id":"https:\/\/www.notibras.com\/site\/melhor-merendeira-da-rede-publica\/","url":"https:\/\/www.notibras.com\/site\/melhor-merendeira-da-rede-publica\/","name":"Melhor merendeira da rede p\u00fablica - Notibras","isPartOf":{"@id":"https:\/\/www.notibras.com\/site\/#website"},"primaryImageOfPage":{"@id":"https:\/\/www.notibras.com\/site\/melhor-merendeira-da-rede-publica\/#primaryimage"},"image":{"@id":"https:\/\/www.notibras.com\/site\/melhor-merendeira-da-rede-publica\/#primaryimage"},"thumbnailUrl":"https:\/\/www.notibras.com\/site\/wp-content\/uploads\/2025\/12\/Foto_tres_finalistas.jpg","datePublished":"2025-12-17T03:45:06+00:00","breadcrumb":{"@id":"https:\/\/www.notibras.com\/site\/melhor-merendeira-da-rede-publica\/#breadcrumb"},"inLanguage":"pt-BR","potentialAction":[{"@type":"ReadAction","target":["https:\/\/www.notibras.com\/site\/melhor-merendeira-da-rede-publica\/"]}]},{"@type":"ImageObject","inLanguage":"pt-BR","@id":"https:\/\/www.notibras.com\/site\/melhor-merendeira-da-rede-publica\/#primaryimage","url":"https:\/\/www.notibras.com\/site\/wp-content\/uploads\/2025\/12\/Foto_tres_finalistas.jpg","contentUrl":"https:\/\/www.notibras.com\/site\/wp-content\/uploads\/2025\/12\/Foto_tres_finalistas.jpg","width":2500,"height":1667},{"@type":"BreadcrumbList","@id":"https:\/\/www.notibras.com\/site\/melhor-merendeira-da-rede-publica\/#breadcrumb","itemListElement":[{"@type":"ListItem","position":1,"name":"In\u00edcio","item":"https:\/\/www.notibras.com\/site\/"},{"@type":"ListItem","position":2,"name":"Melhor merendeira da rede p\u00fablica"}]},{"@type":"WebSite","@id":"https:\/\/www.notibras.com\/site\/#website","url":"https:\/\/www.notibras.com\/site\/","name":"Notibras","description":"Not\u00edcias de Bras\u00edlia, do Brasil e do Mundo","publisher":{"@id":"https:\/\/www.notibras.com\/site\/#organization"},"potentialAction":[{"@type":"SearchAction","target":{"@type":"EntryPoint","urlTemplate":"https:\/\/www.notibras.com\/site\/?s={search_term_string}"},"query-input":{"@type":"PropertyValueSpecification","valueRequired":true,"valueName":"search_term_string"}}],"inLanguage":"pt-BR"},{"@type":"Organization","@id":"https:\/\/www.notibras.com\/site\/#organization","name":"Grupo Notibras de Comunica\u00e7\u00e3o","url":"https:\/\/www.notibras.com\/site\/","logo":{"@type":"ImageObject","inLanguage":"pt-BR","@id":"https:\/\/www.notibras.com\/site\/#\/schema\/logo\/image\/","url":"https:\/\/www.notibras.com\/site\/wp-content\/uploads\/2023\/01\/notibras23.png","contentUrl":"https:\/\/www.notibras.com\/site\/wp-content\/uploads\/2023\/01\/notibras23.png","width":350,"height":87,"caption":"Grupo Notibras de Comunica\u00e7\u00e3o"},"image":{"@id":"https:\/\/www.notibras.com\/site\/#\/schema\/logo\/image\/"},"sameAs":["https:\/\/www.facebook.com\/notibras\/","https:\/\/x.com\/Notibras","https:\/\/www.instagram.com\/notibras\/"]},{"@type":"Person","@id":"https:\/\/www.notibras.com\/site\/#\/schema\/person\/5b7fabf2aedc3ada2105f03b22b4d3dd","name":"Eduardo Mart\u00ednez","image":{"@type":"ImageObject","inLanguage":"pt-BR","@id":"https:\/\/secure.gravatar.com\/avatar\/7902f906289926289cbcda644b5197c796b893c6ffd7b9a536a42d290f7704a0?s=96&d=mm&r=g","url":"https:\/\/secure.gravatar.com\/avatar\/7902f906289926289cbcda644b5197c796b893c6ffd7b9a536a42d290f7704a0?s=96&d=mm&r=g","contentUrl":"https:\/\/secure.gravatar.com\/avatar\/7902f906289926289cbcda644b5197c796b893c6ffd7b9a536a42d290f7704a0?s=96&d=mm&r=g","caption":"Eduardo Mart\u00ednez"}}]}},"amp_enabled":true,"_links":{"self":[{"href":"https:\/\/www.notibras.com\/site\/wp-json\/wp\/v2\/posts\/375152","targetHints":{"allow":["GET"]}}],"collection":[{"href":"https:\/\/www.notibras.com\/site\/wp-json\/wp\/v2\/posts"}],"about":[{"href":"https:\/\/www.notibras.com\/site\/wp-json\/wp\/v2\/types\/post"}],"author":[{"embeddable":true,"href":"https:\/\/www.notibras.com\/site\/wp-json\/wp\/v2\/users\/21"}],"replies":[{"embeddable":true,"href":"https:\/\/www.notibras.com\/site\/wp-json\/wp\/v2\/comments?post=375152"}],"version-history":[{"count":3,"href":"https:\/\/www.notibras.com\/site\/wp-json\/wp\/v2\/posts\/375152\/revisions"}],"predecessor-version":[{"id":375156,"href":"https:\/\/www.notibras.com\/site\/wp-json\/wp\/v2\/posts\/375152\/revisions\/375156"}],"wp:featuredmedia":[{"embeddable":true,"href":"https:\/\/www.notibras.com\/site\/wp-json\/wp\/v2\/media\/375153"}],"wp:attachment":[{"href":"https:\/\/www.notibras.com\/site\/wp-json\/wp\/v2\/media?parent=375152"}],"wp:term":[{"taxonomy":"category","embeddable":true,"href":"https:\/\/www.notibras.com\/site\/wp-json\/wp\/v2\/categories?post=375152"},{"taxonomy":"post_tag","embeddable":true,"href":"https:\/\/www.notibras.com\/site\/wp-json\/wp\/v2\/tags?post=375152"}],"curies":[{"name":"wp","href":"https:\/\/api.w.org\/{rel}","templated":true}]}}