{"id":375157,"date":"2025-12-17T01:00:08","date_gmt":"2025-12-17T04:00:08","guid":{"rendered":"https:\/\/www.notibras.com\/site\/?p=375157"},"modified":"2025-12-16T20:01:12","modified_gmt":"2025-12-16T23:01:12","slug":"forum-das-mulheres-do-campo-e-do-cerrado-debate-acoes-para-2026","status":"publish","type":"post","link":"https:\/\/www.notibras.com\/site\/forum-das-mulheres-do-campo-e-do-cerrado-debate-acoes-para-2026\/","title":{"rendered":"F\u00f3rum das Mulheres do Campo e do Cerrado debate a\u00e7\u00f5es para 2026"},"content":{"rendered":"<p>Nesta ter\u00e7a (16), a Secretaria da Mulher (SMDF) realizou a 5\u00aa Reuni\u00e3o do F\u00f3rum Distrital Permanente das Mulheres do Campo e do Cerrado, no Audit\u00f3rio do Departamento de Estradas de Rodagem do Distrito Federal (DER-DF). O evento reuniu lideran\u00e7as comunit\u00e1rias e representantes de diversas regi\u00f5es do DF. O objetivo foi avaliar os avan\u00e7os conquistados ao longo de 2025 e construir novas estrat\u00e9gias para o pr\u00f3ximo ano, em prol das mulheres que vivem em \u00e1reas rurais e no cerrado.<\/p>\n<p>Para a vice-governadora Celina Le\u00e3o, as iniciativas trazem capacita\u00e7\u00e3o profissional, sustentabilidade e fortalecimento do empreendedorismo feminino. \u201cPor meio do f\u00f3rum, as trabalhadoras rurais conseguem mais autonomia financeira e melhoria da qualidade de vida. Esse \u00e9 um espa\u00e7o em que as mulheres rurais podem falar sobre as suas necessidades e n\u00f3s trabalhamos para que as demandas sejam atendidas.\u201d<\/p>\n<p>Durante o ano, 238 mulheres participaram do f\u00f3rum. Com um ambiente marcado pelo di\u00e1logo e pela colabora\u00e7\u00e3o, o encontro abordou a formula\u00e7\u00e3o de iniciativas para o fortalecimento das pol\u00edticas p\u00fablicas voltadas \u00e0s mulheres do campo.<\/p>\n<p>A secret\u00e1ria da Mulher, Giselle Ferreira, destacou a relev\u00e2ncia do f\u00f3rum. \u201cEssas a\u00e7\u00f5es t\u00eam garantido maior acesso a servi\u00e7os essenciais para popula\u00e7\u00f5es em \u00e1reas remotas, reduzindo desigualdades e promovendo bem-estar. O GDF reafirma o compromisso em promover pol\u00edticas p\u00fablicas mais inclusivas e eficazes para as mulheres do campo e do cerrado\u201d, afirmou.<\/p>\n<p>&#8220;O nosso foco \u00e9 empoderar, apoiar e ouvir as mulheres rurais, para ampliar as pol\u00edticas p\u00fablicas e programas voltados ao fortalecimento da agricultura familiar. Essas mulheres s\u00e3o muito dedicadas e guerreiras. Muitas levam o sustento para a sua casa, atrav\u00e9s do trabalho no cerrado&#8221;, disse a subsecret\u00e1ria de Promo\u00e7\u00e3o das Mulheres, Renata D&#8217;Aguiar.<\/p>\n<p>A agricultora Maria da Concei\u00e7\u00e3o Pereira tem 57 anos, \u00e9 moradora do Gama e trabalha no campo h\u00e1 13 anos. \u201cEsse f\u00f3rum \u00e9 muito importante porque tem um olhar diferente para n\u00f3s mulheres rurais. Esse lugar traz seguran\u00e7a, qualidade de vida e sa\u00fade. Temos a oportunidade de falar sobre as nossas demandas do dia a dia. \u00c9 uma prote\u00e7\u00e3o para as trabalhadoras do campo e do cerrado.\u201d<\/p>\n<p><strong>A\u00e7\u00f5es e benef\u00edcios para as mulheres do campo<\/strong><\/p>\n<p>Em 2025, o programa Mais Direitos para as Mulheres do Campo e do Cerrado atendeu 662 mulheres, com conversas e atendimentos intersetoriais. A iniciativa da Secretaria da Mulher leva atendimento, qualifica\u00e7\u00e3o e apoio \u00e0s trabalhadoras, utilizando unidades m\u00f3veis para oferecer servi\u00e7os de sa\u00fade, orienta\u00e7\u00e3o jur\u00eddica, beleza e capacita\u00e7\u00e3o.<\/p>\n<p>Outra a\u00e7\u00e3o, com o apoio do Sesc-DF, \u00e9 o Sempre por Elas, programa itinerante que oferece assist\u00eancia a mulheres em situa\u00e7\u00e3o de vulnerabilidade social, econ\u00f4mica ou v\u00edtimas de viol\u00eancia. O projeto acontece de forma itinerante, principalmente em \u00e1reas rurais, com acesso limitado e j\u00e1 passou por Santa Maria, Samambaia, \u00c1gua Quente, Curralinho e Lago Oeste.<\/p>\n<p>Com foco na promo\u00e7\u00e3o da sa\u00fade e bem-estar, o Sesc tamb\u00e9m mobilizou duas de suas principais unidades m\u00f3veis para garantir o acesso a servi\u00e7os essenciais: Carreta Odontol\u00f3gica, com atendimentos de sa\u00fade bucal, proporcionando cuidados preventivos e tratamentos b\u00e1sicos para a comunidade. Al\u00e9m da Carreta da Mulher, equipada para a realiza\u00e7\u00e3o de exames de mamografia e orienta\u00e7\u00f5es sobre sa\u00fade feminina, refor\u00e7ando o compromisso com o diagn\u00f3stico precoce e a aten\u00e7\u00e3o integral \u00e0 sa\u00fade da mulher.<\/p>\n","protected":false},"excerpt":{"rendered":"<p>Nesta ter\u00e7a (16), a Secretaria da Mulher (SMDF) realizou a 5\u00aa Reuni\u00e3o do F\u00f3rum Distrital Permanente das Mulheres do Campo e do Cerrado, no Audit\u00f3rio do Departamento de Estradas de Rodagem do Distrito Federal (DER-DF). O evento reuniu lideran\u00e7as comunit\u00e1rias e representantes de diversas regi\u00f5es do DF. O objetivo foi avaliar os avan\u00e7os conquistados ao [&hellip;]<\/p>\n","protected":false},"author":21,"featured_media":375158,"comment_status":"closed","ping_status":"closed","sticky":false,"template":"","format":"standard","meta":{"_acf_changed":false,"footnotes":""},"categories":[161],"tags":[],"class_list":["post-375157","post","type-post","status-publish","format-standard","has-post-thumbnail","hentry","category-quadradinho-em-foco"],"acf":[],"yoast_head":"<!-- This site is optimized with the Yoast SEO plugin v27.5 - https:\/\/yoast.com\/product\/yoast-seo-wordpress\/ -->\n<title>F\u00f3rum das Mulheres do Campo e do Cerrado debate a\u00e7\u00f5es para 2026 - Notibras<\/title>\n<meta name=\"robots\" content=\"index, follow, max-snippet:-1, max-image-preview:large, max-video-preview:-1\" \/>\n<link rel=\"canonical\" href=\"https:\/\/www.notibras.com\/site\/forum-das-mulheres-do-campo-e-do-cerrado-debate-acoes-para-2026\/\" \/>\n<meta property=\"og:locale\" content=\"pt_BR\" \/>\n<meta property=\"og:type\" content=\"article\" \/>\n<meta property=\"og:title\" content=\"F\u00f3rum das Mulheres do Campo e do Cerrado debate a\u00e7\u00f5es para 2026 - Notibras\" \/>\n<meta property=\"og:description\" content=\"Nesta ter\u00e7a (16), a Secretaria da Mulher (SMDF) realizou a 5\u00aa Reuni\u00e3o do F\u00f3rum Distrital Permanente das Mulheres do Campo e do Cerrado, no Audit\u00f3rio do Departamento de Estradas de Rodagem do Distrito Federal (DER-DF). O evento reuniu lideran\u00e7as comunit\u00e1rias e representantes de diversas regi\u00f5es do DF. O objetivo foi avaliar os avan\u00e7os conquistados ao [&hellip;]\" \/>\n<meta property=\"og:url\" content=\"https:\/\/www.notibras.com\/site\/forum-das-mulheres-do-campo-e-do-cerrado-debate-acoes-para-2026\/\" \/>\n<meta property=\"og:site_name\" content=\"Notibras\" \/>\n<meta property=\"article:publisher\" content=\"https:\/\/www.facebook.com\/notibras\/\" \/>\n<meta property=\"article:published_time\" content=\"2025-12-17T04:00:08+00:00\" \/>\n<meta property=\"og:image\" content=\"https:\/\/www.notibras.com\/site\/wp-content\/uploads\/2025\/12\/1000696366.jpg\" \/>\n\t<meta property=\"og:image:width\" content=\"1280\" \/>\n\t<meta property=\"og:image:height\" content=\"720\" \/>\n\t<meta property=\"og:image:type\" content=\"image\/jpeg\" \/>\n<meta name=\"author\" content=\"Eduardo Mart\u00ednez\" \/>\n<meta name=\"twitter:card\" content=\"summary_large_image\" \/>\n<meta name=\"twitter:creator\" content=\"@Notibras\" \/>\n<meta name=\"twitter:site\" content=\"@Notibras\" \/>\n<meta name=\"twitter:label1\" content=\"Escrito por\" \/>\n\t<meta name=\"twitter:data1\" content=\"Eduardo Mart\u00ednez\" \/>\n\t<meta name=\"twitter:label2\" content=\"Est. tempo de leitura\" \/>\n\t<meta name=\"twitter:data2\" content=\"4 minutos\" \/>\n<script type=\"application\/ld+json\" class=\"yoast-schema-graph\">{\"@context\":\"https:\\\/\\\/schema.org\",\"@graph\":[{\"@type\":\"Article\",\"@id\":\"https:\\\/\\\/www.notibras.com\\\/site\\\/forum-das-mulheres-do-campo-e-do-cerrado-debate-acoes-para-2026\\\/#article\",\"isPartOf\":{\"@id\":\"https:\\\/\\\/www.notibras.com\\\/site\\\/forum-das-mulheres-do-campo-e-do-cerrado-debate-acoes-para-2026\\\/\"},\"author\":{\"name\":\"Eduardo Mart\u00ednez\",\"@id\":\"https:\\\/\\\/www.notibras.com\\\/site\\\/#\\\/schema\\\/person\\\/5b7fabf2aedc3ada2105f03b22b4d3dd\"},\"headline\":\"F\u00f3rum das Mulheres do Campo e do Cerrado debate a\u00e7\u00f5es para 2026\",\"datePublished\":\"2025-12-17T04:00:08+00:00\",\"mainEntityOfPage\":{\"@id\":\"https:\\\/\\\/www.notibras.com\\\/site\\\/forum-das-mulheres-do-campo-e-do-cerrado-debate-acoes-para-2026\\\/\"},\"wordCount\":598,\"publisher\":{\"@id\":\"https:\\\/\\\/www.notibras.com\\\/site\\\/#organization\"},\"image\":{\"@id\":\"https:\\\/\\\/www.notibras.com\\\/site\\\/forum-das-mulheres-do-campo-e-do-cerrado-debate-acoes-para-2026\\\/#primaryimage\"},\"thumbnailUrl\":\"https:\\\/\\\/www.notibras.com\\\/site\\\/wp-content\\\/uploads\\\/2025\\\/12\\\/1000696366.jpg\",\"articleSection\":[\"Quadradinho em Foco\"],\"inLanguage\":\"pt-BR\"},{\"@type\":\"WebPage\",\"@id\":\"https:\\\/\\\/www.notibras.com\\\/site\\\/forum-das-mulheres-do-campo-e-do-cerrado-debate-acoes-para-2026\\\/\",\"url\":\"https:\\\/\\\/www.notibras.com\\\/site\\\/forum-das-mulheres-do-campo-e-do-cerrado-debate-acoes-para-2026\\\/\",\"name\":\"F\u00f3rum das Mulheres do Campo e do Cerrado debate a\u00e7\u00f5es para 2026 - Notibras\",\"isPartOf\":{\"@id\":\"https:\\\/\\\/www.notibras.com\\\/site\\\/#website\"},\"primaryImageOfPage\":{\"@id\":\"https:\\\/\\\/www.notibras.com\\\/site\\\/forum-das-mulheres-do-campo-e-do-cerrado-debate-acoes-para-2026\\\/#primaryimage\"},\"image\":{\"@id\":\"https:\\\/\\\/www.notibras.com\\\/site\\\/forum-das-mulheres-do-campo-e-do-cerrado-debate-acoes-para-2026\\\/#primaryimage\"},\"thumbnailUrl\":\"https:\\\/\\\/www.notibras.com\\\/site\\\/wp-content\\\/uploads\\\/2025\\\/12\\\/1000696366.jpg\",\"datePublished\":\"2025-12-17T04:00:08+00:00\",\"breadcrumb\":{\"@id\":\"https:\\\/\\\/www.notibras.com\\\/site\\\/forum-das-mulheres-do-campo-e-do-cerrado-debate-acoes-para-2026\\\/#breadcrumb\"},\"inLanguage\":\"pt-BR\",\"potentialAction\":[{\"@type\":\"ReadAction\",\"target\":[\"https:\\\/\\\/www.notibras.com\\\/site\\\/forum-das-mulheres-do-campo-e-do-cerrado-debate-acoes-para-2026\\\/\"]}]},{\"@type\":\"ImageObject\",\"inLanguage\":\"pt-BR\",\"@id\":\"https:\\\/\\\/www.notibras.com\\\/site\\\/forum-das-mulheres-do-campo-e-do-cerrado-debate-acoes-para-2026\\\/#primaryimage\",\"url\":\"https:\\\/\\\/www.notibras.com\\\/site\\\/wp-content\\\/uploads\\\/2025\\\/12\\\/1000696366.jpg\",\"contentUrl\":\"https:\\\/\\\/www.notibras.com\\\/site\\\/wp-content\\\/uploads\\\/2025\\\/12\\\/1000696366.jpg\",\"width\":1280,\"height\":720},{\"@type\":\"BreadcrumbList\",\"@id\":\"https:\\\/\\\/www.notibras.com\\\/site\\\/forum-das-mulheres-do-campo-e-do-cerrado-debate-acoes-para-2026\\\/#breadcrumb\",\"itemListElement\":[{\"@type\":\"ListItem\",\"position\":1,\"name\":\"In\u00edcio\",\"item\":\"https:\\\/\\\/www.notibras.com\\\/site\\\/\"},{\"@type\":\"ListItem\",\"position\":2,\"name\":\"F\u00f3rum das Mulheres do Campo e do Cerrado debate a\u00e7\u00f5es para 2026\"}]},{\"@type\":\"WebSite\",\"@id\":\"https:\\\/\\\/www.notibras.com\\\/site\\\/#website\",\"url\":\"https:\\\/\\\/www.notibras.com\\\/site\\\/\",\"name\":\"Notibras\",\"description\":\"Not\u00edcias de Bras\u00edlia, do Brasil e do Mundo\",\"publisher\":{\"@id\":\"https:\\\/\\\/www.notibras.com\\\/site\\\/#organization\"},\"potentialAction\":[{\"@type\":\"SearchAction\",\"target\":{\"@type\":\"EntryPoint\",\"urlTemplate\":\"https:\\\/\\\/www.notibras.com\\\/site\\\/?s={search_term_string}\"},\"query-input\":{\"@type\":\"PropertyValueSpecification\",\"valueRequired\":true,\"valueName\":\"search_term_string\"}}],\"inLanguage\":\"pt-BR\"},{\"@type\":\"Organization\",\"@id\":\"https:\\\/\\\/www.notibras.com\\\/site\\\/#organization\",\"name\":\"Grupo Notibras de Comunica\u00e7\u00e3o\",\"url\":\"https:\\\/\\\/www.notibras.com\\\/site\\\/\",\"logo\":{\"@type\":\"ImageObject\",\"inLanguage\":\"pt-BR\",\"@id\":\"https:\\\/\\\/www.notibras.com\\\/site\\\/#\\\/schema\\\/logo\\\/image\\\/\",\"url\":\"https:\\\/\\\/www.notibras.com\\\/site\\\/wp-content\\\/uploads\\\/2023\\\/01\\\/notibras23.png\",\"contentUrl\":\"https:\\\/\\\/www.notibras.com\\\/site\\\/wp-content\\\/uploads\\\/2023\\\/01\\\/notibras23.png\",\"width\":350,\"height\":87,\"caption\":\"Grupo Notibras de Comunica\u00e7\u00e3o\"},\"image\":{\"@id\":\"https:\\\/\\\/www.notibras.com\\\/site\\\/#\\\/schema\\\/logo\\\/image\\\/\"},\"sameAs\":[\"https:\\\/\\\/www.facebook.com\\\/notibras\\\/\",\"https:\\\/\\\/x.com\\\/Notibras\",\"https:\\\/\\\/www.instagram.com\\\/notibras\\\/\"]},{\"@type\":\"Person\",\"@id\":\"https:\\\/\\\/www.notibras.com\\\/site\\\/#\\\/schema\\\/person\\\/5b7fabf2aedc3ada2105f03b22b4d3dd\",\"name\":\"Eduardo Mart\u00ednez\",\"image\":{\"@type\":\"ImageObject\",\"inLanguage\":\"pt-BR\",\"@id\":\"https:\\\/\\\/secure.gravatar.com\\\/avatar\\\/7902f906289926289cbcda644b5197c796b893c6ffd7b9a536a42d290f7704a0?s=96&d=mm&r=g\",\"url\":\"https:\\\/\\\/secure.gravatar.com\\\/avatar\\\/7902f906289926289cbcda644b5197c796b893c6ffd7b9a536a42d290f7704a0?s=96&d=mm&r=g\",\"contentUrl\":\"https:\\\/\\\/secure.gravatar.com\\\/avatar\\\/7902f906289926289cbcda644b5197c796b893c6ffd7b9a536a42d290f7704a0?s=96&d=mm&r=g\",\"caption\":\"Eduardo Mart\u00ednez\"}}]}<\/script>\n<!-- \/ Yoast SEO plugin. -->","yoast_head_json":{"title":"F\u00f3rum das Mulheres do Campo e do Cerrado debate a\u00e7\u00f5es para 2026 - Notibras","robots":{"index":"index","follow":"follow","max-snippet":"max-snippet:-1","max-image-preview":"max-image-preview:large","max-video-preview":"max-video-preview:-1"},"canonical":"https:\/\/www.notibras.com\/site\/forum-das-mulheres-do-campo-e-do-cerrado-debate-acoes-para-2026\/","og_locale":"pt_BR","og_type":"article","og_title":"F\u00f3rum das Mulheres do Campo e do Cerrado debate a\u00e7\u00f5es para 2026 - Notibras","og_description":"Nesta ter\u00e7a (16), a Secretaria da Mulher (SMDF) realizou a 5\u00aa Reuni\u00e3o do F\u00f3rum Distrital Permanente das Mulheres do Campo e do Cerrado, no Audit\u00f3rio do Departamento de Estradas de Rodagem do Distrito Federal (DER-DF). O evento reuniu lideran\u00e7as comunit\u00e1rias e representantes de diversas regi\u00f5es do DF. O objetivo foi avaliar os avan\u00e7os conquistados ao [&hellip;]","og_url":"https:\/\/www.notibras.com\/site\/forum-das-mulheres-do-campo-e-do-cerrado-debate-acoes-para-2026\/","og_site_name":"Notibras","article_publisher":"https:\/\/www.facebook.com\/notibras\/","article_published_time":"2025-12-17T04:00:08+00:00","og_image":[{"width":1280,"height":720,"url":"https:\/\/www.notibras.com\/site\/wp-content\/uploads\/2025\/12\/1000696366.jpg","type":"image\/jpeg"}],"author":"Eduardo Mart\u00ednez","twitter_card":"summary_large_image","twitter_creator":"@Notibras","twitter_site":"@Notibras","twitter_misc":{"Escrito por":"Eduardo Mart\u00ednez","Est. tempo de leitura":"4 minutos"},"schema":{"@context":"https:\/\/schema.org","@graph":[{"@type":"Article","@id":"https:\/\/www.notibras.com\/site\/forum-das-mulheres-do-campo-e-do-cerrado-debate-acoes-para-2026\/#article","isPartOf":{"@id":"https:\/\/www.notibras.com\/site\/forum-das-mulheres-do-campo-e-do-cerrado-debate-acoes-para-2026\/"},"author":{"name":"Eduardo Mart\u00ednez","@id":"https:\/\/www.notibras.com\/site\/#\/schema\/person\/5b7fabf2aedc3ada2105f03b22b4d3dd"},"headline":"F\u00f3rum das Mulheres do Campo e do Cerrado debate a\u00e7\u00f5es para 2026","datePublished":"2025-12-17T04:00:08+00:00","mainEntityOfPage":{"@id":"https:\/\/www.notibras.com\/site\/forum-das-mulheres-do-campo-e-do-cerrado-debate-acoes-para-2026\/"},"wordCount":598,"publisher":{"@id":"https:\/\/www.notibras.com\/site\/#organization"},"image":{"@id":"https:\/\/www.notibras.com\/site\/forum-das-mulheres-do-campo-e-do-cerrado-debate-acoes-para-2026\/#primaryimage"},"thumbnailUrl":"https:\/\/www.notibras.com\/site\/wp-content\/uploads\/2025\/12\/1000696366.jpg","articleSection":["Quadradinho em Foco"],"inLanguage":"pt-BR"},{"@type":"WebPage","@id":"https:\/\/www.notibras.com\/site\/forum-das-mulheres-do-campo-e-do-cerrado-debate-acoes-para-2026\/","url":"https:\/\/www.notibras.com\/site\/forum-das-mulheres-do-campo-e-do-cerrado-debate-acoes-para-2026\/","name":"F\u00f3rum das Mulheres do Campo e do Cerrado debate a\u00e7\u00f5es para 2026 - Notibras","isPartOf":{"@id":"https:\/\/www.notibras.com\/site\/#website"},"primaryImageOfPage":{"@id":"https:\/\/www.notibras.com\/site\/forum-das-mulheres-do-campo-e-do-cerrado-debate-acoes-para-2026\/#primaryimage"},"image":{"@id":"https:\/\/www.notibras.com\/site\/forum-das-mulheres-do-campo-e-do-cerrado-debate-acoes-para-2026\/#primaryimage"},"thumbnailUrl":"https:\/\/www.notibras.com\/site\/wp-content\/uploads\/2025\/12\/1000696366.jpg","datePublished":"2025-12-17T04:00:08+00:00","breadcrumb":{"@id":"https:\/\/www.notibras.com\/site\/forum-das-mulheres-do-campo-e-do-cerrado-debate-acoes-para-2026\/#breadcrumb"},"inLanguage":"pt-BR","potentialAction":[{"@type":"ReadAction","target":["https:\/\/www.notibras.com\/site\/forum-das-mulheres-do-campo-e-do-cerrado-debate-acoes-para-2026\/"]}]},{"@type":"ImageObject","inLanguage":"pt-BR","@id":"https:\/\/www.notibras.com\/site\/forum-das-mulheres-do-campo-e-do-cerrado-debate-acoes-para-2026\/#primaryimage","url":"https:\/\/www.notibras.com\/site\/wp-content\/uploads\/2025\/12\/1000696366.jpg","contentUrl":"https:\/\/www.notibras.com\/site\/wp-content\/uploads\/2025\/12\/1000696366.jpg","width":1280,"height":720},{"@type":"BreadcrumbList","@id":"https:\/\/www.notibras.com\/site\/forum-das-mulheres-do-campo-e-do-cerrado-debate-acoes-para-2026\/#breadcrumb","itemListElement":[{"@type":"ListItem","position":1,"name":"In\u00edcio","item":"https:\/\/www.notibras.com\/site\/"},{"@type":"ListItem","position":2,"name":"F\u00f3rum das Mulheres do Campo e do Cerrado debate a\u00e7\u00f5es para 2026"}]},{"@type":"WebSite","@id":"https:\/\/www.notibras.com\/site\/#website","url":"https:\/\/www.notibras.com\/site\/","name":"Notibras","description":"Not\u00edcias de Bras\u00edlia, do Brasil e do Mundo","publisher":{"@id":"https:\/\/www.notibras.com\/site\/#organization"},"potentialAction":[{"@type":"SearchAction","target":{"@type":"EntryPoint","urlTemplate":"https:\/\/www.notibras.com\/site\/?s={search_term_string}"},"query-input":{"@type":"PropertyValueSpecification","valueRequired":true,"valueName":"search_term_string"}}],"inLanguage":"pt-BR"},{"@type":"Organization","@id":"https:\/\/www.notibras.com\/site\/#organization","name":"Grupo Notibras de Comunica\u00e7\u00e3o","url":"https:\/\/www.notibras.com\/site\/","logo":{"@type":"ImageObject","inLanguage":"pt-BR","@id":"https:\/\/www.notibras.com\/site\/#\/schema\/logo\/image\/","url":"https:\/\/www.notibras.com\/site\/wp-content\/uploads\/2023\/01\/notibras23.png","contentUrl":"https:\/\/www.notibras.com\/site\/wp-content\/uploads\/2023\/01\/notibras23.png","width":350,"height":87,"caption":"Grupo Notibras de Comunica\u00e7\u00e3o"},"image":{"@id":"https:\/\/www.notibras.com\/site\/#\/schema\/logo\/image\/"},"sameAs":["https:\/\/www.facebook.com\/notibras\/","https:\/\/x.com\/Notibras","https:\/\/www.instagram.com\/notibras\/"]},{"@type":"Person","@id":"https:\/\/www.notibras.com\/site\/#\/schema\/person\/5b7fabf2aedc3ada2105f03b22b4d3dd","name":"Eduardo Mart\u00ednez","image":{"@type":"ImageObject","inLanguage":"pt-BR","@id":"https:\/\/secure.gravatar.com\/avatar\/7902f906289926289cbcda644b5197c796b893c6ffd7b9a536a42d290f7704a0?s=96&d=mm&r=g","url":"https:\/\/secure.gravatar.com\/avatar\/7902f906289926289cbcda644b5197c796b893c6ffd7b9a536a42d290f7704a0?s=96&d=mm&r=g","contentUrl":"https:\/\/secure.gravatar.com\/avatar\/7902f906289926289cbcda644b5197c796b893c6ffd7b9a536a42d290f7704a0?s=96&d=mm&r=g","caption":"Eduardo Mart\u00ednez"}}]}},"amp_enabled":true,"_links":{"self":[{"href":"https:\/\/www.notibras.com\/site\/wp-json\/wp\/v2\/posts\/375157","targetHints":{"allow":["GET"]}}],"collection":[{"href":"https:\/\/www.notibras.com\/site\/wp-json\/wp\/v2\/posts"}],"about":[{"href":"https:\/\/www.notibras.com\/site\/wp-json\/wp\/v2\/types\/post"}],"author":[{"embeddable":true,"href":"https:\/\/www.notibras.com\/site\/wp-json\/wp\/v2\/users\/21"}],"replies":[{"embeddable":true,"href":"https:\/\/www.notibras.com\/site\/wp-json\/wp\/v2\/comments?post=375157"}],"version-history":[{"count":4,"href":"https:\/\/www.notibras.com\/site\/wp-json\/wp\/v2\/posts\/375157\/revisions"}],"predecessor-version":[{"id":375162,"href":"https:\/\/www.notibras.com\/site\/wp-json\/wp\/v2\/posts\/375157\/revisions\/375162"}],"wp:featuredmedia":[{"embeddable":true,"href":"https:\/\/www.notibras.com\/site\/wp-json\/wp\/v2\/media\/375158"}],"wp:attachment":[{"href":"https:\/\/www.notibras.com\/site\/wp-json\/wp\/v2\/media?parent=375157"}],"wp:term":[{"taxonomy":"category","embeddable":true,"href":"https:\/\/www.notibras.com\/site\/wp-json\/wp\/v2\/categories?post=375157"},{"taxonomy":"post_tag","embeddable":true,"href":"https:\/\/www.notibras.com\/site\/wp-json\/wp\/v2\/tags?post=375157"}],"curies":[{"name":"wp","href":"https:\/\/api.w.org\/{rel}","templated":true}]}}