{"id":375195,"date":"2025-12-17T05:25:08","date_gmt":"2025-12-17T08:25:08","guid":{"rendered":"https:\/\/www.notibras.com\/site\/?p=375195"},"modified":"2025-12-17T05:26:37","modified_gmt":"2025-12-17T08:26:37","slug":"russia-x-ucrania-os-tiros-com-dias-contados","status":"publish","type":"post","link":"https:\/\/www.notibras.com\/site\/russia-x-ucrania-os-tiros-com-dias-contados\/","title":{"rendered":"R\u00fassia x Ucr\u00e2nia, os tiros com dias contados"},"content":{"rendered":"<p>Est\u00e3o em curso discuss\u00f5es intensas acerca de um poss\u00edvel acordo entre R\u00fassia e Ucr\u00e2nia que ponha fim \u00e0 guerra ora em desenvolvimento. O plano de uma poss\u00edvel paz, conforme noticiado, foi uma constru\u00e7\u00e3o entre os EUA e a R\u00fassia, que ignorou por completo a posi\u00e7\u00e3o da Ucr\u00e2nia e da Uni\u00e3o Europeia, a atual grande financiadora do conflito pelo lado da Ucr\u00e2nia.<\/p>\n<p>Ap\u00f3s in\u00fameras reuni\u00f5es envolvendo os atores, diversos pontos v\u00e3o ganhando contornos definitivos, e diversos destes pontos v\u00e3o ao encontro do que a R\u00fassia alegava antes do conflito para justific\u00e1-lo. Quest\u00f5es como a anexa\u00e7\u00e3o do Donbass que criaria um corredor de conten\u00e7\u00e3o para a R\u00fassia, e o reconhecimento da Crim\u00e9ia como territ\u00f3rio russo, al\u00e9m da n\u00e3o entrada da Ucr\u00e2nia na OTAN, s\u00e3o pontos que est\u00e3o avan\u00e7ando. Todas estas quest\u00f5es foram colocadas pela R\u00fassia como fundamentais para que n\u00e3o ocorresse a invas\u00e3o.<\/p>\n<p>Embora a Uni\u00e3o Europeia transmita indigna\u00e7\u00e3o com as condi\u00e7\u00f5es em discuss\u00e3o, o fato \u00e9 que as conversas est\u00e3o avan\u00e7ando, e estes pontos se tornando irrevers\u00edveis. Ou seja, como est\u00e3o ocorrendo, as negocia\u00e7\u00f5es caminham para uma solu\u00e7\u00e3o pr\u00f3 R\u00fassia, o que significa uma imensa derrota para a Ucr\u00e2nia e a Uni\u00e3o Europeia, a grande incentivadora da continuidade do conflito.<\/p>\n<p>Analisando o que est\u00e1 ocorrendo cabe uma pergunta desconcertante, por\u00e9m necess\u00e1ria: qual o porqu\u00ea desta guerra, se as condi\u00e7\u00f5es em discuss\u00e3o s\u00e3o as condi\u00e7\u00f5es cobradas pela R\u00fassia antes dela? Porqu\u00ea houve uma insist\u00eancia da Uni\u00e3o Europeia e dos EUA durante o governo Biden, para for\u00e7ar o ingresso da Ucr\u00e2nia na OTAN, o principal elemento a causar a invas\u00e3o russa, segundo Putin.<\/p>\n<p>H\u00e1 in\u00fameros elementos a justificarem uma guerra. Os da R\u00fassia n\u00e3o podem ser ignorados, assim como os desejos da Ucr\u00e2nia tamb\u00e9m n\u00e3o. Por\u00e9m, caso houvesse uma diplomacia da paz em vez da diplomacia da guerra que conduz o comportamento de diversos pa\u00edses da Uni\u00e3o Europeia, especialmente, este conflito poderia ter sido evitado. A R\u00fassia, antes da invas\u00e3o, cobrava autonomia do Donbass, e n\u00e3o anexa\u00e7\u00e3o como agora, visto que a regi\u00e3o tem uma popula\u00e7\u00e3o predominantemente russa, e cobrava tamb\u00e9m a desist\u00eancia da Ucr\u00e2nia em aderir \u00e0 OTAN, mas foi solenemente ignorada, talvez pela emp\u00e1fia e arrog\u00e2ncia da Europa e dos EUA \u00e0 \u00e9poca.<\/p>\n<p>O dado concreto \u00e9 que quase quatro anos depois, uma destrui\u00e7\u00e3o imensa das infra estruturas ucranianas, o deslocamento de milhares de cidad\u00e3os, um aumento significativo do custo de vida na Europa em decorr\u00eancia do boicote \u00e0 importa\u00e7\u00e3o da energia russa , e o mais grave e vergonhoso, a enormidade de vidas perdidas por um conflito cujo resultado da diplomacia agora demonstra estar sendo absolutamente in\u00fatil.<\/p>\n<p>Perdas financeiras s\u00e3o super\u00e1veis, mesmo causando imenso transtorno e sofrimento \u00e0s pessoas. Mas e as vidas perdidas? N\u00fameros d\u00e3o conta de aproximadamente quatrocentas mil mortes no conflito, majoritariamente de soldados que deixam fam\u00edlias destro\u00e7adas.<\/p>\n<p>Sem desconsiderar a enorme responsabilidade da R\u00fassia por ter sido a na\u00e7\u00e3o agressora, \u00e9 necess\u00e1rio fazermos uma discuss\u00e3o honesta sobre a voracidade da OTAN que, em desrespeito a acordos firmados ap\u00f3s o colapso da ent\u00e3o Uni\u00e3o Sovi\u00e9tica que previu a conten\u00e7\u00e3o daquela alian\u00e7a militar quanto \u00e0 sua expans\u00e3o at\u00e9 as fronteiras russas continuou avan\u00e7ando.<\/p>\n<p>Uma vis\u00e3o tosca, imperial e expansionista que est\u00e1 no cerne dos pa\u00edses da Europa, que movidos por uma paranoia de que a R\u00fassia pretende invadi-la a qualquer momento, \u00e9, de certo modo, o centro da exist\u00eancia e da continuidade desta guerra in\u00fatil. Tor\u00e7amos para que chegue a um fim o mais r\u00e1pido poss\u00edvel e traga algum alento a dois povos t\u00e3o sofridos, russos e ucranianos.<\/p>\n<p>&#8230;&#8230;&#8230;&#8230;&#8230;&#8230;&#8230;&#8230;<\/p>\n<p><strong>Antonio Eust\u00e1quio \u00e9 correspondente de Notibras na Europa<\/strong><\/p>\n","protected":false},"excerpt":{"rendered":"<p>Est\u00e3o em curso discuss\u00f5es intensas acerca de um poss\u00edvel acordo entre R\u00fassia e Ucr\u00e2nia que ponha fim \u00e0 guerra ora em desenvolvimento. O plano de uma poss\u00edvel paz, conforme noticiado, foi uma constru\u00e7\u00e3o entre os EUA e a R\u00fassia, que ignorou por completo a posi\u00e7\u00e3o da Ucr\u00e2nia e da Uni\u00e3o Europeia, a atual grande financiadora [&hellip;]<\/p>\n","protected":false},"author":2,"featured_media":311923,"comment_status":"closed","ping_status":"closed","sticky":false,"template":"","format":"standard","meta":{"_acf_changed":false,"footnotes":""},"categories":[159],"tags":[95],"class_list":["post-375195","post","type-post","status-publish","format-standard","has-post-thumbnail","hentry","category-apocalipse","tag-capa"],"acf":[],"yoast_head":"<!-- This site is optimized with the Yoast SEO plugin v27.2 - https:\/\/yoast.com\/product\/yoast-seo-wordpress\/ -->\n<title>R\u00fassia x Ucr\u00e2nia, os tiros com dias contados - Notibras<\/title>\n<meta name=\"robots\" content=\"index, follow, max-snippet:-1, max-image-preview:large, max-video-preview:-1\" \/>\n<link rel=\"canonical\" href=\"https:\/\/www.notibras.com\/site\/russia-x-ucrania-os-tiros-com-dias-contados\/\" \/>\n<meta property=\"og:locale\" content=\"pt_BR\" \/>\n<meta property=\"og:type\" content=\"article\" \/>\n<meta property=\"og:title\" content=\"R\u00fassia x Ucr\u00e2nia, os tiros com dias contados - Notibras\" \/>\n<meta property=\"og:description\" content=\"Est\u00e3o em curso discuss\u00f5es intensas acerca de um poss\u00edvel acordo entre R\u00fassia e Ucr\u00e2nia que ponha fim \u00e0 guerra ora em desenvolvimento. O plano de uma poss\u00edvel paz, conforme noticiado, foi uma constru\u00e7\u00e3o entre os EUA e a R\u00fassia, que ignorou por completo a posi\u00e7\u00e3o da Ucr\u00e2nia e da Uni\u00e3o Europeia, a atual grande financiadora [&hellip;]\" \/>\n<meta property=\"og:url\" content=\"https:\/\/www.notibras.com\/site\/russia-x-ucrania-os-tiros-com-dias-contados\/\" \/>\n<meta property=\"og:site_name\" content=\"Notibras\" \/>\n<meta property=\"article:publisher\" content=\"https:\/\/www.facebook.com\/notibras\/\" \/>\n<meta property=\"article:published_time\" content=\"2025-12-17T08:25:08+00:00\" \/>\n<meta property=\"article:modified_time\" content=\"2025-12-17T08:26:37+00:00\" \/>\n<meta property=\"og:image\" content=\"https:\/\/www.notibras.com\/site\/wp-content\/uploads\/2023\/08\/2022-07-26t180937z_1_lynxmpei6p0tv_rtroptp_4_russia-ucrania-crise-1.jpg\" \/>\n\t<meta property=\"og:image:width\" content=\"1170\" \/>\n\t<meta property=\"og:image:height\" content=\"700\" \/>\n\t<meta property=\"og:image:type\" content=\"image\/jpeg\" \/>\n<meta name=\"author\" content=\"Reda\u00e7\u00e3o\" \/>\n<meta name=\"twitter:card\" content=\"summary_large_image\" \/>\n<meta name=\"twitter:creator\" content=\"@Notibras\" \/>\n<meta name=\"twitter:site\" content=\"@Notibras\" \/>\n<meta name=\"twitter:label1\" content=\"Escrito por\" \/>\n\t<meta name=\"twitter:data1\" content=\"Reda\u00e7\u00e3o\" \/>\n\t<meta name=\"twitter:label2\" content=\"Est. tempo de leitura\" \/>\n\t<meta name=\"twitter:data2\" content=\"4 minutos\" \/>\n<script type=\"application\/ld+json\" class=\"yoast-schema-graph\">{\"@context\":\"https:\/\/schema.org\",\"@graph\":[{\"@type\":\"Article\",\"@id\":\"https:\/\/www.notibras.com\/site\/russia-x-ucrania-os-tiros-com-dias-contados\/#article\",\"isPartOf\":{\"@id\":\"https:\/\/www.notibras.com\/site\/russia-x-ucrania-os-tiros-com-dias-contados\/\"},\"author\":{\"name\":\"Reda\u00e7\u00e3o\",\"@id\":\"https:\/\/www.notibras.com\/site\/#\/schema\/person\/36ab0979449956132d3e5b517ea76ac8\"},\"headline\":\"R\u00fassia x Ucr\u00e2nia, os tiros com dias contados\",\"datePublished\":\"2025-12-17T08:25:08+00:00\",\"dateModified\":\"2025-12-17T08:26:37+00:00\",\"mainEntityOfPage\":{\"@id\":\"https:\/\/www.notibras.com\/site\/russia-x-ucrania-os-tiros-com-dias-contados\/\"},\"wordCount\":700,\"publisher\":{\"@id\":\"https:\/\/www.notibras.com\/site\/#organization\"},\"image\":{\"@id\":\"https:\/\/www.notibras.com\/site\/russia-x-ucrania-os-tiros-com-dias-contados\/#primaryimage\"},\"thumbnailUrl\":\"https:\/\/www.notibras.com\/site\/wp-content\/uploads\/2023\/08\/2022-07-26t180937z_1_lynxmpei6p0tv_rtroptp_4_russia-ucrania-crise-1.jpg\",\"keywords\":[\"capa\"],\"articleSection\":[\"Apocalipse\"],\"inLanguage\":\"pt-BR\"},{\"@type\":\"WebPage\",\"@id\":\"https:\/\/www.notibras.com\/site\/russia-x-ucrania-os-tiros-com-dias-contados\/\",\"url\":\"https:\/\/www.notibras.com\/site\/russia-x-ucrania-os-tiros-com-dias-contados\/\",\"name\":\"R\u00fassia x Ucr\u00e2nia, os tiros com dias contados - Notibras\",\"isPartOf\":{\"@id\":\"https:\/\/www.notibras.com\/site\/#website\"},\"primaryImageOfPage\":{\"@id\":\"https:\/\/www.notibras.com\/site\/russia-x-ucrania-os-tiros-com-dias-contados\/#primaryimage\"},\"image\":{\"@id\":\"https:\/\/www.notibras.com\/site\/russia-x-ucrania-os-tiros-com-dias-contados\/#primaryimage\"},\"thumbnailUrl\":\"https:\/\/www.notibras.com\/site\/wp-content\/uploads\/2023\/08\/2022-07-26t180937z_1_lynxmpei6p0tv_rtroptp_4_russia-ucrania-crise-1.jpg\",\"datePublished\":\"2025-12-17T08:25:08+00:00\",\"dateModified\":\"2025-12-17T08:26:37+00:00\",\"breadcrumb\":{\"@id\":\"https:\/\/www.notibras.com\/site\/russia-x-ucrania-os-tiros-com-dias-contados\/#breadcrumb\"},\"inLanguage\":\"pt-BR\",\"potentialAction\":[{\"@type\":\"ReadAction\",\"target\":[\"https:\/\/www.notibras.com\/site\/russia-x-ucrania-os-tiros-com-dias-contados\/\"]}]},{\"@type\":\"ImageObject\",\"inLanguage\":\"pt-BR\",\"@id\":\"https:\/\/www.notibras.com\/site\/russia-x-ucrania-os-tiros-com-dias-contados\/#primaryimage\",\"url\":\"https:\/\/www.notibras.com\/site\/wp-content\/uploads\/2023\/08\/2022-07-26t180937z_1_lynxmpei6p0tv_rtroptp_4_russia-ucrania-crise-1.jpg\",\"contentUrl\":\"https:\/\/www.notibras.com\/site\/wp-content\/uploads\/2023\/08\/2022-07-26t180937z_1_lynxmpei6p0tv_rtroptp_4_russia-ucrania-crise-1.jpg\",\"width\":1170,\"height\":700},{\"@type\":\"BreadcrumbList\",\"@id\":\"https:\/\/www.notibras.com\/site\/russia-x-ucrania-os-tiros-com-dias-contados\/#breadcrumb\",\"itemListElement\":[{\"@type\":\"ListItem\",\"position\":1,\"name\":\"In\u00edcio\",\"item\":\"https:\/\/www.notibras.com\/site\/\"},{\"@type\":\"ListItem\",\"position\":2,\"name\":\"R\u00fassia x Ucr\u00e2nia, os tiros com dias contados\"}]},{\"@type\":\"WebSite\",\"@id\":\"https:\/\/www.notibras.com\/site\/#website\",\"url\":\"https:\/\/www.notibras.com\/site\/\",\"name\":\"Notibras\",\"description\":\"Not\u00edcias de Bras\u00edlia, do Brasil e do Mundo\",\"publisher\":{\"@id\":\"https:\/\/www.notibras.com\/site\/#organization\"},\"potentialAction\":[{\"@type\":\"SearchAction\",\"target\":{\"@type\":\"EntryPoint\",\"urlTemplate\":\"https:\/\/www.notibras.com\/site\/?s={search_term_string}\"},\"query-input\":{\"@type\":\"PropertyValueSpecification\",\"valueRequired\":true,\"valueName\":\"search_term_string\"}}],\"inLanguage\":\"pt-BR\"},{\"@type\":\"Organization\",\"@id\":\"https:\/\/www.notibras.com\/site\/#organization\",\"name\":\"Grupo Notibras de Comunica\u00e7\u00e3o\",\"url\":\"https:\/\/www.notibras.com\/site\/\",\"logo\":{\"@type\":\"ImageObject\",\"inLanguage\":\"pt-BR\",\"@id\":\"https:\/\/www.notibras.com\/site\/#\/schema\/logo\/image\/\",\"url\":\"https:\/\/www.notibras.com\/site\/wp-content\/uploads\/2023\/01\/notibras23.png\",\"contentUrl\":\"https:\/\/www.notibras.com\/site\/wp-content\/uploads\/2023\/01\/notibras23.png\",\"width\":350,\"height\":87,\"caption\":\"Grupo Notibras de Comunica\u00e7\u00e3o\"},\"image\":{\"@id\":\"https:\/\/www.notibras.com\/site\/#\/schema\/logo\/image\/\"},\"sameAs\":[\"https:\/\/www.facebook.com\/notibras\/\",\"https:\/\/x.com\/Notibras\",\"https:\/\/www.instagram.com\/notibras\/\"]},{\"@type\":\"Person\",\"@id\":\"https:\/\/www.notibras.com\/site\/#\/schema\/person\/36ab0979449956132d3e5b517ea76ac8\",\"name\":\"Reda\u00e7\u00e3o\",\"image\":{\"@type\":\"ImageObject\",\"inLanguage\":\"pt-BR\",\"@id\":\"https:\/\/secure.gravatar.com\/avatar\/e0a867bdedb85fd243eadf09663511f96fc81e0720a4a42581f334ad4303aa6b?s=96&d=mm&r=g\",\"url\":\"https:\/\/secure.gravatar.com\/avatar\/e0a867bdedb85fd243eadf09663511f96fc81e0720a4a42581f334ad4303aa6b?s=96&d=mm&r=g\",\"contentUrl\":\"https:\/\/secure.gravatar.com\/avatar\/e0a867bdedb85fd243eadf09663511f96fc81e0720a4a42581f334ad4303aa6b?s=96&d=mm&r=g\",\"caption\":\"Reda\u00e7\u00e3o\"}}]}<\/script>\n<!-- \/ Yoast SEO plugin. -->","yoast_head_json":{"title":"R\u00fassia x Ucr\u00e2nia, os tiros com dias contados - Notibras","robots":{"index":"index","follow":"follow","max-snippet":"max-snippet:-1","max-image-preview":"max-image-preview:large","max-video-preview":"max-video-preview:-1"},"canonical":"https:\/\/www.notibras.com\/site\/russia-x-ucrania-os-tiros-com-dias-contados\/","og_locale":"pt_BR","og_type":"article","og_title":"R\u00fassia x Ucr\u00e2nia, os tiros com dias contados - Notibras","og_description":"Est\u00e3o em curso discuss\u00f5es intensas acerca de um poss\u00edvel acordo entre R\u00fassia e Ucr\u00e2nia que ponha fim \u00e0 guerra ora em desenvolvimento. O plano de uma poss\u00edvel paz, conforme noticiado, foi uma constru\u00e7\u00e3o entre os EUA e a R\u00fassia, que ignorou por completo a posi\u00e7\u00e3o da Ucr\u00e2nia e da Uni\u00e3o Europeia, a atual grande financiadora [&hellip;]","og_url":"https:\/\/www.notibras.com\/site\/russia-x-ucrania-os-tiros-com-dias-contados\/","og_site_name":"Notibras","article_publisher":"https:\/\/www.facebook.com\/notibras\/","article_published_time":"2025-12-17T08:25:08+00:00","article_modified_time":"2025-12-17T08:26:37+00:00","og_image":[{"width":1170,"height":700,"url":"https:\/\/www.notibras.com\/site\/wp-content\/uploads\/2023\/08\/2022-07-26t180937z_1_lynxmpei6p0tv_rtroptp_4_russia-ucrania-crise-1.jpg","type":"image\/jpeg"}],"author":"Reda\u00e7\u00e3o","twitter_card":"summary_large_image","twitter_creator":"@Notibras","twitter_site":"@Notibras","twitter_misc":{"Escrito por":"Reda\u00e7\u00e3o","Est. tempo de leitura":"4 minutos"},"schema":{"@context":"https:\/\/schema.org","@graph":[{"@type":"Article","@id":"https:\/\/www.notibras.com\/site\/russia-x-ucrania-os-tiros-com-dias-contados\/#article","isPartOf":{"@id":"https:\/\/www.notibras.com\/site\/russia-x-ucrania-os-tiros-com-dias-contados\/"},"author":{"name":"Reda\u00e7\u00e3o","@id":"https:\/\/www.notibras.com\/site\/#\/schema\/person\/36ab0979449956132d3e5b517ea76ac8"},"headline":"R\u00fassia x Ucr\u00e2nia, os tiros com dias contados","datePublished":"2025-12-17T08:25:08+00:00","dateModified":"2025-12-17T08:26:37+00:00","mainEntityOfPage":{"@id":"https:\/\/www.notibras.com\/site\/russia-x-ucrania-os-tiros-com-dias-contados\/"},"wordCount":700,"publisher":{"@id":"https:\/\/www.notibras.com\/site\/#organization"},"image":{"@id":"https:\/\/www.notibras.com\/site\/russia-x-ucrania-os-tiros-com-dias-contados\/#primaryimage"},"thumbnailUrl":"https:\/\/www.notibras.com\/site\/wp-content\/uploads\/2023\/08\/2022-07-26t180937z_1_lynxmpei6p0tv_rtroptp_4_russia-ucrania-crise-1.jpg","keywords":["capa"],"articleSection":["Apocalipse"],"inLanguage":"pt-BR"},{"@type":"WebPage","@id":"https:\/\/www.notibras.com\/site\/russia-x-ucrania-os-tiros-com-dias-contados\/","url":"https:\/\/www.notibras.com\/site\/russia-x-ucrania-os-tiros-com-dias-contados\/","name":"R\u00fassia x Ucr\u00e2nia, os tiros com dias contados - Notibras","isPartOf":{"@id":"https:\/\/www.notibras.com\/site\/#website"},"primaryImageOfPage":{"@id":"https:\/\/www.notibras.com\/site\/russia-x-ucrania-os-tiros-com-dias-contados\/#primaryimage"},"image":{"@id":"https:\/\/www.notibras.com\/site\/russia-x-ucrania-os-tiros-com-dias-contados\/#primaryimage"},"thumbnailUrl":"https:\/\/www.notibras.com\/site\/wp-content\/uploads\/2023\/08\/2022-07-26t180937z_1_lynxmpei6p0tv_rtroptp_4_russia-ucrania-crise-1.jpg","datePublished":"2025-12-17T08:25:08+00:00","dateModified":"2025-12-17T08:26:37+00:00","breadcrumb":{"@id":"https:\/\/www.notibras.com\/site\/russia-x-ucrania-os-tiros-com-dias-contados\/#breadcrumb"},"inLanguage":"pt-BR","potentialAction":[{"@type":"ReadAction","target":["https:\/\/www.notibras.com\/site\/russia-x-ucrania-os-tiros-com-dias-contados\/"]}]},{"@type":"ImageObject","inLanguage":"pt-BR","@id":"https:\/\/www.notibras.com\/site\/russia-x-ucrania-os-tiros-com-dias-contados\/#primaryimage","url":"https:\/\/www.notibras.com\/site\/wp-content\/uploads\/2023\/08\/2022-07-26t180937z_1_lynxmpei6p0tv_rtroptp_4_russia-ucrania-crise-1.jpg","contentUrl":"https:\/\/www.notibras.com\/site\/wp-content\/uploads\/2023\/08\/2022-07-26t180937z_1_lynxmpei6p0tv_rtroptp_4_russia-ucrania-crise-1.jpg","width":1170,"height":700},{"@type":"BreadcrumbList","@id":"https:\/\/www.notibras.com\/site\/russia-x-ucrania-os-tiros-com-dias-contados\/#breadcrumb","itemListElement":[{"@type":"ListItem","position":1,"name":"In\u00edcio","item":"https:\/\/www.notibras.com\/site\/"},{"@type":"ListItem","position":2,"name":"R\u00fassia x Ucr\u00e2nia, os tiros com dias contados"}]},{"@type":"WebSite","@id":"https:\/\/www.notibras.com\/site\/#website","url":"https:\/\/www.notibras.com\/site\/","name":"Notibras","description":"Not\u00edcias de Bras\u00edlia, do Brasil e do Mundo","publisher":{"@id":"https:\/\/www.notibras.com\/site\/#organization"},"potentialAction":[{"@type":"SearchAction","target":{"@type":"EntryPoint","urlTemplate":"https:\/\/www.notibras.com\/site\/?s={search_term_string}"},"query-input":{"@type":"PropertyValueSpecification","valueRequired":true,"valueName":"search_term_string"}}],"inLanguage":"pt-BR"},{"@type":"Organization","@id":"https:\/\/www.notibras.com\/site\/#organization","name":"Grupo Notibras de Comunica\u00e7\u00e3o","url":"https:\/\/www.notibras.com\/site\/","logo":{"@type":"ImageObject","inLanguage":"pt-BR","@id":"https:\/\/www.notibras.com\/site\/#\/schema\/logo\/image\/","url":"https:\/\/www.notibras.com\/site\/wp-content\/uploads\/2023\/01\/notibras23.png","contentUrl":"https:\/\/www.notibras.com\/site\/wp-content\/uploads\/2023\/01\/notibras23.png","width":350,"height":87,"caption":"Grupo Notibras de Comunica\u00e7\u00e3o"},"image":{"@id":"https:\/\/www.notibras.com\/site\/#\/schema\/logo\/image\/"},"sameAs":["https:\/\/www.facebook.com\/notibras\/","https:\/\/x.com\/Notibras","https:\/\/www.instagram.com\/notibras\/"]},{"@type":"Person","@id":"https:\/\/www.notibras.com\/site\/#\/schema\/person\/36ab0979449956132d3e5b517ea76ac8","name":"Reda\u00e7\u00e3o","image":{"@type":"ImageObject","inLanguage":"pt-BR","@id":"https:\/\/secure.gravatar.com\/avatar\/e0a867bdedb85fd243eadf09663511f96fc81e0720a4a42581f334ad4303aa6b?s=96&d=mm&r=g","url":"https:\/\/secure.gravatar.com\/avatar\/e0a867bdedb85fd243eadf09663511f96fc81e0720a4a42581f334ad4303aa6b?s=96&d=mm&r=g","contentUrl":"https:\/\/secure.gravatar.com\/avatar\/e0a867bdedb85fd243eadf09663511f96fc81e0720a4a42581f334ad4303aa6b?s=96&d=mm&r=g","caption":"Reda\u00e7\u00e3o"}}]}},"amp_enabled":true,"_links":{"self":[{"href":"https:\/\/www.notibras.com\/site\/wp-json\/wp\/v2\/posts\/375195","targetHints":{"allow":["GET"]}}],"collection":[{"href":"https:\/\/www.notibras.com\/site\/wp-json\/wp\/v2\/posts"}],"about":[{"href":"https:\/\/www.notibras.com\/site\/wp-json\/wp\/v2\/types\/post"}],"author":[{"embeddable":true,"href":"https:\/\/www.notibras.com\/site\/wp-json\/wp\/v2\/users\/2"}],"replies":[{"embeddable":true,"href":"https:\/\/www.notibras.com\/site\/wp-json\/wp\/v2\/comments?post=375195"}],"version-history":[{"count":2,"href":"https:\/\/www.notibras.com\/site\/wp-json\/wp\/v2\/posts\/375195\/revisions"}],"predecessor-version":[{"id":375197,"href":"https:\/\/www.notibras.com\/site\/wp-json\/wp\/v2\/posts\/375195\/revisions\/375197"}],"wp:featuredmedia":[{"embeddable":true,"href":"https:\/\/www.notibras.com\/site\/wp-json\/wp\/v2\/media\/311923"}],"wp:attachment":[{"href":"https:\/\/www.notibras.com\/site\/wp-json\/wp\/v2\/media?parent=375195"}],"wp:term":[{"taxonomy":"category","embeddable":true,"href":"https:\/\/www.notibras.com\/site\/wp-json\/wp\/v2\/categories?post=375195"},{"taxonomy":"post_tag","embeddable":true,"href":"https:\/\/www.notibras.com\/site\/wp-json\/wp\/v2\/tags?post=375195"}],"curies":[{"name":"wp","href":"https:\/\/api.w.org\/{rel}","templated":true}]}}