{"id":375198,"date":"2025-12-17T01:29:51","date_gmt":"2025-12-17T04:29:51","guid":{"rendered":"https:\/\/www.notibras.com\/site\/?p=375198"},"modified":"2025-12-17T05:34:31","modified_gmt":"2025-12-17T08:34:31","slug":"corte-no-bolsa-familia-soa-como-sentenca-de-morte-para-nordestino","status":"publish","type":"post","link":"https:\/\/www.notibras.com\/site\/corte-no-bolsa-familia-soa-como-sentenca-de-morte-para-nordestino\/","title":{"rendered":"Corte no Bolsa Fam\u00edlia soa como senten\u00e7a de morte para nordestino"},"content":{"rendered":"<p>No Nordeste, o Bolsa Fam\u00edlia nunca foi apenas um n\u00famero no or\u00e7amento da Uni\u00e3o. Ele sempre teve rosto, nome e endere\u00e7o. \u00c9 o feij\u00e3o que n\u00e3o falta no fim do m\u00eas, o caderno do menino comprado fiado, o rem\u00e9dio garantido antes que a doen\u00e7a vire senten\u00e7a. Quando os cortes chegam, n\u00e3o chegam como estat\u00edstica \u2014 chegam como sil\u00eancio na mesa.<\/p>\n<p>Houve per\u00edodos em que o programa encolheu. N\u00e3o de uma vez s\u00f3, mas aos poucos, como quem vai apertando o n\u00f3 sem anunciar. Fam\u00edlias que antes estavam cadastradas passaram a esperar. Esperar meses, esperar respostas, esperar uma visita que nunca vinha. No sert\u00e3o e nas periferias das cidades nordestinas, a espera sempre pesa mais, porque o ch\u00e3o j\u00e1 \u00e9 fr\u00e1gil.<\/p>\n<p>Nessas fases de redu\u00e7\u00e3o, o com\u00e9rcio sentiu primeiro. A venda mi\u00fada, o mercadinho da esquina, a feira livre de s\u00e1bado. Quando o benef\u00edcio diminui ou atrasa, o dinheiro deixa de circular, e o pouco que girava some. A economia local, que depende desse fluxo curto e essencial, engasga. O problema deixa de ser s\u00f3 social e passa a ser coletivo.<\/p>\n<p>Para as mulheres nordestinas, sobretudo m\u00e3es solo, os cortes do Bolsa Fam\u00edlia foram ainda mais duros. O benef\u00edcio era a linha fina que separava a dignidade da humilha\u00e7\u00e3o. Sem ele, voltaram escolhas cru\u00e9is: pagar a luz ou comprar o g\u00e1s, levar o filho ao m\u00e9dico ou garantir o almo\u00e7o. A pobreza, quando retorna, n\u00e3o pede licen\u00e7a \u2014 ela se imp\u00f5e.<\/p>\n<p>No campo, os impactos se espalharam em sil\u00eancio. Comunidades rurais, j\u00e1 marcadas pela irregularidade das chuvas e pela escassez de pol\u00edticas p\u00fablicas, sentiram o recuo como uma seca invis\u00edvel. N\u00e3o era a falta d\u2019\u00e1gua, era a falta de renda m\u00ednima para resistir at\u00e9 a pr\u00f3xima colheita, at\u00e9 o pr\u00f3ximo bico, at\u00e9 o pr\u00f3ximo dia. Os cortes tamb\u00e9m afetaram a esperan\u00e7a.<\/p>\n<p>Porque o Bolsa Fam\u00edlia, para al\u00e9m do valor, carregava a sensa\u00e7\u00e3o de pertencimento: a ideia de que o Estado lembrava daquele povo. Quando o programa enfraqueceu, cresceu o sentimento de abandono, velho conhecido do Nordeste, que sempre teve que lutar para provar que existe.<\/p>\n<p>Ainda assim, o nordestino resistiu. Como sempre. Ajustou, dividiu, improvisou. Mas resist\u00eancia n\u00e3o deveria ser pol\u00edtica p\u00fablica. Cortar o Bolsa Fam\u00edlia em uma regi\u00e3o historicamente vulner\u00e1vel \u00e9 como retirar o alicerce de uma casa j\u00e1 rachada. Ela pode at\u00e9 n\u00e3o cair de imediato, mas cada corte aprofunda a fissura.<\/p>\n<p>Essa cr\u00f4nica n\u00e3o \u00e9 sobre n\u00fameros cancelados em planilhas. \u00c9 sobre pratos vazios, mercados vazios, dias mais longos e noites mais pesadas. No Nordeste, os cortes no Bolsa Fam\u00edlia nunca foram apenas uma decis\u00e3o administrativa. Foram, e ainda s\u00e3o, uma amea\u00e7a direta \u00e0 sobreviv\u00eancia de quem vive no limite entre a luta e a desist\u00eancia.<\/p>\n","protected":false},"excerpt":{"rendered":"<p>No Nordeste, o Bolsa Fam\u00edlia nunca foi apenas um n\u00famero no or\u00e7amento da Uni\u00e3o. Ele sempre teve rosto, nome e endere\u00e7o. \u00c9 o feij\u00e3o que n\u00e3o falta no fim do m\u00eas, o caderno do menino comprado fiado, o rem\u00e9dio garantido antes que a doen\u00e7a vire senten\u00e7a. Quando os cortes chegam, n\u00e3o chegam como estat\u00edstica \u2014 [&hellip;]<\/p>\n","protected":false},"author":2,"featured_media":375199,"comment_status":"closed","ping_status":"closed","sticky":false,"template":"","format":"standard","meta":{"_acf_changed":false,"footnotes":""},"categories":[165],"tags":[],"class_list":["post-375198","post","type-post","status-publish","format-standard","has-post-thumbnail","hentry","category-nordeste"],"acf":[],"yoast_head":"<!-- This site is optimized with the Yoast SEO plugin v27.2 - https:\/\/yoast.com\/product\/yoast-seo-wordpress\/ -->\n<title>Corte no Bolsa Fam\u00edlia soa como senten\u00e7a de morte para nordestino - Notibras<\/title>\n<meta name=\"robots\" content=\"index, follow, max-snippet:-1, max-image-preview:large, max-video-preview:-1\" \/>\n<link rel=\"canonical\" href=\"https:\/\/www.notibras.com\/site\/corte-no-bolsa-familia-soa-como-sentenca-de-morte-para-nordestino\/\" \/>\n<meta property=\"og:locale\" content=\"pt_BR\" \/>\n<meta property=\"og:type\" content=\"article\" \/>\n<meta property=\"og:title\" content=\"Corte no Bolsa Fam\u00edlia soa como senten\u00e7a de morte para nordestino - Notibras\" \/>\n<meta property=\"og:description\" content=\"No Nordeste, o Bolsa Fam\u00edlia nunca foi apenas um n\u00famero no or\u00e7amento da Uni\u00e3o. Ele sempre teve rosto, nome e endere\u00e7o. \u00c9 o feij\u00e3o que n\u00e3o falta no fim do m\u00eas, o caderno do menino comprado fiado, o rem\u00e9dio garantido antes que a doen\u00e7a vire senten\u00e7a. Quando os cortes chegam, n\u00e3o chegam como estat\u00edstica \u2014 [&hellip;]\" \/>\n<meta property=\"og:url\" content=\"https:\/\/www.notibras.com\/site\/corte-no-bolsa-familia-soa-como-sentenca-de-morte-para-nordestino\/\" \/>\n<meta property=\"og:site_name\" content=\"Notibras\" \/>\n<meta property=\"article:publisher\" content=\"https:\/\/www.facebook.com\/notibras\/\" \/>\n<meta property=\"article:published_time\" content=\"2025-12-17T04:29:51+00:00\" \/>\n<meta property=\"article:modified_time\" content=\"2025-12-17T08:34:31+00:00\" \/>\n<meta property=\"og:image\" content=\"https:\/\/www.notibras.com\/site\/wp-content\/uploads\/2025\/12\/a838874a-0077-4737-9d4c-818820e1e7e9-1024x683.png\" \/>\n\t<meta property=\"og:image:width\" content=\"1024\" \/>\n\t<meta property=\"og:image:height\" content=\"683\" \/>\n\t<meta property=\"og:image:type\" content=\"image\/png\" \/>\n<meta name=\"author\" content=\"Reda\u00e7\u00e3o\" \/>\n<meta name=\"twitter:card\" content=\"summary_large_image\" \/>\n<meta name=\"twitter:creator\" content=\"@Notibras\" \/>\n<meta name=\"twitter:site\" content=\"@Notibras\" \/>\n<meta name=\"twitter:label1\" content=\"Escrito por\" \/>\n\t<meta name=\"twitter:data1\" content=\"Reda\u00e7\u00e3o\" \/>\n\t<meta name=\"twitter:label2\" content=\"Est. tempo de leitura\" \/>\n\t<meta name=\"twitter:data2\" content=\"3 minutos\" \/>\n<script type=\"application\/ld+json\" class=\"yoast-schema-graph\">{\"@context\":\"https:\/\/schema.org\",\"@graph\":[{\"@type\":\"Article\",\"@id\":\"https:\/\/www.notibras.com\/site\/corte-no-bolsa-familia-soa-como-sentenca-de-morte-para-nordestino\/#article\",\"isPartOf\":{\"@id\":\"https:\/\/www.notibras.com\/site\/corte-no-bolsa-familia-soa-como-sentenca-de-morte-para-nordestino\/\"},\"author\":{\"name\":\"Reda\u00e7\u00e3o\",\"@id\":\"https:\/\/www.notibras.com\/site\/#\/schema\/person\/36ab0979449956132d3e5b517ea76ac8\"},\"headline\":\"Corte no Bolsa Fam\u00edlia soa como senten\u00e7a de morte para nordestino\",\"datePublished\":\"2025-12-17T04:29:51+00:00\",\"dateModified\":\"2025-12-17T08:34:31+00:00\",\"mainEntityOfPage\":{\"@id\":\"https:\/\/www.notibras.com\/site\/corte-no-bolsa-familia-soa-como-sentenca-de-morte-para-nordestino\/\"},\"wordCount\":521,\"publisher\":{\"@id\":\"https:\/\/www.notibras.com\/site\/#organization\"},\"image\":{\"@id\":\"https:\/\/www.notibras.com\/site\/corte-no-bolsa-familia-soa-como-sentenca-de-morte-para-nordestino\/#primaryimage\"},\"thumbnailUrl\":\"https:\/\/www.notibras.com\/site\/wp-content\/uploads\/2025\/12\/a838874a-0077-4737-9d4c-818820e1e7e9.png\",\"articleSection\":[\"Nordeste\"],\"inLanguage\":\"pt-BR\"},{\"@type\":\"WebPage\",\"@id\":\"https:\/\/www.notibras.com\/site\/corte-no-bolsa-familia-soa-como-sentenca-de-morte-para-nordestino\/\",\"url\":\"https:\/\/www.notibras.com\/site\/corte-no-bolsa-familia-soa-como-sentenca-de-morte-para-nordestino\/\",\"name\":\"Corte no Bolsa Fam\u00edlia soa como senten\u00e7a de morte para nordestino - Notibras\",\"isPartOf\":{\"@id\":\"https:\/\/www.notibras.com\/site\/#website\"},\"primaryImageOfPage\":{\"@id\":\"https:\/\/www.notibras.com\/site\/corte-no-bolsa-familia-soa-como-sentenca-de-morte-para-nordestino\/#primaryimage\"},\"image\":{\"@id\":\"https:\/\/www.notibras.com\/site\/corte-no-bolsa-familia-soa-como-sentenca-de-morte-para-nordestino\/#primaryimage\"},\"thumbnailUrl\":\"https:\/\/www.notibras.com\/site\/wp-content\/uploads\/2025\/12\/a838874a-0077-4737-9d4c-818820e1e7e9.png\",\"datePublished\":\"2025-12-17T04:29:51+00:00\",\"dateModified\":\"2025-12-17T08:34:31+00:00\",\"breadcrumb\":{\"@id\":\"https:\/\/www.notibras.com\/site\/corte-no-bolsa-familia-soa-como-sentenca-de-morte-para-nordestino\/#breadcrumb\"},\"inLanguage\":\"pt-BR\",\"potentialAction\":[{\"@type\":\"ReadAction\",\"target\":[\"https:\/\/www.notibras.com\/site\/corte-no-bolsa-familia-soa-como-sentenca-de-morte-para-nordestino\/\"]}]},{\"@type\":\"ImageObject\",\"inLanguage\":\"pt-BR\",\"@id\":\"https:\/\/www.notibras.com\/site\/corte-no-bolsa-familia-soa-como-sentenca-de-morte-para-nordestino\/#primaryimage\",\"url\":\"https:\/\/www.notibras.com\/site\/wp-content\/uploads\/2025\/12\/a838874a-0077-4737-9d4c-818820e1e7e9.png\",\"contentUrl\":\"https:\/\/www.notibras.com\/site\/wp-content\/uploads\/2025\/12\/a838874a-0077-4737-9d4c-818820e1e7e9.png\",\"width\":1536,\"height\":1024},{\"@type\":\"BreadcrumbList\",\"@id\":\"https:\/\/www.notibras.com\/site\/corte-no-bolsa-familia-soa-como-sentenca-de-morte-para-nordestino\/#breadcrumb\",\"itemListElement\":[{\"@type\":\"ListItem\",\"position\":1,\"name\":\"In\u00edcio\",\"item\":\"https:\/\/www.notibras.com\/site\/\"},{\"@type\":\"ListItem\",\"position\":2,\"name\":\"Corte no Bolsa Fam\u00edlia soa como senten\u00e7a de morte para nordestino\"}]},{\"@type\":\"WebSite\",\"@id\":\"https:\/\/www.notibras.com\/site\/#website\",\"url\":\"https:\/\/www.notibras.com\/site\/\",\"name\":\"Notibras\",\"description\":\"Not\u00edcias de Bras\u00edlia, do Brasil e do Mundo\",\"publisher\":{\"@id\":\"https:\/\/www.notibras.com\/site\/#organization\"},\"potentialAction\":[{\"@type\":\"SearchAction\",\"target\":{\"@type\":\"EntryPoint\",\"urlTemplate\":\"https:\/\/www.notibras.com\/site\/?s={search_term_string}\"},\"query-input\":{\"@type\":\"PropertyValueSpecification\",\"valueRequired\":true,\"valueName\":\"search_term_string\"}}],\"inLanguage\":\"pt-BR\"},{\"@type\":\"Organization\",\"@id\":\"https:\/\/www.notibras.com\/site\/#organization\",\"name\":\"Grupo Notibras de Comunica\u00e7\u00e3o\",\"url\":\"https:\/\/www.notibras.com\/site\/\",\"logo\":{\"@type\":\"ImageObject\",\"inLanguage\":\"pt-BR\",\"@id\":\"https:\/\/www.notibras.com\/site\/#\/schema\/logo\/image\/\",\"url\":\"https:\/\/www.notibras.com\/site\/wp-content\/uploads\/2023\/01\/notibras23.png\",\"contentUrl\":\"https:\/\/www.notibras.com\/site\/wp-content\/uploads\/2023\/01\/notibras23.png\",\"width\":350,\"height\":87,\"caption\":\"Grupo Notibras de Comunica\u00e7\u00e3o\"},\"image\":{\"@id\":\"https:\/\/www.notibras.com\/site\/#\/schema\/logo\/image\/\"},\"sameAs\":[\"https:\/\/www.facebook.com\/notibras\/\",\"https:\/\/x.com\/Notibras\",\"https:\/\/www.instagram.com\/notibras\/\"]},{\"@type\":\"Person\",\"@id\":\"https:\/\/www.notibras.com\/site\/#\/schema\/person\/36ab0979449956132d3e5b517ea76ac8\",\"name\":\"Reda\u00e7\u00e3o\",\"image\":{\"@type\":\"ImageObject\",\"inLanguage\":\"pt-BR\",\"@id\":\"https:\/\/secure.gravatar.com\/avatar\/e0a867bdedb85fd243eadf09663511f96fc81e0720a4a42581f334ad4303aa6b?s=96&d=mm&r=g\",\"url\":\"https:\/\/secure.gravatar.com\/avatar\/e0a867bdedb85fd243eadf09663511f96fc81e0720a4a42581f334ad4303aa6b?s=96&d=mm&r=g\",\"contentUrl\":\"https:\/\/secure.gravatar.com\/avatar\/e0a867bdedb85fd243eadf09663511f96fc81e0720a4a42581f334ad4303aa6b?s=96&d=mm&r=g\",\"caption\":\"Reda\u00e7\u00e3o\"}}]}<\/script>\n<!-- \/ Yoast SEO plugin. -->","yoast_head_json":{"title":"Corte no Bolsa Fam\u00edlia soa como senten\u00e7a de morte para nordestino - Notibras","robots":{"index":"index","follow":"follow","max-snippet":"max-snippet:-1","max-image-preview":"max-image-preview:large","max-video-preview":"max-video-preview:-1"},"canonical":"https:\/\/www.notibras.com\/site\/corte-no-bolsa-familia-soa-como-sentenca-de-morte-para-nordestino\/","og_locale":"pt_BR","og_type":"article","og_title":"Corte no Bolsa Fam\u00edlia soa como senten\u00e7a de morte para nordestino - Notibras","og_description":"No Nordeste, o Bolsa Fam\u00edlia nunca foi apenas um n\u00famero no or\u00e7amento da Uni\u00e3o. Ele sempre teve rosto, nome e endere\u00e7o. \u00c9 o feij\u00e3o que n\u00e3o falta no fim do m\u00eas, o caderno do menino comprado fiado, o rem\u00e9dio garantido antes que a doen\u00e7a vire senten\u00e7a. Quando os cortes chegam, n\u00e3o chegam como estat\u00edstica \u2014 [&hellip;]","og_url":"https:\/\/www.notibras.com\/site\/corte-no-bolsa-familia-soa-como-sentenca-de-morte-para-nordestino\/","og_site_name":"Notibras","article_publisher":"https:\/\/www.facebook.com\/notibras\/","article_published_time":"2025-12-17T04:29:51+00:00","article_modified_time":"2025-12-17T08:34:31+00:00","og_image":[{"width":1024,"height":683,"url":"https:\/\/www.notibras.com\/site\/wp-content\/uploads\/2025\/12\/a838874a-0077-4737-9d4c-818820e1e7e9-1024x683.png","type":"image\/png"}],"author":"Reda\u00e7\u00e3o","twitter_card":"summary_large_image","twitter_creator":"@Notibras","twitter_site":"@Notibras","twitter_misc":{"Escrito por":"Reda\u00e7\u00e3o","Est. tempo de leitura":"3 minutos"},"schema":{"@context":"https:\/\/schema.org","@graph":[{"@type":"Article","@id":"https:\/\/www.notibras.com\/site\/corte-no-bolsa-familia-soa-como-sentenca-de-morte-para-nordestino\/#article","isPartOf":{"@id":"https:\/\/www.notibras.com\/site\/corte-no-bolsa-familia-soa-como-sentenca-de-morte-para-nordestino\/"},"author":{"name":"Reda\u00e7\u00e3o","@id":"https:\/\/www.notibras.com\/site\/#\/schema\/person\/36ab0979449956132d3e5b517ea76ac8"},"headline":"Corte no Bolsa Fam\u00edlia soa como senten\u00e7a de morte para nordestino","datePublished":"2025-12-17T04:29:51+00:00","dateModified":"2025-12-17T08:34:31+00:00","mainEntityOfPage":{"@id":"https:\/\/www.notibras.com\/site\/corte-no-bolsa-familia-soa-como-sentenca-de-morte-para-nordestino\/"},"wordCount":521,"publisher":{"@id":"https:\/\/www.notibras.com\/site\/#organization"},"image":{"@id":"https:\/\/www.notibras.com\/site\/corte-no-bolsa-familia-soa-como-sentenca-de-morte-para-nordestino\/#primaryimage"},"thumbnailUrl":"https:\/\/www.notibras.com\/site\/wp-content\/uploads\/2025\/12\/a838874a-0077-4737-9d4c-818820e1e7e9.png","articleSection":["Nordeste"],"inLanguage":"pt-BR"},{"@type":"WebPage","@id":"https:\/\/www.notibras.com\/site\/corte-no-bolsa-familia-soa-como-sentenca-de-morte-para-nordestino\/","url":"https:\/\/www.notibras.com\/site\/corte-no-bolsa-familia-soa-como-sentenca-de-morte-para-nordestino\/","name":"Corte no Bolsa Fam\u00edlia soa como senten\u00e7a de morte para nordestino - Notibras","isPartOf":{"@id":"https:\/\/www.notibras.com\/site\/#website"},"primaryImageOfPage":{"@id":"https:\/\/www.notibras.com\/site\/corte-no-bolsa-familia-soa-como-sentenca-de-morte-para-nordestino\/#primaryimage"},"image":{"@id":"https:\/\/www.notibras.com\/site\/corte-no-bolsa-familia-soa-como-sentenca-de-morte-para-nordestino\/#primaryimage"},"thumbnailUrl":"https:\/\/www.notibras.com\/site\/wp-content\/uploads\/2025\/12\/a838874a-0077-4737-9d4c-818820e1e7e9.png","datePublished":"2025-12-17T04:29:51+00:00","dateModified":"2025-12-17T08:34:31+00:00","breadcrumb":{"@id":"https:\/\/www.notibras.com\/site\/corte-no-bolsa-familia-soa-como-sentenca-de-morte-para-nordestino\/#breadcrumb"},"inLanguage":"pt-BR","potentialAction":[{"@type":"ReadAction","target":["https:\/\/www.notibras.com\/site\/corte-no-bolsa-familia-soa-como-sentenca-de-morte-para-nordestino\/"]}]},{"@type":"ImageObject","inLanguage":"pt-BR","@id":"https:\/\/www.notibras.com\/site\/corte-no-bolsa-familia-soa-como-sentenca-de-morte-para-nordestino\/#primaryimage","url":"https:\/\/www.notibras.com\/site\/wp-content\/uploads\/2025\/12\/a838874a-0077-4737-9d4c-818820e1e7e9.png","contentUrl":"https:\/\/www.notibras.com\/site\/wp-content\/uploads\/2025\/12\/a838874a-0077-4737-9d4c-818820e1e7e9.png","width":1536,"height":1024},{"@type":"BreadcrumbList","@id":"https:\/\/www.notibras.com\/site\/corte-no-bolsa-familia-soa-como-sentenca-de-morte-para-nordestino\/#breadcrumb","itemListElement":[{"@type":"ListItem","position":1,"name":"In\u00edcio","item":"https:\/\/www.notibras.com\/site\/"},{"@type":"ListItem","position":2,"name":"Corte no Bolsa Fam\u00edlia soa como senten\u00e7a de morte para nordestino"}]},{"@type":"WebSite","@id":"https:\/\/www.notibras.com\/site\/#website","url":"https:\/\/www.notibras.com\/site\/","name":"Notibras","description":"Not\u00edcias de Bras\u00edlia, do Brasil e do Mundo","publisher":{"@id":"https:\/\/www.notibras.com\/site\/#organization"},"potentialAction":[{"@type":"SearchAction","target":{"@type":"EntryPoint","urlTemplate":"https:\/\/www.notibras.com\/site\/?s={search_term_string}"},"query-input":{"@type":"PropertyValueSpecification","valueRequired":true,"valueName":"search_term_string"}}],"inLanguage":"pt-BR"},{"@type":"Organization","@id":"https:\/\/www.notibras.com\/site\/#organization","name":"Grupo Notibras de Comunica\u00e7\u00e3o","url":"https:\/\/www.notibras.com\/site\/","logo":{"@type":"ImageObject","inLanguage":"pt-BR","@id":"https:\/\/www.notibras.com\/site\/#\/schema\/logo\/image\/","url":"https:\/\/www.notibras.com\/site\/wp-content\/uploads\/2023\/01\/notibras23.png","contentUrl":"https:\/\/www.notibras.com\/site\/wp-content\/uploads\/2023\/01\/notibras23.png","width":350,"height":87,"caption":"Grupo Notibras de Comunica\u00e7\u00e3o"},"image":{"@id":"https:\/\/www.notibras.com\/site\/#\/schema\/logo\/image\/"},"sameAs":["https:\/\/www.facebook.com\/notibras\/","https:\/\/x.com\/Notibras","https:\/\/www.instagram.com\/notibras\/"]},{"@type":"Person","@id":"https:\/\/www.notibras.com\/site\/#\/schema\/person\/36ab0979449956132d3e5b517ea76ac8","name":"Reda\u00e7\u00e3o","image":{"@type":"ImageObject","inLanguage":"pt-BR","@id":"https:\/\/secure.gravatar.com\/avatar\/e0a867bdedb85fd243eadf09663511f96fc81e0720a4a42581f334ad4303aa6b?s=96&d=mm&r=g","url":"https:\/\/secure.gravatar.com\/avatar\/e0a867bdedb85fd243eadf09663511f96fc81e0720a4a42581f334ad4303aa6b?s=96&d=mm&r=g","contentUrl":"https:\/\/secure.gravatar.com\/avatar\/e0a867bdedb85fd243eadf09663511f96fc81e0720a4a42581f334ad4303aa6b?s=96&d=mm&r=g","caption":"Reda\u00e7\u00e3o"}}]}},"amp_enabled":true,"_links":{"self":[{"href":"https:\/\/www.notibras.com\/site\/wp-json\/wp\/v2\/posts\/375198","targetHints":{"allow":["GET"]}}],"collection":[{"href":"https:\/\/www.notibras.com\/site\/wp-json\/wp\/v2\/posts"}],"about":[{"href":"https:\/\/www.notibras.com\/site\/wp-json\/wp\/v2\/types\/post"}],"author":[{"embeddable":true,"href":"https:\/\/www.notibras.com\/site\/wp-json\/wp\/v2\/users\/2"}],"replies":[{"embeddable":true,"href":"https:\/\/www.notibras.com\/site\/wp-json\/wp\/v2\/comments?post=375198"}],"version-history":[{"count":2,"href":"https:\/\/www.notibras.com\/site\/wp-json\/wp\/v2\/posts\/375198\/revisions"}],"predecessor-version":[{"id":375201,"href":"https:\/\/www.notibras.com\/site\/wp-json\/wp\/v2\/posts\/375198\/revisions\/375201"}],"wp:featuredmedia":[{"embeddable":true,"href":"https:\/\/www.notibras.com\/site\/wp-json\/wp\/v2\/media\/375199"}],"wp:attachment":[{"href":"https:\/\/www.notibras.com\/site\/wp-json\/wp\/v2\/media?parent=375198"}],"wp:term":[{"taxonomy":"category","embeddable":true,"href":"https:\/\/www.notibras.com\/site\/wp-json\/wp\/v2\/categories?post=375198"},{"taxonomy":"post_tag","embeddable":true,"href":"https:\/\/www.notibras.com\/site\/wp-json\/wp\/v2\/tags?post=375198"}],"curies":[{"name":"wp","href":"https:\/\/api.w.org\/{rel}","templated":true}]}}