{"id":375202,"date":"2025-12-17T00:37:34","date_gmt":"2025-12-17T03:37:34","guid":{"rendered":"https:\/\/www.notibras.com\/site\/?p=375202"},"modified":"2025-12-17T05:39:34","modified_gmt":"2025-12-17T08:39:34","slug":"uniao-vai-investir-4-bilhoes-no-servico-de-transportes-do-recife","status":"publish","type":"post","link":"https:\/\/www.notibras.com\/site\/uniao-vai-investir-4-bilhoes-no-servico-de-transportes-do-recife\/","title":{"rendered":"Uni\u00e3o vai investir 4 bilh\u00f5es no servi\u00e7o de transportes do Recife"},"content":{"rendered":"<p>O governo federal vai disponibilizar R$ 4 bilh\u00f5es em cinco anos para obras e tamb\u00e9m aquisi\u00e7\u00e3o de 18 novos trens e quatro novos ve\u00edculos leves sobre trilhos (VLTs). O acordo foi celebrado nesta ter\u00e7a-feira (16), no \u00e2mbito do Programa de Parcerias de Investimentos (PPI). A concess\u00e3o ter\u00e1 prazo de 30 anos.<\/p>\n<p>Para o ano que vem, est\u00e3o previstos recursos da ordem de R$ 57 milh\u00f5es para obras civis, recupera\u00e7\u00e3o de coberturas e contrata\u00e7\u00e3o de servi\u00e7os para melhorar as condi\u00e7\u00f5es de conforto e seguran\u00e7a nas esta\u00e7\u00f5es de trens e metr\u00f4s.<\/p>\n<p>A coopera\u00e7\u00e3o t\u00e9cnica entre a Uni\u00e3o e o estado de Pernambuco foi assinada pelo presidente Luiz In\u00e1cio Lula da Silva, no Pal\u00e1cio do Planalto, em Bras\u00edlia.<\/p>\n<p>\u201cA gente quer garantir o direito do povo de levantar de manh\u00e3 e encontrar um transporte bom para ir trabalhar. O direito de sair de uma empresa \u00e0 tarde e voltar para casa para cuidar da fam\u00edlia num transporte de qualidade \u00e9 sagrado\u201d, disse Lula, conforme divulgado em nota pelo Pal\u00e1cio do Planalto.<\/p>\n<p>Segundo o acordo, o objetivo \u00e9 estruturar o projeto de transfer\u00eancia de ativos da Companhia Brasileira de Trens Urbanos (CBTU) para o governo estadual, com base em estudo elaborado pelo Banco Nacional de Desenvolvimento Econ\u00f4mico e Social (BNDES). O processo licitat\u00f3rio ser\u00e1 acompanhado pelo Minist\u00e9rio das Cidades e pela Casa Civil.<\/p>\n<p>A CBTU vai promover o refor\u00e7o da frota com a incorpora\u00e7\u00e3o de 11 trens, adquiridos ou transferidos de outras pra\u00e7as de opera\u00e7\u00e3o da empresa.<\/p>\n<p>Segundo o ministro das Cidades, Jader Filho, as medidas iniciais j\u00e1 est\u00e3o autorizadas a come\u00e7ar.<\/p>\n<p>\u201cEste \u00e9 um momento cr\u00edtico, mas estamos avan\u00e7ando com solu\u00e7\u00f5es concretas. J\u00e1 est\u00e3o garantidos R$ 57 milh\u00f5es em investimentos iniciais para melhorias nas esta\u00e7\u00f5es, com a\u00e7\u00f5es autorizadas a come\u00e7ar imediatamente\u201d, destacou.<\/p>\n<p>Uma melhoria proposta pelo sistema \u00e9 o sistema de integra\u00e7\u00e3o, que consiste em o passageiro pagar uma tarifa \u00fanica e integrada em toda a rede de transporte p\u00fablico durante um determinado per\u00edodo de tempo.<\/p>\n<p>\u201cSe uma pessoa entrar no metr\u00f4 e quiser ir de uma ponta a outra da cidade, durante duas horas, ela s\u00f3 paga apenas uma passagem\u201d, ressaltou o ministro da Casa Civil, Rui Costa.<\/p>\n<p>Costa ainda assumiu o compromisso de viabilizar com o governo do estado a aquisi\u00e7\u00e3o de pelo menos 100 \u00f4nibus el\u00e9tricos para modernizar e dar qualidade e conforto \u00e0 popula\u00e7\u00e3o durante o per\u00edodo de obras do metr\u00f4.<\/p>\n<p>A Rede Metroferrovi\u00e1ria da Regi\u00e3o Metropolitana do Recife possui 71,4 km de trilhos, cinco linhas e 37 esta\u00e7\u00f5es, que transportam entre 160 mil e 180 mil passageiros por dia.<\/p>\n","protected":false},"excerpt":{"rendered":"<p>O governo federal vai disponibilizar R$ 4 bilh\u00f5es em cinco anos para obras e tamb\u00e9m aquisi\u00e7\u00e3o de 18 novos trens e quatro novos ve\u00edculos leves sobre trilhos (VLTs). O acordo foi celebrado nesta ter\u00e7a-feira (16), no \u00e2mbito do Programa de Parcerias de Investimentos (PPI). A concess\u00e3o ter\u00e1 prazo de 30 anos. Para o ano que [&hellip;]<\/p>\n","protected":false},"author":2,"featured_media":375203,"comment_status":"closed","ping_status":"closed","sticky":false,"template":"","format":"standard","meta":{"_acf_changed":false,"footnotes":""},"categories":[165],"tags":[],"class_list":["post-375202","post","type-post","status-publish","format-standard","has-post-thumbnail","hentry","category-nordeste"],"acf":[],"yoast_head":"<!-- This site is optimized with the Yoast SEO plugin v27.2 - https:\/\/yoast.com\/product\/yoast-seo-wordpress\/ -->\n<title>Uni\u00e3o vai investir 4 bilh\u00f5es no servi\u00e7o de transportes do Recife - Notibras<\/title>\n<meta name=\"robots\" content=\"index, follow, max-snippet:-1, max-image-preview:large, max-video-preview:-1\" \/>\n<link rel=\"canonical\" href=\"https:\/\/www.notibras.com\/site\/uniao-vai-investir-4-bilhoes-no-servico-de-transportes-do-recife\/\" \/>\n<meta property=\"og:locale\" content=\"pt_BR\" \/>\n<meta property=\"og:type\" content=\"article\" \/>\n<meta property=\"og:title\" content=\"Uni\u00e3o vai investir 4 bilh\u00f5es no servi\u00e7o de transportes do Recife - Notibras\" \/>\n<meta property=\"og:description\" content=\"O governo federal vai disponibilizar R$ 4 bilh\u00f5es em cinco anos para obras e tamb\u00e9m aquisi\u00e7\u00e3o de 18 novos trens e quatro novos ve\u00edculos leves sobre trilhos (VLTs). O acordo foi celebrado nesta ter\u00e7a-feira (16), no \u00e2mbito do Programa de Parcerias de Investimentos (PPI). A concess\u00e3o ter\u00e1 prazo de 30 anos. Para o ano que [&hellip;]\" \/>\n<meta property=\"og:url\" content=\"https:\/\/www.notibras.com\/site\/uniao-vai-investir-4-bilhoes-no-servico-de-transportes-do-recife\/\" \/>\n<meta property=\"og:site_name\" content=\"Notibras\" \/>\n<meta property=\"article:publisher\" content=\"https:\/\/www.facebook.com\/notibras\/\" \/>\n<meta property=\"article:published_time\" content=\"2025-12-17T03:37:34+00:00\" \/>\n<meta property=\"article:modified_time\" content=\"2025-12-17T08:39:34+00:00\" \/>\n<meta property=\"og:image\" content=\"https:\/\/www.notibras.com\/site\/wp-content\/uploads\/2025\/12\/vlt-recife.jpg\" \/>\n\t<meta property=\"og:image:width\" content=\"1600\" \/>\n\t<meta property=\"og:image:height\" content=\"1200\" \/>\n\t<meta property=\"og:image:type\" content=\"image\/jpeg\" \/>\n<meta name=\"author\" content=\"Reda\u00e7\u00e3o\" \/>\n<meta name=\"twitter:card\" content=\"summary_large_image\" \/>\n<meta name=\"twitter:creator\" content=\"@Notibras\" \/>\n<meta name=\"twitter:site\" content=\"@Notibras\" \/>\n<meta name=\"twitter:label1\" content=\"Escrito por\" \/>\n\t<meta name=\"twitter:data1\" content=\"Reda\u00e7\u00e3o\" \/>\n\t<meta name=\"twitter:label2\" content=\"Est. tempo de leitura\" \/>\n\t<meta name=\"twitter:data2\" content=\"3 minutos\" \/>\n<script type=\"application\/ld+json\" class=\"yoast-schema-graph\">{\"@context\":\"https:\/\/schema.org\",\"@graph\":[{\"@type\":\"Article\",\"@id\":\"https:\/\/www.notibras.com\/site\/uniao-vai-investir-4-bilhoes-no-servico-de-transportes-do-recife\/#article\",\"isPartOf\":{\"@id\":\"https:\/\/www.notibras.com\/site\/uniao-vai-investir-4-bilhoes-no-servico-de-transportes-do-recife\/\"},\"author\":{\"name\":\"Reda\u00e7\u00e3o\",\"@id\":\"https:\/\/www.notibras.com\/site\/#\/schema\/person\/36ab0979449956132d3e5b517ea76ac8\"},\"headline\":\"Uni\u00e3o vai investir 4 bilh\u00f5es no servi\u00e7o de transportes do Recife\",\"datePublished\":\"2025-12-17T03:37:34+00:00\",\"dateModified\":\"2025-12-17T08:39:34+00:00\",\"mainEntityOfPage\":{\"@id\":\"https:\/\/www.notibras.com\/site\/uniao-vai-investir-4-bilhoes-no-servico-de-transportes-do-recife\/\"},\"wordCount\":467,\"publisher\":{\"@id\":\"https:\/\/www.notibras.com\/site\/#organization\"},\"image\":{\"@id\":\"https:\/\/www.notibras.com\/site\/uniao-vai-investir-4-bilhoes-no-servico-de-transportes-do-recife\/#primaryimage\"},\"thumbnailUrl\":\"https:\/\/www.notibras.com\/site\/wp-content\/uploads\/2025\/12\/vlt-recife.jpg\",\"articleSection\":[\"Nordeste\"],\"inLanguage\":\"pt-BR\"},{\"@type\":\"WebPage\",\"@id\":\"https:\/\/www.notibras.com\/site\/uniao-vai-investir-4-bilhoes-no-servico-de-transportes-do-recife\/\",\"url\":\"https:\/\/www.notibras.com\/site\/uniao-vai-investir-4-bilhoes-no-servico-de-transportes-do-recife\/\",\"name\":\"Uni\u00e3o vai investir 4 bilh\u00f5es no servi\u00e7o de transportes do Recife - Notibras\",\"isPartOf\":{\"@id\":\"https:\/\/www.notibras.com\/site\/#website\"},\"primaryImageOfPage\":{\"@id\":\"https:\/\/www.notibras.com\/site\/uniao-vai-investir-4-bilhoes-no-servico-de-transportes-do-recife\/#primaryimage\"},\"image\":{\"@id\":\"https:\/\/www.notibras.com\/site\/uniao-vai-investir-4-bilhoes-no-servico-de-transportes-do-recife\/#primaryimage\"},\"thumbnailUrl\":\"https:\/\/www.notibras.com\/site\/wp-content\/uploads\/2025\/12\/vlt-recife.jpg\",\"datePublished\":\"2025-12-17T03:37:34+00:00\",\"dateModified\":\"2025-12-17T08:39:34+00:00\",\"breadcrumb\":{\"@id\":\"https:\/\/www.notibras.com\/site\/uniao-vai-investir-4-bilhoes-no-servico-de-transportes-do-recife\/#breadcrumb\"},\"inLanguage\":\"pt-BR\",\"potentialAction\":[{\"@type\":\"ReadAction\",\"target\":[\"https:\/\/www.notibras.com\/site\/uniao-vai-investir-4-bilhoes-no-servico-de-transportes-do-recife\/\"]}]},{\"@type\":\"ImageObject\",\"inLanguage\":\"pt-BR\",\"@id\":\"https:\/\/www.notibras.com\/site\/uniao-vai-investir-4-bilhoes-no-servico-de-transportes-do-recife\/#primaryimage\",\"url\":\"https:\/\/www.notibras.com\/site\/wp-content\/uploads\/2025\/12\/vlt-recife.jpg\",\"contentUrl\":\"https:\/\/www.notibras.com\/site\/wp-content\/uploads\/2025\/12\/vlt-recife.jpg\",\"width\":1600,\"height\":1200},{\"@type\":\"BreadcrumbList\",\"@id\":\"https:\/\/www.notibras.com\/site\/uniao-vai-investir-4-bilhoes-no-servico-de-transportes-do-recife\/#breadcrumb\",\"itemListElement\":[{\"@type\":\"ListItem\",\"position\":1,\"name\":\"In\u00edcio\",\"item\":\"https:\/\/www.notibras.com\/site\/\"},{\"@type\":\"ListItem\",\"position\":2,\"name\":\"Uni\u00e3o vai investir 4 bilh\u00f5es no servi\u00e7o de transportes do Recife\"}]},{\"@type\":\"WebSite\",\"@id\":\"https:\/\/www.notibras.com\/site\/#website\",\"url\":\"https:\/\/www.notibras.com\/site\/\",\"name\":\"Notibras\",\"description\":\"Not\u00edcias de Bras\u00edlia, do Brasil e do Mundo\",\"publisher\":{\"@id\":\"https:\/\/www.notibras.com\/site\/#organization\"},\"potentialAction\":[{\"@type\":\"SearchAction\",\"target\":{\"@type\":\"EntryPoint\",\"urlTemplate\":\"https:\/\/www.notibras.com\/site\/?s={search_term_string}\"},\"query-input\":{\"@type\":\"PropertyValueSpecification\",\"valueRequired\":true,\"valueName\":\"search_term_string\"}}],\"inLanguage\":\"pt-BR\"},{\"@type\":\"Organization\",\"@id\":\"https:\/\/www.notibras.com\/site\/#organization\",\"name\":\"Grupo Notibras de Comunica\u00e7\u00e3o\",\"url\":\"https:\/\/www.notibras.com\/site\/\",\"logo\":{\"@type\":\"ImageObject\",\"inLanguage\":\"pt-BR\",\"@id\":\"https:\/\/www.notibras.com\/site\/#\/schema\/logo\/image\/\",\"url\":\"https:\/\/www.notibras.com\/site\/wp-content\/uploads\/2023\/01\/notibras23.png\",\"contentUrl\":\"https:\/\/www.notibras.com\/site\/wp-content\/uploads\/2023\/01\/notibras23.png\",\"width\":350,\"height\":87,\"caption\":\"Grupo Notibras de Comunica\u00e7\u00e3o\"},\"image\":{\"@id\":\"https:\/\/www.notibras.com\/site\/#\/schema\/logo\/image\/\"},\"sameAs\":[\"https:\/\/www.facebook.com\/notibras\/\",\"https:\/\/x.com\/Notibras\",\"https:\/\/www.instagram.com\/notibras\/\"]},{\"@type\":\"Person\",\"@id\":\"https:\/\/www.notibras.com\/site\/#\/schema\/person\/36ab0979449956132d3e5b517ea76ac8\",\"name\":\"Reda\u00e7\u00e3o\",\"image\":{\"@type\":\"ImageObject\",\"inLanguage\":\"pt-BR\",\"@id\":\"https:\/\/secure.gravatar.com\/avatar\/e0a867bdedb85fd243eadf09663511f96fc81e0720a4a42581f334ad4303aa6b?s=96&d=mm&r=g\",\"url\":\"https:\/\/secure.gravatar.com\/avatar\/e0a867bdedb85fd243eadf09663511f96fc81e0720a4a42581f334ad4303aa6b?s=96&d=mm&r=g\",\"contentUrl\":\"https:\/\/secure.gravatar.com\/avatar\/e0a867bdedb85fd243eadf09663511f96fc81e0720a4a42581f334ad4303aa6b?s=96&d=mm&r=g\",\"caption\":\"Reda\u00e7\u00e3o\"}}]}<\/script>\n<!-- \/ Yoast SEO plugin. -->","yoast_head_json":{"title":"Uni\u00e3o vai investir 4 bilh\u00f5es no servi\u00e7o de transportes do Recife - Notibras","robots":{"index":"index","follow":"follow","max-snippet":"max-snippet:-1","max-image-preview":"max-image-preview:large","max-video-preview":"max-video-preview:-1"},"canonical":"https:\/\/www.notibras.com\/site\/uniao-vai-investir-4-bilhoes-no-servico-de-transportes-do-recife\/","og_locale":"pt_BR","og_type":"article","og_title":"Uni\u00e3o vai investir 4 bilh\u00f5es no servi\u00e7o de transportes do Recife - Notibras","og_description":"O governo federal vai disponibilizar R$ 4 bilh\u00f5es em cinco anos para obras e tamb\u00e9m aquisi\u00e7\u00e3o de 18 novos trens e quatro novos ve\u00edculos leves sobre trilhos (VLTs). O acordo foi celebrado nesta ter\u00e7a-feira (16), no \u00e2mbito do Programa de Parcerias de Investimentos (PPI). A concess\u00e3o ter\u00e1 prazo de 30 anos. Para o ano que [&hellip;]","og_url":"https:\/\/www.notibras.com\/site\/uniao-vai-investir-4-bilhoes-no-servico-de-transportes-do-recife\/","og_site_name":"Notibras","article_publisher":"https:\/\/www.facebook.com\/notibras\/","article_published_time":"2025-12-17T03:37:34+00:00","article_modified_time":"2025-12-17T08:39:34+00:00","og_image":[{"width":1600,"height":1200,"url":"https:\/\/www.notibras.com\/site\/wp-content\/uploads\/2025\/12\/vlt-recife.jpg","type":"image\/jpeg"}],"author":"Reda\u00e7\u00e3o","twitter_card":"summary_large_image","twitter_creator":"@Notibras","twitter_site":"@Notibras","twitter_misc":{"Escrito por":"Reda\u00e7\u00e3o","Est. tempo de leitura":"3 minutos"},"schema":{"@context":"https:\/\/schema.org","@graph":[{"@type":"Article","@id":"https:\/\/www.notibras.com\/site\/uniao-vai-investir-4-bilhoes-no-servico-de-transportes-do-recife\/#article","isPartOf":{"@id":"https:\/\/www.notibras.com\/site\/uniao-vai-investir-4-bilhoes-no-servico-de-transportes-do-recife\/"},"author":{"name":"Reda\u00e7\u00e3o","@id":"https:\/\/www.notibras.com\/site\/#\/schema\/person\/36ab0979449956132d3e5b517ea76ac8"},"headline":"Uni\u00e3o vai investir 4 bilh\u00f5es no servi\u00e7o de transportes do Recife","datePublished":"2025-12-17T03:37:34+00:00","dateModified":"2025-12-17T08:39:34+00:00","mainEntityOfPage":{"@id":"https:\/\/www.notibras.com\/site\/uniao-vai-investir-4-bilhoes-no-servico-de-transportes-do-recife\/"},"wordCount":467,"publisher":{"@id":"https:\/\/www.notibras.com\/site\/#organization"},"image":{"@id":"https:\/\/www.notibras.com\/site\/uniao-vai-investir-4-bilhoes-no-servico-de-transportes-do-recife\/#primaryimage"},"thumbnailUrl":"https:\/\/www.notibras.com\/site\/wp-content\/uploads\/2025\/12\/vlt-recife.jpg","articleSection":["Nordeste"],"inLanguage":"pt-BR"},{"@type":"WebPage","@id":"https:\/\/www.notibras.com\/site\/uniao-vai-investir-4-bilhoes-no-servico-de-transportes-do-recife\/","url":"https:\/\/www.notibras.com\/site\/uniao-vai-investir-4-bilhoes-no-servico-de-transportes-do-recife\/","name":"Uni\u00e3o vai investir 4 bilh\u00f5es no servi\u00e7o de transportes do Recife - Notibras","isPartOf":{"@id":"https:\/\/www.notibras.com\/site\/#website"},"primaryImageOfPage":{"@id":"https:\/\/www.notibras.com\/site\/uniao-vai-investir-4-bilhoes-no-servico-de-transportes-do-recife\/#primaryimage"},"image":{"@id":"https:\/\/www.notibras.com\/site\/uniao-vai-investir-4-bilhoes-no-servico-de-transportes-do-recife\/#primaryimage"},"thumbnailUrl":"https:\/\/www.notibras.com\/site\/wp-content\/uploads\/2025\/12\/vlt-recife.jpg","datePublished":"2025-12-17T03:37:34+00:00","dateModified":"2025-12-17T08:39:34+00:00","breadcrumb":{"@id":"https:\/\/www.notibras.com\/site\/uniao-vai-investir-4-bilhoes-no-servico-de-transportes-do-recife\/#breadcrumb"},"inLanguage":"pt-BR","potentialAction":[{"@type":"ReadAction","target":["https:\/\/www.notibras.com\/site\/uniao-vai-investir-4-bilhoes-no-servico-de-transportes-do-recife\/"]}]},{"@type":"ImageObject","inLanguage":"pt-BR","@id":"https:\/\/www.notibras.com\/site\/uniao-vai-investir-4-bilhoes-no-servico-de-transportes-do-recife\/#primaryimage","url":"https:\/\/www.notibras.com\/site\/wp-content\/uploads\/2025\/12\/vlt-recife.jpg","contentUrl":"https:\/\/www.notibras.com\/site\/wp-content\/uploads\/2025\/12\/vlt-recife.jpg","width":1600,"height":1200},{"@type":"BreadcrumbList","@id":"https:\/\/www.notibras.com\/site\/uniao-vai-investir-4-bilhoes-no-servico-de-transportes-do-recife\/#breadcrumb","itemListElement":[{"@type":"ListItem","position":1,"name":"In\u00edcio","item":"https:\/\/www.notibras.com\/site\/"},{"@type":"ListItem","position":2,"name":"Uni\u00e3o vai investir 4 bilh\u00f5es no servi\u00e7o de transportes do Recife"}]},{"@type":"WebSite","@id":"https:\/\/www.notibras.com\/site\/#website","url":"https:\/\/www.notibras.com\/site\/","name":"Notibras","description":"Not\u00edcias de Bras\u00edlia, do Brasil e do Mundo","publisher":{"@id":"https:\/\/www.notibras.com\/site\/#organization"},"potentialAction":[{"@type":"SearchAction","target":{"@type":"EntryPoint","urlTemplate":"https:\/\/www.notibras.com\/site\/?s={search_term_string}"},"query-input":{"@type":"PropertyValueSpecification","valueRequired":true,"valueName":"search_term_string"}}],"inLanguage":"pt-BR"},{"@type":"Organization","@id":"https:\/\/www.notibras.com\/site\/#organization","name":"Grupo Notibras de Comunica\u00e7\u00e3o","url":"https:\/\/www.notibras.com\/site\/","logo":{"@type":"ImageObject","inLanguage":"pt-BR","@id":"https:\/\/www.notibras.com\/site\/#\/schema\/logo\/image\/","url":"https:\/\/www.notibras.com\/site\/wp-content\/uploads\/2023\/01\/notibras23.png","contentUrl":"https:\/\/www.notibras.com\/site\/wp-content\/uploads\/2023\/01\/notibras23.png","width":350,"height":87,"caption":"Grupo Notibras de Comunica\u00e7\u00e3o"},"image":{"@id":"https:\/\/www.notibras.com\/site\/#\/schema\/logo\/image\/"},"sameAs":["https:\/\/www.facebook.com\/notibras\/","https:\/\/x.com\/Notibras","https:\/\/www.instagram.com\/notibras\/"]},{"@type":"Person","@id":"https:\/\/www.notibras.com\/site\/#\/schema\/person\/36ab0979449956132d3e5b517ea76ac8","name":"Reda\u00e7\u00e3o","image":{"@type":"ImageObject","inLanguage":"pt-BR","@id":"https:\/\/secure.gravatar.com\/avatar\/e0a867bdedb85fd243eadf09663511f96fc81e0720a4a42581f334ad4303aa6b?s=96&d=mm&r=g","url":"https:\/\/secure.gravatar.com\/avatar\/e0a867bdedb85fd243eadf09663511f96fc81e0720a4a42581f334ad4303aa6b?s=96&d=mm&r=g","contentUrl":"https:\/\/secure.gravatar.com\/avatar\/e0a867bdedb85fd243eadf09663511f96fc81e0720a4a42581f334ad4303aa6b?s=96&d=mm&r=g","caption":"Reda\u00e7\u00e3o"}}]}},"amp_enabled":true,"_links":{"self":[{"href":"https:\/\/www.notibras.com\/site\/wp-json\/wp\/v2\/posts\/375202","targetHints":{"allow":["GET"]}}],"collection":[{"href":"https:\/\/www.notibras.com\/site\/wp-json\/wp\/v2\/posts"}],"about":[{"href":"https:\/\/www.notibras.com\/site\/wp-json\/wp\/v2\/types\/post"}],"author":[{"embeddable":true,"href":"https:\/\/www.notibras.com\/site\/wp-json\/wp\/v2\/users\/2"}],"replies":[{"embeddable":true,"href":"https:\/\/www.notibras.com\/site\/wp-json\/wp\/v2\/comments?post=375202"}],"version-history":[{"count":1,"href":"https:\/\/www.notibras.com\/site\/wp-json\/wp\/v2\/posts\/375202\/revisions"}],"predecessor-version":[{"id":375204,"href":"https:\/\/www.notibras.com\/site\/wp-json\/wp\/v2\/posts\/375202\/revisions\/375204"}],"wp:featuredmedia":[{"embeddable":true,"href":"https:\/\/www.notibras.com\/site\/wp-json\/wp\/v2\/media\/375203"}],"wp:attachment":[{"href":"https:\/\/www.notibras.com\/site\/wp-json\/wp\/v2\/media?parent=375202"}],"wp:term":[{"taxonomy":"category","embeddable":true,"href":"https:\/\/www.notibras.com\/site\/wp-json\/wp\/v2\/categories?post=375202"},{"taxonomy":"post_tag","embeddable":true,"href":"https:\/\/www.notibras.com\/site\/wp-json\/wp\/v2\/tags?post=375202"}],"curies":[{"name":"wp","href":"https:\/\/api.w.org\/{rel}","templated":true}]}}