{"id":375205,"date":"2025-12-17T00:00:27","date_gmt":"2025-12-17T03:00:27","guid":{"rendered":"https:\/\/www.notibras.com\/site\/?p=375205"},"modified":"2025-12-17T05:46:32","modified_gmt":"2025-12-17T08:46:32","slug":"petroleiros-do-nordeste-reforcam-greve-nacional-da-categoria","status":"publish","type":"post","link":"https:\/\/www.notibras.com\/site\/petroleiros-do-nordeste-reforcam-greve-nacional-da-categoria\/","title":{"rendered":"Petroleiros do Nordeste refor\u00e7am greve nacional da categoria"},"content":{"rendered":"<p>O segundo dia da greve nacional dos petroleiros recebeu nesta ter\u00e7a-feira (16), a ades\u00e3o de novas unidades, como a Refinaria Alberto Pasqualini (Refap), no Rio Grande do Sul. No Cear\u00e1, a categoria tamb\u00e9m aderiu \u00e0 greve, com a entrada da F\u00e1brica de Lubrificantes do Nordeste (Lubnor), da Termocear\u00e1 e do terminal de Macuripe no movimento.<\/p>\n<p>A Federa\u00e7\u00e3o \u00danica dos Petroleiros (FUP) informou que no Rio Grande do Norte, os trabalhadores da Usina Termel\u00e9trica do Vale do A\u00e7u aderiram nesta ter\u00e7a \u00e0 greve, assim como os m\u00e9dicos do setor de Sa\u00fade, Meio Ambiente e Seguran\u00e7a (SMS) da companhia. Houve ainda o refor\u00e7o na Bahia dos trabalhadores da Usina de Biodisel de Candeias e de diversas unidades da Bacia de Campos, no norte fluminense, onde j\u00e1 s\u00e3o 22 plataformas entregues \u00e0s equipes de conting\u00eancia.<\/p>\n<p>A paralisa\u00e7\u00e3o nas bases operacionais da FUP j\u00e1 atinge 8 refinarias, 24 plataformas, 10 unidades da Transpetro, 4 termel\u00e9tricas, 2 usinas de biodisel, al\u00e9m dos campos terrestres da Bahia, da Unidade de Tratamento de G\u00e1s de Cabi\u00fanas (UTGCAB) e da Esta\u00e7\u00e3o de Compress\u00e3o de Paul\u00ednia (TBG).<\/p>\n<p>O movimento segue por tempo indeterminado em todo o Brasil, at\u00e9 que a dire\u00e7\u00e3o da Petrobras apresente uma nova contraproposta de Acordo Coletivo de Trabalho que atenda aos tr\u00eas eixos de reivindica\u00e7\u00f5es da categoria petroleira:<\/p>\n<p>1. Distribui\u00e7\u00e3o justa da riqueza gerada,<\/p>\n<p>2. Fim dos equacionamentos da Petros, e<\/p>\n<p>3. Reconhecimento da Pauta pelo Brasil Soberano, com suspens\u00e3o das privatiza\u00e7\u00f5es e das demiss\u00f5es na \u00e1rea de Explora\u00e7\u00e3o e Produ\u00e7\u00e3o.<\/p>\n","protected":false},"excerpt":{"rendered":"<p>O segundo dia da greve nacional dos petroleiros recebeu nesta ter\u00e7a-feira (16), a ades\u00e3o de novas unidades, como a Refinaria Alberto Pasqualini (Refap), no Rio Grande do Sul. No Cear\u00e1, a categoria tamb\u00e9m aderiu \u00e0 greve, com a entrada da F\u00e1brica de Lubrificantes do Nordeste (Lubnor), da Termocear\u00e1 e do terminal de Macuripe no movimento. [&hellip;]<\/p>\n","protected":false},"author":2,"featured_media":293477,"comment_status":"closed","ping_status":"closed","sticky":false,"template":"","format":"standard","meta":{"_acf_changed":false,"footnotes":""},"categories":[165],"tags":[],"class_list":["post-375205","post","type-post","status-publish","format-standard","has-post-thumbnail","hentry","category-nordeste"],"acf":[],"yoast_head":"<!-- This site is optimized with the Yoast SEO plugin v27.2 - https:\/\/yoast.com\/product\/yoast-seo-wordpress\/ -->\n<title>Petroleiros do Nordeste refor\u00e7am greve nacional da categoria - Notibras<\/title>\n<meta name=\"robots\" content=\"index, follow, max-snippet:-1, max-image-preview:large, max-video-preview:-1\" \/>\n<link rel=\"canonical\" href=\"https:\/\/www.notibras.com\/site\/petroleiros-do-nordeste-reforcam-greve-nacional-da-categoria\/\" \/>\n<meta property=\"og:locale\" content=\"pt_BR\" \/>\n<meta property=\"og:type\" content=\"article\" \/>\n<meta property=\"og:title\" content=\"Petroleiros do Nordeste refor\u00e7am greve nacional da categoria - Notibras\" \/>\n<meta property=\"og:description\" content=\"O segundo dia da greve nacional dos petroleiros recebeu nesta ter\u00e7a-feira (16), a ades\u00e3o de novas unidades, como a Refinaria Alberto Pasqualini (Refap), no Rio Grande do Sul. No Cear\u00e1, a categoria tamb\u00e9m aderiu \u00e0 greve, com a entrada da F\u00e1brica de Lubrificantes do Nordeste (Lubnor), da Termocear\u00e1 e do terminal de Macuripe no movimento. [&hellip;]\" \/>\n<meta property=\"og:url\" content=\"https:\/\/www.notibras.com\/site\/petroleiros-do-nordeste-reforcam-greve-nacional-da-categoria\/\" \/>\n<meta property=\"og:site_name\" content=\"Notibras\" \/>\n<meta property=\"article:publisher\" content=\"https:\/\/www.facebook.com\/notibras\/\" \/>\n<meta property=\"article:published_time\" content=\"2025-12-17T03:00:27+00:00\" \/>\n<meta property=\"article:modified_time\" content=\"2025-12-17T08:46:32+00:00\" \/>\n<meta property=\"og:image\" content=\"https:\/\/www.notibras.com\/site\/wp-content\/uploads\/2022\/10\/sia_petrobras_0514203043.jpg\" \/>\n\t<meta property=\"og:image:width\" content=\"770\" \/>\n\t<meta property=\"og:image:height\" content=\"513\" \/>\n\t<meta property=\"og:image:type\" content=\"image\/jpeg\" \/>\n<meta name=\"author\" content=\"Reda\u00e7\u00e3o\" \/>\n<meta name=\"twitter:card\" content=\"summary_large_image\" \/>\n<meta name=\"twitter:creator\" content=\"@Notibras\" \/>\n<meta name=\"twitter:site\" content=\"@Notibras\" \/>\n<meta name=\"twitter:label1\" content=\"Escrito por\" \/>\n\t<meta name=\"twitter:data1\" content=\"Reda\u00e7\u00e3o\" \/>\n\t<meta name=\"twitter:label2\" content=\"Est. tempo de leitura\" \/>\n\t<meta name=\"twitter:data2\" content=\"2 minutos\" \/>\n<script type=\"application\/ld+json\" class=\"yoast-schema-graph\">{\"@context\":\"https:\/\/schema.org\",\"@graph\":[{\"@type\":\"Article\",\"@id\":\"https:\/\/www.notibras.com\/site\/petroleiros-do-nordeste-reforcam-greve-nacional-da-categoria\/#article\",\"isPartOf\":{\"@id\":\"https:\/\/www.notibras.com\/site\/petroleiros-do-nordeste-reforcam-greve-nacional-da-categoria\/\"},\"author\":{\"name\":\"Reda\u00e7\u00e3o\",\"@id\":\"https:\/\/www.notibras.com\/site\/#\/schema\/person\/36ab0979449956132d3e5b517ea76ac8\"},\"headline\":\"Petroleiros do Nordeste refor\u00e7am greve nacional da categoria\",\"datePublished\":\"2025-12-17T03:00:27+00:00\",\"dateModified\":\"2025-12-17T08:46:32+00:00\",\"mainEntityOfPage\":{\"@id\":\"https:\/\/www.notibras.com\/site\/petroleiros-do-nordeste-reforcam-greve-nacional-da-categoria\/\"},\"wordCount\":274,\"publisher\":{\"@id\":\"https:\/\/www.notibras.com\/site\/#organization\"},\"image\":{\"@id\":\"https:\/\/www.notibras.com\/site\/petroleiros-do-nordeste-reforcam-greve-nacional-da-categoria\/#primaryimage\"},\"thumbnailUrl\":\"https:\/\/www.notibras.com\/site\/wp-content\/uploads\/2022\/10\/sia_petrobras_0514203043.jpg\",\"articleSection\":[\"Nordeste\"],\"inLanguage\":\"pt-BR\"},{\"@type\":\"WebPage\",\"@id\":\"https:\/\/www.notibras.com\/site\/petroleiros-do-nordeste-reforcam-greve-nacional-da-categoria\/\",\"url\":\"https:\/\/www.notibras.com\/site\/petroleiros-do-nordeste-reforcam-greve-nacional-da-categoria\/\",\"name\":\"Petroleiros do Nordeste refor\u00e7am greve nacional da categoria - Notibras\",\"isPartOf\":{\"@id\":\"https:\/\/www.notibras.com\/site\/#website\"},\"primaryImageOfPage\":{\"@id\":\"https:\/\/www.notibras.com\/site\/petroleiros-do-nordeste-reforcam-greve-nacional-da-categoria\/#primaryimage\"},\"image\":{\"@id\":\"https:\/\/www.notibras.com\/site\/petroleiros-do-nordeste-reforcam-greve-nacional-da-categoria\/#primaryimage\"},\"thumbnailUrl\":\"https:\/\/www.notibras.com\/site\/wp-content\/uploads\/2022\/10\/sia_petrobras_0514203043.jpg\",\"datePublished\":\"2025-12-17T03:00:27+00:00\",\"dateModified\":\"2025-12-17T08:46:32+00:00\",\"breadcrumb\":{\"@id\":\"https:\/\/www.notibras.com\/site\/petroleiros-do-nordeste-reforcam-greve-nacional-da-categoria\/#breadcrumb\"},\"inLanguage\":\"pt-BR\",\"potentialAction\":[{\"@type\":\"ReadAction\",\"target\":[\"https:\/\/www.notibras.com\/site\/petroleiros-do-nordeste-reforcam-greve-nacional-da-categoria\/\"]}]},{\"@type\":\"ImageObject\",\"inLanguage\":\"pt-BR\",\"@id\":\"https:\/\/www.notibras.com\/site\/petroleiros-do-nordeste-reforcam-greve-nacional-da-categoria\/#primaryimage\",\"url\":\"https:\/\/www.notibras.com\/site\/wp-content\/uploads\/2022\/10\/sia_petrobras_0514203043.jpg\",\"contentUrl\":\"https:\/\/www.notibras.com\/site\/wp-content\/uploads\/2022\/10\/sia_petrobras_0514203043.jpg\",\"width\":770,\"height\":513,\"caption\":\"Centro de Distribui\u00e7\u00e3o da Petrobras no SIA, Terminal Terrestre de Bras\u00edlia, onde se armazena e distribui produtos da companhia para os postos de combust\u00edveis do Distrito Federal.\"},{\"@type\":\"BreadcrumbList\",\"@id\":\"https:\/\/www.notibras.com\/site\/petroleiros-do-nordeste-reforcam-greve-nacional-da-categoria\/#breadcrumb\",\"itemListElement\":[{\"@type\":\"ListItem\",\"position\":1,\"name\":\"In\u00edcio\",\"item\":\"https:\/\/www.notibras.com\/site\/\"},{\"@type\":\"ListItem\",\"position\":2,\"name\":\"Petroleiros do Nordeste refor\u00e7am greve nacional da categoria\"}]},{\"@type\":\"WebSite\",\"@id\":\"https:\/\/www.notibras.com\/site\/#website\",\"url\":\"https:\/\/www.notibras.com\/site\/\",\"name\":\"Notibras\",\"description\":\"Not\u00edcias de Bras\u00edlia, do Brasil e do Mundo\",\"publisher\":{\"@id\":\"https:\/\/www.notibras.com\/site\/#organization\"},\"potentialAction\":[{\"@type\":\"SearchAction\",\"target\":{\"@type\":\"EntryPoint\",\"urlTemplate\":\"https:\/\/www.notibras.com\/site\/?s={search_term_string}\"},\"query-input\":{\"@type\":\"PropertyValueSpecification\",\"valueRequired\":true,\"valueName\":\"search_term_string\"}}],\"inLanguage\":\"pt-BR\"},{\"@type\":\"Organization\",\"@id\":\"https:\/\/www.notibras.com\/site\/#organization\",\"name\":\"Grupo Notibras de Comunica\u00e7\u00e3o\",\"url\":\"https:\/\/www.notibras.com\/site\/\",\"logo\":{\"@type\":\"ImageObject\",\"inLanguage\":\"pt-BR\",\"@id\":\"https:\/\/www.notibras.com\/site\/#\/schema\/logo\/image\/\",\"url\":\"https:\/\/www.notibras.com\/site\/wp-content\/uploads\/2023\/01\/notibras23.png\",\"contentUrl\":\"https:\/\/www.notibras.com\/site\/wp-content\/uploads\/2023\/01\/notibras23.png\",\"width\":350,\"height\":87,\"caption\":\"Grupo Notibras de Comunica\u00e7\u00e3o\"},\"image\":{\"@id\":\"https:\/\/www.notibras.com\/site\/#\/schema\/logo\/image\/\"},\"sameAs\":[\"https:\/\/www.facebook.com\/notibras\/\",\"https:\/\/x.com\/Notibras\",\"https:\/\/www.instagram.com\/notibras\/\"]},{\"@type\":\"Person\",\"@id\":\"https:\/\/www.notibras.com\/site\/#\/schema\/person\/36ab0979449956132d3e5b517ea76ac8\",\"name\":\"Reda\u00e7\u00e3o\",\"image\":{\"@type\":\"ImageObject\",\"inLanguage\":\"pt-BR\",\"@id\":\"https:\/\/secure.gravatar.com\/avatar\/e0a867bdedb85fd243eadf09663511f96fc81e0720a4a42581f334ad4303aa6b?s=96&d=mm&r=g\",\"url\":\"https:\/\/secure.gravatar.com\/avatar\/e0a867bdedb85fd243eadf09663511f96fc81e0720a4a42581f334ad4303aa6b?s=96&d=mm&r=g\",\"contentUrl\":\"https:\/\/secure.gravatar.com\/avatar\/e0a867bdedb85fd243eadf09663511f96fc81e0720a4a42581f334ad4303aa6b?s=96&d=mm&r=g\",\"caption\":\"Reda\u00e7\u00e3o\"}}]}<\/script>\n<!-- \/ Yoast SEO plugin. -->","yoast_head_json":{"title":"Petroleiros do Nordeste refor\u00e7am greve nacional da categoria - Notibras","robots":{"index":"index","follow":"follow","max-snippet":"max-snippet:-1","max-image-preview":"max-image-preview:large","max-video-preview":"max-video-preview:-1"},"canonical":"https:\/\/www.notibras.com\/site\/petroleiros-do-nordeste-reforcam-greve-nacional-da-categoria\/","og_locale":"pt_BR","og_type":"article","og_title":"Petroleiros do Nordeste refor\u00e7am greve nacional da categoria - Notibras","og_description":"O segundo dia da greve nacional dos petroleiros recebeu nesta ter\u00e7a-feira (16), a ades\u00e3o de novas unidades, como a Refinaria Alberto Pasqualini (Refap), no Rio Grande do Sul. No Cear\u00e1, a categoria tamb\u00e9m aderiu \u00e0 greve, com a entrada da F\u00e1brica de Lubrificantes do Nordeste (Lubnor), da Termocear\u00e1 e do terminal de Macuripe no movimento. [&hellip;]","og_url":"https:\/\/www.notibras.com\/site\/petroleiros-do-nordeste-reforcam-greve-nacional-da-categoria\/","og_site_name":"Notibras","article_publisher":"https:\/\/www.facebook.com\/notibras\/","article_published_time":"2025-12-17T03:00:27+00:00","article_modified_time":"2025-12-17T08:46:32+00:00","og_image":[{"width":770,"height":513,"url":"https:\/\/www.notibras.com\/site\/wp-content\/uploads\/2022\/10\/sia_petrobras_0514203043.jpg","type":"image\/jpeg"}],"author":"Reda\u00e7\u00e3o","twitter_card":"summary_large_image","twitter_creator":"@Notibras","twitter_site":"@Notibras","twitter_misc":{"Escrito por":"Reda\u00e7\u00e3o","Est. tempo de leitura":"2 minutos"},"schema":{"@context":"https:\/\/schema.org","@graph":[{"@type":"Article","@id":"https:\/\/www.notibras.com\/site\/petroleiros-do-nordeste-reforcam-greve-nacional-da-categoria\/#article","isPartOf":{"@id":"https:\/\/www.notibras.com\/site\/petroleiros-do-nordeste-reforcam-greve-nacional-da-categoria\/"},"author":{"name":"Reda\u00e7\u00e3o","@id":"https:\/\/www.notibras.com\/site\/#\/schema\/person\/36ab0979449956132d3e5b517ea76ac8"},"headline":"Petroleiros do Nordeste refor\u00e7am greve nacional da categoria","datePublished":"2025-12-17T03:00:27+00:00","dateModified":"2025-12-17T08:46:32+00:00","mainEntityOfPage":{"@id":"https:\/\/www.notibras.com\/site\/petroleiros-do-nordeste-reforcam-greve-nacional-da-categoria\/"},"wordCount":274,"publisher":{"@id":"https:\/\/www.notibras.com\/site\/#organization"},"image":{"@id":"https:\/\/www.notibras.com\/site\/petroleiros-do-nordeste-reforcam-greve-nacional-da-categoria\/#primaryimage"},"thumbnailUrl":"https:\/\/www.notibras.com\/site\/wp-content\/uploads\/2022\/10\/sia_petrobras_0514203043.jpg","articleSection":["Nordeste"],"inLanguage":"pt-BR"},{"@type":"WebPage","@id":"https:\/\/www.notibras.com\/site\/petroleiros-do-nordeste-reforcam-greve-nacional-da-categoria\/","url":"https:\/\/www.notibras.com\/site\/petroleiros-do-nordeste-reforcam-greve-nacional-da-categoria\/","name":"Petroleiros do Nordeste refor\u00e7am greve nacional da categoria - Notibras","isPartOf":{"@id":"https:\/\/www.notibras.com\/site\/#website"},"primaryImageOfPage":{"@id":"https:\/\/www.notibras.com\/site\/petroleiros-do-nordeste-reforcam-greve-nacional-da-categoria\/#primaryimage"},"image":{"@id":"https:\/\/www.notibras.com\/site\/petroleiros-do-nordeste-reforcam-greve-nacional-da-categoria\/#primaryimage"},"thumbnailUrl":"https:\/\/www.notibras.com\/site\/wp-content\/uploads\/2022\/10\/sia_petrobras_0514203043.jpg","datePublished":"2025-12-17T03:00:27+00:00","dateModified":"2025-12-17T08:46:32+00:00","breadcrumb":{"@id":"https:\/\/www.notibras.com\/site\/petroleiros-do-nordeste-reforcam-greve-nacional-da-categoria\/#breadcrumb"},"inLanguage":"pt-BR","potentialAction":[{"@type":"ReadAction","target":["https:\/\/www.notibras.com\/site\/petroleiros-do-nordeste-reforcam-greve-nacional-da-categoria\/"]}]},{"@type":"ImageObject","inLanguage":"pt-BR","@id":"https:\/\/www.notibras.com\/site\/petroleiros-do-nordeste-reforcam-greve-nacional-da-categoria\/#primaryimage","url":"https:\/\/www.notibras.com\/site\/wp-content\/uploads\/2022\/10\/sia_petrobras_0514203043.jpg","contentUrl":"https:\/\/www.notibras.com\/site\/wp-content\/uploads\/2022\/10\/sia_petrobras_0514203043.jpg","width":770,"height":513,"caption":"Centro de Distribui\u00e7\u00e3o da Petrobras no SIA, Terminal Terrestre de Bras\u00edlia, onde se armazena e distribui produtos da companhia para os postos de combust\u00edveis do Distrito Federal."},{"@type":"BreadcrumbList","@id":"https:\/\/www.notibras.com\/site\/petroleiros-do-nordeste-reforcam-greve-nacional-da-categoria\/#breadcrumb","itemListElement":[{"@type":"ListItem","position":1,"name":"In\u00edcio","item":"https:\/\/www.notibras.com\/site\/"},{"@type":"ListItem","position":2,"name":"Petroleiros do Nordeste refor\u00e7am greve nacional da categoria"}]},{"@type":"WebSite","@id":"https:\/\/www.notibras.com\/site\/#website","url":"https:\/\/www.notibras.com\/site\/","name":"Notibras","description":"Not\u00edcias de Bras\u00edlia, do Brasil e do Mundo","publisher":{"@id":"https:\/\/www.notibras.com\/site\/#organization"},"potentialAction":[{"@type":"SearchAction","target":{"@type":"EntryPoint","urlTemplate":"https:\/\/www.notibras.com\/site\/?s={search_term_string}"},"query-input":{"@type":"PropertyValueSpecification","valueRequired":true,"valueName":"search_term_string"}}],"inLanguage":"pt-BR"},{"@type":"Organization","@id":"https:\/\/www.notibras.com\/site\/#organization","name":"Grupo Notibras de Comunica\u00e7\u00e3o","url":"https:\/\/www.notibras.com\/site\/","logo":{"@type":"ImageObject","inLanguage":"pt-BR","@id":"https:\/\/www.notibras.com\/site\/#\/schema\/logo\/image\/","url":"https:\/\/www.notibras.com\/site\/wp-content\/uploads\/2023\/01\/notibras23.png","contentUrl":"https:\/\/www.notibras.com\/site\/wp-content\/uploads\/2023\/01\/notibras23.png","width":350,"height":87,"caption":"Grupo Notibras de Comunica\u00e7\u00e3o"},"image":{"@id":"https:\/\/www.notibras.com\/site\/#\/schema\/logo\/image\/"},"sameAs":["https:\/\/www.facebook.com\/notibras\/","https:\/\/x.com\/Notibras","https:\/\/www.instagram.com\/notibras\/"]},{"@type":"Person","@id":"https:\/\/www.notibras.com\/site\/#\/schema\/person\/36ab0979449956132d3e5b517ea76ac8","name":"Reda\u00e7\u00e3o","image":{"@type":"ImageObject","inLanguage":"pt-BR","@id":"https:\/\/secure.gravatar.com\/avatar\/e0a867bdedb85fd243eadf09663511f96fc81e0720a4a42581f334ad4303aa6b?s=96&d=mm&r=g","url":"https:\/\/secure.gravatar.com\/avatar\/e0a867bdedb85fd243eadf09663511f96fc81e0720a4a42581f334ad4303aa6b?s=96&d=mm&r=g","contentUrl":"https:\/\/secure.gravatar.com\/avatar\/e0a867bdedb85fd243eadf09663511f96fc81e0720a4a42581f334ad4303aa6b?s=96&d=mm&r=g","caption":"Reda\u00e7\u00e3o"}}]}},"amp_enabled":true,"_links":{"self":[{"href":"https:\/\/www.notibras.com\/site\/wp-json\/wp\/v2\/posts\/375205","targetHints":{"allow":["GET"]}}],"collection":[{"href":"https:\/\/www.notibras.com\/site\/wp-json\/wp\/v2\/posts"}],"about":[{"href":"https:\/\/www.notibras.com\/site\/wp-json\/wp\/v2\/types\/post"}],"author":[{"embeddable":true,"href":"https:\/\/www.notibras.com\/site\/wp-json\/wp\/v2\/users\/2"}],"replies":[{"embeddable":true,"href":"https:\/\/www.notibras.com\/site\/wp-json\/wp\/v2\/comments?post=375205"}],"version-history":[{"count":1,"href":"https:\/\/www.notibras.com\/site\/wp-json\/wp\/v2\/posts\/375205\/revisions"}],"predecessor-version":[{"id":375206,"href":"https:\/\/www.notibras.com\/site\/wp-json\/wp\/v2\/posts\/375205\/revisions\/375206"}],"wp:featuredmedia":[{"embeddable":true,"href":"https:\/\/www.notibras.com\/site\/wp-json\/wp\/v2\/media\/293477"}],"wp:attachment":[{"href":"https:\/\/www.notibras.com\/site\/wp-json\/wp\/v2\/media?parent=375205"}],"wp:term":[{"taxonomy":"category","embeddable":true,"href":"https:\/\/www.notibras.com\/site\/wp-json\/wp\/v2\/categories?post=375205"},{"taxonomy":"post_tag","embeddable":true,"href":"https:\/\/www.notibras.com\/site\/wp-json\/wp\/v2\/tags?post=375205"}],"curies":[{"name":"wp","href":"https:\/\/api.w.org\/{rel}","templated":true}]}}