{"id":375207,"date":"2025-12-17T06:09:04","date_gmt":"2025-12-17T09:09:04","guid":{"rendered":"https:\/\/www.notibras.com\/site\/?p=375207"},"modified":"2025-12-17T06:10:33","modified_gmt":"2025-12-17T09:10:33","slug":"justica-deixa-claro-que-policia-deve-respeitar-lei","status":"publish","type":"post","link":"https:\/\/www.notibras.com\/site\/justica-deixa-claro-que-policia-deve-respeitar-lei\/","title":{"rendered":"Justi\u00e7a deixa claro que pol\u00edcia deve respeitar lei"},"content":{"rendered":"<p>Uma decis\u00e3o da Justi\u00e7a do Distrito Federal refor\u00e7ou um ponto essencial da democracia brasileira: policiais, assim como qualquer cidad\u00e3o, podem ser responsabilizados por seus atos, inclusive com publica\u00e7\u00f5es nas redes sociais.<\/p>\n<p>O 5\u00ba Juizado Especial C\u00edvel de Bras\u00edlia condenou a inspetora da Pol\u00edcia Rodovi\u00e1ria Federal (PRF) e influenciadora digital Pamela Pereira Vieira a pagar R$ 3 mil de indeniza\u00e7\u00e3o por danos morais ao delegado da Pol\u00edcia Civil do Distrito Federal Luis Fernando Cocito de Ara\u00fajo.<\/p>\n<p><strong>O que aconteceu?<\/strong><br \/>\nPamela comentou, em seu perfil pessoal no Instagram, uma reportagem jornal\u00edstica que tratava da apura\u00e7\u00e3o de uma poss\u00edvel omiss\u00e3o da PRF em acidentes de tr\u00e2nsito.<\/p>\n<p>No entanto, ao fazer a publica\u00e7\u00e3o, marcou diretamente o perfil pessoal do delegado Cocito, associando-o a supostas falhas e condutas negligentes, sem que houvesse conclus\u00e3o oficial sobre os fatos.<\/p>\n<p>Para a Justi\u00e7a, esse detalhe fez toda a diferen\u00e7a.<\/p>\n<p><strong>Liberdade de express\u00e3o tem limites<\/strong><br \/>\nA defesa alegou que a policial apenas exerceu sua liberdade de express\u00e3o em um debate p\u00fablico. O juiz, por\u00e9m, explicou que criticar institui\u00e7\u00f5es p\u00fablicas \u00e9 leg\u00edtimo, mas atacar pessoas espec\u00edficas sem provas n\u00e3o \u00e9.<\/p>\n<p>Segundo a decis\u00e3o, ao marcar diretamente o delegado, a influenciadora deixou de fazer uma cr\u00edtica gen\u00e9rica e passou a personalizar a acusa\u00e7\u00e3o, o que acabou atingindo a honra e a reputa\u00e7\u00e3o do servidor.<\/p>\n<p>\u201cA conduta da r\u00e9 violou a honra do autor, sua imagem, credibilidade e reputa\u00e7\u00e3o perante a sociedade\u201d, destacou o magistrado.<\/p>\n<p><strong>O que essa decis\u00e3o ensina?<\/strong><br \/>\nA senten\u00e7a deixa uma mensagem clara para toda a sociedade \u2014 e especialmente para agentes p\u00fablicos:<\/p>\n<p>Policiais n\u00e3o t\u00eam imunidade para ofender ou acusar terceiros;<\/p>\n<p>Redes sociais pessoais geram responsabilidade pessoal;<\/p>\n<p>Liberdade de express\u00e3o n\u00e3o autoriza ataques individuais sem base em fatos comprovados;<\/p>\n<p>O cargo p\u00fablico n\u00e3o protege contra condena\u00e7\u00f5es judiciais.<\/p>\n<p>Em outras palavras: farda, distintivo ou crach\u00e1 n\u00e3o colocam ningu\u00e9m acima da lei.<\/p>\n<p><strong>Ainda cabe recurso?<\/strong><br \/>\nSim. Como se trata de uma decis\u00e3o de primeira inst\u00e2ncia em Juizado Especial, a parte que se sentir prejudicada pode apresentar um Recurso Inominado, que ser\u00e1 analisado por uma Turma Recursal, formada por tr\u00eas ju\u00edzes.<\/p>\n<p>O colegiado pode manter, modificar ou anular a decis\u00e3o.<\/p>\n<p>A senten\u00e7a tamb\u00e9m informa que pedidos de gratuidade de justi\u00e7a podem ser feitos na fase de recurso.<\/p>\n<p>&#8230;&#8230;&#8230;&#8230;&#8230;&#8230;&#8230;&#8230;..<\/p>\n<p><strong>Carolina Paiva \u00e9 Editora do Quadradinho em Foco<\/strong><\/p>\n","protected":false},"excerpt":{"rendered":"<p>Uma decis\u00e3o da Justi\u00e7a do Distrito Federal refor\u00e7ou um ponto essencial da democracia brasileira: policiais, assim como qualquer cidad\u00e3o, podem ser responsabilizados por seus atos, inclusive com publica\u00e7\u00f5es nas redes sociais. O 5\u00ba Juizado Especial C\u00edvel de Bras\u00edlia condenou a inspetora da Pol\u00edcia Rodovi\u00e1ria Federal (PRF) e influenciadora digital Pamela Pereira Vieira a pagar R$ [&hellip;]<\/p>\n","protected":false},"author":2,"featured_media":375208,"comment_status":"closed","ping_status":"closed","sticky":false,"template":"","format":"standard","meta":{"_acf_changed":false,"footnotes":""},"categories":[161],"tags":[],"class_list":["post-375207","post","type-post","status-publish","format-standard","has-post-thumbnail","hentry","category-quadradinho-em-foco"],"acf":[],"yoast_head":"<!-- This site is optimized with the Yoast SEO plugin v27.5 - https:\/\/yoast.com\/product\/yoast-seo-wordpress\/ -->\n<title>Justi\u00e7a deixa claro que pol\u00edcia deve respeitar lei - Notibras<\/title>\n<meta name=\"robots\" content=\"index, follow, max-snippet:-1, max-image-preview:large, max-video-preview:-1\" \/>\n<link rel=\"canonical\" href=\"https:\/\/www.notibras.com\/site\/justica-deixa-claro-que-policia-deve-respeitar-lei\/\" \/>\n<meta property=\"og:locale\" content=\"pt_BR\" \/>\n<meta property=\"og:type\" content=\"article\" \/>\n<meta property=\"og:title\" content=\"Justi\u00e7a deixa claro que pol\u00edcia deve respeitar lei - Notibras\" \/>\n<meta property=\"og:description\" content=\"Uma decis\u00e3o da Justi\u00e7a do Distrito Federal refor\u00e7ou um ponto essencial da democracia brasileira: policiais, assim como qualquer cidad\u00e3o, podem ser responsabilizados por seus atos, inclusive com publica\u00e7\u00f5es nas redes sociais. O 5\u00ba Juizado Especial C\u00edvel de Bras\u00edlia condenou a inspetora da Pol\u00edcia Rodovi\u00e1ria Federal (PRF) e influenciadora digital Pamela Pereira Vieira a pagar R$ [&hellip;]\" \/>\n<meta property=\"og:url\" content=\"https:\/\/www.notibras.com\/site\/justica-deixa-claro-que-policia-deve-respeitar-lei\/\" \/>\n<meta property=\"og:site_name\" content=\"Notibras\" \/>\n<meta property=\"article:publisher\" content=\"https:\/\/www.facebook.com\/notibras\/\" \/>\n<meta property=\"article:published_time\" content=\"2025-12-17T09:09:04+00:00\" \/>\n<meta property=\"article:modified_time\" content=\"2025-12-17T09:10:33+00:00\" \/>\n<meta property=\"og:image\" content=\"https:\/\/www.notibras.com\/site\/wp-content\/uploads\/2025\/12\/5e363c9d-625b-425f-aabc-4dc21986a962-1.jpg\" \/>\n\t<meta property=\"og:image:width\" content=\"908\" \/>\n\t<meta property=\"og:image:height\" content=\"1032\" \/>\n\t<meta property=\"og:image:type\" content=\"image\/jpeg\" \/>\n<meta name=\"author\" content=\"Reda\u00e7\u00e3o\" \/>\n<meta name=\"twitter:card\" content=\"summary_large_image\" \/>\n<meta name=\"twitter:creator\" content=\"@Notibras\" \/>\n<meta name=\"twitter:site\" content=\"@Notibras\" \/>\n<meta name=\"twitter:label1\" content=\"Escrito por\" \/>\n\t<meta name=\"twitter:data1\" content=\"Reda\u00e7\u00e3o\" \/>\n\t<meta name=\"twitter:label2\" content=\"Est. tempo de leitura\" \/>\n\t<meta name=\"twitter:data2\" content=\"3 minutos\" \/>\n<script type=\"application\/ld+json\" class=\"yoast-schema-graph\">{\"@context\":\"https:\\\/\\\/schema.org\",\"@graph\":[{\"@type\":\"Article\",\"@id\":\"https:\\\/\\\/www.notibras.com\\\/site\\\/justica-deixa-claro-que-policia-deve-respeitar-lei\\\/#article\",\"isPartOf\":{\"@id\":\"https:\\\/\\\/www.notibras.com\\\/site\\\/justica-deixa-claro-que-policia-deve-respeitar-lei\\\/\"},\"author\":{\"name\":\"Reda\u00e7\u00e3o\",\"@id\":\"https:\\\/\\\/www.notibras.com\\\/site\\\/#\\\/schema\\\/person\\\/36ab0979449956132d3e5b517ea76ac8\"},\"headline\":\"Justi\u00e7a deixa claro que pol\u00edcia deve respeitar lei\",\"datePublished\":\"2025-12-17T09:09:04+00:00\",\"dateModified\":\"2025-12-17T09:10:33+00:00\",\"mainEntityOfPage\":{\"@id\":\"https:\\\/\\\/www.notibras.com\\\/site\\\/justica-deixa-claro-que-policia-deve-respeitar-lei\\\/\"},\"wordCount\":434,\"publisher\":{\"@id\":\"https:\\\/\\\/www.notibras.com\\\/site\\\/#organization\"},\"image\":{\"@id\":\"https:\\\/\\\/www.notibras.com\\\/site\\\/justica-deixa-claro-que-policia-deve-respeitar-lei\\\/#primaryimage\"},\"thumbnailUrl\":\"https:\\\/\\\/www.notibras.com\\\/site\\\/wp-content\\\/uploads\\\/2025\\\/12\\\/5e363c9d-625b-425f-aabc-4dc21986a962-1.jpg\",\"articleSection\":[\"Quadradinho em Foco\"],\"inLanguage\":\"pt-BR\"},{\"@type\":\"WebPage\",\"@id\":\"https:\\\/\\\/www.notibras.com\\\/site\\\/justica-deixa-claro-que-policia-deve-respeitar-lei\\\/\",\"url\":\"https:\\\/\\\/www.notibras.com\\\/site\\\/justica-deixa-claro-que-policia-deve-respeitar-lei\\\/\",\"name\":\"Justi\u00e7a deixa claro que pol\u00edcia deve respeitar lei - Notibras\",\"isPartOf\":{\"@id\":\"https:\\\/\\\/www.notibras.com\\\/site\\\/#website\"},\"primaryImageOfPage\":{\"@id\":\"https:\\\/\\\/www.notibras.com\\\/site\\\/justica-deixa-claro-que-policia-deve-respeitar-lei\\\/#primaryimage\"},\"image\":{\"@id\":\"https:\\\/\\\/www.notibras.com\\\/site\\\/justica-deixa-claro-que-policia-deve-respeitar-lei\\\/#primaryimage\"},\"thumbnailUrl\":\"https:\\\/\\\/www.notibras.com\\\/site\\\/wp-content\\\/uploads\\\/2025\\\/12\\\/5e363c9d-625b-425f-aabc-4dc21986a962-1.jpg\",\"datePublished\":\"2025-12-17T09:09:04+00:00\",\"dateModified\":\"2025-12-17T09:10:33+00:00\",\"breadcrumb\":{\"@id\":\"https:\\\/\\\/www.notibras.com\\\/site\\\/justica-deixa-claro-que-policia-deve-respeitar-lei\\\/#breadcrumb\"},\"inLanguage\":\"pt-BR\",\"potentialAction\":[{\"@type\":\"ReadAction\",\"target\":[\"https:\\\/\\\/www.notibras.com\\\/site\\\/justica-deixa-claro-que-policia-deve-respeitar-lei\\\/\"]}]},{\"@type\":\"ImageObject\",\"inLanguage\":\"pt-BR\",\"@id\":\"https:\\\/\\\/www.notibras.com\\\/site\\\/justica-deixa-claro-que-policia-deve-respeitar-lei\\\/#primaryimage\",\"url\":\"https:\\\/\\\/www.notibras.com\\\/site\\\/wp-content\\\/uploads\\\/2025\\\/12\\\/5e363c9d-625b-425f-aabc-4dc21986a962-1.jpg\",\"contentUrl\":\"https:\\\/\\\/www.notibras.com\\\/site\\\/wp-content\\\/uploads\\\/2025\\\/12\\\/5e363c9d-625b-425f-aabc-4dc21986a962-1.jpg\",\"width\":908,\"height\":1032},{\"@type\":\"BreadcrumbList\",\"@id\":\"https:\\\/\\\/www.notibras.com\\\/site\\\/justica-deixa-claro-que-policia-deve-respeitar-lei\\\/#breadcrumb\",\"itemListElement\":[{\"@type\":\"ListItem\",\"position\":1,\"name\":\"In\u00edcio\",\"item\":\"https:\\\/\\\/www.notibras.com\\\/site\\\/\"},{\"@type\":\"ListItem\",\"position\":2,\"name\":\"Justi\u00e7a deixa claro que pol\u00edcia deve respeitar lei\"}]},{\"@type\":\"WebSite\",\"@id\":\"https:\\\/\\\/www.notibras.com\\\/site\\\/#website\",\"url\":\"https:\\\/\\\/www.notibras.com\\\/site\\\/\",\"name\":\"Notibras\",\"description\":\"Not\u00edcias de Bras\u00edlia, do Brasil e do Mundo\",\"publisher\":{\"@id\":\"https:\\\/\\\/www.notibras.com\\\/site\\\/#organization\"},\"potentialAction\":[{\"@type\":\"SearchAction\",\"target\":{\"@type\":\"EntryPoint\",\"urlTemplate\":\"https:\\\/\\\/www.notibras.com\\\/site\\\/?s={search_term_string}\"},\"query-input\":{\"@type\":\"PropertyValueSpecification\",\"valueRequired\":true,\"valueName\":\"search_term_string\"}}],\"inLanguage\":\"pt-BR\"},{\"@type\":\"Organization\",\"@id\":\"https:\\\/\\\/www.notibras.com\\\/site\\\/#organization\",\"name\":\"Grupo Notibras de Comunica\u00e7\u00e3o\",\"url\":\"https:\\\/\\\/www.notibras.com\\\/site\\\/\",\"logo\":{\"@type\":\"ImageObject\",\"inLanguage\":\"pt-BR\",\"@id\":\"https:\\\/\\\/www.notibras.com\\\/site\\\/#\\\/schema\\\/logo\\\/image\\\/\",\"url\":\"https:\\\/\\\/www.notibras.com\\\/site\\\/wp-content\\\/uploads\\\/2023\\\/01\\\/notibras23.png\",\"contentUrl\":\"https:\\\/\\\/www.notibras.com\\\/site\\\/wp-content\\\/uploads\\\/2023\\\/01\\\/notibras23.png\",\"width\":350,\"height\":87,\"caption\":\"Grupo Notibras de Comunica\u00e7\u00e3o\"},\"image\":{\"@id\":\"https:\\\/\\\/www.notibras.com\\\/site\\\/#\\\/schema\\\/logo\\\/image\\\/\"},\"sameAs\":[\"https:\\\/\\\/www.facebook.com\\\/notibras\\\/\",\"https:\\\/\\\/x.com\\\/Notibras\",\"https:\\\/\\\/www.instagram.com\\\/notibras\\\/\"]},{\"@type\":\"Person\",\"@id\":\"https:\\\/\\\/www.notibras.com\\\/site\\\/#\\\/schema\\\/person\\\/36ab0979449956132d3e5b517ea76ac8\",\"name\":\"Reda\u00e7\u00e3o\",\"image\":{\"@type\":\"ImageObject\",\"inLanguage\":\"pt-BR\",\"@id\":\"https:\\\/\\\/secure.gravatar.com\\\/avatar\\\/e0a867bdedb85fd243eadf09663511f96fc81e0720a4a42581f334ad4303aa6b?s=96&d=mm&r=g\",\"url\":\"https:\\\/\\\/secure.gravatar.com\\\/avatar\\\/e0a867bdedb85fd243eadf09663511f96fc81e0720a4a42581f334ad4303aa6b?s=96&d=mm&r=g\",\"contentUrl\":\"https:\\\/\\\/secure.gravatar.com\\\/avatar\\\/e0a867bdedb85fd243eadf09663511f96fc81e0720a4a42581f334ad4303aa6b?s=96&d=mm&r=g\",\"caption\":\"Reda\u00e7\u00e3o\"}}]}<\/script>\n<!-- \/ Yoast SEO plugin. -->","yoast_head_json":{"title":"Justi\u00e7a deixa claro que pol\u00edcia deve respeitar lei - Notibras","robots":{"index":"index","follow":"follow","max-snippet":"max-snippet:-1","max-image-preview":"max-image-preview:large","max-video-preview":"max-video-preview:-1"},"canonical":"https:\/\/www.notibras.com\/site\/justica-deixa-claro-que-policia-deve-respeitar-lei\/","og_locale":"pt_BR","og_type":"article","og_title":"Justi\u00e7a deixa claro que pol\u00edcia deve respeitar lei - Notibras","og_description":"Uma decis\u00e3o da Justi\u00e7a do Distrito Federal refor\u00e7ou um ponto essencial da democracia brasileira: policiais, assim como qualquer cidad\u00e3o, podem ser responsabilizados por seus atos, inclusive com publica\u00e7\u00f5es nas redes sociais. O 5\u00ba Juizado Especial C\u00edvel de Bras\u00edlia condenou a inspetora da Pol\u00edcia Rodovi\u00e1ria Federal (PRF) e influenciadora digital Pamela Pereira Vieira a pagar R$ [&hellip;]","og_url":"https:\/\/www.notibras.com\/site\/justica-deixa-claro-que-policia-deve-respeitar-lei\/","og_site_name":"Notibras","article_publisher":"https:\/\/www.facebook.com\/notibras\/","article_published_time":"2025-12-17T09:09:04+00:00","article_modified_time":"2025-12-17T09:10:33+00:00","og_image":[{"width":908,"height":1032,"url":"https:\/\/www.notibras.com\/site\/wp-content\/uploads\/2025\/12\/5e363c9d-625b-425f-aabc-4dc21986a962-1.jpg","type":"image\/jpeg"}],"author":"Reda\u00e7\u00e3o","twitter_card":"summary_large_image","twitter_creator":"@Notibras","twitter_site":"@Notibras","twitter_misc":{"Escrito por":"Reda\u00e7\u00e3o","Est. tempo de leitura":"3 minutos"},"schema":{"@context":"https:\/\/schema.org","@graph":[{"@type":"Article","@id":"https:\/\/www.notibras.com\/site\/justica-deixa-claro-que-policia-deve-respeitar-lei\/#article","isPartOf":{"@id":"https:\/\/www.notibras.com\/site\/justica-deixa-claro-que-policia-deve-respeitar-lei\/"},"author":{"name":"Reda\u00e7\u00e3o","@id":"https:\/\/www.notibras.com\/site\/#\/schema\/person\/36ab0979449956132d3e5b517ea76ac8"},"headline":"Justi\u00e7a deixa claro que pol\u00edcia deve respeitar lei","datePublished":"2025-12-17T09:09:04+00:00","dateModified":"2025-12-17T09:10:33+00:00","mainEntityOfPage":{"@id":"https:\/\/www.notibras.com\/site\/justica-deixa-claro-que-policia-deve-respeitar-lei\/"},"wordCount":434,"publisher":{"@id":"https:\/\/www.notibras.com\/site\/#organization"},"image":{"@id":"https:\/\/www.notibras.com\/site\/justica-deixa-claro-que-policia-deve-respeitar-lei\/#primaryimage"},"thumbnailUrl":"https:\/\/www.notibras.com\/site\/wp-content\/uploads\/2025\/12\/5e363c9d-625b-425f-aabc-4dc21986a962-1.jpg","articleSection":["Quadradinho em Foco"],"inLanguage":"pt-BR"},{"@type":"WebPage","@id":"https:\/\/www.notibras.com\/site\/justica-deixa-claro-que-policia-deve-respeitar-lei\/","url":"https:\/\/www.notibras.com\/site\/justica-deixa-claro-que-policia-deve-respeitar-lei\/","name":"Justi\u00e7a deixa claro que pol\u00edcia deve respeitar lei - Notibras","isPartOf":{"@id":"https:\/\/www.notibras.com\/site\/#website"},"primaryImageOfPage":{"@id":"https:\/\/www.notibras.com\/site\/justica-deixa-claro-que-policia-deve-respeitar-lei\/#primaryimage"},"image":{"@id":"https:\/\/www.notibras.com\/site\/justica-deixa-claro-que-policia-deve-respeitar-lei\/#primaryimage"},"thumbnailUrl":"https:\/\/www.notibras.com\/site\/wp-content\/uploads\/2025\/12\/5e363c9d-625b-425f-aabc-4dc21986a962-1.jpg","datePublished":"2025-12-17T09:09:04+00:00","dateModified":"2025-12-17T09:10:33+00:00","breadcrumb":{"@id":"https:\/\/www.notibras.com\/site\/justica-deixa-claro-que-policia-deve-respeitar-lei\/#breadcrumb"},"inLanguage":"pt-BR","potentialAction":[{"@type":"ReadAction","target":["https:\/\/www.notibras.com\/site\/justica-deixa-claro-que-policia-deve-respeitar-lei\/"]}]},{"@type":"ImageObject","inLanguage":"pt-BR","@id":"https:\/\/www.notibras.com\/site\/justica-deixa-claro-que-policia-deve-respeitar-lei\/#primaryimage","url":"https:\/\/www.notibras.com\/site\/wp-content\/uploads\/2025\/12\/5e363c9d-625b-425f-aabc-4dc21986a962-1.jpg","contentUrl":"https:\/\/www.notibras.com\/site\/wp-content\/uploads\/2025\/12\/5e363c9d-625b-425f-aabc-4dc21986a962-1.jpg","width":908,"height":1032},{"@type":"BreadcrumbList","@id":"https:\/\/www.notibras.com\/site\/justica-deixa-claro-que-policia-deve-respeitar-lei\/#breadcrumb","itemListElement":[{"@type":"ListItem","position":1,"name":"In\u00edcio","item":"https:\/\/www.notibras.com\/site\/"},{"@type":"ListItem","position":2,"name":"Justi\u00e7a deixa claro que pol\u00edcia deve respeitar lei"}]},{"@type":"WebSite","@id":"https:\/\/www.notibras.com\/site\/#website","url":"https:\/\/www.notibras.com\/site\/","name":"Notibras","description":"Not\u00edcias de Bras\u00edlia, do Brasil e do Mundo","publisher":{"@id":"https:\/\/www.notibras.com\/site\/#organization"},"potentialAction":[{"@type":"SearchAction","target":{"@type":"EntryPoint","urlTemplate":"https:\/\/www.notibras.com\/site\/?s={search_term_string}"},"query-input":{"@type":"PropertyValueSpecification","valueRequired":true,"valueName":"search_term_string"}}],"inLanguage":"pt-BR"},{"@type":"Organization","@id":"https:\/\/www.notibras.com\/site\/#organization","name":"Grupo Notibras de Comunica\u00e7\u00e3o","url":"https:\/\/www.notibras.com\/site\/","logo":{"@type":"ImageObject","inLanguage":"pt-BR","@id":"https:\/\/www.notibras.com\/site\/#\/schema\/logo\/image\/","url":"https:\/\/www.notibras.com\/site\/wp-content\/uploads\/2023\/01\/notibras23.png","contentUrl":"https:\/\/www.notibras.com\/site\/wp-content\/uploads\/2023\/01\/notibras23.png","width":350,"height":87,"caption":"Grupo Notibras de Comunica\u00e7\u00e3o"},"image":{"@id":"https:\/\/www.notibras.com\/site\/#\/schema\/logo\/image\/"},"sameAs":["https:\/\/www.facebook.com\/notibras\/","https:\/\/x.com\/Notibras","https:\/\/www.instagram.com\/notibras\/"]},{"@type":"Person","@id":"https:\/\/www.notibras.com\/site\/#\/schema\/person\/36ab0979449956132d3e5b517ea76ac8","name":"Reda\u00e7\u00e3o","image":{"@type":"ImageObject","inLanguage":"pt-BR","@id":"https:\/\/secure.gravatar.com\/avatar\/e0a867bdedb85fd243eadf09663511f96fc81e0720a4a42581f334ad4303aa6b?s=96&d=mm&r=g","url":"https:\/\/secure.gravatar.com\/avatar\/e0a867bdedb85fd243eadf09663511f96fc81e0720a4a42581f334ad4303aa6b?s=96&d=mm&r=g","contentUrl":"https:\/\/secure.gravatar.com\/avatar\/e0a867bdedb85fd243eadf09663511f96fc81e0720a4a42581f334ad4303aa6b?s=96&d=mm&r=g","caption":"Reda\u00e7\u00e3o"}}]}},"amp_enabled":true,"_links":{"self":[{"href":"https:\/\/www.notibras.com\/site\/wp-json\/wp\/v2\/posts\/375207","targetHints":{"allow":["GET"]}}],"collection":[{"href":"https:\/\/www.notibras.com\/site\/wp-json\/wp\/v2\/posts"}],"about":[{"href":"https:\/\/www.notibras.com\/site\/wp-json\/wp\/v2\/types\/post"}],"author":[{"embeddable":true,"href":"https:\/\/www.notibras.com\/site\/wp-json\/wp\/v2\/users\/2"}],"replies":[{"embeddable":true,"href":"https:\/\/www.notibras.com\/site\/wp-json\/wp\/v2\/comments?post=375207"}],"version-history":[{"count":3,"href":"https:\/\/www.notibras.com\/site\/wp-json\/wp\/v2\/posts\/375207\/revisions"}],"predecessor-version":[{"id":375211,"href":"https:\/\/www.notibras.com\/site\/wp-json\/wp\/v2\/posts\/375207\/revisions\/375211"}],"wp:featuredmedia":[{"embeddable":true,"href":"https:\/\/www.notibras.com\/site\/wp-json\/wp\/v2\/media\/375208"}],"wp:attachment":[{"href":"https:\/\/www.notibras.com\/site\/wp-json\/wp\/v2\/media?parent=375207"}],"wp:term":[{"taxonomy":"category","embeddable":true,"href":"https:\/\/www.notibras.com\/site\/wp-json\/wp\/v2\/categories?post=375207"},{"taxonomy":"post_tag","embeddable":true,"href":"https:\/\/www.notibras.com\/site\/wp-json\/wp\/v2\/tags?post=375207"}],"curies":[{"name":"wp","href":"https:\/\/api.w.org\/{rel}","templated":true}]}}