{"id":375226,"date":"2025-12-17T06:50:53","date_gmt":"2025-12-17T09:50:53","guid":{"rendered":"https:\/\/www.notibras.com\/site\/?p=375226"},"modified":"2025-12-17T06:51:53","modified_gmt":"2025-12-17T09:51:53","slug":"entre-mito-preconceito-e-a-ancestralidade-feminina","status":"publish","type":"post","link":"https:\/\/www.notibras.com\/site\/entre-mito-preconceito-e-a-ancestralidade-feminina\/","title":{"rendered":"Entre mito, preconceito e a ancestralidade feminina"},"content":{"rendered":"<p>Pomba Gira \u00e9 uma das entidades mais conhecidas \u2014 e tamb\u00e9m mais incompreendidas \u2014 das religi\u00f5es afro-brasileiras, especialmente na Umbanda e em vertentes da Quimbanda. Ao longo do tempo, sua imagem foi cercada por estigmas, associa\u00e7\u00f5es equivocadas e leituras moralistas que pouco dialogam com sua verdadeira dimens\u00e3o simb\u00f3lica, espiritual e hist\u00f3rica.<\/p>\n<p>Este artigo busca esclarecer o que \u00e9 Pomba Gira, sua origem, seus significados e o papel que ocupa dentro das tradi\u00e7\u00f5es afrodescendentes no Brasil.<\/p>\n<p>Pomba Gira \u00e9 uma entidade espiritual que integra a chamada linha da esquerda na Umbanda. A express\u00e3o \u201cesquerda\u201d n\u00e3o carrega, no contexto religioso afro-brasileiro, o sentido de maldade ou perversidade, como foi difundido por leituras cristianizadas. Trata-se, antes, de um campo simb\u00f3lico ligado \u00e0s encruzilhadas, aos limites, \u00e0s escolhas dif\u00edceis, \u00e0s paix\u00f5es humanas e \u00e0s contradi\u00e7\u00f5es da vida.<\/p>\n<p>Enquanto os Exus masculinos costumam atuar na abertura de caminhos e na comunica\u00e7\u00e3o entre os mundos, as Pomba Giras representam uma for\u00e7a feminina intensa, ligada \u00e0 autonomia, \u00e0 sexualidade, \u00e0 justi\u00e7a emocional e \u00e0 quebra de opress\u00f5es sociais.<\/p>\n<p><strong>Quem \u00e9 Pomba Gira?<\/strong><br \/>\nPomba Gira n\u00e3o \u00e9 uma \u00fanica entidade, mas uma categoria espiritual que re\u00fane diversas falanges e manifesta\u00e7\u00f5es, como:<\/p>\n<p><strong>Pomba Gira Maria Padilha<\/strong><br \/>\n<strong>Pomba Gira Maria Mulambo<\/strong><br \/>\n<strong>Pomba Gira Rainha das Sete Encruzilhadas<\/strong><br \/>\n<strong>Pomba Gira Cigana<\/strong><br \/>\n<strong>Pomba Gira das Almas<\/strong><\/p>\n<p>Cada uma dessas manifesta\u00e7\u00f5es possui caracter\u00edsticas pr\u00f3prias, hist\u00f3rias simb\u00f3licas e campos espec\u00edficos de atua\u00e7\u00e3o espiritual.<\/p>\n<p>De modo geral, Pomba Gira \u00e9 associada \u00e0 figura da mulher marginalizada pela sociedade: aquela que foi silenciada, julgada, violentada ou exclu\u00edda por desafiar normas patriarcais. No plano espiritual, essa experi\u00eancia de dor se transforma em for\u00e7a, consci\u00eancia e poder.<\/p>\n<p>Um dos aspectos mais pol\u00eamicos da Pomba Gira \u00e9 sua rela\u00e7\u00e3o com a sexualidade. Diferentemente da moral crist\u00e3 repressiva, as religi\u00f5es afrodescendentes tratam o corpo e o desejo como dimens\u00f5es naturais da exist\u00eancia humana.<\/p>\n<p>Pomba Gira n\u00e3o simboliza promiscuidade, mas autonomia sobre o pr\u00f3prio corpo, liberdade de escolha e afirma\u00e7\u00e3o do prazer como parte da vida. Sua imagem \u2014 muitas vezes representada com roupas vermelhas, joias, risadas altas e postura firme \u2014 \u00e9 uma afronta direta aos modelos tradicionais de submiss\u00e3o feminina.<\/p>\n<p>Por isso, tornou-se alvo frequente de demoniza\u00e7\u00e3o, sobretudo por setores religiosos que associam qualquer express\u00e3o de sexualidade feminina ao pecado.<\/p>\n<p>A encruzilhada \u00e9 um s\u00edmbolo central no culto a Pomba Gira. Ela representa o lugar das decis\u00f5es, dos encontros e desencontros, do cruzamento entre caminhos vis\u00edveis e invis\u00edveis.<\/p>\n<p>No plano simb\u00f3lico, a encruzilhada \u00e9 o espa\u00e7o onde n\u00e3o h\u00e1 respostas simples. \u00c9 ali que Pomba Gira atua: ajudando seus consulentes a enxergar verdades inc\u00f4modas, enfrentar rela\u00e7\u00f5es abusivas, romper ciclos de humilha\u00e7\u00e3o e assumir responsabilidades sobre suas escolhas.<\/p>\n<p><strong>Preconceito religioso<\/strong><br \/>\nA demoniza\u00e7\u00e3o da Pomba Gira est\u00e1 profundamente ligada ao racismo religioso que marca a hist\u00f3ria do Brasil. Durante s\u00e9culos, pr\u00e1ticas de matriz africana foram perseguidas, criminalizadas e associadas ao mal, enquanto s\u00edmbolos crist\u00e3os eram impostos como universais.<\/p>\n<p>Nesse processo, Pomba Gira foi reduzida a caricaturas: \u201centidade do mal\u201d, \u201cdem\u00f4nio feminino\u201d ou \u201cesp\u00edrito obsessivo\u201d. Tais leituras ignoram completamente sua fun\u00e7\u00e3o \u00e9tica e espiritual dentro dos terreiros.<\/p>\n<p>Na viv\u00eancia religiosa afro-brasileira, nenhuma entidade trabalha para o mal. O que existe \u00e9 a responsabiliza\u00e7\u00e3o dos atos humanos e a compreens\u00e3o de que toda escolha gera consequ\u00eancias.<\/p>\n<p>Hoje, Pomba Gira ocupa um lugar central no debate sobre g\u00eanero, identidade e resist\u00eancia cultural. Para muitas mulheres \u2014 e tamb\u00e9m para homens e pessoas LGBTQIA+ \u2014 ela representa acolhimento, for\u00e7a e reconstru\u00e7\u00e3o da autoestima.<\/p>\n<p>Nos terreiros, \u00e9 comum que Pomba Gira atue em quest\u00f5es como:<\/p>\n<p><strong>Relacionamentos afetivos<\/strong><br \/>\n<strong>Viol\u00eancia emocional<\/strong><br \/>\n<strong>Autoestima e autonomia<\/strong><br \/>\n<strong>Justi\u00e7a simb\u00f3lica<\/strong><br \/>\n<strong>Liberta\u00e7\u00e3o de v\u00ednculos opressores<\/strong><\/p>\n<p>Mais do que uma entidade espiritual, Pomba Gira tornou-se um s\u00edmbolo de resist\u00eancia contra s\u00e9culos de silenciamento feminino.<\/p>\n<p>Pomba Gira \u00e9 ancestralidade viva, mem\u00f3ria coletiva e for\u00e7a espiritual. Ela n\u00e3o pede submiss\u00e3o, mas consci\u00eancia; n\u00e3o oferece atalhos f\u00e1ceis, mas clareza; n\u00e3o refor\u00e7a moralismos, mas confronta hipocrisias.<\/p>\n<p>Compreender Pomba Gira \u00e9, antes de tudo, um exerc\u00edcio de respeito \u00e0s religi\u00f5es afrodescendentes e \u00e0s m\u00faltiplas formas de espiritualidade que ajudaram a formar a identidade cultural brasileira.<\/p>\n<p>Ignor\u00e1-la ou demoniz\u00e1-la \u00e9 repetir velhos preconceitos. Conhec\u00ea-la \u00e9 abrir caminhos para uma leitura mais justa, plural e profunda da f\u00e9 e da hist\u00f3ria do Brasil.<\/p>\n","protected":false},"excerpt":{"rendered":"<p>Pomba Gira \u00e9 uma das entidades mais conhecidas \u2014 e tamb\u00e9m mais incompreendidas \u2014 das religi\u00f5es afro-brasileiras, especialmente na Umbanda e em vertentes da Quimbanda. Ao longo do tempo, sua imagem foi cercada por estigmas, associa\u00e7\u00f5es equivocadas e leituras moralistas que pouco dialogam com sua verdadeira dimens\u00e3o simb\u00f3lica, espiritual e hist\u00f3rica. Este artigo busca esclarecer [&hellip;]<\/p>\n","protected":false},"author":2,"featured_media":375227,"comment_status":"closed","ping_status":"closed","sticky":false,"template":"","format":"standard","meta":{"_acf_changed":false,"footnotes":""},"categories":[237],"tags":[],"class_list":["post-375226","post","type-post","status-publish","format-standard","has-post-thumbnail","hentry","category-oraculos"],"acf":[],"yoast_head":"<!-- This site is optimized with the Yoast SEO plugin v27.2 - https:\/\/yoast.com\/product\/yoast-seo-wordpress\/ -->\n<title>Entre mito, preconceito e a ancestralidade feminina - Notibras<\/title>\n<meta name=\"robots\" content=\"index, follow, max-snippet:-1, max-image-preview:large, max-video-preview:-1\" \/>\n<link rel=\"canonical\" href=\"https:\/\/www.notibras.com\/site\/entre-mito-preconceito-e-a-ancestralidade-feminina\/\" \/>\n<meta property=\"og:locale\" content=\"pt_BR\" \/>\n<meta property=\"og:type\" content=\"article\" \/>\n<meta property=\"og:title\" content=\"Entre mito, preconceito e a ancestralidade feminina - Notibras\" \/>\n<meta property=\"og:description\" content=\"Pomba Gira \u00e9 uma das entidades mais conhecidas \u2014 e tamb\u00e9m mais incompreendidas \u2014 das religi\u00f5es afro-brasileiras, especialmente na Umbanda e em vertentes da Quimbanda. Ao longo do tempo, sua imagem foi cercada por estigmas, associa\u00e7\u00f5es equivocadas e leituras moralistas que pouco dialogam com sua verdadeira dimens\u00e3o simb\u00f3lica, espiritual e hist\u00f3rica. Este artigo busca esclarecer [&hellip;]\" \/>\n<meta property=\"og:url\" content=\"https:\/\/www.notibras.com\/site\/entre-mito-preconceito-e-a-ancestralidade-feminina\/\" \/>\n<meta property=\"og:site_name\" content=\"Notibras\" \/>\n<meta property=\"article:publisher\" content=\"https:\/\/www.facebook.com\/notibras\/\" \/>\n<meta property=\"article:published_time\" content=\"2025-12-17T09:50:53+00:00\" \/>\n<meta property=\"article:modified_time\" content=\"2025-12-17T09:51:53+00:00\" \/>\n<meta property=\"og:image\" content=\"https:\/\/www.notibras.com\/site\/wp-content\/uploads\/2025\/12\/9ff86d14-a627-44fe-8fc9-8b758d6ffea9-683x1024.png\" \/>\n\t<meta property=\"og:image:width\" content=\"683\" \/>\n\t<meta property=\"og:image:height\" content=\"1024\" \/>\n\t<meta property=\"og:image:type\" content=\"image\/png\" \/>\n<meta name=\"author\" content=\"Reda\u00e7\u00e3o\" \/>\n<meta name=\"twitter:card\" content=\"summary_large_image\" \/>\n<meta name=\"twitter:creator\" content=\"@Notibras\" \/>\n<meta name=\"twitter:site\" content=\"@Notibras\" \/>\n<meta name=\"twitter:label1\" content=\"Escrito por\" \/>\n\t<meta name=\"twitter:data1\" content=\"Reda\u00e7\u00e3o\" \/>\n\t<meta name=\"twitter:label2\" content=\"Est. tempo de leitura\" \/>\n\t<meta name=\"twitter:data2\" content=\"5 minutos\" \/>\n<script type=\"application\/ld+json\" class=\"yoast-schema-graph\">{\"@context\":\"https:\/\/schema.org\",\"@graph\":[{\"@type\":\"Article\",\"@id\":\"https:\/\/www.notibras.com\/site\/entre-mito-preconceito-e-a-ancestralidade-feminina\/#article\",\"isPartOf\":{\"@id\":\"https:\/\/www.notibras.com\/site\/entre-mito-preconceito-e-a-ancestralidade-feminina\/\"},\"author\":{\"name\":\"Reda\u00e7\u00e3o\",\"@id\":\"https:\/\/www.notibras.com\/site\/#\/schema\/person\/36ab0979449956132d3e5b517ea76ac8\"},\"headline\":\"Entre mito, preconceito e a ancestralidade feminina\",\"datePublished\":\"2025-12-17T09:50:53+00:00\",\"dateModified\":\"2025-12-17T09:51:53+00:00\",\"mainEntityOfPage\":{\"@id\":\"https:\/\/www.notibras.com\/site\/entre-mito-preconceito-e-a-ancestralidade-feminina\/\"},\"wordCount\":766,\"publisher\":{\"@id\":\"https:\/\/www.notibras.com\/site\/#organization\"},\"image\":{\"@id\":\"https:\/\/www.notibras.com\/site\/entre-mito-preconceito-e-a-ancestralidade-feminina\/#primaryimage\"},\"thumbnailUrl\":\"https:\/\/www.notibras.com\/site\/wp-content\/uploads\/2025\/12\/9ff86d14-a627-44fe-8fc9-8b758d6ffea9.png\",\"articleSection\":[\"Or\u00e1culos\"],\"inLanguage\":\"pt-BR\"},{\"@type\":\"WebPage\",\"@id\":\"https:\/\/www.notibras.com\/site\/entre-mito-preconceito-e-a-ancestralidade-feminina\/\",\"url\":\"https:\/\/www.notibras.com\/site\/entre-mito-preconceito-e-a-ancestralidade-feminina\/\",\"name\":\"Entre mito, preconceito e a ancestralidade feminina - Notibras\",\"isPartOf\":{\"@id\":\"https:\/\/www.notibras.com\/site\/#website\"},\"primaryImageOfPage\":{\"@id\":\"https:\/\/www.notibras.com\/site\/entre-mito-preconceito-e-a-ancestralidade-feminina\/#primaryimage\"},\"image\":{\"@id\":\"https:\/\/www.notibras.com\/site\/entre-mito-preconceito-e-a-ancestralidade-feminina\/#primaryimage\"},\"thumbnailUrl\":\"https:\/\/www.notibras.com\/site\/wp-content\/uploads\/2025\/12\/9ff86d14-a627-44fe-8fc9-8b758d6ffea9.png\",\"datePublished\":\"2025-12-17T09:50:53+00:00\",\"dateModified\":\"2025-12-17T09:51:53+00:00\",\"breadcrumb\":{\"@id\":\"https:\/\/www.notibras.com\/site\/entre-mito-preconceito-e-a-ancestralidade-feminina\/#breadcrumb\"},\"inLanguage\":\"pt-BR\",\"potentialAction\":[{\"@type\":\"ReadAction\",\"target\":[\"https:\/\/www.notibras.com\/site\/entre-mito-preconceito-e-a-ancestralidade-feminina\/\"]}]},{\"@type\":\"ImageObject\",\"inLanguage\":\"pt-BR\",\"@id\":\"https:\/\/www.notibras.com\/site\/entre-mito-preconceito-e-a-ancestralidade-feminina\/#primaryimage\",\"url\":\"https:\/\/www.notibras.com\/site\/wp-content\/uploads\/2025\/12\/9ff86d14-a627-44fe-8fc9-8b758d6ffea9.png\",\"contentUrl\":\"https:\/\/www.notibras.com\/site\/wp-content\/uploads\/2025\/12\/9ff86d14-a627-44fe-8fc9-8b758d6ffea9.png\",\"width\":1024,\"height\":1536},{\"@type\":\"BreadcrumbList\",\"@id\":\"https:\/\/www.notibras.com\/site\/entre-mito-preconceito-e-a-ancestralidade-feminina\/#breadcrumb\",\"itemListElement\":[{\"@type\":\"ListItem\",\"position\":1,\"name\":\"In\u00edcio\",\"item\":\"https:\/\/www.notibras.com\/site\/\"},{\"@type\":\"ListItem\",\"position\":2,\"name\":\"Entre mito, preconceito e a ancestralidade feminina\"}]},{\"@type\":\"WebSite\",\"@id\":\"https:\/\/www.notibras.com\/site\/#website\",\"url\":\"https:\/\/www.notibras.com\/site\/\",\"name\":\"Notibras\",\"description\":\"Not\u00edcias de Bras\u00edlia, do Brasil e do Mundo\",\"publisher\":{\"@id\":\"https:\/\/www.notibras.com\/site\/#organization\"},\"potentialAction\":[{\"@type\":\"SearchAction\",\"target\":{\"@type\":\"EntryPoint\",\"urlTemplate\":\"https:\/\/www.notibras.com\/site\/?s={search_term_string}\"},\"query-input\":{\"@type\":\"PropertyValueSpecification\",\"valueRequired\":true,\"valueName\":\"search_term_string\"}}],\"inLanguage\":\"pt-BR\"},{\"@type\":\"Organization\",\"@id\":\"https:\/\/www.notibras.com\/site\/#organization\",\"name\":\"Grupo Notibras de Comunica\u00e7\u00e3o\",\"url\":\"https:\/\/www.notibras.com\/site\/\",\"logo\":{\"@type\":\"ImageObject\",\"inLanguage\":\"pt-BR\",\"@id\":\"https:\/\/www.notibras.com\/site\/#\/schema\/logo\/image\/\",\"url\":\"https:\/\/www.notibras.com\/site\/wp-content\/uploads\/2023\/01\/notibras23.png\",\"contentUrl\":\"https:\/\/www.notibras.com\/site\/wp-content\/uploads\/2023\/01\/notibras23.png\",\"width\":350,\"height\":87,\"caption\":\"Grupo Notibras de Comunica\u00e7\u00e3o\"},\"image\":{\"@id\":\"https:\/\/www.notibras.com\/site\/#\/schema\/logo\/image\/\"},\"sameAs\":[\"https:\/\/www.facebook.com\/notibras\/\",\"https:\/\/x.com\/Notibras\",\"https:\/\/www.instagram.com\/notibras\/\"]},{\"@type\":\"Person\",\"@id\":\"https:\/\/www.notibras.com\/site\/#\/schema\/person\/36ab0979449956132d3e5b517ea76ac8\",\"name\":\"Reda\u00e7\u00e3o\",\"image\":{\"@type\":\"ImageObject\",\"inLanguage\":\"pt-BR\",\"@id\":\"https:\/\/secure.gravatar.com\/avatar\/e0a867bdedb85fd243eadf09663511f96fc81e0720a4a42581f334ad4303aa6b?s=96&d=mm&r=g\",\"url\":\"https:\/\/secure.gravatar.com\/avatar\/e0a867bdedb85fd243eadf09663511f96fc81e0720a4a42581f334ad4303aa6b?s=96&d=mm&r=g\",\"contentUrl\":\"https:\/\/secure.gravatar.com\/avatar\/e0a867bdedb85fd243eadf09663511f96fc81e0720a4a42581f334ad4303aa6b?s=96&d=mm&r=g\",\"caption\":\"Reda\u00e7\u00e3o\"}}]}<\/script>\n<!-- \/ Yoast SEO plugin. -->","yoast_head_json":{"title":"Entre mito, preconceito e a ancestralidade feminina - Notibras","robots":{"index":"index","follow":"follow","max-snippet":"max-snippet:-1","max-image-preview":"max-image-preview:large","max-video-preview":"max-video-preview:-1"},"canonical":"https:\/\/www.notibras.com\/site\/entre-mito-preconceito-e-a-ancestralidade-feminina\/","og_locale":"pt_BR","og_type":"article","og_title":"Entre mito, preconceito e a ancestralidade feminina - Notibras","og_description":"Pomba Gira \u00e9 uma das entidades mais conhecidas \u2014 e tamb\u00e9m mais incompreendidas \u2014 das religi\u00f5es afro-brasileiras, especialmente na Umbanda e em vertentes da Quimbanda. Ao longo do tempo, sua imagem foi cercada por estigmas, associa\u00e7\u00f5es equivocadas e leituras moralistas que pouco dialogam com sua verdadeira dimens\u00e3o simb\u00f3lica, espiritual e hist\u00f3rica. Este artigo busca esclarecer [&hellip;]","og_url":"https:\/\/www.notibras.com\/site\/entre-mito-preconceito-e-a-ancestralidade-feminina\/","og_site_name":"Notibras","article_publisher":"https:\/\/www.facebook.com\/notibras\/","article_published_time":"2025-12-17T09:50:53+00:00","article_modified_time":"2025-12-17T09:51:53+00:00","og_image":[{"width":683,"height":1024,"url":"https:\/\/www.notibras.com\/site\/wp-content\/uploads\/2025\/12\/9ff86d14-a627-44fe-8fc9-8b758d6ffea9-683x1024.png","type":"image\/png"}],"author":"Reda\u00e7\u00e3o","twitter_card":"summary_large_image","twitter_creator":"@Notibras","twitter_site":"@Notibras","twitter_misc":{"Escrito por":"Reda\u00e7\u00e3o","Est. tempo de leitura":"5 minutos"},"schema":{"@context":"https:\/\/schema.org","@graph":[{"@type":"Article","@id":"https:\/\/www.notibras.com\/site\/entre-mito-preconceito-e-a-ancestralidade-feminina\/#article","isPartOf":{"@id":"https:\/\/www.notibras.com\/site\/entre-mito-preconceito-e-a-ancestralidade-feminina\/"},"author":{"name":"Reda\u00e7\u00e3o","@id":"https:\/\/www.notibras.com\/site\/#\/schema\/person\/36ab0979449956132d3e5b517ea76ac8"},"headline":"Entre mito, preconceito e a ancestralidade feminina","datePublished":"2025-12-17T09:50:53+00:00","dateModified":"2025-12-17T09:51:53+00:00","mainEntityOfPage":{"@id":"https:\/\/www.notibras.com\/site\/entre-mito-preconceito-e-a-ancestralidade-feminina\/"},"wordCount":766,"publisher":{"@id":"https:\/\/www.notibras.com\/site\/#organization"},"image":{"@id":"https:\/\/www.notibras.com\/site\/entre-mito-preconceito-e-a-ancestralidade-feminina\/#primaryimage"},"thumbnailUrl":"https:\/\/www.notibras.com\/site\/wp-content\/uploads\/2025\/12\/9ff86d14-a627-44fe-8fc9-8b758d6ffea9.png","articleSection":["Or\u00e1culos"],"inLanguage":"pt-BR"},{"@type":"WebPage","@id":"https:\/\/www.notibras.com\/site\/entre-mito-preconceito-e-a-ancestralidade-feminina\/","url":"https:\/\/www.notibras.com\/site\/entre-mito-preconceito-e-a-ancestralidade-feminina\/","name":"Entre mito, preconceito e a ancestralidade feminina - Notibras","isPartOf":{"@id":"https:\/\/www.notibras.com\/site\/#website"},"primaryImageOfPage":{"@id":"https:\/\/www.notibras.com\/site\/entre-mito-preconceito-e-a-ancestralidade-feminina\/#primaryimage"},"image":{"@id":"https:\/\/www.notibras.com\/site\/entre-mito-preconceito-e-a-ancestralidade-feminina\/#primaryimage"},"thumbnailUrl":"https:\/\/www.notibras.com\/site\/wp-content\/uploads\/2025\/12\/9ff86d14-a627-44fe-8fc9-8b758d6ffea9.png","datePublished":"2025-12-17T09:50:53+00:00","dateModified":"2025-12-17T09:51:53+00:00","breadcrumb":{"@id":"https:\/\/www.notibras.com\/site\/entre-mito-preconceito-e-a-ancestralidade-feminina\/#breadcrumb"},"inLanguage":"pt-BR","potentialAction":[{"@type":"ReadAction","target":["https:\/\/www.notibras.com\/site\/entre-mito-preconceito-e-a-ancestralidade-feminina\/"]}]},{"@type":"ImageObject","inLanguage":"pt-BR","@id":"https:\/\/www.notibras.com\/site\/entre-mito-preconceito-e-a-ancestralidade-feminina\/#primaryimage","url":"https:\/\/www.notibras.com\/site\/wp-content\/uploads\/2025\/12\/9ff86d14-a627-44fe-8fc9-8b758d6ffea9.png","contentUrl":"https:\/\/www.notibras.com\/site\/wp-content\/uploads\/2025\/12\/9ff86d14-a627-44fe-8fc9-8b758d6ffea9.png","width":1024,"height":1536},{"@type":"BreadcrumbList","@id":"https:\/\/www.notibras.com\/site\/entre-mito-preconceito-e-a-ancestralidade-feminina\/#breadcrumb","itemListElement":[{"@type":"ListItem","position":1,"name":"In\u00edcio","item":"https:\/\/www.notibras.com\/site\/"},{"@type":"ListItem","position":2,"name":"Entre mito, preconceito e a ancestralidade feminina"}]},{"@type":"WebSite","@id":"https:\/\/www.notibras.com\/site\/#website","url":"https:\/\/www.notibras.com\/site\/","name":"Notibras","description":"Not\u00edcias de Bras\u00edlia, do Brasil e do Mundo","publisher":{"@id":"https:\/\/www.notibras.com\/site\/#organization"},"potentialAction":[{"@type":"SearchAction","target":{"@type":"EntryPoint","urlTemplate":"https:\/\/www.notibras.com\/site\/?s={search_term_string}"},"query-input":{"@type":"PropertyValueSpecification","valueRequired":true,"valueName":"search_term_string"}}],"inLanguage":"pt-BR"},{"@type":"Organization","@id":"https:\/\/www.notibras.com\/site\/#organization","name":"Grupo Notibras de Comunica\u00e7\u00e3o","url":"https:\/\/www.notibras.com\/site\/","logo":{"@type":"ImageObject","inLanguage":"pt-BR","@id":"https:\/\/www.notibras.com\/site\/#\/schema\/logo\/image\/","url":"https:\/\/www.notibras.com\/site\/wp-content\/uploads\/2023\/01\/notibras23.png","contentUrl":"https:\/\/www.notibras.com\/site\/wp-content\/uploads\/2023\/01\/notibras23.png","width":350,"height":87,"caption":"Grupo Notibras de Comunica\u00e7\u00e3o"},"image":{"@id":"https:\/\/www.notibras.com\/site\/#\/schema\/logo\/image\/"},"sameAs":["https:\/\/www.facebook.com\/notibras\/","https:\/\/x.com\/Notibras","https:\/\/www.instagram.com\/notibras\/"]},{"@type":"Person","@id":"https:\/\/www.notibras.com\/site\/#\/schema\/person\/36ab0979449956132d3e5b517ea76ac8","name":"Reda\u00e7\u00e3o","image":{"@type":"ImageObject","inLanguage":"pt-BR","@id":"https:\/\/secure.gravatar.com\/avatar\/e0a867bdedb85fd243eadf09663511f96fc81e0720a4a42581f334ad4303aa6b?s=96&d=mm&r=g","url":"https:\/\/secure.gravatar.com\/avatar\/e0a867bdedb85fd243eadf09663511f96fc81e0720a4a42581f334ad4303aa6b?s=96&d=mm&r=g","contentUrl":"https:\/\/secure.gravatar.com\/avatar\/e0a867bdedb85fd243eadf09663511f96fc81e0720a4a42581f334ad4303aa6b?s=96&d=mm&r=g","caption":"Reda\u00e7\u00e3o"}}]}},"amp_enabled":true,"_links":{"self":[{"href":"https:\/\/www.notibras.com\/site\/wp-json\/wp\/v2\/posts\/375226","targetHints":{"allow":["GET"]}}],"collection":[{"href":"https:\/\/www.notibras.com\/site\/wp-json\/wp\/v2\/posts"}],"about":[{"href":"https:\/\/www.notibras.com\/site\/wp-json\/wp\/v2\/types\/post"}],"author":[{"embeddable":true,"href":"https:\/\/www.notibras.com\/site\/wp-json\/wp\/v2\/users\/2"}],"replies":[{"embeddable":true,"href":"https:\/\/www.notibras.com\/site\/wp-json\/wp\/v2\/comments?post=375226"}],"version-history":[{"count":2,"href":"https:\/\/www.notibras.com\/site\/wp-json\/wp\/v2\/posts\/375226\/revisions"}],"predecessor-version":[{"id":375229,"href":"https:\/\/www.notibras.com\/site\/wp-json\/wp\/v2\/posts\/375226\/revisions\/375229"}],"wp:featuredmedia":[{"embeddable":true,"href":"https:\/\/www.notibras.com\/site\/wp-json\/wp\/v2\/media\/375227"}],"wp:attachment":[{"href":"https:\/\/www.notibras.com\/site\/wp-json\/wp\/v2\/media?parent=375226"}],"wp:term":[{"taxonomy":"category","embeddable":true,"href":"https:\/\/www.notibras.com\/site\/wp-json\/wp\/v2\/categories?post=375226"},{"taxonomy":"post_tag","embeddable":true,"href":"https:\/\/www.notibras.com\/site\/wp-json\/wp\/v2\/tags?post=375226"}],"curies":[{"name":"wp","href":"https:\/\/api.w.org\/{rel}","templated":true}]}}