{"id":375250,"date":"2025-12-18T02:00:39","date_gmt":"2025-12-18T05:00:39","guid":{"rendered":"https:\/\/www.notibras.com\/site\/?p=375250"},"modified":"2025-12-19T03:18:12","modified_gmt":"2025-12-19T06:18:12","slug":"um-velorio-muito-louco","status":"publish","type":"post","link":"https:\/\/www.notibras.com\/site\/um-velorio-muito-louco\/","title":{"rendered":"Um vel\u00f3rio muito louco"},"content":{"rendered":"<p>Aquele vel\u00f3rio prometia. Quer dizer, tudo indicava que seria muito concorrido, j\u00e1 que o defunto, apesar da fama duvidosa, era benquisto por parcela dos que o conhecia. J\u00e1 a outra parte, melhor nem comentar, pois, dizem, falar mal dos mortos d\u00e1 azar.<\/p>\n<p>Arlindo Teixeira&#8230; Quem? Hum! Tamb\u00e9m, por esse nome, talvez nem a parentada soubesse quem era. Capaz de achar que fosse engano.<\/p>\n<p>Arlindo Coca-Cola enfartou aos 67 anos e n\u00e3o teve quem desse jeito. Morreu a caminho do hospital. E motivos \u00e9 que n\u00e3o faltaram para o triste fim desse Policarpo Quaresma desprovido de ideais.<\/p>\n<p>Bebia igual a uma porca. Gordo que nem um capado. N\u00e3o fazia gin\u00e1stica. Desse modo, n\u00e3o tinha como ajudar. Diziam os mais chegados que at\u00e9 durou muito.<\/p>\n<p>L\u00facio Amendoim e M\u00e1rcio Minhoca, os tais chegados, at\u00e9 a derradeira noite antes do \u00faltimo respiro, faziam companhia ao desprovido de cuidados com a pr\u00f3pria sa\u00fade no botequim do Zeca. Como voc\u00ea j\u00e1 deve ter percebido, os dois tamb\u00e9m n\u00e3o eram adeptos da malha\u00e7\u00e3o, nem mesmo a contra Judas no s\u00e1bado de aleluia.<\/p>\n<p>J\u00e1 no cemit\u00e9rio Campo da Esperan\u00e7a, na Asa Sul, em Bras\u00edlia, enquanto davam o \u00faltimo adeus ao agora finado, Amendoim e Minhoca, talvez impressionados com a fei\u00e7\u00e3o p\u00e1lida do parceiro im\u00f3vel dentro do f\u00e9retro, imaginaram, ao mesmo tempo, terem ouvido vozes. Eles se entreolharam e, ent\u00e3o, deu-se o seguinte interl\u00fadio.<\/p>\n<p>\u2014 Tu ouviu o que eu ouvi, Amendoim?<\/p>\n<p>\u2014 Como pode isso, Minhoca?<\/p>\n<p>\u2014 Num sei! S\u00f3 sei que \u00e9 a voz do Coca-Cola.<\/p>\n<p>Os dois fitaram o rosto do falecido, que parecia imitar o sorriso de Monalisa. Seria poss\u00edvel? Diante da d\u00favida, Minhoca arriscou.<\/p>\n<p>\u2014 Coca-Cola, foi tu que falou?<\/p>\n<p>Nada. Nem mesmo um ai. No entanto, assim que os dois estavam prestes a voltar \u00e0 realidade, eis que Arlindo Coca-Cola, direto do f\u00e9retro, arregalou os olhos e gargalhou. Minhoca e Amendoim tomaram um baita susto e se abra\u00e7aram de medo.<\/p>\n<p>Ainda com um resqu\u00edcio de coragem, Minhoca quis dar um pito no morto.<\/p>\n<p>\u2014 P\u00f4, Coca-Cola! Quer matar a gente de susto?<\/p>\n<p>Foi como se aquelas palavras fizessem o rosto do Arlindo Coca-Cola voltar \u00e0 palidez m\u00f3rbida. Os colegas at\u00e9 tentaram puxar assunto, mas parecia que o moribundo n\u00e3o queria mais papo. Tanto \u00e9 que permaneceu calado at\u00e9 que o caix\u00e3o foi fechado.<\/p>\n<p>Amigos em vida, os tr\u00eas esquifes foram depositados lado a lado. Quem sabe n\u00e3o continuariam aquela conversa no al\u00e9m?<\/p>\n<p><strong>\u2026\u2026\u2026\u2026\u2026\u2026\u2026\u2026<\/strong><\/p>\n<p><strong>Eduardo Mart\u00ednez \u00e9 autor do livro \u201957 Contos e Cr\u00f4nicas por um Autor Muito Velho\u2019 (Vencedor do Pr\u00eamio Liter\u00e1rio Clarice Lispector \u2013 2025 na categoria livro de contos).<\/strong><\/p>\n<p><strong>Compre aqui<\/strong><\/p>\n<p><a href=\"https:\/\/www.joanineditora.com.br\/57-contos-e-cronicas-por-um-autor-muito-velho\"><strong>https:\/\/www.joanineditora.com.br\/57-contos-e-cronicas-por-um-autor-muito-velho<\/strong><\/a><\/p>\n","protected":false},"excerpt":{"rendered":"<p>Aquele vel\u00f3rio prometia. Quer dizer, tudo indicava que seria muito concorrido, j\u00e1 que o defunto, apesar da fama duvidosa, era benquisto por parcela dos que o conhecia. J\u00e1 a outra parte, melhor nem comentar, pois, dizem, falar mal dos mortos d\u00e1 azar. Arlindo Teixeira&#8230; Quem? Hum! Tamb\u00e9m, por esse nome, talvez nem a parentada soubesse [&hellip;]<\/p>\n","protected":false},"author":21,"featured_media":375251,"comment_status":"closed","ping_status":"closed","sticky":false,"template":"","format":"standard","meta":{"_acf_changed":false,"footnotes":""},"categories":[161],"tags":[],"class_list":["post-375250","post","type-post","status-publish","format-standard","has-post-thumbnail","hentry","category-quadradinho-em-foco"],"acf":[],"yoast_head":"<!-- This site is optimized with the Yoast SEO plugin v27.5 - https:\/\/yoast.com\/product\/yoast-seo-wordpress\/ -->\n<title>Um vel\u00f3rio muito louco - Notibras<\/title>\n<meta name=\"robots\" content=\"index, follow, max-snippet:-1, max-image-preview:large, max-video-preview:-1\" \/>\n<link rel=\"canonical\" href=\"https:\/\/www.notibras.com\/site\/um-velorio-muito-louco\/\" \/>\n<meta property=\"og:locale\" content=\"pt_BR\" \/>\n<meta property=\"og:type\" content=\"article\" \/>\n<meta property=\"og:title\" content=\"Um vel\u00f3rio muito louco - Notibras\" \/>\n<meta property=\"og:description\" content=\"Aquele vel\u00f3rio prometia. Quer dizer, tudo indicava que seria muito concorrido, j\u00e1 que o defunto, apesar da fama duvidosa, era benquisto por parcela dos que o conhecia. J\u00e1 a outra parte, melhor nem comentar, pois, dizem, falar mal dos mortos d\u00e1 azar. Arlindo Teixeira&#8230; Quem? Hum! Tamb\u00e9m, por esse nome, talvez nem a parentada soubesse [&hellip;]\" \/>\n<meta property=\"og:url\" content=\"https:\/\/www.notibras.com\/site\/um-velorio-muito-louco\/\" \/>\n<meta property=\"og:site_name\" content=\"Notibras\" \/>\n<meta property=\"article:publisher\" content=\"https:\/\/www.facebook.com\/notibras\/\" \/>\n<meta property=\"article:published_time\" content=\"2025-12-18T05:00:39+00:00\" \/>\n<meta property=\"article:modified_time\" content=\"2025-12-19T06:18:12+00:00\" \/>\n<meta property=\"og:image\" content=\"https:\/\/www.notibras.com\/site\/wp-content\/uploads\/2025\/12\/IMG_9473.jpg\" \/>\n\t<meta property=\"og:image:width\" content=\"1023\" \/>\n\t<meta property=\"og:image:height\" content=\"915\" \/>\n\t<meta property=\"og:image:type\" content=\"image\/jpeg\" \/>\n<meta name=\"author\" content=\"Eduardo Mart\u00ednez\" \/>\n<meta name=\"twitter:card\" content=\"summary_large_image\" \/>\n<meta name=\"twitter:creator\" content=\"@Notibras\" \/>\n<meta name=\"twitter:site\" content=\"@Notibras\" \/>\n<meta name=\"twitter:label1\" content=\"Escrito por\" \/>\n\t<meta name=\"twitter:data1\" content=\"Eduardo Mart\u00ednez\" \/>\n\t<meta name=\"twitter:label2\" content=\"Est. tempo de leitura\" \/>\n\t<meta name=\"twitter:data2\" content=\"3 minutos\" \/>\n<script type=\"application\/ld+json\" class=\"yoast-schema-graph\">{\"@context\":\"https:\\\/\\\/schema.org\",\"@graph\":[{\"@type\":\"Article\",\"@id\":\"https:\\\/\\\/www.notibras.com\\\/site\\\/um-velorio-muito-louco\\\/#article\",\"isPartOf\":{\"@id\":\"https:\\\/\\\/www.notibras.com\\\/site\\\/um-velorio-muito-louco\\\/\"},\"author\":{\"name\":\"Eduardo Mart\u00ednez\",\"@id\":\"https:\\\/\\\/www.notibras.com\\\/site\\\/#\\\/schema\\\/person\\\/5b7fabf2aedc3ada2105f03b22b4d3dd\"},\"headline\":\"Um vel\u00f3rio muito louco\",\"datePublished\":\"2025-12-18T05:00:39+00:00\",\"dateModified\":\"2025-12-19T06:18:12+00:00\",\"mainEntityOfPage\":{\"@id\":\"https:\\\/\\\/www.notibras.com\\\/site\\\/um-velorio-muito-louco\\\/\"},\"wordCount\":465,\"publisher\":{\"@id\":\"https:\\\/\\\/www.notibras.com\\\/site\\\/#organization\"},\"image\":{\"@id\":\"https:\\\/\\\/www.notibras.com\\\/site\\\/um-velorio-muito-louco\\\/#primaryimage\"},\"thumbnailUrl\":\"https:\\\/\\\/www.notibras.com\\\/site\\\/wp-content\\\/uploads\\\/2025\\\/12\\\/IMG_9473.jpg\",\"articleSection\":[\"Quadradinho em Foco\"],\"inLanguage\":\"pt-BR\"},{\"@type\":\"WebPage\",\"@id\":\"https:\\\/\\\/www.notibras.com\\\/site\\\/um-velorio-muito-louco\\\/\",\"url\":\"https:\\\/\\\/www.notibras.com\\\/site\\\/um-velorio-muito-louco\\\/\",\"name\":\"Um vel\u00f3rio muito louco - Notibras\",\"isPartOf\":{\"@id\":\"https:\\\/\\\/www.notibras.com\\\/site\\\/#website\"},\"primaryImageOfPage\":{\"@id\":\"https:\\\/\\\/www.notibras.com\\\/site\\\/um-velorio-muito-louco\\\/#primaryimage\"},\"image\":{\"@id\":\"https:\\\/\\\/www.notibras.com\\\/site\\\/um-velorio-muito-louco\\\/#primaryimage\"},\"thumbnailUrl\":\"https:\\\/\\\/www.notibras.com\\\/site\\\/wp-content\\\/uploads\\\/2025\\\/12\\\/IMG_9473.jpg\",\"datePublished\":\"2025-12-18T05:00:39+00:00\",\"dateModified\":\"2025-12-19T06:18:12+00:00\",\"breadcrumb\":{\"@id\":\"https:\\\/\\\/www.notibras.com\\\/site\\\/um-velorio-muito-louco\\\/#breadcrumb\"},\"inLanguage\":\"pt-BR\",\"potentialAction\":[{\"@type\":\"ReadAction\",\"target\":[\"https:\\\/\\\/www.notibras.com\\\/site\\\/um-velorio-muito-louco\\\/\"]}]},{\"@type\":\"ImageObject\",\"inLanguage\":\"pt-BR\",\"@id\":\"https:\\\/\\\/www.notibras.com\\\/site\\\/um-velorio-muito-louco\\\/#primaryimage\",\"url\":\"https:\\\/\\\/www.notibras.com\\\/site\\\/wp-content\\\/uploads\\\/2025\\\/12\\\/IMG_9473.jpg\",\"contentUrl\":\"https:\\\/\\\/www.notibras.com\\\/site\\\/wp-content\\\/uploads\\\/2025\\\/12\\\/IMG_9473.jpg\",\"width\":1023,\"height\":915},{\"@type\":\"BreadcrumbList\",\"@id\":\"https:\\\/\\\/www.notibras.com\\\/site\\\/um-velorio-muito-louco\\\/#breadcrumb\",\"itemListElement\":[{\"@type\":\"ListItem\",\"position\":1,\"name\":\"In\u00edcio\",\"item\":\"https:\\\/\\\/www.notibras.com\\\/site\\\/\"},{\"@type\":\"ListItem\",\"position\":2,\"name\":\"Um vel\u00f3rio muito louco\"}]},{\"@type\":\"WebSite\",\"@id\":\"https:\\\/\\\/www.notibras.com\\\/site\\\/#website\",\"url\":\"https:\\\/\\\/www.notibras.com\\\/site\\\/\",\"name\":\"Notibras\",\"description\":\"Not\u00edcias de Bras\u00edlia, do Brasil e do Mundo\",\"publisher\":{\"@id\":\"https:\\\/\\\/www.notibras.com\\\/site\\\/#organization\"},\"potentialAction\":[{\"@type\":\"SearchAction\",\"target\":{\"@type\":\"EntryPoint\",\"urlTemplate\":\"https:\\\/\\\/www.notibras.com\\\/site\\\/?s={search_term_string}\"},\"query-input\":{\"@type\":\"PropertyValueSpecification\",\"valueRequired\":true,\"valueName\":\"search_term_string\"}}],\"inLanguage\":\"pt-BR\"},{\"@type\":\"Organization\",\"@id\":\"https:\\\/\\\/www.notibras.com\\\/site\\\/#organization\",\"name\":\"Grupo Notibras de Comunica\u00e7\u00e3o\",\"url\":\"https:\\\/\\\/www.notibras.com\\\/site\\\/\",\"logo\":{\"@type\":\"ImageObject\",\"inLanguage\":\"pt-BR\",\"@id\":\"https:\\\/\\\/www.notibras.com\\\/site\\\/#\\\/schema\\\/logo\\\/image\\\/\",\"url\":\"https:\\\/\\\/www.notibras.com\\\/site\\\/wp-content\\\/uploads\\\/2023\\\/01\\\/notibras23.png\",\"contentUrl\":\"https:\\\/\\\/www.notibras.com\\\/site\\\/wp-content\\\/uploads\\\/2023\\\/01\\\/notibras23.png\",\"width\":350,\"height\":87,\"caption\":\"Grupo Notibras de Comunica\u00e7\u00e3o\"},\"image\":{\"@id\":\"https:\\\/\\\/www.notibras.com\\\/site\\\/#\\\/schema\\\/logo\\\/image\\\/\"},\"sameAs\":[\"https:\\\/\\\/www.facebook.com\\\/notibras\\\/\",\"https:\\\/\\\/x.com\\\/Notibras\",\"https:\\\/\\\/www.instagram.com\\\/notibras\\\/\"]},{\"@type\":\"Person\",\"@id\":\"https:\\\/\\\/www.notibras.com\\\/site\\\/#\\\/schema\\\/person\\\/5b7fabf2aedc3ada2105f03b22b4d3dd\",\"name\":\"Eduardo Mart\u00ednez\",\"image\":{\"@type\":\"ImageObject\",\"inLanguage\":\"pt-BR\",\"@id\":\"https:\\\/\\\/secure.gravatar.com\\\/avatar\\\/7902f906289926289cbcda644b5197c796b893c6ffd7b9a536a42d290f7704a0?s=96&d=mm&r=g\",\"url\":\"https:\\\/\\\/secure.gravatar.com\\\/avatar\\\/7902f906289926289cbcda644b5197c796b893c6ffd7b9a536a42d290f7704a0?s=96&d=mm&r=g\",\"contentUrl\":\"https:\\\/\\\/secure.gravatar.com\\\/avatar\\\/7902f906289926289cbcda644b5197c796b893c6ffd7b9a536a42d290f7704a0?s=96&d=mm&r=g\",\"caption\":\"Eduardo Mart\u00ednez\"}}]}<\/script>\n<!-- \/ Yoast SEO plugin. -->","yoast_head_json":{"title":"Um vel\u00f3rio muito louco - Notibras","robots":{"index":"index","follow":"follow","max-snippet":"max-snippet:-1","max-image-preview":"max-image-preview:large","max-video-preview":"max-video-preview:-1"},"canonical":"https:\/\/www.notibras.com\/site\/um-velorio-muito-louco\/","og_locale":"pt_BR","og_type":"article","og_title":"Um vel\u00f3rio muito louco - Notibras","og_description":"Aquele vel\u00f3rio prometia. Quer dizer, tudo indicava que seria muito concorrido, j\u00e1 que o defunto, apesar da fama duvidosa, era benquisto por parcela dos que o conhecia. J\u00e1 a outra parte, melhor nem comentar, pois, dizem, falar mal dos mortos d\u00e1 azar. Arlindo Teixeira&#8230; Quem? Hum! Tamb\u00e9m, por esse nome, talvez nem a parentada soubesse [&hellip;]","og_url":"https:\/\/www.notibras.com\/site\/um-velorio-muito-louco\/","og_site_name":"Notibras","article_publisher":"https:\/\/www.facebook.com\/notibras\/","article_published_time":"2025-12-18T05:00:39+00:00","article_modified_time":"2025-12-19T06:18:12+00:00","og_image":[{"width":1023,"height":915,"url":"https:\/\/www.notibras.com\/site\/wp-content\/uploads\/2025\/12\/IMG_9473.jpg","type":"image\/jpeg"}],"author":"Eduardo Mart\u00ednez","twitter_card":"summary_large_image","twitter_creator":"@Notibras","twitter_site":"@Notibras","twitter_misc":{"Escrito por":"Eduardo Mart\u00ednez","Est. tempo de leitura":"3 minutos"},"schema":{"@context":"https:\/\/schema.org","@graph":[{"@type":"Article","@id":"https:\/\/www.notibras.com\/site\/um-velorio-muito-louco\/#article","isPartOf":{"@id":"https:\/\/www.notibras.com\/site\/um-velorio-muito-louco\/"},"author":{"name":"Eduardo Mart\u00ednez","@id":"https:\/\/www.notibras.com\/site\/#\/schema\/person\/5b7fabf2aedc3ada2105f03b22b4d3dd"},"headline":"Um vel\u00f3rio muito louco","datePublished":"2025-12-18T05:00:39+00:00","dateModified":"2025-12-19T06:18:12+00:00","mainEntityOfPage":{"@id":"https:\/\/www.notibras.com\/site\/um-velorio-muito-louco\/"},"wordCount":465,"publisher":{"@id":"https:\/\/www.notibras.com\/site\/#organization"},"image":{"@id":"https:\/\/www.notibras.com\/site\/um-velorio-muito-louco\/#primaryimage"},"thumbnailUrl":"https:\/\/www.notibras.com\/site\/wp-content\/uploads\/2025\/12\/IMG_9473.jpg","articleSection":["Quadradinho em Foco"],"inLanguage":"pt-BR"},{"@type":"WebPage","@id":"https:\/\/www.notibras.com\/site\/um-velorio-muito-louco\/","url":"https:\/\/www.notibras.com\/site\/um-velorio-muito-louco\/","name":"Um vel\u00f3rio muito louco - Notibras","isPartOf":{"@id":"https:\/\/www.notibras.com\/site\/#website"},"primaryImageOfPage":{"@id":"https:\/\/www.notibras.com\/site\/um-velorio-muito-louco\/#primaryimage"},"image":{"@id":"https:\/\/www.notibras.com\/site\/um-velorio-muito-louco\/#primaryimage"},"thumbnailUrl":"https:\/\/www.notibras.com\/site\/wp-content\/uploads\/2025\/12\/IMG_9473.jpg","datePublished":"2025-12-18T05:00:39+00:00","dateModified":"2025-12-19T06:18:12+00:00","breadcrumb":{"@id":"https:\/\/www.notibras.com\/site\/um-velorio-muito-louco\/#breadcrumb"},"inLanguage":"pt-BR","potentialAction":[{"@type":"ReadAction","target":["https:\/\/www.notibras.com\/site\/um-velorio-muito-louco\/"]}]},{"@type":"ImageObject","inLanguage":"pt-BR","@id":"https:\/\/www.notibras.com\/site\/um-velorio-muito-louco\/#primaryimage","url":"https:\/\/www.notibras.com\/site\/wp-content\/uploads\/2025\/12\/IMG_9473.jpg","contentUrl":"https:\/\/www.notibras.com\/site\/wp-content\/uploads\/2025\/12\/IMG_9473.jpg","width":1023,"height":915},{"@type":"BreadcrumbList","@id":"https:\/\/www.notibras.com\/site\/um-velorio-muito-louco\/#breadcrumb","itemListElement":[{"@type":"ListItem","position":1,"name":"In\u00edcio","item":"https:\/\/www.notibras.com\/site\/"},{"@type":"ListItem","position":2,"name":"Um vel\u00f3rio muito louco"}]},{"@type":"WebSite","@id":"https:\/\/www.notibras.com\/site\/#website","url":"https:\/\/www.notibras.com\/site\/","name":"Notibras","description":"Not\u00edcias de Bras\u00edlia, do Brasil e do Mundo","publisher":{"@id":"https:\/\/www.notibras.com\/site\/#organization"},"potentialAction":[{"@type":"SearchAction","target":{"@type":"EntryPoint","urlTemplate":"https:\/\/www.notibras.com\/site\/?s={search_term_string}"},"query-input":{"@type":"PropertyValueSpecification","valueRequired":true,"valueName":"search_term_string"}}],"inLanguage":"pt-BR"},{"@type":"Organization","@id":"https:\/\/www.notibras.com\/site\/#organization","name":"Grupo Notibras de Comunica\u00e7\u00e3o","url":"https:\/\/www.notibras.com\/site\/","logo":{"@type":"ImageObject","inLanguage":"pt-BR","@id":"https:\/\/www.notibras.com\/site\/#\/schema\/logo\/image\/","url":"https:\/\/www.notibras.com\/site\/wp-content\/uploads\/2023\/01\/notibras23.png","contentUrl":"https:\/\/www.notibras.com\/site\/wp-content\/uploads\/2023\/01\/notibras23.png","width":350,"height":87,"caption":"Grupo Notibras de Comunica\u00e7\u00e3o"},"image":{"@id":"https:\/\/www.notibras.com\/site\/#\/schema\/logo\/image\/"},"sameAs":["https:\/\/www.facebook.com\/notibras\/","https:\/\/x.com\/Notibras","https:\/\/www.instagram.com\/notibras\/"]},{"@type":"Person","@id":"https:\/\/www.notibras.com\/site\/#\/schema\/person\/5b7fabf2aedc3ada2105f03b22b4d3dd","name":"Eduardo Mart\u00ednez","image":{"@type":"ImageObject","inLanguage":"pt-BR","@id":"https:\/\/secure.gravatar.com\/avatar\/7902f906289926289cbcda644b5197c796b893c6ffd7b9a536a42d290f7704a0?s=96&d=mm&r=g","url":"https:\/\/secure.gravatar.com\/avatar\/7902f906289926289cbcda644b5197c796b893c6ffd7b9a536a42d290f7704a0?s=96&d=mm&r=g","contentUrl":"https:\/\/secure.gravatar.com\/avatar\/7902f906289926289cbcda644b5197c796b893c6ffd7b9a536a42d290f7704a0?s=96&d=mm&r=g","caption":"Eduardo Mart\u00ednez"}}]}},"amp_enabled":true,"_links":{"self":[{"href":"https:\/\/www.notibras.com\/site\/wp-json\/wp\/v2\/posts\/375250","targetHints":{"allow":["GET"]}}],"collection":[{"href":"https:\/\/www.notibras.com\/site\/wp-json\/wp\/v2\/posts"}],"about":[{"href":"https:\/\/www.notibras.com\/site\/wp-json\/wp\/v2\/types\/post"}],"author":[{"embeddable":true,"href":"https:\/\/www.notibras.com\/site\/wp-json\/wp\/v2\/users\/21"}],"replies":[{"embeddable":true,"href":"https:\/\/www.notibras.com\/site\/wp-json\/wp\/v2\/comments?post=375250"}],"version-history":[{"count":3,"href":"https:\/\/www.notibras.com\/site\/wp-json\/wp\/v2\/posts\/375250\/revisions"}],"predecessor-version":[{"id":375478,"href":"https:\/\/www.notibras.com\/site\/wp-json\/wp\/v2\/posts\/375250\/revisions\/375478"}],"wp:featuredmedia":[{"embeddable":true,"href":"https:\/\/www.notibras.com\/site\/wp-json\/wp\/v2\/media\/375251"}],"wp:attachment":[{"href":"https:\/\/www.notibras.com\/site\/wp-json\/wp\/v2\/media?parent=375250"}],"wp:term":[{"taxonomy":"category","embeddable":true,"href":"https:\/\/www.notibras.com\/site\/wp-json\/wp\/v2\/categories?post=375250"},{"taxonomy":"post_tag","embeddable":true,"href":"https:\/\/www.notibras.com\/site\/wp-json\/wp\/v2\/tags?post=375250"}],"curies":[{"name":"wp","href":"https:\/\/api.w.org\/{rel}","templated":true}]}}