{"id":37526,"date":"2015-02-18T22:54:35","date_gmt":"2015-02-19T01:54:35","guid":{"rendered":"http:\/\/www.notibras.com\/site\/?p=37526"},"modified":"2015-02-19T08:53:01","modified_gmt":"2015-02-19T11:53:01","slug":"corinthians-mostra-objetividade-e-vence-sao-paulo-por-2-a-0-pela-libertadores","status":"publish","type":"post","link":"https:\/\/www.notibras.com\/site\/corinthians-mostra-objetividade-e-vence-sao-paulo-por-2-a-0-pela-libertadores\/","title":{"rendered":"Corinthians mostra objetividade e vence o S\u00e3o Paulo por 2 a 0"},"content":{"rendered":"<p>O futebol de resultados do Corinthians bateu o jogo fino e de passes sutis do S\u00e3o Paulo na noite desta quarta-feira 18, pela primeira rodada dos dois times paulistas na Copa Libertadores da Am\u00e9rica. O resultado de 2 a 0 foi constru\u00eddo nos dois tempos com Elias e Jadson, fazendo a fiel torcida corintiana comemorar com\u00a0 muita festa no Itaquer\u00e3o.<\/p>\n<p>O primeiro gol surgiu depois de um lindo passe de Jadson, com Elias batendo de primeira no canto do goleiro Rog\u00e9rio Ceni , que nada pode fazer. No segundo tempo, ap\u00f3s um lance duvidoso em que Emerson derrubou Bruno, o Corinthians puxou contra-ataque e marcou com Jadson. O ex-s\u00e3o-paulino deixou Reinaldo ca\u00eddo no gramado antes de mandar para o gol.<\/p>\n<div>Diante de tantas possibilidades levantadas sobre a escala\u00e7\u00e3o do S\u00e3o Paulo, Muricy Ramalho n\u00e3o surpreendeu tanto ao escalar Maicon, no meio-campo, Michel Bastos, na lateral esquerda, e D\u00f3ria, na zaga. Mas, no duelo das estrat\u00e9gias entre os treinadores, foi Tite quem saiu em vantagem.<\/div>\n<blockquote>\n<div>Impulsionado pela torcida, o Corinthians foi quem come\u00e7ou melhor na partida. E bem melhor, principalmente na intensidade e na movimenta\u00e7\u00e3o dos meio-campistas. Assim, depois de F\u00e1bio Santos desperdi\u00e7ar oportunidade com meta aberta aos 3min e a equipe da casa ficar em cima, o gol era uma possibilidade clara e aconteceu. Aos 11min, Jadson enxergou o deslocamento de Elias e acertou lan\u00e7amento preciso para a finaliza\u00e7\u00e3o de primeira.<\/div>\n<\/blockquote>\n<div><\/div>\n<div>O gol n\u00e3o mudou o panorama da partida e o Corinthians dominava principalmente pelo lado esquerdo do ataque, com F\u00e1bio Santos e Emerson. Gil, por pouco, n\u00e3o ampliou o marcador na sequ\u00eancia, e o S\u00e3o Paulo s\u00f3 come\u00e7ou a jogar aos 25min. Mas, muito mais por recuo corintiano que por uma melhora na equipe. Ao fim do primeiro tempo, o time de Muricy Ramalho n\u00e3o tinha uma oportunidade de gol criada.<\/div>\n<div>Sem substitui\u00e7\u00f5es no intervalo, o S\u00e3o Paulo voltou para o jogo da mesma maneira. Mas o Corinthians, que antes ocupava o campo de ataque, preferiu recuar para controlar o jogo e avan\u00e7ar em velocidade. Mesmo com outra estrat\u00e9gia, a equipe de Tite continuava mais perigosa. No melhor avan\u00e7o, Jadson chutou de fora da \u00e1rea, pr\u00f3ximo ao travess\u00e3o.<\/div>\n<div>Muricy tentou mudar o panorama. Tirou Alan Kardec, in\u00f3cuo na partida, e acionou o lateral Reinaldo, o que colocou Michel Bastos mais na frente. A temperatura subiu mesmo apenas por chegada dura de Den\u00edlson em Elias e porque Jadson, com Den\u00edlson ca\u00eddo, chutou tudo o que viu. Mas o massacre corintiano em campo, na bola, continuaria.<\/div>\n<div><\/div>\n<div>Com 23min, o lance que consolidaria a vantagem do Corinthians no marcador. Com uma dose de pol\u00eamica, inclusive. Emerson cometeu falta no lateral Bruno, mas o \u00e1rbitro Ricardo Marques Ribeiro mandou seguir. Sheik avan\u00e7ou em velocidade e viu a passagem de Jadson, que aplicou drible bonito em Reinaldo e tocou por baixo de Rog\u00e9rio Ceni. Foi a p\u00e1 de cal no cl\u00e1ssico.<\/div>\n<p>&nbsp;<\/p>\n<p>&nbsp;<\/p>\n<p>&nbsp;<\/p>\n<p>&nbsp;<\/p>\n","protected":false},"excerpt":{"rendered":"<p>O futebol de resultados do Corinthians bateu o jogo fino e de passes sutis do S\u00e3o Paulo na noite desta quarta-feira 18, pela primeira rodada dos dois times paulistas na Copa Libertadores da Am\u00e9rica. O resultado de 2 a 0 foi constru\u00eddo nos dois tempos com Elias e Jadson, fazendo a fiel torcida corintiana comemorar [&hellip;]<\/p>\n","protected":false},"author":2,"featured_media":37532,"comment_status":"open","ping_status":"closed","sticky":false,"template":"","format":"standard","meta":{"_acf_changed":false,"footnotes":""},"categories":[19,29],"tags":[],"class_list":["post-37526","post","type-post","status-publish","format-standard","has-post-thumbnail","hentry","category-esportes","category-futebol"],"acf":[],"yoast_head":"<!-- This site is optimized with the Yoast SEO plugin v27.2 - https:\/\/yoast.com\/product\/yoast-seo-wordpress\/ -->\n<title>Corinthians mostra objetividade e vence o S\u00e3o Paulo por 2 a 0 - Notibras<\/title>\n<meta name=\"robots\" content=\"index, follow, max-snippet:-1, max-image-preview:large, max-video-preview:-1\" \/>\n<link rel=\"canonical\" href=\"https:\/\/www.notibras.com\/site\/corinthians-mostra-objetividade-e-vence-sao-paulo-por-2-a-0-pela-libertadores\/\" \/>\n<meta property=\"og:locale\" content=\"pt_BR\" \/>\n<meta property=\"og:type\" content=\"article\" \/>\n<meta property=\"og:title\" content=\"Corinthians mostra objetividade e vence o S\u00e3o Paulo por 2 a 0 - Notibras\" \/>\n<meta property=\"og:description\" content=\"O futebol de resultados do Corinthians bateu o jogo fino e de passes sutis do S\u00e3o Paulo na noite desta quarta-feira 18, pela primeira rodada dos dois times paulistas na Copa Libertadores da Am\u00e9rica. O resultado de 2 a 0 foi constru\u00eddo nos dois tempos com Elias e Jadson, fazendo a fiel torcida corintiana comemorar [&hellip;]\" \/>\n<meta property=\"og:url\" content=\"https:\/\/www.notibras.com\/site\/corinthians-mostra-objetividade-e-vence-sao-paulo-por-2-a-0-pela-libertadores\/\" \/>\n<meta property=\"og:site_name\" content=\"Notibras\" \/>\n<meta property=\"article:publisher\" content=\"https:\/\/www.facebook.com\/notibras\/\" \/>\n<meta property=\"article:published_time\" content=\"2015-02-19T01:54:35+00:00\" \/>\n<meta property=\"article:modified_time\" content=\"2015-02-19T11:53:01+00:00\" \/>\n<meta property=\"og:image\" content=\"https:\/\/www.notibras.com\/site\/wp-content\/uploads\/2015\/02\/corinthiansfestafriedemannvogelgetty.jpg\" \/>\n\t<meta property=\"og:image:width\" content=\"600\" \/>\n\t<meta property=\"og:image:height\" content=\"375\" \/>\n\t<meta property=\"og:image:type\" content=\"image\/jpeg\" \/>\n<meta name=\"author\" content=\"Reda\u00e7\u00e3o\" \/>\n<meta name=\"twitter:card\" content=\"summary_large_image\" \/>\n<meta name=\"twitter:creator\" content=\"@Notibras\" \/>\n<meta name=\"twitter:site\" content=\"@Notibras\" \/>\n<meta name=\"twitter:label1\" content=\"Escrito por\" \/>\n\t<meta name=\"twitter:data1\" content=\"Reda\u00e7\u00e3o\" \/>\n\t<meta name=\"twitter:label2\" content=\"Est. tempo de leitura\" \/>\n\t<meta name=\"twitter:data2\" content=\"3 minutos\" \/>\n<script type=\"application\/ld+json\" class=\"yoast-schema-graph\">{\"@context\":\"https:\/\/schema.org\",\"@graph\":[{\"@type\":\"Article\",\"@id\":\"https:\/\/www.notibras.com\/site\/corinthians-mostra-objetividade-e-vence-sao-paulo-por-2-a-0-pela-libertadores\/#article\",\"isPartOf\":{\"@id\":\"https:\/\/www.notibras.com\/site\/corinthians-mostra-objetividade-e-vence-sao-paulo-por-2-a-0-pela-libertadores\/\"},\"author\":{\"name\":\"Reda\u00e7\u00e3o\",\"@id\":\"https:\/\/www.notibras.com\/site\/#\/schema\/person\/36ab0979449956132d3e5b517ea76ac8\"},\"headline\":\"Corinthians mostra objetividade e vence o S\u00e3o Paulo por 2 a 0\",\"datePublished\":\"2015-02-19T01:54:35+00:00\",\"dateModified\":\"2015-02-19T11:53:01+00:00\",\"mainEntityOfPage\":{\"@id\":\"https:\/\/www.notibras.com\/site\/corinthians-mostra-objetividade-e-vence-sao-paulo-por-2-a-0-pela-libertadores\/\"},\"wordCount\":529,\"commentCount\":0,\"publisher\":{\"@id\":\"https:\/\/www.notibras.com\/site\/#organization\"},\"image\":{\"@id\":\"https:\/\/www.notibras.com\/site\/corinthians-mostra-objetividade-e-vence-sao-paulo-por-2-a-0-pela-libertadores\/#primaryimage\"},\"thumbnailUrl\":\"https:\/\/www.notibras.com\/site\/wp-content\/uploads\/2015\/02\/corinthiansfestafriedemannvogelgetty.jpg\",\"articleSection\":[\"Esportes\",\"Futebol\"],\"inLanguage\":\"pt-BR\",\"potentialAction\":[{\"@type\":\"CommentAction\",\"name\":\"Comment\",\"target\":[\"https:\/\/www.notibras.com\/site\/corinthians-mostra-objetividade-e-vence-sao-paulo-por-2-a-0-pela-libertadores\/#respond\"]}]},{\"@type\":\"WebPage\",\"@id\":\"https:\/\/www.notibras.com\/site\/corinthians-mostra-objetividade-e-vence-sao-paulo-por-2-a-0-pela-libertadores\/\",\"url\":\"https:\/\/www.notibras.com\/site\/corinthians-mostra-objetividade-e-vence-sao-paulo-por-2-a-0-pela-libertadores\/\",\"name\":\"Corinthians mostra objetividade e vence o S\u00e3o Paulo por 2 a 0 - Notibras\",\"isPartOf\":{\"@id\":\"https:\/\/www.notibras.com\/site\/#website\"},\"primaryImageOfPage\":{\"@id\":\"https:\/\/www.notibras.com\/site\/corinthians-mostra-objetividade-e-vence-sao-paulo-por-2-a-0-pela-libertadores\/#primaryimage\"},\"image\":{\"@id\":\"https:\/\/www.notibras.com\/site\/corinthians-mostra-objetividade-e-vence-sao-paulo-por-2-a-0-pela-libertadores\/#primaryimage\"},\"thumbnailUrl\":\"https:\/\/www.notibras.com\/site\/wp-content\/uploads\/2015\/02\/corinthiansfestafriedemannvogelgetty.jpg\",\"datePublished\":\"2015-02-19T01:54:35+00:00\",\"dateModified\":\"2015-02-19T11:53:01+00:00\",\"breadcrumb\":{\"@id\":\"https:\/\/www.notibras.com\/site\/corinthians-mostra-objetividade-e-vence-sao-paulo-por-2-a-0-pela-libertadores\/#breadcrumb\"},\"inLanguage\":\"pt-BR\",\"potentialAction\":[{\"@type\":\"ReadAction\",\"target\":[\"https:\/\/www.notibras.com\/site\/corinthians-mostra-objetividade-e-vence-sao-paulo-por-2-a-0-pela-libertadores\/\"]}]},{\"@type\":\"ImageObject\",\"inLanguage\":\"pt-BR\",\"@id\":\"https:\/\/www.notibras.com\/site\/corinthians-mostra-objetividade-e-vence-sao-paulo-por-2-a-0-pela-libertadores\/#primaryimage\",\"url\":\"https:\/\/www.notibras.com\/site\/wp-content\/uploads\/2015\/02\/corinthiansfestafriedemannvogelgetty.jpg\",\"contentUrl\":\"https:\/\/www.notibras.com\/site\/wp-content\/uploads\/2015\/02\/corinthiansfestafriedemannvogelgetty.jpg\",\"width\":600,\"height\":375},{\"@type\":\"BreadcrumbList\",\"@id\":\"https:\/\/www.notibras.com\/site\/corinthians-mostra-objetividade-e-vence-sao-paulo-por-2-a-0-pela-libertadores\/#breadcrumb\",\"itemListElement\":[{\"@type\":\"ListItem\",\"position\":1,\"name\":\"In\u00edcio\",\"item\":\"https:\/\/www.notibras.com\/site\/\"},{\"@type\":\"ListItem\",\"position\":2,\"name\":\"Corinthians mostra objetividade e vence o S\u00e3o Paulo por 2 a 0\"}]},{\"@type\":\"WebSite\",\"@id\":\"https:\/\/www.notibras.com\/site\/#website\",\"url\":\"https:\/\/www.notibras.com\/site\/\",\"name\":\"Notibras\",\"description\":\"Not\u00edcias de Bras\u00edlia, do Brasil e do Mundo\",\"publisher\":{\"@id\":\"https:\/\/www.notibras.com\/site\/#organization\"},\"potentialAction\":[{\"@type\":\"SearchAction\",\"target\":{\"@type\":\"EntryPoint\",\"urlTemplate\":\"https:\/\/www.notibras.com\/site\/?s={search_term_string}\"},\"query-input\":{\"@type\":\"PropertyValueSpecification\",\"valueRequired\":true,\"valueName\":\"search_term_string\"}}],\"inLanguage\":\"pt-BR\"},{\"@type\":\"Organization\",\"@id\":\"https:\/\/www.notibras.com\/site\/#organization\",\"name\":\"Grupo Notibras de Comunica\u00e7\u00e3o\",\"url\":\"https:\/\/www.notibras.com\/site\/\",\"logo\":{\"@type\":\"ImageObject\",\"inLanguage\":\"pt-BR\",\"@id\":\"https:\/\/www.notibras.com\/site\/#\/schema\/logo\/image\/\",\"url\":\"https:\/\/www.notibras.com\/site\/wp-content\/uploads\/2023\/01\/notibras23.png\",\"contentUrl\":\"https:\/\/www.notibras.com\/site\/wp-content\/uploads\/2023\/01\/notibras23.png\",\"width\":350,\"height\":87,\"caption\":\"Grupo Notibras de Comunica\u00e7\u00e3o\"},\"image\":{\"@id\":\"https:\/\/www.notibras.com\/site\/#\/schema\/logo\/image\/\"},\"sameAs\":[\"https:\/\/www.facebook.com\/notibras\/\",\"https:\/\/x.com\/Notibras\",\"https:\/\/www.instagram.com\/notibras\/\"]},{\"@type\":\"Person\",\"@id\":\"https:\/\/www.notibras.com\/site\/#\/schema\/person\/36ab0979449956132d3e5b517ea76ac8\",\"name\":\"Reda\u00e7\u00e3o\",\"image\":{\"@type\":\"ImageObject\",\"inLanguage\":\"pt-BR\",\"@id\":\"https:\/\/secure.gravatar.com\/avatar\/e0a867bdedb85fd243eadf09663511f96fc81e0720a4a42581f334ad4303aa6b?s=96&d=mm&r=g\",\"url\":\"https:\/\/secure.gravatar.com\/avatar\/e0a867bdedb85fd243eadf09663511f96fc81e0720a4a42581f334ad4303aa6b?s=96&d=mm&r=g\",\"contentUrl\":\"https:\/\/secure.gravatar.com\/avatar\/e0a867bdedb85fd243eadf09663511f96fc81e0720a4a42581f334ad4303aa6b?s=96&d=mm&r=g\",\"caption\":\"Reda\u00e7\u00e3o\"}}]}<\/script>\n<!-- \/ Yoast SEO plugin. -->","yoast_head_json":{"title":"Corinthians mostra objetividade e vence o S\u00e3o Paulo por 2 a 0 - Notibras","robots":{"index":"index","follow":"follow","max-snippet":"max-snippet:-1","max-image-preview":"max-image-preview:large","max-video-preview":"max-video-preview:-1"},"canonical":"https:\/\/www.notibras.com\/site\/corinthians-mostra-objetividade-e-vence-sao-paulo-por-2-a-0-pela-libertadores\/","og_locale":"pt_BR","og_type":"article","og_title":"Corinthians mostra objetividade e vence o S\u00e3o Paulo por 2 a 0 - Notibras","og_description":"O futebol de resultados do Corinthians bateu o jogo fino e de passes sutis do S\u00e3o Paulo na noite desta quarta-feira 18, pela primeira rodada dos dois times paulistas na Copa Libertadores da Am\u00e9rica. O resultado de 2 a 0 foi constru\u00eddo nos dois tempos com Elias e Jadson, fazendo a fiel torcida corintiana comemorar [&hellip;]","og_url":"https:\/\/www.notibras.com\/site\/corinthians-mostra-objetividade-e-vence-sao-paulo-por-2-a-0-pela-libertadores\/","og_site_name":"Notibras","article_publisher":"https:\/\/www.facebook.com\/notibras\/","article_published_time":"2015-02-19T01:54:35+00:00","article_modified_time":"2015-02-19T11:53:01+00:00","og_image":[{"width":600,"height":375,"url":"https:\/\/www.notibras.com\/site\/wp-content\/uploads\/2015\/02\/corinthiansfestafriedemannvogelgetty.jpg","type":"image\/jpeg"}],"author":"Reda\u00e7\u00e3o","twitter_card":"summary_large_image","twitter_creator":"@Notibras","twitter_site":"@Notibras","twitter_misc":{"Escrito por":"Reda\u00e7\u00e3o","Est. tempo de leitura":"3 minutos"},"schema":{"@context":"https:\/\/schema.org","@graph":[{"@type":"Article","@id":"https:\/\/www.notibras.com\/site\/corinthians-mostra-objetividade-e-vence-sao-paulo-por-2-a-0-pela-libertadores\/#article","isPartOf":{"@id":"https:\/\/www.notibras.com\/site\/corinthians-mostra-objetividade-e-vence-sao-paulo-por-2-a-0-pela-libertadores\/"},"author":{"name":"Reda\u00e7\u00e3o","@id":"https:\/\/www.notibras.com\/site\/#\/schema\/person\/36ab0979449956132d3e5b517ea76ac8"},"headline":"Corinthians mostra objetividade e vence o S\u00e3o Paulo por 2 a 0","datePublished":"2015-02-19T01:54:35+00:00","dateModified":"2015-02-19T11:53:01+00:00","mainEntityOfPage":{"@id":"https:\/\/www.notibras.com\/site\/corinthians-mostra-objetividade-e-vence-sao-paulo-por-2-a-0-pela-libertadores\/"},"wordCount":529,"commentCount":0,"publisher":{"@id":"https:\/\/www.notibras.com\/site\/#organization"},"image":{"@id":"https:\/\/www.notibras.com\/site\/corinthians-mostra-objetividade-e-vence-sao-paulo-por-2-a-0-pela-libertadores\/#primaryimage"},"thumbnailUrl":"https:\/\/www.notibras.com\/site\/wp-content\/uploads\/2015\/02\/corinthiansfestafriedemannvogelgetty.jpg","articleSection":["Esportes","Futebol"],"inLanguage":"pt-BR","potentialAction":[{"@type":"CommentAction","name":"Comment","target":["https:\/\/www.notibras.com\/site\/corinthians-mostra-objetividade-e-vence-sao-paulo-por-2-a-0-pela-libertadores\/#respond"]}]},{"@type":"WebPage","@id":"https:\/\/www.notibras.com\/site\/corinthians-mostra-objetividade-e-vence-sao-paulo-por-2-a-0-pela-libertadores\/","url":"https:\/\/www.notibras.com\/site\/corinthians-mostra-objetividade-e-vence-sao-paulo-por-2-a-0-pela-libertadores\/","name":"Corinthians mostra objetividade e vence o S\u00e3o Paulo por 2 a 0 - Notibras","isPartOf":{"@id":"https:\/\/www.notibras.com\/site\/#website"},"primaryImageOfPage":{"@id":"https:\/\/www.notibras.com\/site\/corinthians-mostra-objetividade-e-vence-sao-paulo-por-2-a-0-pela-libertadores\/#primaryimage"},"image":{"@id":"https:\/\/www.notibras.com\/site\/corinthians-mostra-objetividade-e-vence-sao-paulo-por-2-a-0-pela-libertadores\/#primaryimage"},"thumbnailUrl":"https:\/\/www.notibras.com\/site\/wp-content\/uploads\/2015\/02\/corinthiansfestafriedemannvogelgetty.jpg","datePublished":"2015-02-19T01:54:35+00:00","dateModified":"2015-02-19T11:53:01+00:00","breadcrumb":{"@id":"https:\/\/www.notibras.com\/site\/corinthians-mostra-objetividade-e-vence-sao-paulo-por-2-a-0-pela-libertadores\/#breadcrumb"},"inLanguage":"pt-BR","potentialAction":[{"@type":"ReadAction","target":["https:\/\/www.notibras.com\/site\/corinthians-mostra-objetividade-e-vence-sao-paulo-por-2-a-0-pela-libertadores\/"]}]},{"@type":"ImageObject","inLanguage":"pt-BR","@id":"https:\/\/www.notibras.com\/site\/corinthians-mostra-objetividade-e-vence-sao-paulo-por-2-a-0-pela-libertadores\/#primaryimage","url":"https:\/\/www.notibras.com\/site\/wp-content\/uploads\/2015\/02\/corinthiansfestafriedemannvogelgetty.jpg","contentUrl":"https:\/\/www.notibras.com\/site\/wp-content\/uploads\/2015\/02\/corinthiansfestafriedemannvogelgetty.jpg","width":600,"height":375},{"@type":"BreadcrumbList","@id":"https:\/\/www.notibras.com\/site\/corinthians-mostra-objetividade-e-vence-sao-paulo-por-2-a-0-pela-libertadores\/#breadcrumb","itemListElement":[{"@type":"ListItem","position":1,"name":"In\u00edcio","item":"https:\/\/www.notibras.com\/site\/"},{"@type":"ListItem","position":2,"name":"Corinthians mostra objetividade e vence o S\u00e3o Paulo por 2 a 0"}]},{"@type":"WebSite","@id":"https:\/\/www.notibras.com\/site\/#website","url":"https:\/\/www.notibras.com\/site\/","name":"Notibras","description":"Not\u00edcias de Bras\u00edlia, do Brasil e do Mundo","publisher":{"@id":"https:\/\/www.notibras.com\/site\/#organization"},"potentialAction":[{"@type":"SearchAction","target":{"@type":"EntryPoint","urlTemplate":"https:\/\/www.notibras.com\/site\/?s={search_term_string}"},"query-input":{"@type":"PropertyValueSpecification","valueRequired":true,"valueName":"search_term_string"}}],"inLanguage":"pt-BR"},{"@type":"Organization","@id":"https:\/\/www.notibras.com\/site\/#organization","name":"Grupo Notibras de Comunica\u00e7\u00e3o","url":"https:\/\/www.notibras.com\/site\/","logo":{"@type":"ImageObject","inLanguage":"pt-BR","@id":"https:\/\/www.notibras.com\/site\/#\/schema\/logo\/image\/","url":"https:\/\/www.notibras.com\/site\/wp-content\/uploads\/2023\/01\/notibras23.png","contentUrl":"https:\/\/www.notibras.com\/site\/wp-content\/uploads\/2023\/01\/notibras23.png","width":350,"height":87,"caption":"Grupo Notibras de Comunica\u00e7\u00e3o"},"image":{"@id":"https:\/\/www.notibras.com\/site\/#\/schema\/logo\/image\/"},"sameAs":["https:\/\/www.facebook.com\/notibras\/","https:\/\/x.com\/Notibras","https:\/\/www.instagram.com\/notibras\/"]},{"@type":"Person","@id":"https:\/\/www.notibras.com\/site\/#\/schema\/person\/36ab0979449956132d3e5b517ea76ac8","name":"Reda\u00e7\u00e3o","image":{"@type":"ImageObject","inLanguage":"pt-BR","@id":"https:\/\/secure.gravatar.com\/avatar\/e0a867bdedb85fd243eadf09663511f96fc81e0720a4a42581f334ad4303aa6b?s=96&d=mm&r=g","url":"https:\/\/secure.gravatar.com\/avatar\/e0a867bdedb85fd243eadf09663511f96fc81e0720a4a42581f334ad4303aa6b?s=96&d=mm&r=g","contentUrl":"https:\/\/secure.gravatar.com\/avatar\/e0a867bdedb85fd243eadf09663511f96fc81e0720a4a42581f334ad4303aa6b?s=96&d=mm&r=g","caption":"Reda\u00e7\u00e3o"}}]}},"amp_enabled":true,"_links":{"self":[{"href":"https:\/\/www.notibras.com\/site\/wp-json\/wp\/v2\/posts\/37526","targetHints":{"allow":["GET"]}}],"collection":[{"href":"https:\/\/www.notibras.com\/site\/wp-json\/wp\/v2\/posts"}],"about":[{"href":"https:\/\/www.notibras.com\/site\/wp-json\/wp\/v2\/types\/post"}],"author":[{"embeddable":true,"href":"https:\/\/www.notibras.com\/site\/wp-json\/wp\/v2\/users\/2"}],"replies":[{"embeddable":true,"href":"https:\/\/www.notibras.com\/site\/wp-json\/wp\/v2\/comments?post=37526"}],"version-history":[{"count":0,"href":"https:\/\/www.notibras.com\/site\/wp-json\/wp\/v2\/posts\/37526\/revisions"}],"wp:featuredmedia":[{"embeddable":true,"href":"https:\/\/www.notibras.com\/site\/wp-json\/wp\/v2\/media\/37532"}],"wp:attachment":[{"href":"https:\/\/www.notibras.com\/site\/wp-json\/wp\/v2\/media?parent=37526"}],"wp:term":[{"taxonomy":"category","embeddable":true,"href":"https:\/\/www.notibras.com\/site\/wp-json\/wp\/v2\/categories?post=37526"},{"taxonomy":"post_tag","embeddable":true,"href":"https:\/\/www.notibras.com\/site\/wp-json\/wp\/v2\/tags?post=37526"}],"curies":[{"name":"wp","href":"https:\/\/api.w.org\/{rel}","templated":true}]}}