{"id":375260,"date":"2025-12-18T00:30:46","date_gmt":"2025-12-18T03:30:46","guid":{"rendered":"https:\/\/www.notibras.com\/site\/?p=375260"},"modified":"2025-12-17T23:44:58","modified_gmt":"2025-12-18T02:44:58","slug":"policlinica-de-taguatinga-celebra-talentos-da-terceira-idade","status":"publish","type":"post","link":"https:\/\/www.notibras.com\/site\/policlinica-de-taguatinga-celebra-talentos-da-terceira-idade\/","title":{"rendered":"Policl\u00ednica de Taguatinga celebra talentos da terceira idade"},"content":{"rendered":"<p>Celebrar o envelhecimento ativo \u2014 com essa proposta, a equipe de gerontologia da Policl\u00ednica de Taguatinga promoveu o GerontoArte, encontro que reuniu pacientes, familiares, cuidadores e profissionais de sa\u00fade em uma programa\u00e7\u00e3o voltada ao protagonismo dos idosos acompanhados pelo servi\u00e7o.<\/p>\n<p>A programa\u00e7\u00e3o da \u00faltima semana teve homenagens, apresenta\u00e7\u00f5es culturais e exposi\u00e7\u00e3o de pe\u00e7as de artesanato produzidas pelos pr\u00f3prios pacientes. Ao fim de cada apresenta\u00e7\u00e3o, foi entregue um certificado pela participa\u00e7\u00e3o como forma de reconhecimento das habilidades individuais.<\/p>\n<p>Entre os participantes esteve o jornalista Carlos Pontes, de 79 anos, que fez um relato sobre suas viv\u00eancias e a trajet\u00f3ria marcada por quase dez anos escrevendo artigos para um ve\u00edculo de comunica\u00e7\u00e3o da cidade. \u201cFoi uma experi\u00eancia muito interessante poder me apresentar aqui hoje\u201d, relatou ele, em acompanhamento na policl\u00ednica desde 2021.<\/p>\n<p><strong>Idosos e cuidadores<\/strong><\/p>\n<p>A gerente da Policl\u00ednica, Val\u00e9ria Soares, destacou o impacto da iniciativa: \u201cEsse momento demonstra a import\u00e2ncia dos idosos na sociedade, bem como a necessidade de aten\u00e7\u00e3o integral \u00e0 sa\u00fade e ao bem-estar. Consideramos tamb\u00e9m o cuidador, figura essencial nesse contexto\u201d.<\/p>\n<p>A terapeuta ocupacional Thiara Caf\u00e9 refor\u00e7ou: \u201cMuitas vezes as obras de arte refletem suas hist\u00f3rias de vida, por meio da escrita, da poesia ou de outras formas de express\u00e3o. Alguns participantes redescobrem, na terceira idade, uma nova forma de protagonismo em suas pr\u00f3prias hist\u00f3rias\u201d.<\/p>\n<p>\u00c9 o caso de Terezinha Lucas de Andrade, 81, que levou ao evento seus trabalhos em croch\u00ea e comemorou a oportunidade de participar: \u201c\u00c9 uma oportunidade valiosa que \u00e0s vezes n\u00e3o temos. \u00c9 muito bom estar aqui.&#8221;<\/p>\n<p><strong>Atendimento integral<\/strong><\/p>\n<p>A Policl\u00ednica de Taguatinga disponibiliza atendimento completo \u00e0 pessoa idosa, oferecendo cuidado individual e coletivo. H\u00e1 avalia\u00e7\u00f5es, reavalia\u00e7\u00f5es, encaminhamentos e contrarrefer\u00eancias \u00e0 Aten\u00e7\u00e3o Prim\u00e1ria. A unidade mant\u00e9m, ainda, diferentes grupos de suporte.<\/p>\n<p>A terapia comunit\u00e1ria ocorre \u00e0s quartas-feiras, \u00e0s 8h, com rodas de bate-papo para fortalecer v\u00ednculos e lidar com desafios do cotidiano. O grupo de cuidadores se re\u00fane \u00e0s segundas-feiras, \u00e0s 9h, com foco no manejo do estresse e nos impactos emocionais do cuidado cont\u00ednuo. J\u00e1 o grupo para homens funciona \u00e0s quintas-feiras, \u00e0s 15h, incentivando a participa\u00e7\u00e3o masculina nas a\u00e7\u00f5es de sa\u00fade.<\/p>\n<p>O acesso aos grupos se d\u00e1 por encaminhamento da equipe de gerontologia, conforme as necessidades identificadas em cada atendimento. A unidade funciona de segunda a sexta-feira, das 7h \u00e0s 18h, com pausa entre as 12h e as 13h. As primeiras consultas s\u00e3o agendadas pelas unidades b\u00e1sicas de sa\u00fade (UBSs), via Sistema de Regula\u00e7\u00e3o.<\/p>\n","protected":false},"excerpt":{"rendered":"<p>Celebrar o envelhecimento ativo \u2014 com essa proposta, a equipe de gerontologia da Policl\u00ednica de Taguatinga promoveu o GerontoArte, encontro que reuniu pacientes, familiares, cuidadores e profissionais de sa\u00fade em uma programa\u00e7\u00e3o voltada ao protagonismo dos idosos acompanhados pelo servi\u00e7o. A programa\u00e7\u00e3o da \u00faltima semana teve homenagens, apresenta\u00e7\u00f5es culturais e exposi\u00e7\u00e3o de pe\u00e7as de artesanato [&hellip;]<\/p>\n","protected":false},"author":21,"featured_media":375261,"comment_status":"closed","ping_status":"closed","sticky":false,"template":"","format":"standard","meta":{"_acf_changed":false,"footnotes":""},"categories":[161],"tags":[],"class_list":["post-375260","post","type-post","status-publish","format-standard","has-post-thumbnail","hentry","category-quadradinho-em-foco"],"acf":[],"yoast_head":"<!-- This site is optimized with the Yoast SEO plugin v27.5 - https:\/\/yoast.com\/product\/yoast-seo-wordpress\/ -->\n<title>Policl\u00ednica de Taguatinga celebra talentos da terceira idade - Notibras<\/title>\n<meta name=\"robots\" content=\"index, follow, max-snippet:-1, max-image-preview:large, max-video-preview:-1\" \/>\n<link rel=\"canonical\" href=\"https:\/\/www.notibras.com\/site\/policlinica-de-taguatinga-celebra-talentos-da-terceira-idade\/\" \/>\n<meta property=\"og:locale\" content=\"pt_BR\" \/>\n<meta property=\"og:type\" content=\"article\" \/>\n<meta property=\"og:title\" content=\"Policl\u00ednica de Taguatinga celebra talentos da terceira idade - Notibras\" \/>\n<meta property=\"og:description\" content=\"Celebrar o envelhecimento ativo \u2014 com essa proposta, a equipe de gerontologia da Policl\u00ednica de Taguatinga promoveu o GerontoArte, encontro que reuniu pacientes, familiares, cuidadores e profissionais de sa\u00fade em uma programa\u00e7\u00e3o voltada ao protagonismo dos idosos acompanhados pelo servi\u00e7o. A programa\u00e7\u00e3o da \u00faltima semana teve homenagens, apresenta\u00e7\u00f5es culturais e exposi\u00e7\u00e3o de pe\u00e7as de artesanato [&hellip;]\" \/>\n<meta property=\"og:url\" content=\"https:\/\/www.notibras.com\/site\/policlinica-de-taguatinga-celebra-talentos-da-terceira-idade\/\" \/>\n<meta property=\"og:site_name\" content=\"Notibras\" \/>\n<meta property=\"article:publisher\" content=\"https:\/\/www.facebook.com\/notibras\/\" \/>\n<meta property=\"article:published_time\" content=\"2025-12-18T03:30:46+00:00\" \/>\n<meta property=\"og:image\" content=\"https:\/\/www.notibras.com\/site\/wp-content\/uploads\/2025\/12\/17.12.-Policlinica.-Foto-Jhonatan-Cantarelle-Agencia-Saude-DF-scaled.jpg\" \/>\n\t<meta property=\"og:image:width\" content=\"2560\" \/>\n\t<meta property=\"og:image:height\" content=\"1707\" \/>\n\t<meta property=\"og:image:type\" content=\"image\/jpeg\" \/>\n<meta name=\"author\" content=\"Eduardo Mart\u00ednez\" \/>\n<meta name=\"twitter:card\" content=\"summary_large_image\" \/>\n<meta name=\"twitter:creator\" content=\"@Notibras\" \/>\n<meta name=\"twitter:site\" content=\"@Notibras\" \/>\n<meta name=\"twitter:label1\" content=\"Escrito por\" \/>\n\t<meta name=\"twitter:data1\" content=\"Eduardo Mart\u00ednez\" \/>\n\t<meta name=\"twitter:label2\" content=\"Est. tempo de leitura\" \/>\n\t<meta name=\"twitter:data2\" content=\"3 minutos\" \/>\n<script type=\"application\/ld+json\" class=\"yoast-schema-graph\">{\"@context\":\"https:\\\/\\\/schema.org\",\"@graph\":[{\"@type\":\"Article\",\"@id\":\"https:\\\/\\\/www.notibras.com\\\/site\\\/policlinica-de-taguatinga-celebra-talentos-da-terceira-idade\\\/#article\",\"isPartOf\":{\"@id\":\"https:\\\/\\\/www.notibras.com\\\/site\\\/policlinica-de-taguatinga-celebra-talentos-da-terceira-idade\\\/\"},\"author\":{\"name\":\"Eduardo Mart\u00ednez\",\"@id\":\"https:\\\/\\\/www.notibras.com\\\/site\\\/#\\\/schema\\\/person\\\/5b7fabf2aedc3ada2105f03b22b4d3dd\"},\"headline\":\"Policl\u00ednica de Taguatinga celebra talentos da terceira idade\",\"datePublished\":\"2025-12-18T03:30:46+00:00\",\"mainEntityOfPage\":{\"@id\":\"https:\\\/\\\/www.notibras.com\\\/site\\\/policlinica-de-taguatinga-celebra-talentos-da-terceira-idade\\\/\"},\"wordCount\":449,\"publisher\":{\"@id\":\"https:\\\/\\\/www.notibras.com\\\/site\\\/#organization\"},\"image\":{\"@id\":\"https:\\\/\\\/www.notibras.com\\\/site\\\/policlinica-de-taguatinga-celebra-talentos-da-terceira-idade\\\/#primaryimage\"},\"thumbnailUrl\":\"https:\\\/\\\/www.notibras.com\\\/site\\\/wp-content\\\/uploads\\\/2025\\\/12\\\/17.12.-Policlinica.-Foto-Jhonatan-Cantarelle-Agencia-Saude-DF-scaled.jpg\",\"articleSection\":[\"Quadradinho em Foco\"],\"inLanguage\":\"pt-BR\"},{\"@type\":\"WebPage\",\"@id\":\"https:\\\/\\\/www.notibras.com\\\/site\\\/policlinica-de-taguatinga-celebra-talentos-da-terceira-idade\\\/\",\"url\":\"https:\\\/\\\/www.notibras.com\\\/site\\\/policlinica-de-taguatinga-celebra-talentos-da-terceira-idade\\\/\",\"name\":\"Policl\u00ednica de Taguatinga celebra talentos da terceira idade - Notibras\",\"isPartOf\":{\"@id\":\"https:\\\/\\\/www.notibras.com\\\/site\\\/#website\"},\"primaryImageOfPage\":{\"@id\":\"https:\\\/\\\/www.notibras.com\\\/site\\\/policlinica-de-taguatinga-celebra-talentos-da-terceira-idade\\\/#primaryimage\"},\"image\":{\"@id\":\"https:\\\/\\\/www.notibras.com\\\/site\\\/policlinica-de-taguatinga-celebra-talentos-da-terceira-idade\\\/#primaryimage\"},\"thumbnailUrl\":\"https:\\\/\\\/www.notibras.com\\\/site\\\/wp-content\\\/uploads\\\/2025\\\/12\\\/17.12.-Policlinica.-Foto-Jhonatan-Cantarelle-Agencia-Saude-DF-scaled.jpg\",\"datePublished\":\"2025-12-18T03:30:46+00:00\",\"breadcrumb\":{\"@id\":\"https:\\\/\\\/www.notibras.com\\\/site\\\/policlinica-de-taguatinga-celebra-talentos-da-terceira-idade\\\/#breadcrumb\"},\"inLanguage\":\"pt-BR\",\"potentialAction\":[{\"@type\":\"ReadAction\",\"target\":[\"https:\\\/\\\/www.notibras.com\\\/site\\\/policlinica-de-taguatinga-celebra-talentos-da-terceira-idade\\\/\"]}]},{\"@type\":\"ImageObject\",\"inLanguage\":\"pt-BR\",\"@id\":\"https:\\\/\\\/www.notibras.com\\\/site\\\/policlinica-de-taguatinga-celebra-talentos-da-terceira-idade\\\/#primaryimage\",\"url\":\"https:\\\/\\\/www.notibras.com\\\/site\\\/wp-content\\\/uploads\\\/2025\\\/12\\\/17.12.-Policlinica.-Foto-Jhonatan-Cantarelle-Agencia-Saude-DF-scaled.jpg\",\"contentUrl\":\"https:\\\/\\\/www.notibras.com\\\/site\\\/wp-content\\\/uploads\\\/2025\\\/12\\\/17.12.-Policlinica.-Foto-Jhonatan-Cantarelle-Agencia-Saude-DF-scaled.jpg\",\"width\":2560,\"height\":1707},{\"@type\":\"BreadcrumbList\",\"@id\":\"https:\\\/\\\/www.notibras.com\\\/site\\\/policlinica-de-taguatinga-celebra-talentos-da-terceira-idade\\\/#breadcrumb\",\"itemListElement\":[{\"@type\":\"ListItem\",\"position\":1,\"name\":\"In\u00edcio\",\"item\":\"https:\\\/\\\/www.notibras.com\\\/site\\\/\"},{\"@type\":\"ListItem\",\"position\":2,\"name\":\"Policl\u00ednica de Taguatinga celebra talentos da terceira idade\"}]},{\"@type\":\"WebSite\",\"@id\":\"https:\\\/\\\/www.notibras.com\\\/site\\\/#website\",\"url\":\"https:\\\/\\\/www.notibras.com\\\/site\\\/\",\"name\":\"Notibras\",\"description\":\"Not\u00edcias de Bras\u00edlia, do Brasil e do Mundo\",\"publisher\":{\"@id\":\"https:\\\/\\\/www.notibras.com\\\/site\\\/#organization\"},\"potentialAction\":[{\"@type\":\"SearchAction\",\"target\":{\"@type\":\"EntryPoint\",\"urlTemplate\":\"https:\\\/\\\/www.notibras.com\\\/site\\\/?s={search_term_string}\"},\"query-input\":{\"@type\":\"PropertyValueSpecification\",\"valueRequired\":true,\"valueName\":\"search_term_string\"}}],\"inLanguage\":\"pt-BR\"},{\"@type\":\"Organization\",\"@id\":\"https:\\\/\\\/www.notibras.com\\\/site\\\/#organization\",\"name\":\"Grupo Notibras de Comunica\u00e7\u00e3o\",\"url\":\"https:\\\/\\\/www.notibras.com\\\/site\\\/\",\"logo\":{\"@type\":\"ImageObject\",\"inLanguage\":\"pt-BR\",\"@id\":\"https:\\\/\\\/www.notibras.com\\\/site\\\/#\\\/schema\\\/logo\\\/image\\\/\",\"url\":\"https:\\\/\\\/www.notibras.com\\\/site\\\/wp-content\\\/uploads\\\/2023\\\/01\\\/notibras23.png\",\"contentUrl\":\"https:\\\/\\\/www.notibras.com\\\/site\\\/wp-content\\\/uploads\\\/2023\\\/01\\\/notibras23.png\",\"width\":350,\"height\":87,\"caption\":\"Grupo Notibras de Comunica\u00e7\u00e3o\"},\"image\":{\"@id\":\"https:\\\/\\\/www.notibras.com\\\/site\\\/#\\\/schema\\\/logo\\\/image\\\/\"},\"sameAs\":[\"https:\\\/\\\/www.facebook.com\\\/notibras\\\/\",\"https:\\\/\\\/x.com\\\/Notibras\",\"https:\\\/\\\/www.instagram.com\\\/notibras\\\/\"]},{\"@type\":\"Person\",\"@id\":\"https:\\\/\\\/www.notibras.com\\\/site\\\/#\\\/schema\\\/person\\\/5b7fabf2aedc3ada2105f03b22b4d3dd\",\"name\":\"Eduardo Mart\u00ednez\",\"image\":{\"@type\":\"ImageObject\",\"inLanguage\":\"pt-BR\",\"@id\":\"https:\\\/\\\/secure.gravatar.com\\\/avatar\\\/7902f906289926289cbcda644b5197c796b893c6ffd7b9a536a42d290f7704a0?s=96&d=mm&r=g\",\"url\":\"https:\\\/\\\/secure.gravatar.com\\\/avatar\\\/7902f906289926289cbcda644b5197c796b893c6ffd7b9a536a42d290f7704a0?s=96&d=mm&r=g\",\"contentUrl\":\"https:\\\/\\\/secure.gravatar.com\\\/avatar\\\/7902f906289926289cbcda644b5197c796b893c6ffd7b9a536a42d290f7704a0?s=96&d=mm&r=g\",\"caption\":\"Eduardo Mart\u00ednez\"}}]}<\/script>\n<!-- \/ Yoast SEO plugin. -->","yoast_head_json":{"title":"Policl\u00ednica de Taguatinga celebra talentos da terceira idade - Notibras","robots":{"index":"index","follow":"follow","max-snippet":"max-snippet:-1","max-image-preview":"max-image-preview:large","max-video-preview":"max-video-preview:-1"},"canonical":"https:\/\/www.notibras.com\/site\/policlinica-de-taguatinga-celebra-talentos-da-terceira-idade\/","og_locale":"pt_BR","og_type":"article","og_title":"Policl\u00ednica de Taguatinga celebra talentos da terceira idade - Notibras","og_description":"Celebrar o envelhecimento ativo \u2014 com essa proposta, a equipe de gerontologia da Policl\u00ednica de Taguatinga promoveu o GerontoArte, encontro que reuniu pacientes, familiares, cuidadores e profissionais de sa\u00fade em uma programa\u00e7\u00e3o voltada ao protagonismo dos idosos acompanhados pelo servi\u00e7o. A programa\u00e7\u00e3o da \u00faltima semana teve homenagens, apresenta\u00e7\u00f5es culturais e exposi\u00e7\u00e3o de pe\u00e7as de artesanato [&hellip;]","og_url":"https:\/\/www.notibras.com\/site\/policlinica-de-taguatinga-celebra-talentos-da-terceira-idade\/","og_site_name":"Notibras","article_publisher":"https:\/\/www.facebook.com\/notibras\/","article_published_time":"2025-12-18T03:30:46+00:00","og_image":[{"width":2560,"height":1707,"url":"https:\/\/www.notibras.com\/site\/wp-content\/uploads\/2025\/12\/17.12.-Policlinica.-Foto-Jhonatan-Cantarelle-Agencia-Saude-DF-scaled.jpg","type":"image\/jpeg"}],"author":"Eduardo Mart\u00ednez","twitter_card":"summary_large_image","twitter_creator":"@Notibras","twitter_site":"@Notibras","twitter_misc":{"Escrito por":"Eduardo Mart\u00ednez","Est. tempo de leitura":"3 minutos"},"schema":{"@context":"https:\/\/schema.org","@graph":[{"@type":"Article","@id":"https:\/\/www.notibras.com\/site\/policlinica-de-taguatinga-celebra-talentos-da-terceira-idade\/#article","isPartOf":{"@id":"https:\/\/www.notibras.com\/site\/policlinica-de-taguatinga-celebra-talentos-da-terceira-idade\/"},"author":{"name":"Eduardo Mart\u00ednez","@id":"https:\/\/www.notibras.com\/site\/#\/schema\/person\/5b7fabf2aedc3ada2105f03b22b4d3dd"},"headline":"Policl\u00ednica de Taguatinga celebra talentos da terceira idade","datePublished":"2025-12-18T03:30:46+00:00","mainEntityOfPage":{"@id":"https:\/\/www.notibras.com\/site\/policlinica-de-taguatinga-celebra-talentos-da-terceira-idade\/"},"wordCount":449,"publisher":{"@id":"https:\/\/www.notibras.com\/site\/#organization"},"image":{"@id":"https:\/\/www.notibras.com\/site\/policlinica-de-taguatinga-celebra-talentos-da-terceira-idade\/#primaryimage"},"thumbnailUrl":"https:\/\/www.notibras.com\/site\/wp-content\/uploads\/2025\/12\/17.12.-Policlinica.-Foto-Jhonatan-Cantarelle-Agencia-Saude-DF-scaled.jpg","articleSection":["Quadradinho em Foco"],"inLanguage":"pt-BR"},{"@type":"WebPage","@id":"https:\/\/www.notibras.com\/site\/policlinica-de-taguatinga-celebra-talentos-da-terceira-idade\/","url":"https:\/\/www.notibras.com\/site\/policlinica-de-taguatinga-celebra-talentos-da-terceira-idade\/","name":"Policl\u00ednica de Taguatinga celebra talentos da terceira idade - Notibras","isPartOf":{"@id":"https:\/\/www.notibras.com\/site\/#website"},"primaryImageOfPage":{"@id":"https:\/\/www.notibras.com\/site\/policlinica-de-taguatinga-celebra-talentos-da-terceira-idade\/#primaryimage"},"image":{"@id":"https:\/\/www.notibras.com\/site\/policlinica-de-taguatinga-celebra-talentos-da-terceira-idade\/#primaryimage"},"thumbnailUrl":"https:\/\/www.notibras.com\/site\/wp-content\/uploads\/2025\/12\/17.12.-Policlinica.-Foto-Jhonatan-Cantarelle-Agencia-Saude-DF-scaled.jpg","datePublished":"2025-12-18T03:30:46+00:00","breadcrumb":{"@id":"https:\/\/www.notibras.com\/site\/policlinica-de-taguatinga-celebra-talentos-da-terceira-idade\/#breadcrumb"},"inLanguage":"pt-BR","potentialAction":[{"@type":"ReadAction","target":["https:\/\/www.notibras.com\/site\/policlinica-de-taguatinga-celebra-talentos-da-terceira-idade\/"]}]},{"@type":"ImageObject","inLanguage":"pt-BR","@id":"https:\/\/www.notibras.com\/site\/policlinica-de-taguatinga-celebra-talentos-da-terceira-idade\/#primaryimage","url":"https:\/\/www.notibras.com\/site\/wp-content\/uploads\/2025\/12\/17.12.-Policlinica.-Foto-Jhonatan-Cantarelle-Agencia-Saude-DF-scaled.jpg","contentUrl":"https:\/\/www.notibras.com\/site\/wp-content\/uploads\/2025\/12\/17.12.-Policlinica.-Foto-Jhonatan-Cantarelle-Agencia-Saude-DF-scaled.jpg","width":2560,"height":1707},{"@type":"BreadcrumbList","@id":"https:\/\/www.notibras.com\/site\/policlinica-de-taguatinga-celebra-talentos-da-terceira-idade\/#breadcrumb","itemListElement":[{"@type":"ListItem","position":1,"name":"In\u00edcio","item":"https:\/\/www.notibras.com\/site\/"},{"@type":"ListItem","position":2,"name":"Policl\u00ednica de Taguatinga celebra talentos da terceira idade"}]},{"@type":"WebSite","@id":"https:\/\/www.notibras.com\/site\/#website","url":"https:\/\/www.notibras.com\/site\/","name":"Notibras","description":"Not\u00edcias de Bras\u00edlia, do Brasil e do Mundo","publisher":{"@id":"https:\/\/www.notibras.com\/site\/#organization"},"potentialAction":[{"@type":"SearchAction","target":{"@type":"EntryPoint","urlTemplate":"https:\/\/www.notibras.com\/site\/?s={search_term_string}"},"query-input":{"@type":"PropertyValueSpecification","valueRequired":true,"valueName":"search_term_string"}}],"inLanguage":"pt-BR"},{"@type":"Organization","@id":"https:\/\/www.notibras.com\/site\/#organization","name":"Grupo Notibras de Comunica\u00e7\u00e3o","url":"https:\/\/www.notibras.com\/site\/","logo":{"@type":"ImageObject","inLanguage":"pt-BR","@id":"https:\/\/www.notibras.com\/site\/#\/schema\/logo\/image\/","url":"https:\/\/www.notibras.com\/site\/wp-content\/uploads\/2023\/01\/notibras23.png","contentUrl":"https:\/\/www.notibras.com\/site\/wp-content\/uploads\/2023\/01\/notibras23.png","width":350,"height":87,"caption":"Grupo Notibras de Comunica\u00e7\u00e3o"},"image":{"@id":"https:\/\/www.notibras.com\/site\/#\/schema\/logo\/image\/"},"sameAs":["https:\/\/www.facebook.com\/notibras\/","https:\/\/x.com\/Notibras","https:\/\/www.instagram.com\/notibras\/"]},{"@type":"Person","@id":"https:\/\/www.notibras.com\/site\/#\/schema\/person\/5b7fabf2aedc3ada2105f03b22b4d3dd","name":"Eduardo Mart\u00ednez","image":{"@type":"ImageObject","inLanguage":"pt-BR","@id":"https:\/\/secure.gravatar.com\/avatar\/7902f906289926289cbcda644b5197c796b893c6ffd7b9a536a42d290f7704a0?s=96&d=mm&r=g","url":"https:\/\/secure.gravatar.com\/avatar\/7902f906289926289cbcda644b5197c796b893c6ffd7b9a536a42d290f7704a0?s=96&d=mm&r=g","contentUrl":"https:\/\/secure.gravatar.com\/avatar\/7902f906289926289cbcda644b5197c796b893c6ffd7b9a536a42d290f7704a0?s=96&d=mm&r=g","caption":"Eduardo Mart\u00ednez"}}]}},"amp_enabled":true,"_links":{"self":[{"href":"https:\/\/www.notibras.com\/site\/wp-json\/wp\/v2\/posts\/375260","targetHints":{"allow":["GET"]}}],"collection":[{"href":"https:\/\/www.notibras.com\/site\/wp-json\/wp\/v2\/posts"}],"about":[{"href":"https:\/\/www.notibras.com\/site\/wp-json\/wp\/v2\/types\/post"}],"author":[{"embeddable":true,"href":"https:\/\/www.notibras.com\/site\/wp-json\/wp\/v2\/users\/21"}],"replies":[{"embeddable":true,"href":"https:\/\/www.notibras.com\/site\/wp-json\/wp\/v2\/comments?post=375260"}],"version-history":[{"count":3,"href":"https:\/\/www.notibras.com\/site\/wp-json\/wp\/v2\/posts\/375260\/revisions"}],"predecessor-version":[{"id":375264,"href":"https:\/\/www.notibras.com\/site\/wp-json\/wp\/v2\/posts\/375260\/revisions\/375264"}],"wp:featuredmedia":[{"embeddable":true,"href":"https:\/\/www.notibras.com\/site\/wp-json\/wp\/v2\/media\/375261"}],"wp:attachment":[{"href":"https:\/\/www.notibras.com\/site\/wp-json\/wp\/v2\/media?parent=375260"}],"wp:term":[{"taxonomy":"category","embeddable":true,"href":"https:\/\/www.notibras.com\/site\/wp-json\/wp\/v2\/categories?post=375260"},{"taxonomy":"post_tag","embeddable":true,"href":"https:\/\/www.notibras.com\/site\/wp-json\/wp\/v2\/tags?post=375260"}],"curies":[{"name":"wp","href":"https:\/\/api.w.org\/{rel}","templated":true}]}}