{"id":375265,"date":"2025-12-18T00:45:57","date_gmt":"2025-12-18T03:45:57","guid":{"rendered":"https:\/\/www.notibras.com\/site\/?p=375265"},"modified":"2025-12-17T23:50:57","modified_gmt":"2025-12-18T02:50:57","slug":"nosso-natal-leva-ceia-a-milhares-de-familias-no-restaurante-comunitario","status":"publish","type":"post","link":"https:\/\/www.notibras.com\/site\/nosso-natal-leva-ceia-a-milhares-de-familias-no-restaurante-comunitario\/","title":{"rendered":"Nosso Natal leva ceia a milhares de fam\u00edlias no Restaurante Comunit\u00e1rio"},"content":{"rendered":"<p>No Restaurante Comunit\u00e1rio de Brazl\u00e2ndia, a quarta-feira (17) foi diferente. Para muitos moradores, o almo\u00e7o ganhou sabor de festa, afeto e dignidade. Teve m\u00fasica ao vivo, Papai Noel e cama el\u00e1stica para a crian\u00e7ada. \u201cEsse lugar aqui \u00e9 uma m\u00e3e para n\u00f3s\u201d, resumiu a moradora Sandra Regina, 60 anos, enquanto saboreava a refei\u00e7\u00e3o preparada especialmente para a campanha Nosso Natal, do Governo do Distrito Federal.<\/p>\n<p>Sandra conta que quase todos os dias passa pelo restaurante. \u201cEu tenho s\u00f3 gratid\u00e3o. A gente toma caf\u00e9, almo\u00e7a e janta. Comer por R$ 1 e ainda comida de qualidade \u00e9 bom demais. Hoje est\u00e1 tudo especial\u201d, disse sorrindo, j\u00e1 com a marmita da janta garantida.<\/p>\n<p>Com card\u00e1pio t\u00edpico de ceia \u2014 pernil su\u00edno assado ao molho Calif\u00f3rnia, op\u00e7\u00e3o de coxa e sobrecoxa ao molho, arroz, feij\u00e3o carioca, farofa natalina com bacon, salada tropical, suco de abacaxi e bombom de sobremesa \u2014 pouco mais de 4 mil pessoas passaram pelo restaurante entre 11h e 14h. Al\u00e9m da refei\u00e7\u00e3o, a programa\u00e7\u00e3o incluiu apresenta\u00e7\u00e3o musical, entrega de presentes pelo Papai Noel e distribui\u00e7\u00e3o de mudas de plantas nativas do Cerrado, sementes de ip\u00ea roxo e amarelo.<\/p>\n<p>A gerente da unidade, Eliene Rodrigues, acompanhava de perto o movimento intenso. \u201cEm um dia normal, atendemos cerca de 1.800 pessoas. Hoje, a expectativa foi de 4 mil refei\u00e7\u00f5es. \u00c9 um dia diferente, todo mundo chega animado\u201d, contou. Segundo ela, a prepara\u00e7\u00e3o come\u00e7ou ainda de madrugada. \u201cA equipe chegou \u00e0s 4h. Tudo \u00e9 feito com muito carinho, com acompanhamento nutricional e uma organiza\u00e7\u00e3o que garante qualidade para quem precisa.\u201d<\/p>\n<p>Entre os frequentadores, Valter Gon\u00e7alves, 54 anos, n\u00e3o escondeu a satisfa\u00e7\u00e3o. \u201cSegunda, quarta e sexta o almo\u00e7o aqui \u00e9 sagrado. Hoje, ent\u00e3o, est\u00e1 bom demais, maravilhoso\u201d, afirmou. J\u00e1 Nilce Pereira, moradora de \u00c1guas Lindas de Goi\u00e1s, aproveitou para levar marmitas para a fam\u00edlia. \u201cViemos para comprar e comer em casa. Essa iniciativa \u00e9 \u00f3tima, bom demais.\u201d<\/p>\n<p>Em Brazl\u00e2ndia, a a\u00e7\u00e3o contou com apoio da administra\u00e7\u00e3o regional, das secretarias da Agricultura, Abastecimento e Desenvolvimento Rural e de Meio Ambiente, al\u00e9m da Emater-DF, da Empresa de Terras Rurais do DF (ETR) e da Ceasa-DF.<\/p>\n<p>Para o secret\u00e1rio da Agricultura do DF, Rafael Bueno, o evento vai al\u00e9m da alimenta\u00e7\u00e3o. \u201c\u00c9 um projeto maravilhoso que traz alegria para a popula\u00e7\u00e3o, com um ambiente mais festivo e pratos especiais. Em Brazl\u00e2ndia, temos ainda uma proximidade forte com o agricultor. Muitos produtores rurais utilizam o restaurante comunit\u00e1rio, e estar aqui, numa cidade que tem a cara do rural, \u00e9 motivo de alegria para todos n\u00f3s\u201d, destacou.<\/p>\n<p>O presidente da Emater-DF, Cleison Duval, destacou o alcance da iniciativa. \u201cO Nosso Natal representa o que acreditamos como pol\u00edtica p\u00fablica: inclus\u00e3o, dignidade e aproxima\u00e7\u00e3o. Aqui, o p\u00fablico urbano e o rural tamb\u00e9m se encontram. \u00c9 a demonstra\u00e7\u00e3o de que cuidar das pessoas, seja no campo ou na cidade, \u00e9 fortalecer la\u00e7os e garantir cidadania\u201d, pontuou.<\/p>\n<p>A import\u00e2ncia social da a\u00e7\u00e3o tamb\u00e9m foi apontada pela administradora regional de Brazl\u00e2ndia, Luciana Lima. \u201cO almo\u00e7o de Natal d\u00e1 um toque especial e humaniza o restaurante comunit\u00e1rio. Muitas fam\u00edlias n\u00e3o t\u00eam condi\u00e7\u00f5es de preparar uma ceia em casa e encontram aqui esse afago, esse carinho do governo. \u00c9 um abra\u00e7o coletivo nessa \u00e9poca t\u00e3o simb\u00f3lica\u201d, afirmou.<\/p>\n<p>\u201c\u00c9 gratificante participar de a\u00e7\u00f5es que levam dignidade, acolhimento e alimento \u00e0 mesa das pessoas. Esses momentos refor\u00e7am a import\u00e2ncia da uni\u00e3o e da solidariedade, especialmente neste per\u00edodo natalino\u201d, destacou Gleice Rocha, representante da Ceasa-DF, que destacou que a presen\u00e7a da institui\u00e7\u00e3o no evento reafirma o papel do \u00f3rg\u00e3o no apoio a pol\u00edticas p\u00fablicas de seguran\u00e7a alimentar e no fortalecimento das a\u00e7\u00f5es sociais junto \u00e0 comunidade.<\/p>\n<p>O presidente da ETR, Candido Teles, enfatizou o simbolismo da data. \u201c\u00c9 tempo de celebrar o nascimento de Jesus e vivenciar um momento de alegria, esperan\u00e7a e amor. O Nosso Natal \u00e9 uma a\u00e7\u00e3o necess\u00e1ria para toda a comunidade do Distrito Federal\u201d, disse.<\/p>\n<p>O secret\u00e1rio de Meio Ambiente, Gutemberg Gomes, refor\u00e7ou o compromisso do GDF com a\u00e7\u00f5es de inclus\u00e3o social. \u201cO governador Ibaneis Rocha e a vice-governadora Celina Le\u00e3o reafirmam, neste evento, uma gest\u00e3o que valoriza a conviv\u00eancia nos espa\u00e7os p\u00fablicos e entende a inclus\u00e3o social como fortalecimento da cidadania. Cada detalhe foi pensado para que as fam\u00edlias vivenciem a magia do Natal de forma acess\u00edvel e acolhedora\u201d, afirmou.<\/p>\n<p>A a\u00e7\u00e3o integra a campanha Nosso Natal, criada em 2019 pela primeira-dama Mayara Noronha Rocha e j\u00e1 incorporada ao calend\u00e1rio oficial do Governo do Distrito Federal. Os restaurantes comunit\u00e1rios do DF participaram da iniciativa, oferecendo almo\u00e7o natalino completo pelo valor simb\u00f3lico de R$ 1 para toda a popula\u00e7\u00e3o, com objetivo de chegar a quem mais precisa, que s\u00e3o as fam\u00edlias em situa\u00e7\u00e3o de vulnerabilidade social.<\/p>\n","protected":false},"excerpt":{"rendered":"<p>No Restaurante Comunit\u00e1rio de Brazl\u00e2ndia, a quarta-feira (17) foi diferente. Para muitos moradores, o almo\u00e7o ganhou sabor de festa, afeto e dignidade. Teve m\u00fasica ao vivo, Papai Noel e cama el\u00e1stica para a crian\u00e7ada. \u201cEsse lugar aqui \u00e9 uma m\u00e3e para n\u00f3s\u201d, resumiu a moradora Sandra Regina, 60 anos, enquanto saboreava a refei\u00e7\u00e3o preparada especialmente [&hellip;]<\/p>\n","protected":false},"author":21,"featured_media":375266,"comment_status":"closed","ping_status":"closed","sticky":false,"template":"","format":"standard","meta":{"_acf_changed":false,"footnotes":""},"categories":[161],"tags":[],"class_list":["post-375265","post","type-post","status-publish","format-standard","has-post-thumbnail","hentry","category-quadradinho-em-foco"],"acf":[],"yoast_head":"<!-- This site is optimized with the Yoast SEO plugin v27.5 - https:\/\/yoast.com\/product\/yoast-seo-wordpress\/ -->\n<title>Nosso Natal leva ceia a milhares de fam\u00edlias no Restaurante Comunit\u00e1rio - Notibras<\/title>\n<meta name=\"robots\" content=\"index, follow, max-snippet:-1, max-image-preview:large, max-video-preview:-1\" \/>\n<link rel=\"canonical\" href=\"https:\/\/www.notibras.com\/site\/nosso-natal-leva-ceia-a-milhares-de-familias-no-restaurante-comunitario\/\" \/>\n<meta property=\"og:locale\" content=\"pt_BR\" \/>\n<meta property=\"og:type\" content=\"article\" \/>\n<meta property=\"og:title\" content=\"Nosso Natal leva ceia a milhares de fam\u00edlias no Restaurante Comunit\u00e1rio - Notibras\" \/>\n<meta property=\"og:description\" content=\"No Restaurante Comunit\u00e1rio de Brazl\u00e2ndia, a quarta-feira (17) foi diferente. Para muitos moradores, o almo\u00e7o ganhou sabor de festa, afeto e dignidade. Teve m\u00fasica ao vivo, Papai Noel e cama el\u00e1stica para a crian\u00e7ada. \u201cEsse lugar aqui \u00e9 uma m\u00e3e para n\u00f3s\u201d, resumiu a moradora Sandra Regina, 60 anos, enquanto saboreava a refei\u00e7\u00e3o preparada especialmente [&hellip;]\" \/>\n<meta property=\"og:url\" content=\"https:\/\/www.notibras.com\/site\/nosso-natal-leva-ceia-a-milhares-de-familias-no-restaurante-comunitario\/\" \/>\n<meta property=\"og:site_name\" content=\"Notibras\" \/>\n<meta property=\"article:publisher\" content=\"https:\/\/www.facebook.com\/notibras\/\" \/>\n<meta property=\"article:published_time\" content=\"2025-12-18T03:45:57+00:00\" \/>\n<meta property=\"og:image\" content=\"https:\/\/www.notibras.com\/site\/wp-content\/uploads\/2025\/12\/movimento2.jpeg\" \/>\n\t<meta property=\"og:image:width\" content=\"1600\" \/>\n\t<meta property=\"og:image:height\" content=\"1066\" \/>\n\t<meta property=\"og:image:type\" content=\"image\/jpeg\" \/>\n<meta name=\"author\" content=\"Eduardo Mart\u00ednez\" \/>\n<meta name=\"twitter:card\" content=\"summary_large_image\" \/>\n<meta name=\"twitter:creator\" content=\"@Notibras\" \/>\n<meta name=\"twitter:site\" content=\"@Notibras\" \/>\n<meta name=\"twitter:label1\" content=\"Escrito por\" \/>\n\t<meta name=\"twitter:data1\" content=\"Eduardo Mart\u00ednez\" \/>\n\t<meta name=\"twitter:label2\" content=\"Est. tempo de leitura\" \/>\n\t<meta name=\"twitter:data2\" content=\"5 minutos\" \/>\n<script type=\"application\/ld+json\" class=\"yoast-schema-graph\">{\"@context\":\"https:\\\/\\\/schema.org\",\"@graph\":[{\"@type\":\"Article\",\"@id\":\"https:\\\/\\\/www.notibras.com\\\/site\\\/nosso-natal-leva-ceia-a-milhares-de-familias-no-restaurante-comunitario\\\/#article\",\"isPartOf\":{\"@id\":\"https:\\\/\\\/www.notibras.com\\\/site\\\/nosso-natal-leva-ceia-a-milhares-de-familias-no-restaurante-comunitario\\\/\"},\"author\":{\"name\":\"Eduardo Mart\u00ednez\",\"@id\":\"https:\\\/\\\/www.notibras.com\\\/site\\\/#\\\/schema\\\/person\\\/5b7fabf2aedc3ada2105f03b22b4d3dd\"},\"headline\":\"Nosso Natal leva ceia a milhares de fam\u00edlias no Restaurante Comunit\u00e1rio\",\"datePublished\":\"2025-12-18T03:45:57+00:00\",\"mainEntityOfPage\":{\"@id\":\"https:\\\/\\\/www.notibras.com\\\/site\\\/nosso-natal-leva-ceia-a-milhares-de-familias-no-restaurante-comunitario\\\/\"},\"wordCount\":859,\"publisher\":{\"@id\":\"https:\\\/\\\/www.notibras.com\\\/site\\\/#organization\"},\"image\":{\"@id\":\"https:\\\/\\\/www.notibras.com\\\/site\\\/nosso-natal-leva-ceia-a-milhares-de-familias-no-restaurante-comunitario\\\/#primaryimage\"},\"thumbnailUrl\":\"https:\\\/\\\/www.notibras.com\\\/site\\\/wp-content\\\/uploads\\\/2025\\\/12\\\/movimento2.jpeg\",\"articleSection\":[\"Quadradinho em Foco\"],\"inLanguage\":\"pt-BR\"},{\"@type\":\"WebPage\",\"@id\":\"https:\\\/\\\/www.notibras.com\\\/site\\\/nosso-natal-leva-ceia-a-milhares-de-familias-no-restaurante-comunitario\\\/\",\"url\":\"https:\\\/\\\/www.notibras.com\\\/site\\\/nosso-natal-leva-ceia-a-milhares-de-familias-no-restaurante-comunitario\\\/\",\"name\":\"Nosso Natal leva ceia a milhares de fam\u00edlias no Restaurante Comunit\u00e1rio - Notibras\",\"isPartOf\":{\"@id\":\"https:\\\/\\\/www.notibras.com\\\/site\\\/#website\"},\"primaryImageOfPage\":{\"@id\":\"https:\\\/\\\/www.notibras.com\\\/site\\\/nosso-natal-leva-ceia-a-milhares-de-familias-no-restaurante-comunitario\\\/#primaryimage\"},\"image\":{\"@id\":\"https:\\\/\\\/www.notibras.com\\\/site\\\/nosso-natal-leva-ceia-a-milhares-de-familias-no-restaurante-comunitario\\\/#primaryimage\"},\"thumbnailUrl\":\"https:\\\/\\\/www.notibras.com\\\/site\\\/wp-content\\\/uploads\\\/2025\\\/12\\\/movimento2.jpeg\",\"datePublished\":\"2025-12-18T03:45:57+00:00\",\"breadcrumb\":{\"@id\":\"https:\\\/\\\/www.notibras.com\\\/site\\\/nosso-natal-leva-ceia-a-milhares-de-familias-no-restaurante-comunitario\\\/#breadcrumb\"},\"inLanguage\":\"pt-BR\",\"potentialAction\":[{\"@type\":\"ReadAction\",\"target\":[\"https:\\\/\\\/www.notibras.com\\\/site\\\/nosso-natal-leva-ceia-a-milhares-de-familias-no-restaurante-comunitario\\\/\"]}]},{\"@type\":\"ImageObject\",\"inLanguage\":\"pt-BR\",\"@id\":\"https:\\\/\\\/www.notibras.com\\\/site\\\/nosso-natal-leva-ceia-a-milhares-de-familias-no-restaurante-comunitario\\\/#primaryimage\",\"url\":\"https:\\\/\\\/www.notibras.com\\\/site\\\/wp-content\\\/uploads\\\/2025\\\/12\\\/movimento2.jpeg\",\"contentUrl\":\"https:\\\/\\\/www.notibras.com\\\/site\\\/wp-content\\\/uploads\\\/2025\\\/12\\\/movimento2.jpeg\",\"width\":1600,\"height\":1066},{\"@type\":\"BreadcrumbList\",\"@id\":\"https:\\\/\\\/www.notibras.com\\\/site\\\/nosso-natal-leva-ceia-a-milhares-de-familias-no-restaurante-comunitario\\\/#breadcrumb\",\"itemListElement\":[{\"@type\":\"ListItem\",\"position\":1,\"name\":\"In\u00edcio\",\"item\":\"https:\\\/\\\/www.notibras.com\\\/site\\\/\"},{\"@type\":\"ListItem\",\"position\":2,\"name\":\"Nosso Natal leva ceia a milhares de fam\u00edlias no Restaurante Comunit\u00e1rio\"}]},{\"@type\":\"WebSite\",\"@id\":\"https:\\\/\\\/www.notibras.com\\\/site\\\/#website\",\"url\":\"https:\\\/\\\/www.notibras.com\\\/site\\\/\",\"name\":\"Notibras\",\"description\":\"Not\u00edcias de Bras\u00edlia, do Brasil e do Mundo\",\"publisher\":{\"@id\":\"https:\\\/\\\/www.notibras.com\\\/site\\\/#organization\"},\"potentialAction\":[{\"@type\":\"SearchAction\",\"target\":{\"@type\":\"EntryPoint\",\"urlTemplate\":\"https:\\\/\\\/www.notibras.com\\\/site\\\/?s={search_term_string}\"},\"query-input\":{\"@type\":\"PropertyValueSpecification\",\"valueRequired\":true,\"valueName\":\"search_term_string\"}}],\"inLanguage\":\"pt-BR\"},{\"@type\":\"Organization\",\"@id\":\"https:\\\/\\\/www.notibras.com\\\/site\\\/#organization\",\"name\":\"Grupo Notibras de Comunica\u00e7\u00e3o\",\"url\":\"https:\\\/\\\/www.notibras.com\\\/site\\\/\",\"logo\":{\"@type\":\"ImageObject\",\"inLanguage\":\"pt-BR\",\"@id\":\"https:\\\/\\\/www.notibras.com\\\/site\\\/#\\\/schema\\\/logo\\\/image\\\/\",\"url\":\"https:\\\/\\\/www.notibras.com\\\/site\\\/wp-content\\\/uploads\\\/2023\\\/01\\\/notibras23.png\",\"contentUrl\":\"https:\\\/\\\/www.notibras.com\\\/site\\\/wp-content\\\/uploads\\\/2023\\\/01\\\/notibras23.png\",\"width\":350,\"height\":87,\"caption\":\"Grupo Notibras de Comunica\u00e7\u00e3o\"},\"image\":{\"@id\":\"https:\\\/\\\/www.notibras.com\\\/site\\\/#\\\/schema\\\/logo\\\/image\\\/\"},\"sameAs\":[\"https:\\\/\\\/www.facebook.com\\\/notibras\\\/\",\"https:\\\/\\\/x.com\\\/Notibras\",\"https:\\\/\\\/www.instagram.com\\\/notibras\\\/\"]},{\"@type\":\"Person\",\"@id\":\"https:\\\/\\\/www.notibras.com\\\/site\\\/#\\\/schema\\\/person\\\/5b7fabf2aedc3ada2105f03b22b4d3dd\",\"name\":\"Eduardo Mart\u00ednez\",\"image\":{\"@type\":\"ImageObject\",\"inLanguage\":\"pt-BR\",\"@id\":\"https:\\\/\\\/secure.gravatar.com\\\/avatar\\\/7902f906289926289cbcda644b5197c796b893c6ffd7b9a536a42d290f7704a0?s=96&d=mm&r=g\",\"url\":\"https:\\\/\\\/secure.gravatar.com\\\/avatar\\\/7902f906289926289cbcda644b5197c796b893c6ffd7b9a536a42d290f7704a0?s=96&d=mm&r=g\",\"contentUrl\":\"https:\\\/\\\/secure.gravatar.com\\\/avatar\\\/7902f906289926289cbcda644b5197c796b893c6ffd7b9a536a42d290f7704a0?s=96&d=mm&r=g\",\"caption\":\"Eduardo Mart\u00ednez\"}}]}<\/script>\n<!-- \/ Yoast SEO plugin. -->","yoast_head_json":{"title":"Nosso Natal leva ceia a milhares de fam\u00edlias no Restaurante Comunit\u00e1rio - Notibras","robots":{"index":"index","follow":"follow","max-snippet":"max-snippet:-1","max-image-preview":"max-image-preview:large","max-video-preview":"max-video-preview:-1"},"canonical":"https:\/\/www.notibras.com\/site\/nosso-natal-leva-ceia-a-milhares-de-familias-no-restaurante-comunitario\/","og_locale":"pt_BR","og_type":"article","og_title":"Nosso Natal leva ceia a milhares de fam\u00edlias no Restaurante Comunit\u00e1rio - Notibras","og_description":"No Restaurante Comunit\u00e1rio de Brazl\u00e2ndia, a quarta-feira (17) foi diferente. Para muitos moradores, o almo\u00e7o ganhou sabor de festa, afeto e dignidade. Teve m\u00fasica ao vivo, Papai Noel e cama el\u00e1stica para a crian\u00e7ada. \u201cEsse lugar aqui \u00e9 uma m\u00e3e para n\u00f3s\u201d, resumiu a moradora Sandra Regina, 60 anos, enquanto saboreava a refei\u00e7\u00e3o preparada especialmente [&hellip;]","og_url":"https:\/\/www.notibras.com\/site\/nosso-natal-leva-ceia-a-milhares-de-familias-no-restaurante-comunitario\/","og_site_name":"Notibras","article_publisher":"https:\/\/www.facebook.com\/notibras\/","article_published_time":"2025-12-18T03:45:57+00:00","og_image":[{"width":1600,"height":1066,"url":"https:\/\/www.notibras.com\/site\/wp-content\/uploads\/2025\/12\/movimento2.jpeg","type":"image\/jpeg"}],"author":"Eduardo Mart\u00ednez","twitter_card":"summary_large_image","twitter_creator":"@Notibras","twitter_site":"@Notibras","twitter_misc":{"Escrito por":"Eduardo Mart\u00ednez","Est. tempo de leitura":"5 minutos"},"schema":{"@context":"https:\/\/schema.org","@graph":[{"@type":"Article","@id":"https:\/\/www.notibras.com\/site\/nosso-natal-leva-ceia-a-milhares-de-familias-no-restaurante-comunitario\/#article","isPartOf":{"@id":"https:\/\/www.notibras.com\/site\/nosso-natal-leva-ceia-a-milhares-de-familias-no-restaurante-comunitario\/"},"author":{"name":"Eduardo Mart\u00ednez","@id":"https:\/\/www.notibras.com\/site\/#\/schema\/person\/5b7fabf2aedc3ada2105f03b22b4d3dd"},"headline":"Nosso Natal leva ceia a milhares de fam\u00edlias no Restaurante Comunit\u00e1rio","datePublished":"2025-12-18T03:45:57+00:00","mainEntityOfPage":{"@id":"https:\/\/www.notibras.com\/site\/nosso-natal-leva-ceia-a-milhares-de-familias-no-restaurante-comunitario\/"},"wordCount":859,"publisher":{"@id":"https:\/\/www.notibras.com\/site\/#organization"},"image":{"@id":"https:\/\/www.notibras.com\/site\/nosso-natal-leva-ceia-a-milhares-de-familias-no-restaurante-comunitario\/#primaryimage"},"thumbnailUrl":"https:\/\/www.notibras.com\/site\/wp-content\/uploads\/2025\/12\/movimento2.jpeg","articleSection":["Quadradinho em Foco"],"inLanguage":"pt-BR"},{"@type":"WebPage","@id":"https:\/\/www.notibras.com\/site\/nosso-natal-leva-ceia-a-milhares-de-familias-no-restaurante-comunitario\/","url":"https:\/\/www.notibras.com\/site\/nosso-natal-leva-ceia-a-milhares-de-familias-no-restaurante-comunitario\/","name":"Nosso Natal leva ceia a milhares de fam\u00edlias no Restaurante Comunit\u00e1rio - Notibras","isPartOf":{"@id":"https:\/\/www.notibras.com\/site\/#website"},"primaryImageOfPage":{"@id":"https:\/\/www.notibras.com\/site\/nosso-natal-leva-ceia-a-milhares-de-familias-no-restaurante-comunitario\/#primaryimage"},"image":{"@id":"https:\/\/www.notibras.com\/site\/nosso-natal-leva-ceia-a-milhares-de-familias-no-restaurante-comunitario\/#primaryimage"},"thumbnailUrl":"https:\/\/www.notibras.com\/site\/wp-content\/uploads\/2025\/12\/movimento2.jpeg","datePublished":"2025-12-18T03:45:57+00:00","breadcrumb":{"@id":"https:\/\/www.notibras.com\/site\/nosso-natal-leva-ceia-a-milhares-de-familias-no-restaurante-comunitario\/#breadcrumb"},"inLanguage":"pt-BR","potentialAction":[{"@type":"ReadAction","target":["https:\/\/www.notibras.com\/site\/nosso-natal-leva-ceia-a-milhares-de-familias-no-restaurante-comunitario\/"]}]},{"@type":"ImageObject","inLanguage":"pt-BR","@id":"https:\/\/www.notibras.com\/site\/nosso-natal-leva-ceia-a-milhares-de-familias-no-restaurante-comunitario\/#primaryimage","url":"https:\/\/www.notibras.com\/site\/wp-content\/uploads\/2025\/12\/movimento2.jpeg","contentUrl":"https:\/\/www.notibras.com\/site\/wp-content\/uploads\/2025\/12\/movimento2.jpeg","width":1600,"height":1066},{"@type":"BreadcrumbList","@id":"https:\/\/www.notibras.com\/site\/nosso-natal-leva-ceia-a-milhares-de-familias-no-restaurante-comunitario\/#breadcrumb","itemListElement":[{"@type":"ListItem","position":1,"name":"In\u00edcio","item":"https:\/\/www.notibras.com\/site\/"},{"@type":"ListItem","position":2,"name":"Nosso Natal leva ceia a milhares de fam\u00edlias no Restaurante Comunit\u00e1rio"}]},{"@type":"WebSite","@id":"https:\/\/www.notibras.com\/site\/#website","url":"https:\/\/www.notibras.com\/site\/","name":"Notibras","description":"Not\u00edcias de Bras\u00edlia, do Brasil e do Mundo","publisher":{"@id":"https:\/\/www.notibras.com\/site\/#organization"},"potentialAction":[{"@type":"SearchAction","target":{"@type":"EntryPoint","urlTemplate":"https:\/\/www.notibras.com\/site\/?s={search_term_string}"},"query-input":{"@type":"PropertyValueSpecification","valueRequired":true,"valueName":"search_term_string"}}],"inLanguage":"pt-BR"},{"@type":"Organization","@id":"https:\/\/www.notibras.com\/site\/#organization","name":"Grupo Notibras de Comunica\u00e7\u00e3o","url":"https:\/\/www.notibras.com\/site\/","logo":{"@type":"ImageObject","inLanguage":"pt-BR","@id":"https:\/\/www.notibras.com\/site\/#\/schema\/logo\/image\/","url":"https:\/\/www.notibras.com\/site\/wp-content\/uploads\/2023\/01\/notibras23.png","contentUrl":"https:\/\/www.notibras.com\/site\/wp-content\/uploads\/2023\/01\/notibras23.png","width":350,"height":87,"caption":"Grupo Notibras de Comunica\u00e7\u00e3o"},"image":{"@id":"https:\/\/www.notibras.com\/site\/#\/schema\/logo\/image\/"},"sameAs":["https:\/\/www.facebook.com\/notibras\/","https:\/\/x.com\/Notibras","https:\/\/www.instagram.com\/notibras\/"]},{"@type":"Person","@id":"https:\/\/www.notibras.com\/site\/#\/schema\/person\/5b7fabf2aedc3ada2105f03b22b4d3dd","name":"Eduardo Mart\u00ednez","image":{"@type":"ImageObject","inLanguage":"pt-BR","@id":"https:\/\/secure.gravatar.com\/avatar\/7902f906289926289cbcda644b5197c796b893c6ffd7b9a536a42d290f7704a0?s=96&d=mm&r=g","url":"https:\/\/secure.gravatar.com\/avatar\/7902f906289926289cbcda644b5197c796b893c6ffd7b9a536a42d290f7704a0?s=96&d=mm&r=g","contentUrl":"https:\/\/secure.gravatar.com\/avatar\/7902f906289926289cbcda644b5197c796b893c6ffd7b9a536a42d290f7704a0?s=96&d=mm&r=g","caption":"Eduardo Mart\u00ednez"}}]}},"amp_enabled":true,"_links":{"self":[{"href":"https:\/\/www.notibras.com\/site\/wp-json\/wp\/v2\/posts\/375265","targetHints":{"allow":["GET"]}}],"collection":[{"href":"https:\/\/www.notibras.com\/site\/wp-json\/wp\/v2\/posts"}],"about":[{"href":"https:\/\/www.notibras.com\/site\/wp-json\/wp\/v2\/types\/post"}],"author":[{"embeddable":true,"href":"https:\/\/www.notibras.com\/site\/wp-json\/wp\/v2\/users\/21"}],"replies":[{"embeddable":true,"href":"https:\/\/www.notibras.com\/site\/wp-json\/wp\/v2\/comments?post=375265"}],"version-history":[{"count":3,"href":"https:\/\/www.notibras.com\/site\/wp-json\/wp\/v2\/posts\/375265\/revisions"}],"predecessor-version":[{"id":375271,"href":"https:\/\/www.notibras.com\/site\/wp-json\/wp\/v2\/posts\/375265\/revisions\/375271"}],"wp:featuredmedia":[{"embeddable":true,"href":"https:\/\/www.notibras.com\/site\/wp-json\/wp\/v2\/media\/375266"}],"wp:attachment":[{"href":"https:\/\/www.notibras.com\/site\/wp-json\/wp\/v2\/media?parent=375265"}],"wp:term":[{"taxonomy":"category","embeddable":true,"href":"https:\/\/www.notibras.com\/site\/wp-json\/wp\/v2\/categories?post=375265"},{"taxonomy":"post_tag","embeddable":true,"href":"https:\/\/www.notibras.com\/site\/wp-json\/wp\/v2\/tags?post=375265"}],"curies":[{"name":"wp","href":"https:\/\/api.w.org\/{rel}","templated":true}]}}