{"id":375274,"date":"2025-12-18T01:00:02","date_gmt":"2025-12-18T04:00:02","guid":{"rendered":"https:\/\/www.notibras.com\/site\/?p=375274"},"modified":"2025-12-17T23:59:42","modified_gmt":"2025-12-18T02:59:42","slug":"divulgacao-de-boletim-familia-e-renda-nesta-quinta-18","status":"publish","type":"post","link":"https:\/\/www.notibras.com\/site\/divulgacao-de-boletim-familia-e-renda-nesta-quinta-18\/","title":{"rendered":"Divulga\u00e7\u00e3o de Boletim Fam\u00edlia e Renda nesta quinta (18)"},"content":{"rendered":"<p>O Instituto de Pesquisa e Estat\u00edstica do Distrito Federal (IPEDF) e o Departamento Intersindical de Estat\u00edstica e Estudos Socioecon\u00f4micos (Dieese) apresentam, nesta quinta-feira (18), \u00e0s 10h, ao vivo no canal do YouTube do IPEDF, o primeiro Boletim Fam\u00edlia e Renda.<\/p>\n<p>O estudo re\u00fane informa\u00e7\u00f5es sobre as condi\u00e7\u00f5es de vida das fam\u00edlias do Distrito Federal em 2024, com an\u00e1lise da composi\u00e7\u00e3o familiar, da renda m\u00e9dia, das fontes de rendimento e das caracter\u00edsticas das chefias de domic\u00edlio.<\/p>\n<p>Servi\u00e7o<\/p>\n<p>Apresenta\u00e7\u00e3o Boletim Fam\u00edlia e Renda<\/p>\n<p>Data: 18\/12<\/p>\n<p>Hor\u00e1rio: 10h<\/p>\n<p>Acompanhe: <a href=\"https:\/\/www.youtube.com\/watch?v=OmbVloDU2RA\">https:\/\/www.youtube.com\/watch?v=OmbVloDU2RA<\/a><\/p>\n<p>Mais informa\u00e7\u00f5es: <strong>comunicacao@ipe.df.gov.br<\/strong><\/p>\n","protected":false},"excerpt":{"rendered":"<p>O Instituto de Pesquisa e Estat\u00edstica do Distrito Federal (IPEDF) e o Departamento Intersindical de Estat\u00edstica e Estudos Socioecon\u00f4micos (Dieese) apresentam, nesta quinta-feira (18), \u00e0s 10h, ao vivo no canal do YouTube do IPEDF, o primeiro Boletim Fam\u00edlia e Renda. O estudo re\u00fane informa\u00e7\u00f5es sobre as condi\u00e7\u00f5es de vida das fam\u00edlias do Distrito Federal em [&hellip;]<\/p>\n","protected":false},"author":21,"featured_media":375275,"comment_status":"closed","ping_status":"closed","sticky":false,"template":"","format":"standard","meta":{"_acf_changed":false,"footnotes":""},"categories":[161],"tags":[],"class_list":["post-375274","post","type-post","status-publish","format-standard","has-post-thumbnail","hentry","category-quadradinho-em-foco"],"acf":[],"yoast_head":"<!-- This site is optimized with the Yoast SEO plugin v27.5 - https:\/\/yoast.com\/product\/yoast-seo-wordpress\/ -->\n<title>Divulga\u00e7\u00e3o de Boletim Fam\u00edlia e Renda nesta quinta (18) - Notibras<\/title>\n<meta name=\"robots\" content=\"index, follow, max-snippet:-1, max-image-preview:large, max-video-preview:-1\" \/>\n<link rel=\"canonical\" href=\"https:\/\/www.notibras.com\/site\/divulgacao-de-boletim-familia-e-renda-nesta-quinta-18\/\" \/>\n<meta property=\"og:locale\" content=\"pt_BR\" \/>\n<meta property=\"og:type\" content=\"article\" \/>\n<meta property=\"og:title\" content=\"Divulga\u00e7\u00e3o de Boletim Fam\u00edlia e Renda nesta quinta (18) - Notibras\" \/>\n<meta property=\"og:description\" content=\"O Instituto de Pesquisa e Estat\u00edstica do Distrito Federal (IPEDF) e o Departamento Intersindical de Estat\u00edstica e Estudos Socioecon\u00f4micos (Dieese) apresentam, nesta quinta-feira (18), \u00e0s 10h, ao vivo no canal do YouTube do IPEDF, o primeiro Boletim Fam\u00edlia e Renda. O estudo re\u00fane informa\u00e7\u00f5es sobre as condi\u00e7\u00f5es de vida das fam\u00edlias do Distrito Federal em [&hellip;]\" \/>\n<meta property=\"og:url\" content=\"https:\/\/www.notibras.com\/site\/divulgacao-de-boletim-familia-e-renda-nesta-quinta-18\/\" \/>\n<meta property=\"og:site_name\" content=\"Notibras\" \/>\n<meta property=\"article:publisher\" content=\"https:\/\/www.facebook.com\/notibras\/\" \/>\n<meta property=\"article:published_time\" content=\"2025-12-18T04:00:02+00:00\" \/>\n<meta property=\"og:image\" content=\"https:\/\/www.notibras.com\/site\/wp-content\/uploads\/2025\/12\/IPEDF-Foto-2.jpg\" \/>\n\t<meta property=\"og:image:width\" content=\"2048\" \/>\n\t<meta property=\"og:image:height\" content=\"1365\" \/>\n\t<meta property=\"og:image:type\" content=\"image\/jpeg\" \/>\n<meta name=\"author\" content=\"Eduardo Mart\u00ednez\" \/>\n<meta name=\"twitter:card\" content=\"summary_large_image\" \/>\n<meta name=\"twitter:creator\" content=\"@Notibras\" \/>\n<meta name=\"twitter:site\" content=\"@Notibras\" \/>\n<meta name=\"twitter:label1\" content=\"Escrito por\" \/>\n\t<meta name=\"twitter:data1\" content=\"Eduardo Mart\u00ednez\" \/>\n\t<meta name=\"twitter:label2\" content=\"Est. tempo de leitura\" \/>\n\t<meta name=\"twitter:data2\" content=\"1 minuto\" \/>\n<script type=\"application\/ld+json\" class=\"yoast-schema-graph\">{\"@context\":\"https:\\\/\\\/schema.org\",\"@graph\":[{\"@type\":\"Article\",\"@id\":\"https:\\\/\\\/www.notibras.com\\\/site\\\/divulgacao-de-boletim-familia-e-renda-nesta-quinta-18\\\/#article\",\"isPartOf\":{\"@id\":\"https:\\\/\\\/www.notibras.com\\\/site\\\/divulgacao-de-boletim-familia-e-renda-nesta-quinta-18\\\/\"},\"author\":{\"name\":\"Eduardo Mart\u00ednez\",\"@id\":\"https:\\\/\\\/www.notibras.com\\\/site\\\/#\\\/schema\\\/person\\\/5b7fabf2aedc3ada2105f03b22b4d3dd\"},\"headline\":\"Divulga\u00e7\u00e3o de Boletim Fam\u00edlia e Renda nesta quinta (18)\",\"datePublished\":\"2025-12-18T04:00:02+00:00\",\"mainEntityOfPage\":{\"@id\":\"https:\\\/\\\/www.notibras.com\\\/site\\\/divulgacao-de-boletim-familia-e-renda-nesta-quinta-18\\\/\"},\"wordCount\":126,\"publisher\":{\"@id\":\"https:\\\/\\\/www.notibras.com\\\/site\\\/#organization\"},\"image\":{\"@id\":\"https:\\\/\\\/www.notibras.com\\\/site\\\/divulgacao-de-boletim-familia-e-renda-nesta-quinta-18\\\/#primaryimage\"},\"thumbnailUrl\":\"https:\\\/\\\/www.notibras.com\\\/site\\\/wp-content\\\/uploads\\\/2025\\\/12\\\/IPEDF-Foto-2.jpg\",\"articleSection\":[\"Quadradinho em Foco\"],\"inLanguage\":\"pt-BR\"},{\"@type\":\"WebPage\",\"@id\":\"https:\\\/\\\/www.notibras.com\\\/site\\\/divulgacao-de-boletim-familia-e-renda-nesta-quinta-18\\\/\",\"url\":\"https:\\\/\\\/www.notibras.com\\\/site\\\/divulgacao-de-boletim-familia-e-renda-nesta-quinta-18\\\/\",\"name\":\"Divulga\u00e7\u00e3o de Boletim Fam\u00edlia e Renda nesta quinta (18) - Notibras\",\"isPartOf\":{\"@id\":\"https:\\\/\\\/www.notibras.com\\\/site\\\/#website\"},\"primaryImageOfPage\":{\"@id\":\"https:\\\/\\\/www.notibras.com\\\/site\\\/divulgacao-de-boletim-familia-e-renda-nesta-quinta-18\\\/#primaryimage\"},\"image\":{\"@id\":\"https:\\\/\\\/www.notibras.com\\\/site\\\/divulgacao-de-boletim-familia-e-renda-nesta-quinta-18\\\/#primaryimage\"},\"thumbnailUrl\":\"https:\\\/\\\/www.notibras.com\\\/site\\\/wp-content\\\/uploads\\\/2025\\\/12\\\/IPEDF-Foto-2.jpg\",\"datePublished\":\"2025-12-18T04:00:02+00:00\",\"breadcrumb\":{\"@id\":\"https:\\\/\\\/www.notibras.com\\\/site\\\/divulgacao-de-boletim-familia-e-renda-nesta-quinta-18\\\/#breadcrumb\"},\"inLanguage\":\"pt-BR\",\"potentialAction\":[{\"@type\":\"ReadAction\",\"target\":[\"https:\\\/\\\/www.notibras.com\\\/site\\\/divulgacao-de-boletim-familia-e-renda-nesta-quinta-18\\\/\"]}]},{\"@type\":\"ImageObject\",\"inLanguage\":\"pt-BR\",\"@id\":\"https:\\\/\\\/www.notibras.com\\\/site\\\/divulgacao-de-boletim-familia-e-renda-nesta-quinta-18\\\/#primaryimage\",\"url\":\"https:\\\/\\\/www.notibras.com\\\/site\\\/wp-content\\\/uploads\\\/2025\\\/12\\\/IPEDF-Foto-2.jpg\",\"contentUrl\":\"https:\\\/\\\/www.notibras.com\\\/site\\\/wp-content\\\/uploads\\\/2025\\\/12\\\/IPEDF-Foto-2.jpg\",\"width\":2048,\"height\":1365},{\"@type\":\"BreadcrumbList\",\"@id\":\"https:\\\/\\\/www.notibras.com\\\/site\\\/divulgacao-de-boletim-familia-e-renda-nesta-quinta-18\\\/#breadcrumb\",\"itemListElement\":[{\"@type\":\"ListItem\",\"position\":1,\"name\":\"In\u00edcio\",\"item\":\"https:\\\/\\\/www.notibras.com\\\/site\\\/\"},{\"@type\":\"ListItem\",\"position\":2,\"name\":\"Divulga\u00e7\u00e3o de Boletim Fam\u00edlia e Renda nesta quinta (18)\"}]},{\"@type\":\"WebSite\",\"@id\":\"https:\\\/\\\/www.notibras.com\\\/site\\\/#website\",\"url\":\"https:\\\/\\\/www.notibras.com\\\/site\\\/\",\"name\":\"Notibras\",\"description\":\"Not\u00edcias de Bras\u00edlia, do Brasil e do Mundo\",\"publisher\":{\"@id\":\"https:\\\/\\\/www.notibras.com\\\/site\\\/#organization\"},\"potentialAction\":[{\"@type\":\"SearchAction\",\"target\":{\"@type\":\"EntryPoint\",\"urlTemplate\":\"https:\\\/\\\/www.notibras.com\\\/site\\\/?s={search_term_string}\"},\"query-input\":{\"@type\":\"PropertyValueSpecification\",\"valueRequired\":true,\"valueName\":\"search_term_string\"}}],\"inLanguage\":\"pt-BR\"},{\"@type\":\"Organization\",\"@id\":\"https:\\\/\\\/www.notibras.com\\\/site\\\/#organization\",\"name\":\"Grupo Notibras de Comunica\u00e7\u00e3o\",\"url\":\"https:\\\/\\\/www.notibras.com\\\/site\\\/\",\"logo\":{\"@type\":\"ImageObject\",\"inLanguage\":\"pt-BR\",\"@id\":\"https:\\\/\\\/www.notibras.com\\\/site\\\/#\\\/schema\\\/logo\\\/image\\\/\",\"url\":\"https:\\\/\\\/www.notibras.com\\\/site\\\/wp-content\\\/uploads\\\/2023\\\/01\\\/notibras23.png\",\"contentUrl\":\"https:\\\/\\\/www.notibras.com\\\/site\\\/wp-content\\\/uploads\\\/2023\\\/01\\\/notibras23.png\",\"width\":350,\"height\":87,\"caption\":\"Grupo Notibras de Comunica\u00e7\u00e3o\"},\"image\":{\"@id\":\"https:\\\/\\\/www.notibras.com\\\/site\\\/#\\\/schema\\\/logo\\\/image\\\/\"},\"sameAs\":[\"https:\\\/\\\/www.facebook.com\\\/notibras\\\/\",\"https:\\\/\\\/x.com\\\/Notibras\",\"https:\\\/\\\/www.instagram.com\\\/notibras\\\/\"]},{\"@type\":\"Person\",\"@id\":\"https:\\\/\\\/www.notibras.com\\\/site\\\/#\\\/schema\\\/person\\\/5b7fabf2aedc3ada2105f03b22b4d3dd\",\"name\":\"Eduardo Mart\u00ednez\",\"image\":{\"@type\":\"ImageObject\",\"inLanguage\":\"pt-BR\",\"@id\":\"https:\\\/\\\/secure.gravatar.com\\\/avatar\\\/7902f906289926289cbcda644b5197c796b893c6ffd7b9a536a42d290f7704a0?s=96&d=mm&r=g\",\"url\":\"https:\\\/\\\/secure.gravatar.com\\\/avatar\\\/7902f906289926289cbcda644b5197c796b893c6ffd7b9a536a42d290f7704a0?s=96&d=mm&r=g\",\"contentUrl\":\"https:\\\/\\\/secure.gravatar.com\\\/avatar\\\/7902f906289926289cbcda644b5197c796b893c6ffd7b9a536a42d290f7704a0?s=96&d=mm&r=g\",\"caption\":\"Eduardo Mart\u00ednez\"}}]}<\/script>\n<!-- \/ Yoast SEO plugin. -->","yoast_head_json":{"title":"Divulga\u00e7\u00e3o de Boletim Fam\u00edlia e Renda nesta quinta (18) - Notibras","robots":{"index":"index","follow":"follow","max-snippet":"max-snippet:-1","max-image-preview":"max-image-preview:large","max-video-preview":"max-video-preview:-1"},"canonical":"https:\/\/www.notibras.com\/site\/divulgacao-de-boletim-familia-e-renda-nesta-quinta-18\/","og_locale":"pt_BR","og_type":"article","og_title":"Divulga\u00e7\u00e3o de Boletim Fam\u00edlia e Renda nesta quinta (18) - Notibras","og_description":"O Instituto de Pesquisa e Estat\u00edstica do Distrito Federal (IPEDF) e o Departamento Intersindical de Estat\u00edstica e Estudos Socioecon\u00f4micos (Dieese) apresentam, nesta quinta-feira (18), \u00e0s 10h, ao vivo no canal do YouTube do IPEDF, o primeiro Boletim Fam\u00edlia e Renda. O estudo re\u00fane informa\u00e7\u00f5es sobre as condi\u00e7\u00f5es de vida das fam\u00edlias do Distrito Federal em [&hellip;]","og_url":"https:\/\/www.notibras.com\/site\/divulgacao-de-boletim-familia-e-renda-nesta-quinta-18\/","og_site_name":"Notibras","article_publisher":"https:\/\/www.facebook.com\/notibras\/","article_published_time":"2025-12-18T04:00:02+00:00","og_image":[{"width":2048,"height":1365,"url":"https:\/\/www.notibras.com\/site\/wp-content\/uploads\/2025\/12\/IPEDF-Foto-2.jpg","type":"image\/jpeg"}],"author":"Eduardo Mart\u00ednez","twitter_card":"summary_large_image","twitter_creator":"@Notibras","twitter_site":"@Notibras","twitter_misc":{"Escrito por":"Eduardo Mart\u00ednez","Est. tempo de leitura":"1 minuto"},"schema":{"@context":"https:\/\/schema.org","@graph":[{"@type":"Article","@id":"https:\/\/www.notibras.com\/site\/divulgacao-de-boletim-familia-e-renda-nesta-quinta-18\/#article","isPartOf":{"@id":"https:\/\/www.notibras.com\/site\/divulgacao-de-boletim-familia-e-renda-nesta-quinta-18\/"},"author":{"name":"Eduardo Mart\u00ednez","@id":"https:\/\/www.notibras.com\/site\/#\/schema\/person\/5b7fabf2aedc3ada2105f03b22b4d3dd"},"headline":"Divulga\u00e7\u00e3o de Boletim Fam\u00edlia e Renda nesta quinta (18)","datePublished":"2025-12-18T04:00:02+00:00","mainEntityOfPage":{"@id":"https:\/\/www.notibras.com\/site\/divulgacao-de-boletim-familia-e-renda-nesta-quinta-18\/"},"wordCount":126,"publisher":{"@id":"https:\/\/www.notibras.com\/site\/#organization"},"image":{"@id":"https:\/\/www.notibras.com\/site\/divulgacao-de-boletim-familia-e-renda-nesta-quinta-18\/#primaryimage"},"thumbnailUrl":"https:\/\/www.notibras.com\/site\/wp-content\/uploads\/2025\/12\/IPEDF-Foto-2.jpg","articleSection":["Quadradinho em Foco"],"inLanguage":"pt-BR"},{"@type":"WebPage","@id":"https:\/\/www.notibras.com\/site\/divulgacao-de-boletim-familia-e-renda-nesta-quinta-18\/","url":"https:\/\/www.notibras.com\/site\/divulgacao-de-boletim-familia-e-renda-nesta-quinta-18\/","name":"Divulga\u00e7\u00e3o de Boletim Fam\u00edlia e Renda nesta quinta (18) - Notibras","isPartOf":{"@id":"https:\/\/www.notibras.com\/site\/#website"},"primaryImageOfPage":{"@id":"https:\/\/www.notibras.com\/site\/divulgacao-de-boletim-familia-e-renda-nesta-quinta-18\/#primaryimage"},"image":{"@id":"https:\/\/www.notibras.com\/site\/divulgacao-de-boletim-familia-e-renda-nesta-quinta-18\/#primaryimage"},"thumbnailUrl":"https:\/\/www.notibras.com\/site\/wp-content\/uploads\/2025\/12\/IPEDF-Foto-2.jpg","datePublished":"2025-12-18T04:00:02+00:00","breadcrumb":{"@id":"https:\/\/www.notibras.com\/site\/divulgacao-de-boletim-familia-e-renda-nesta-quinta-18\/#breadcrumb"},"inLanguage":"pt-BR","potentialAction":[{"@type":"ReadAction","target":["https:\/\/www.notibras.com\/site\/divulgacao-de-boletim-familia-e-renda-nesta-quinta-18\/"]}]},{"@type":"ImageObject","inLanguage":"pt-BR","@id":"https:\/\/www.notibras.com\/site\/divulgacao-de-boletim-familia-e-renda-nesta-quinta-18\/#primaryimage","url":"https:\/\/www.notibras.com\/site\/wp-content\/uploads\/2025\/12\/IPEDF-Foto-2.jpg","contentUrl":"https:\/\/www.notibras.com\/site\/wp-content\/uploads\/2025\/12\/IPEDF-Foto-2.jpg","width":2048,"height":1365},{"@type":"BreadcrumbList","@id":"https:\/\/www.notibras.com\/site\/divulgacao-de-boletim-familia-e-renda-nesta-quinta-18\/#breadcrumb","itemListElement":[{"@type":"ListItem","position":1,"name":"In\u00edcio","item":"https:\/\/www.notibras.com\/site\/"},{"@type":"ListItem","position":2,"name":"Divulga\u00e7\u00e3o de Boletim Fam\u00edlia e Renda nesta quinta (18)"}]},{"@type":"WebSite","@id":"https:\/\/www.notibras.com\/site\/#website","url":"https:\/\/www.notibras.com\/site\/","name":"Notibras","description":"Not\u00edcias de Bras\u00edlia, do Brasil e do Mundo","publisher":{"@id":"https:\/\/www.notibras.com\/site\/#organization"},"potentialAction":[{"@type":"SearchAction","target":{"@type":"EntryPoint","urlTemplate":"https:\/\/www.notibras.com\/site\/?s={search_term_string}"},"query-input":{"@type":"PropertyValueSpecification","valueRequired":true,"valueName":"search_term_string"}}],"inLanguage":"pt-BR"},{"@type":"Organization","@id":"https:\/\/www.notibras.com\/site\/#organization","name":"Grupo Notibras de Comunica\u00e7\u00e3o","url":"https:\/\/www.notibras.com\/site\/","logo":{"@type":"ImageObject","inLanguage":"pt-BR","@id":"https:\/\/www.notibras.com\/site\/#\/schema\/logo\/image\/","url":"https:\/\/www.notibras.com\/site\/wp-content\/uploads\/2023\/01\/notibras23.png","contentUrl":"https:\/\/www.notibras.com\/site\/wp-content\/uploads\/2023\/01\/notibras23.png","width":350,"height":87,"caption":"Grupo Notibras de Comunica\u00e7\u00e3o"},"image":{"@id":"https:\/\/www.notibras.com\/site\/#\/schema\/logo\/image\/"},"sameAs":["https:\/\/www.facebook.com\/notibras\/","https:\/\/x.com\/Notibras","https:\/\/www.instagram.com\/notibras\/"]},{"@type":"Person","@id":"https:\/\/www.notibras.com\/site\/#\/schema\/person\/5b7fabf2aedc3ada2105f03b22b4d3dd","name":"Eduardo Mart\u00ednez","image":{"@type":"ImageObject","inLanguage":"pt-BR","@id":"https:\/\/secure.gravatar.com\/avatar\/7902f906289926289cbcda644b5197c796b893c6ffd7b9a536a42d290f7704a0?s=96&d=mm&r=g","url":"https:\/\/secure.gravatar.com\/avatar\/7902f906289926289cbcda644b5197c796b893c6ffd7b9a536a42d290f7704a0?s=96&d=mm&r=g","contentUrl":"https:\/\/secure.gravatar.com\/avatar\/7902f906289926289cbcda644b5197c796b893c6ffd7b9a536a42d290f7704a0?s=96&d=mm&r=g","caption":"Eduardo Mart\u00ednez"}}]}},"amp_enabled":true,"_links":{"self":[{"href":"https:\/\/www.notibras.com\/site\/wp-json\/wp\/v2\/posts\/375274","targetHints":{"allow":["GET"]}}],"collection":[{"href":"https:\/\/www.notibras.com\/site\/wp-json\/wp\/v2\/posts"}],"about":[{"href":"https:\/\/www.notibras.com\/site\/wp-json\/wp\/v2\/types\/post"}],"author":[{"embeddable":true,"href":"https:\/\/www.notibras.com\/site\/wp-json\/wp\/v2\/users\/21"}],"replies":[{"embeddable":true,"href":"https:\/\/www.notibras.com\/site\/wp-json\/wp\/v2\/comments?post=375274"}],"version-history":[{"count":2,"href":"https:\/\/www.notibras.com\/site\/wp-json\/wp\/v2\/posts\/375274\/revisions"}],"predecessor-version":[{"id":375277,"href":"https:\/\/www.notibras.com\/site\/wp-json\/wp\/v2\/posts\/375274\/revisions\/375277"}],"wp:featuredmedia":[{"embeddable":true,"href":"https:\/\/www.notibras.com\/site\/wp-json\/wp\/v2\/media\/375275"}],"wp:attachment":[{"href":"https:\/\/www.notibras.com\/site\/wp-json\/wp\/v2\/media?parent=375274"}],"wp:term":[{"taxonomy":"category","embeddable":true,"href":"https:\/\/www.notibras.com\/site\/wp-json\/wp\/v2\/categories?post=375274"},{"taxonomy":"post_tag","embeddable":true,"href":"https:\/\/www.notibras.com\/site\/wp-json\/wp\/v2\/tags?post=375274"}],"curies":[{"name":"wp","href":"https:\/\/api.w.org\/{rel}","templated":true}]}}