{"id":375278,"date":"2025-12-18T01:15:15","date_gmt":"2025-12-18T04:15:15","guid":{"rendered":"https:\/\/www.notibras.com\/site\/?p=375278"},"modified":"2025-12-18T00:19:20","modified_gmt":"2025-12-18T03:19:20","slug":"preservacao-do-patrimonio-cultural","status":"publish","type":"post","link":"https:\/\/www.notibras.com\/site\/preservacao-do-patrimonio-cultural\/","title":{"rendered":"Preserva\u00e7\u00e3o do patrim\u00f4nio cultural"},"content":{"rendered":"<p>Em 2025, o Conselho de Defesa do Patrim\u00f4nio Cultural do Distrito Federal (Condepac) consolidou seu papel na prote\u00e7\u00e3o do patrim\u00f4nio cultural do DF, promovendo discuss\u00f5es e a\u00e7\u00f5es voltadas \u00e0 preserva\u00e7\u00e3o da hist\u00f3ria, da arte e da identidade local. Ao longo do ano, o colegiado realizou oito reuni\u00f5es ordin\u00e1rias e uma extraordin\u00e1ria, com foco em processos e projetos decisivos para o futuro cultural da regi\u00e3o.<\/p>\n<p>Entre as a\u00e7\u00f5es de destaque est\u00e3o a reavalia\u00e7\u00e3o do tombamento do Teatro Dulcina de Moraes e a prote\u00e7\u00e3o de seus acervos, incluindo o reconhecimento do Ide\u00e1rio de Dulcina como Patrim\u00f4nio Imaterial do DF. Al\u00e9m disso, o registro do Teatro de Bonecos Popular do Nordeste \u2013 Mamulengo, tamb\u00e9m como patrim\u00f4nio imaterial, reflete o esfor\u00e7o cont\u00ednuo para manter vivas as manifesta\u00e7\u00f5es culturais regionais.<\/p>\n<p>O conselho tamb\u00e9m esteve envolvido em processos relevantes, como a an\u00e1lise da requalifica\u00e7\u00e3o urbana do percurso tur\u00edstico-cultural de Planaltina e o projeto de restauro da Pra\u00e7a dos Tr\u00eas Poderes, sob coordena\u00e7\u00e3o do Instituto do Patrim\u00f4nio Hist\u00f3rico e Art\u00edstico Nacional (Iphan). Interven\u00e7\u00f5es em \u00e1reas sens\u00edveis, como o pilotis do Bloco J da Superquadra Sul 307 e a incinera\u00e7\u00e3o da cabe\u00e7a da imagem do orix\u00e1 Ogum, na Pra\u00e7a dos Orix\u00e1s, tamb\u00e9m estiveram entre as delibera\u00e7\u00f5es do ano.<\/p>\n<p>\u201cO trabalho do Condepac reflete o nosso compromisso com a preserva\u00e7\u00e3o da identidade cultural do Distrito Federal, e os avan\u00e7os de 2025 s\u00e3o fundamentais para o fortalecimento de nossa mem\u00f3ria coletiva. Continuaremos a avan\u00e7ar com o olhar atento \u00e0s necessidades da nossa popula\u00e7\u00e3o e ao nosso patrim\u00f4nio\u201d, afirma o secret\u00e1rio de Cultura e Economia Criativa do DF e presidente do Condepac, Claudio Abrantes.<\/p>\n<p>Al\u00e9m disso, o conselho deu in\u00edcio \u00e0 cria\u00e7\u00e3o de grupos de trabalho estrat\u00e9gicos, como o GT Vila Cultural Cobra Coral e o GT Patrim\u00f4nio Ambiental, e avan\u00e7ou na atualiza\u00e7\u00e3o e revis\u00e3o do Regimento Interno, bem como na elabora\u00e7\u00e3o de novas diretrizes para interven\u00e7\u00f5es em \u00e1reas tombadas.<\/p>\n<p>Para 2026, o colegiado projeta novos desafios, como a finaliza\u00e7\u00e3o de processos em andamento e a consolida\u00e7\u00e3o das diretrizes para interven\u00e7\u00f5es, al\u00e9m da continuidade das a\u00e7\u00f5es de valoriza\u00e7\u00e3o e prote\u00e7\u00e3o dos bens culturais que integram a identidade de Bras\u00edlia e do entorno.<\/p>\n<p>O trabalho coletivo desenvolvido ao longo de 2025 reafirma a import\u00e2ncia do Condepac como \u00f3rg\u00e3o t\u00e9cnico e deliberativo que, com o apoio da sociedade civil e de parceiros institucionais, atua para garantir que o patrim\u00f4nio cultural do Distrito Federal seja preservado, valorizado e protegido para as futuras gera\u00e7\u00f5es.<\/p>\n","protected":false},"excerpt":{"rendered":"<p>Em 2025, o Conselho de Defesa do Patrim\u00f4nio Cultural do Distrito Federal (Condepac) consolidou seu papel na prote\u00e7\u00e3o do patrim\u00f4nio cultural do DF, promovendo discuss\u00f5es e a\u00e7\u00f5es voltadas \u00e0 preserva\u00e7\u00e3o da hist\u00f3ria, da arte e da identidade local. Ao longo do ano, o colegiado realizou oito reuni\u00f5es ordin\u00e1rias e uma extraordin\u00e1ria, com foco em processos [&hellip;]<\/p>\n","protected":false},"author":21,"featured_media":375280,"comment_status":"closed","ping_status":"closed","sticky":false,"template":"","format":"standard","meta":{"_acf_changed":false,"footnotes":""},"categories":[161],"tags":[],"class_list":["post-375278","post","type-post","status-publish","format-standard","has-post-thumbnail","hentry","category-quadradinho-em-foco"],"acf":[],"yoast_head":"<!-- This site is optimized with the Yoast SEO plugin v27.5 - https:\/\/yoast.com\/product\/yoast-seo-wordpress\/ -->\n<title>Preserva\u00e7\u00e3o do patrim\u00f4nio cultural - Notibras<\/title>\n<meta name=\"robots\" content=\"index, follow, max-snippet:-1, max-image-preview:large, max-video-preview:-1\" \/>\n<link rel=\"canonical\" href=\"https:\/\/www.notibras.com\/site\/preservacao-do-patrimonio-cultural\/\" \/>\n<meta property=\"og:locale\" content=\"pt_BR\" \/>\n<meta property=\"og:type\" content=\"article\" \/>\n<meta property=\"og:title\" content=\"Preserva\u00e7\u00e3o do patrim\u00f4nio cultural - Notibras\" \/>\n<meta property=\"og:description\" content=\"Em 2025, o Conselho de Defesa do Patrim\u00f4nio Cultural do Distrito Federal (Condepac) consolidou seu papel na prote\u00e7\u00e3o do patrim\u00f4nio cultural do DF, promovendo discuss\u00f5es e a\u00e7\u00f5es voltadas \u00e0 preserva\u00e7\u00e3o da hist\u00f3ria, da arte e da identidade local. Ao longo do ano, o colegiado realizou oito reuni\u00f5es ordin\u00e1rias e uma extraordin\u00e1ria, com foco em processos [&hellip;]\" \/>\n<meta property=\"og:url\" content=\"https:\/\/www.notibras.com\/site\/preservacao-do-patrimonio-cultural\/\" \/>\n<meta property=\"og:site_name\" content=\"Notibras\" \/>\n<meta property=\"article:publisher\" content=\"https:\/\/www.facebook.com\/notibras\/\" \/>\n<meta property=\"article:published_time\" content=\"2025-12-18T04:15:15+00:00\" \/>\n<meta property=\"og:image\" content=\"https:\/\/www.notibras.com\/site\/wp-content\/uploads\/2025\/12\/teatro-dulcina-secec.jpeg\" \/>\n\t<meta property=\"og:image:width\" content=\"2048\" \/>\n\t<meta property=\"og:image:height\" content=\"1152\" \/>\n\t<meta property=\"og:image:type\" content=\"image\/jpeg\" \/>\n<meta name=\"author\" content=\"Eduardo Mart\u00ednez\" \/>\n<meta name=\"twitter:card\" content=\"summary_large_image\" \/>\n<meta name=\"twitter:creator\" content=\"@Notibras\" \/>\n<meta name=\"twitter:site\" content=\"@Notibras\" \/>\n<meta name=\"twitter:label1\" content=\"Escrito por\" \/>\n\t<meta name=\"twitter:data1\" content=\"Eduardo Mart\u00ednez\" \/>\n\t<meta name=\"twitter:label2\" content=\"Est. tempo de leitura\" \/>\n\t<meta name=\"twitter:data2\" content=\"3 minutos\" \/>\n<script type=\"application\/ld+json\" class=\"yoast-schema-graph\">{\"@context\":\"https:\\\/\\\/schema.org\",\"@graph\":[{\"@type\":\"Article\",\"@id\":\"https:\\\/\\\/www.notibras.com\\\/site\\\/preservacao-do-patrimonio-cultural\\\/#article\",\"isPartOf\":{\"@id\":\"https:\\\/\\\/www.notibras.com\\\/site\\\/preservacao-do-patrimonio-cultural\\\/\"},\"author\":{\"name\":\"Eduardo Mart\u00ednez\",\"@id\":\"https:\\\/\\\/www.notibras.com\\\/site\\\/#\\\/schema\\\/person\\\/5b7fabf2aedc3ada2105f03b22b4d3dd\"},\"headline\":\"Preserva\u00e7\u00e3o do patrim\u00f4nio cultural\",\"datePublished\":\"2025-12-18T04:15:15+00:00\",\"mainEntityOfPage\":{\"@id\":\"https:\\\/\\\/www.notibras.com\\\/site\\\/preservacao-do-patrimonio-cultural\\\/\"},\"wordCount\":469,\"publisher\":{\"@id\":\"https:\\\/\\\/www.notibras.com\\\/site\\\/#organization\"},\"image\":{\"@id\":\"https:\\\/\\\/www.notibras.com\\\/site\\\/preservacao-do-patrimonio-cultural\\\/#primaryimage\"},\"thumbnailUrl\":\"https:\\\/\\\/www.notibras.com\\\/site\\\/wp-content\\\/uploads\\\/2025\\\/12\\\/teatro-dulcina-secec.jpeg\",\"articleSection\":[\"Quadradinho em Foco\"],\"inLanguage\":\"pt-BR\"},{\"@type\":\"WebPage\",\"@id\":\"https:\\\/\\\/www.notibras.com\\\/site\\\/preservacao-do-patrimonio-cultural\\\/\",\"url\":\"https:\\\/\\\/www.notibras.com\\\/site\\\/preservacao-do-patrimonio-cultural\\\/\",\"name\":\"Preserva\u00e7\u00e3o do patrim\u00f4nio cultural - Notibras\",\"isPartOf\":{\"@id\":\"https:\\\/\\\/www.notibras.com\\\/site\\\/#website\"},\"primaryImageOfPage\":{\"@id\":\"https:\\\/\\\/www.notibras.com\\\/site\\\/preservacao-do-patrimonio-cultural\\\/#primaryimage\"},\"image\":{\"@id\":\"https:\\\/\\\/www.notibras.com\\\/site\\\/preservacao-do-patrimonio-cultural\\\/#primaryimage\"},\"thumbnailUrl\":\"https:\\\/\\\/www.notibras.com\\\/site\\\/wp-content\\\/uploads\\\/2025\\\/12\\\/teatro-dulcina-secec.jpeg\",\"datePublished\":\"2025-12-18T04:15:15+00:00\",\"breadcrumb\":{\"@id\":\"https:\\\/\\\/www.notibras.com\\\/site\\\/preservacao-do-patrimonio-cultural\\\/#breadcrumb\"},\"inLanguage\":\"pt-BR\",\"potentialAction\":[{\"@type\":\"ReadAction\",\"target\":[\"https:\\\/\\\/www.notibras.com\\\/site\\\/preservacao-do-patrimonio-cultural\\\/\"]}]},{\"@type\":\"ImageObject\",\"inLanguage\":\"pt-BR\",\"@id\":\"https:\\\/\\\/www.notibras.com\\\/site\\\/preservacao-do-patrimonio-cultural\\\/#primaryimage\",\"url\":\"https:\\\/\\\/www.notibras.com\\\/site\\\/wp-content\\\/uploads\\\/2025\\\/12\\\/teatro-dulcina-secec.jpeg\",\"contentUrl\":\"https:\\\/\\\/www.notibras.com\\\/site\\\/wp-content\\\/uploads\\\/2025\\\/12\\\/teatro-dulcina-secec.jpeg\",\"width\":2048,\"height\":1152},{\"@type\":\"BreadcrumbList\",\"@id\":\"https:\\\/\\\/www.notibras.com\\\/site\\\/preservacao-do-patrimonio-cultural\\\/#breadcrumb\",\"itemListElement\":[{\"@type\":\"ListItem\",\"position\":1,\"name\":\"In\u00edcio\",\"item\":\"https:\\\/\\\/www.notibras.com\\\/site\\\/\"},{\"@type\":\"ListItem\",\"position\":2,\"name\":\"Preserva\u00e7\u00e3o do patrim\u00f4nio cultural\"}]},{\"@type\":\"WebSite\",\"@id\":\"https:\\\/\\\/www.notibras.com\\\/site\\\/#website\",\"url\":\"https:\\\/\\\/www.notibras.com\\\/site\\\/\",\"name\":\"Notibras\",\"description\":\"Not\u00edcias de Bras\u00edlia, do Brasil e do Mundo\",\"publisher\":{\"@id\":\"https:\\\/\\\/www.notibras.com\\\/site\\\/#organization\"},\"potentialAction\":[{\"@type\":\"SearchAction\",\"target\":{\"@type\":\"EntryPoint\",\"urlTemplate\":\"https:\\\/\\\/www.notibras.com\\\/site\\\/?s={search_term_string}\"},\"query-input\":{\"@type\":\"PropertyValueSpecification\",\"valueRequired\":true,\"valueName\":\"search_term_string\"}}],\"inLanguage\":\"pt-BR\"},{\"@type\":\"Organization\",\"@id\":\"https:\\\/\\\/www.notibras.com\\\/site\\\/#organization\",\"name\":\"Grupo Notibras de Comunica\u00e7\u00e3o\",\"url\":\"https:\\\/\\\/www.notibras.com\\\/site\\\/\",\"logo\":{\"@type\":\"ImageObject\",\"inLanguage\":\"pt-BR\",\"@id\":\"https:\\\/\\\/www.notibras.com\\\/site\\\/#\\\/schema\\\/logo\\\/image\\\/\",\"url\":\"https:\\\/\\\/www.notibras.com\\\/site\\\/wp-content\\\/uploads\\\/2023\\\/01\\\/notibras23.png\",\"contentUrl\":\"https:\\\/\\\/www.notibras.com\\\/site\\\/wp-content\\\/uploads\\\/2023\\\/01\\\/notibras23.png\",\"width\":350,\"height\":87,\"caption\":\"Grupo Notibras de Comunica\u00e7\u00e3o\"},\"image\":{\"@id\":\"https:\\\/\\\/www.notibras.com\\\/site\\\/#\\\/schema\\\/logo\\\/image\\\/\"},\"sameAs\":[\"https:\\\/\\\/www.facebook.com\\\/notibras\\\/\",\"https:\\\/\\\/x.com\\\/Notibras\",\"https:\\\/\\\/www.instagram.com\\\/notibras\\\/\"]},{\"@type\":\"Person\",\"@id\":\"https:\\\/\\\/www.notibras.com\\\/site\\\/#\\\/schema\\\/person\\\/5b7fabf2aedc3ada2105f03b22b4d3dd\",\"name\":\"Eduardo Mart\u00ednez\",\"image\":{\"@type\":\"ImageObject\",\"inLanguage\":\"pt-BR\",\"@id\":\"https:\\\/\\\/secure.gravatar.com\\\/avatar\\\/7902f906289926289cbcda644b5197c796b893c6ffd7b9a536a42d290f7704a0?s=96&d=mm&r=g\",\"url\":\"https:\\\/\\\/secure.gravatar.com\\\/avatar\\\/7902f906289926289cbcda644b5197c796b893c6ffd7b9a536a42d290f7704a0?s=96&d=mm&r=g\",\"contentUrl\":\"https:\\\/\\\/secure.gravatar.com\\\/avatar\\\/7902f906289926289cbcda644b5197c796b893c6ffd7b9a536a42d290f7704a0?s=96&d=mm&r=g\",\"caption\":\"Eduardo Mart\u00ednez\"}}]}<\/script>\n<!-- \/ Yoast SEO plugin. -->","yoast_head_json":{"title":"Preserva\u00e7\u00e3o do patrim\u00f4nio cultural - Notibras","robots":{"index":"index","follow":"follow","max-snippet":"max-snippet:-1","max-image-preview":"max-image-preview:large","max-video-preview":"max-video-preview:-1"},"canonical":"https:\/\/www.notibras.com\/site\/preservacao-do-patrimonio-cultural\/","og_locale":"pt_BR","og_type":"article","og_title":"Preserva\u00e7\u00e3o do patrim\u00f4nio cultural - Notibras","og_description":"Em 2025, o Conselho de Defesa do Patrim\u00f4nio Cultural do Distrito Federal (Condepac) consolidou seu papel na prote\u00e7\u00e3o do patrim\u00f4nio cultural do DF, promovendo discuss\u00f5es e a\u00e7\u00f5es voltadas \u00e0 preserva\u00e7\u00e3o da hist\u00f3ria, da arte e da identidade local. Ao longo do ano, o colegiado realizou oito reuni\u00f5es ordin\u00e1rias e uma extraordin\u00e1ria, com foco em processos [&hellip;]","og_url":"https:\/\/www.notibras.com\/site\/preservacao-do-patrimonio-cultural\/","og_site_name":"Notibras","article_publisher":"https:\/\/www.facebook.com\/notibras\/","article_published_time":"2025-12-18T04:15:15+00:00","og_image":[{"width":2048,"height":1152,"url":"https:\/\/www.notibras.com\/site\/wp-content\/uploads\/2025\/12\/teatro-dulcina-secec.jpeg","type":"image\/jpeg"}],"author":"Eduardo Mart\u00ednez","twitter_card":"summary_large_image","twitter_creator":"@Notibras","twitter_site":"@Notibras","twitter_misc":{"Escrito por":"Eduardo Mart\u00ednez","Est. tempo de leitura":"3 minutos"},"schema":{"@context":"https:\/\/schema.org","@graph":[{"@type":"Article","@id":"https:\/\/www.notibras.com\/site\/preservacao-do-patrimonio-cultural\/#article","isPartOf":{"@id":"https:\/\/www.notibras.com\/site\/preservacao-do-patrimonio-cultural\/"},"author":{"name":"Eduardo Mart\u00ednez","@id":"https:\/\/www.notibras.com\/site\/#\/schema\/person\/5b7fabf2aedc3ada2105f03b22b4d3dd"},"headline":"Preserva\u00e7\u00e3o do patrim\u00f4nio cultural","datePublished":"2025-12-18T04:15:15+00:00","mainEntityOfPage":{"@id":"https:\/\/www.notibras.com\/site\/preservacao-do-patrimonio-cultural\/"},"wordCount":469,"publisher":{"@id":"https:\/\/www.notibras.com\/site\/#organization"},"image":{"@id":"https:\/\/www.notibras.com\/site\/preservacao-do-patrimonio-cultural\/#primaryimage"},"thumbnailUrl":"https:\/\/www.notibras.com\/site\/wp-content\/uploads\/2025\/12\/teatro-dulcina-secec.jpeg","articleSection":["Quadradinho em Foco"],"inLanguage":"pt-BR"},{"@type":"WebPage","@id":"https:\/\/www.notibras.com\/site\/preservacao-do-patrimonio-cultural\/","url":"https:\/\/www.notibras.com\/site\/preservacao-do-patrimonio-cultural\/","name":"Preserva\u00e7\u00e3o do patrim\u00f4nio cultural - Notibras","isPartOf":{"@id":"https:\/\/www.notibras.com\/site\/#website"},"primaryImageOfPage":{"@id":"https:\/\/www.notibras.com\/site\/preservacao-do-patrimonio-cultural\/#primaryimage"},"image":{"@id":"https:\/\/www.notibras.com\/site\/preservacao-do-patrimonio-cultural\/#primaryimage"},"thumbnailUrl":"https:\/\/www.notibras.com\/site\/wp-content\/uploads\/2025\/12\/teatro-dulcina-secec.jpeg","datePublished":"2025-12-18T04:15:15+00:00","breadcrumb":{"@id":"https:\/\/www.notibras.com\/site\/preservacao-do-patrimonio-cultural\/#breadcrumb"},"inLanguage":"pt-BR","potentialAction":[{"@type":"ReadAction","target":["https:\/\/www.notibras.com\/site\/preservacao-do-patrimonio-cultural\/"]}]},{"@type":"ImageObject","inLanguage":"pt-BR","@id":"https:\/\/www.notibras.com\/site\/preservacao-do-patrimonio-cultural\/#primaryimage","url":"https:\/\/www.notibras.com\/site\/wp-content\/uploads\/2025\/12\/teatro-dulcina-secec.jpeg","contentUrl":"https:\/\/www.notibras.com\/site\/wp-content\/uploads\/2025\/12\/teatro-dulcina-secec.jpeg","width":2048,"height":1152},{"@type":"BreadcrumbList","@id":"https:\/\/www.notibras.com\/site\/preservacao-do-patrimonio-cultural\/#breadcrumb","itemListElement":[{"@type":"ListItem","position":1,"name":"In\u00edcio","item":"https:\/\/www.notibras.com\/site\/"},{"@type":"ListItem","position":2,"name":"Preserva\u00e7\u00e3o do patrim\u00f4nio cultural"}]},{"@type":"WebSite","@id":"https:\/\/www.notibras.com\/site\/#website","url":"https:\/\/www.notibras.com\/site\/","name":"Notibras","description":"Not\u00edcias de Bras\u00edlia, do Brasil e do Mundo","publisher":{"@id":"https:\/\/www.notibras.com\/site\/#organization"},"potentialAction":[{"@type":"SearchAction","target":{"@type":"EntryPoint","urlTemplate":"https:\/\/www.notibras.com\/site\/?s={search_term_string}"},"query-input":{"@type":"PropertyValueSpecification","valueRequired":true,"valueName":"search_term_string"}}],"inLanguage":"pt-BR"},{"@type":"Organization","@id":"https:\/\/www.notibras.com\/site\/#organization","name":"Grupo Notibras de Comunica\u00e7\u00e3o","url":"https:\/\/www.notibras.com\/site\/","logo":{"@type":"ImageObject","inLanguage":"pt-BR","@id":"https:\/\/www.notibras.com\/site\/#\/schema\/logo\/image\/","url":"https:\/\/www.notibras.com\/site\/wp-content\/uploads\/2023\/01\/notibras23.png","contentUrl":"https:\/\/www.notibras.com\/site\/wp-content\/uploads\/2023\/01\/notibras23.png","width":350,"height":87,"caption":"Grupo Notibras de Comunica\u00e7\u00e3o"},"image":{"@id":"https:\/\/www.notibras.com\/site\/#\/schema\/logo\/image\/"},"sameAs":["https:\/\/www.facebook.com\/notibras\/","https:\/\/x.com\/Notibras","https:\/\/www.instagram.com\/notibras\/"]},{"@type":"Person","@id":"https:\/\/www.notibras.com\/site\/#\/schema\/person\/5b7fabf2aedc3ada2105f03b22b4d3dd","name":"Eduardo Mart\u00ednez","image":{"@type":"ImageObject","inLanguage":"pt-BR","@id":"https:\/\/secure.gravatar.com\/avatar\/7902f906289926289cbcda644b5197c796b893c6ffd7b9a536a42d290f7704a0?s=96&d=mm&r=g","url":"https:\/\/secure.gravatar.com\/avatar\/7902f906289926289cbcda644b5197c796b893c6ffd7b9a536a42d290f7704a0?s=96&d=mm&r=g","contentUrl":"https:\/\/secure.gravatar.com\/avatar\/7902f906289926289cbcda644b5197c796b893c6ffd7b9a536a42d290f7704a0?s=96&d=mm&r=g","caption":"Eduardo Mart\u00ednez"}}]}},"amp_enabled":true,"_links":{"self":[{"href":"https:\/\/www.notibras.com\/site\/wp-json\/wp\/v2\/posts\/375278","targetHints":{"allow":["GET"]}}],"collection":[{"href":"https:\/\/www.notibras.com\/site\/wp-json\/wp\/v2\/posts"}],"about":[{"href":"https:\/\/www.notibras.com\/site\/wp-json\/wp\/v2\/types\/post"}],"author":[{"embeddable":true,"href":"https:\/\/www.notibras.com\/site\/wp-json\/wp\/v2\/users\/21"}],"replies":[{"embeddable":true,"href":"https:\/\/www.notibras.com\/site\/wp-json\/wp\/v2\/comments?post=375278"}],"version-history":[{"count":4,"href":"https:\/\/www.notibras.com\/site\/wp-json\/wp\/v2\/posts\/375278\/revisions"}],"predecessor-version":[{"id":375284,"href":"https:\/\/www.notibras.com\/site\/wp-json\/wp\/v2\/posts\/375278\/revisions\/375284"}],"wp:featuredmedia":[{"embeddable":true,"href":"https:\/\/www.notibras.com\/site\/wp-json\/wp\/v2\/media\/375280"}],"wp:attachment":[{"href":"https:\/\/www.notibras.com\/site\/wp-json\/wp\/v2\/media?parent=375278"}],"wp:term":[{"taxonomy":"category","embeddable":true,"href":"https:\/\/www.notibras.com\/site\/wp-json\/wp\/v2\/categories?post=375278"},{"taxonomy":"post_tag","embeddable":true,"href":"https:\/\/www.notibras.com\/site\/wp-json\/wp\/v2\/tags?post=375278"}],"curies":[{"name":"wp","href":"https:\/\/api.w.org\/{rel}","templated":true}]}}