{"id":375323,"date":"2025-12-18T06:29:14","date_gmt":"2025-12-18T09:29:14","guid":{"rendered":"https:\/\/www.notibras.com\/site\/?p=375323"},"modified":"2025-12-18T06:29:14","modified_gmt":"2025-12-18T09:29:14","slug":"a-origem-do-universo-e-o-misterio-da-existencia","status":"publish","type":"post","link":"https:\/\/www.notibras.com\/site\/a-origem-do-universo-e-o-misterio-da-existencia\/","title":{"rendered":"A origem do Universo e o mist\u00e9rio da exist\u00eancia"},"content":{"rendered":"<p>O nome Upanishad \u00e9 comumente descrito como \u201cdoutrina esot\u00e9rica\u201d, compondo o n\u00facleo filos\u00f3fico e metaf\u00edsico da tradi\u00e7\u00e3o v\u00e9dica indiana. S\u00e3o 150 Upanishads, escritos a aproximadamente 600 anos antes da nossa era, representando no Vedas o que a Cabala representa para a B\u00edblia Judaica. Esses textos marcam a transi\u00e7\u00e3o do ritualismo externo para a investiga\u00e7\u00e3o interior, deslocando o foco do sacrif\u00edcio (yaj\u00f1a) para o conhecimento (j\u00f1\u0101na). O termo upani\u1e63ad sugere o ato de \u201csentar-se pr\u00f3ximo\u201d, indicando a transmiss\u00e3o reservada de um saber espiritual entre mestre e disc\u00edpulo, procedimento hier\u00e1rquico necess\u00e1rio na busca da Quintess\u00eancia.<\/p>\n<p>Os Upanishads integram formalmente o corpus v\u00e9dico, representando o \u00e1pice da tradi\u00e7\u00e3o br\u00e2mane. Enquanto os Vedas enfatizam hinos, rituais e cosmologia m\u00edtica, os Upanishads investigam a natureza \u00faltima da realidade, inaugurando uma metaf\u00edsica profundamente abstrata, voltada para a origem do Universo.<\/p>\n<p>No contexto do bramanismo, os Upanishads reformulam a no\u00e7\u00e3o de Brahman, passando a ser compreendido como o princ\u00edpio absoluto, infinito e impessoal, que originou e mant\u00e9m o Universo. Quanto \u00e0 origem do Universo, textos como o Ch\u0101ndogya e o B\u1e5bhad\u0101ra\u1e47yaka Upanishad descrevem a cria\u00e7\u00e3o como emana\u00e7\u00e3o do Uno, n\u00e3o como ato volunt\u00e1rio de um deus pessoal, mas como manifesta\u00e7\u00e3o espont\u00e2nea do absoluto.<\/p>\n<p>Do ponto de vista filos\u00f3fico, os Upanishads introduzem quest\u00f5es centrais sobre exist\u00eancia, consci\u00eancia, ilus\u00e3o (m\u0101y\u0101) e liberta\u00e7\u00e3o (mok\u1e63a), influenciando escolas como o Ved\u0101nta, o Yoga e o Budismo. Seu legado reside na compreens\u00e3o de que o mist\u00e9rio do Universo n\u00e3o se resolve externamente, mas no reconhecimento da unidade entre sujeito e totalidade.<\/p>\n<p>A rela\u00e7\u00e3o entre os Upanishads e a Cabala judaica n\u00e3o se estabelece por contato hist\u00f3rico direto, mas por converg\u00eancia estrutural e metaf\u00edsica. Ambos os sistemas concebem a realidade \u00faltima como um princ\u00edpio absoluto, transcendente e ao mesmo tempo imanente: Brahman nos Upanishads e Ein Sof na Cabala. Em ambos os casos, o Absoluto \u00e9 essencialmente inexprim\u00edvel, estando al\u00e9m da linguagem e da racionalidade discursiva. A emana\u00e7\u00e3o do Universo a partir desse princ\u00edpio \u2014 seja pelos tattvas e n\u00edveis de consci\u00eancia, seja pelas sefirot \u2014 expressa um modelo cosmol\u00f3gico n\u00e3o criacionista, no qual o mundo surge como desdobramento gradual do Uno.<\/p>\n<p>Quanto ao desenvolvimento espiritual, tanto os Upanishads quanto a Cabala prop\u00f5em um caminho de retorno consciente \u00e0 origem. O conhecimento (j\u00f1\u0101na) nos Upanishads e a da\u2018at cabal\u00edstica n\u00e3o s\u00e3o saberes meramente intelectuais, mas experi\u00eancias transformadoras que conduzem \u00e0 liberta\u00e7\u00e3o (mok\u1e63a) ou \u00e0 restaura\u00e7\u00e3o da harmonia c\u00f3smica (tikkun). Em ambos os sistemas, o ser humano \u00e9 visto como microcosmo do Universo, capaz de reintegrar-se ao Absoluto por meio de disciplina interior, contempla\u00e7\u00e3o e purifica\u00e7\u00e3o da consci\u00eancia.<\/p>\n<p>No livro A Doutrina Secreta (1888), Helena P. Blavatsky atribui aos Upanishads um papel central na preserva\u00e7\u00e3o daquilo que denomina Sabedoria Primordial (Gupta Vidy\u0101), isto \u00e9, um corpo de conhecimento metaf\u00edsico anterior \u00e0s religi\u00f5es hist\u00f3ricas. Para Blavatsky, os Upanishads s\u00e3o registros velados de uma doutrina esot\u00e9rica universal, transmitida de forma simb\u00f3lica e reservada aos iniciados. Madame Blavatsky afirma que \u201cos Upanishads s\u00e3o a alma dos Vedas\u201d, pois cont\u00eam \u201ca chave metaf\u00edsica sem a qual os hinos v\u00e9dicos permanecem incompreendidos\u201d. Na obra, conceitos como Brahman, \u0100tman e M\u0101y\u0101 expressam princ\u00edpios c\u00f3smicos universais equivalentes \u00e0s no\u00e7\u00f5es de Absoluto, Esp\u00edrito e Ilus\u00e3o presentes em outras tradi\u00e7\u00f5es inici\u00e1ticas.<\/p>\n<p>Tal formula\u00e7\u00e3o aproxima explicitamente o pensamento v\u00e9dico das tradi\u00e7\u00f5es herm\u00e9ticas e cabal\u00edsticas, refor\u00e7ando a tese de uma metaf\u00edsica perene subjacente \u00e0s culturas espirituais da humanidade.<\/p>\n<p>No plano do desenvolvimento espiritual, Blavatsky enfatiza que os Upanishads ensinam um caminho de autoconhecimento que transcende a devo\u00e7\u00e3o ritual. Ela associa o reconhecimento da identidade entre \u0100tman e Brahman ao despertar da consci\u00eancia espiritual superior, afirmando que \u201co verdadeiro iniciado \u00e9 aquele que compreende que o Self humano \u00e9 um reflexo direto do Self universal\u201d, segundo o princ\u00edpio cabal\u00edstico \u201co que est\u00e1 em cima \u00e9 como o que est\u00e1 embaixo\u201d. Assim, A Doutrina Secreta reposiciona os Upanishads como textos-chave para a compreens\u00e3o do mist\u00e9rio da exist\u00eancia, da origem do cosmos e da finalidade \u00faltima da consci\u00eancia humana.<\/p>\n<p>A pr\u00e1tica do canto e da recita\u00e7\u00e3o dos Upanishads ocupa lugar central na tradi\u00e7\u00e3o v\u00e9dica como instrumento de transforma\u00e7\u00e3o da consci\u00eancia. Os versos upanish\u00e1dicos, entoados segundo padr\u00f5es r\u00edtmicos espec\u00edficos (chandas), atuam sobre o corpo e a mente por meio da vibra\u00e7\u00e3o sonora, promovendo relaxamento profundo e estado meditativo ampliado. Estudos contempor\u00e2neos sobre mantra e neuroci\u00eancia indicam que a repeti\u00e7\u00e3o vocal r\u00edtmica reduz a atividade do sistema nervoso simp\u00e1tico, favorecendo equil\u00edbrio emocional e foco interior. Assim, o canto upanish\u00e1dico \u00e9 uma pr\u00e1tica espiritual de eleva\u00e7\u00e3o da consci\u00eancia, alinhando respira\u00e7\u00e3o, mente e inten\u00e7\u00e3o ao princ\u00edpio universal expresso nos versos escritos e cantados.<\/p>\n<p>&#8230;&#8230;&#8230;&#8230;&#8230;<\/p>\n<p><strong>Hussein Sabra el-Awar<\/strong><br \/>\n<strong>Membro Conselheiro do Col\u00e9gio dos Magos e Sacerdotisas<\/strong><br \/>\n<strong>@colegiodosmagosesacerdotisas<\/strong><\/p>\n","protected":false},"excerpt":{"rendered":"<p>O nome Upanishad \u00e9 comumente descrito como \u201cdoutrina esot\u00e9rica\u201d, compondo o n\u00facleo filos\u00f3fico e metaf\u00edsico da tradi\u00e7\u00e3o v\u00e9dica indiana. S\u00e3o 150 Upanishads, escritos a aproximadamente 600 anos antes da nossa era, representando no Vedas o que a Cabala representa para a B\u00edblia Judaica. Esses textos marcam a transi\u00e7\u00e3o do ritualismo externo para a investiga\u00e7\u00e3o interior, [&hellip;]<\/p>\n","protected":false},"author":2,"featured_media":375324,"comment_status":"closed","ping_status":"closed","sticky":false,"template":"","format":"standard","meta":{"_acf_changed":false,"footnotes":""},"categories":[237],"tags":[],"class_list":["post-375323","post","type-post","status-publish","format-standard","has-post-thumbnail","hentry","category-oraculos"],"acf":[],"yoast_head":"<!-- This site is optimized with the Yoast SEO plugin v27.2 - https:\/\/yoast.com\/product\/yoast-seo-wordpress\/ -->\n<title>A origem do Universo e o mist\u00e9rio da exist\u00eancia - Notibras<\/title>\n<meta name=\"robots\" content=\"index, follow, max-snippet:-1, max-image-preview:large, max-video-preview:-1\" \/>\n<link rel=\"canonical\" href=\"https:\/\/www.notibras.com\/site\/a-origem-do-universo-e-o-misterio-da-existencia\/\" \/>\n<meta property=\"og:locale\" content=\"pt_BR\" \/>\n<meta property=\"og:type\" content=\"article\" \/>\n<meta property=\"og:title\" content=\"A origem do Universo e o mist\u00e9rio da exist\u00eancia - Notibras\" \/>\n<meta property=\"og:description\" content=\"O nome Upanishad \u00e9 comumente descrito como \u201cdoutrina esot\u00e9rica\u201d, compondo o n\u00facleo filos\u00f3fico e metaf\u00edsico da tradi\u00e7\u00e3o v\u00e9dica indiana. S\u00e3o 150 Upanishads, escritos a aproximadamente 600 anos antes da nossa era, representando no Vedas o que a Cabala representa para a B\u00edblia Judaica. Esses textos marcam a transi\u00e7\u00e3o do ritualismo externo para a investiga\u00e7\u00e3o interior, [&hellip;]\" \/>\n<meta property=\"og:url\" content=\"https:\/\/www.notibras.com\/site\/a-origem-do-universo-e-o-misterio-da-existencia\/\" \/>\n<meta property=\"og:site_name\" content=\"Notibras\" \/>\n<meta property=\"article:publisher\" content=\"https:\/\/www.facebook.com\/notibras\/\" \/>\n<meta property=\"article:published_time\" content=\"2025-12-18T09:29:14+00:00\" \/>\n<meta property=\"og:image\" content=\"https:\/\/www.notibras.com\/site\/wp-content\/uploads\/2025\/12\/d2485c1c-24d5-4a1e-a010-5ae27e0cb082.jpg\" \/>\n\t<meta property=\"og:image:width\" content=\"800\" \/>\n\t<meta property=\"og:image:height\" content=\"1200\" \/>\n\t<meta property=\"og:image:type\" content=\"image\/jpeg\" \/>\n<meta name=\"author\" content=\"Reda\u00e7\u00e3o\" \/>\n<meta name=\"twitter:card\" content=\"summary_large_image\" \/>\n<meta name=\"twitter:creator\" content=\"@Notibras\" \/>\n<meta name=\"twitter:site\" content=\"@Notibras\" \/>\n<meta name=\"twitter:label1\" content=\"Escrito por\" \/>\n\t<meta name=\"twitter:data1\" content=\"Reda\u00e7\u00e3o\" \/>\n\t<meta name=\"twitter:label2\" content=\"Est. tempo de leitura\" \/>\n\t<meta name=\"twitter:data2\" content=\"5 minutos\" \/>\n<script type=\"application\/ld+json\" class=\"yoast-schema-graph\">{\"@context\":\"https:\/\/schema.org\",\"@graph\":[{\"@type\":\"Article\",\"@id\":\"https:\/\/www.notibras.com\/site\/a-origem-do-universo-e-o-misterio-da-existencia\/#article\",\"isPartOf\":{\"@id\":\"https:\/\/www.notibras.com\/site\/a-origem-do-universo-e-o-misterio-da-existencia\/\"},\"author\":{\"name\":\"Reda\u00e7\u00e3o\",\"@id\":\"https:\/\/www.notibras.com\/site\/#\/schema\/person\/36ab0979449956132d3e5b517ea76ac8\"},\"headline\":\"A origem do Universo e o mist\u00e9rio da exist\u00eancia\",\"datePublished\":\"2025-12-18T09:29:14+00:00\",\"mainEntityOfPage\":{\"@id\":\"https:\/\/www.notibras.com\/site\/a-origem-do-universo-e-o-misterio-da-existencia\/\"},\"wordCount\":893,\"publisher\":{\"@id\":\"https:\/\/www.notibras.com\/site\/#organization\"},\"image\":{\"@id\":\"https:\/\/www.notibras.com\/site\/a-origem-do-universo-e-o-misterio-da-existencia\/#primaryimage\"},\"thumbnailUrl\":\"https:\/\/www.notibras.com\/site\/wp-content\/uploads\/2025\/12\/d2485c1c-24d5-4a1e-a010-5ae27e0cb082.jpg\",\"articleSection\":[\"Or\u00e1culos\"],\"inLanguage\":\"pt-BR\"},{\"@type\":\"WebPage\",\"@id\":\"https:\/\/www.notibras.com\/site\/a-origem-do-universo-e-o-misterio-da-existencia\/\",\"url\":\"https:\/\/www.notibras.com\/site\/a-origem-do-universo-e-o-misterio-da-existencia\/\",\"name\":\"A origem do Universo e o mist\u00e9rio da exist\u00eancia - Notibras\",\"isPartOf\":{\"@id\":\"https:\/\/www.notibras.com\/site\/#website\"},\"primaryImageOfPage\":{\"@id\":\"https:\/\/www.notibras.com\/site\/a-origem-do-universo-e-o-misterio-da-existencia\/#primaryimage\"},\"image\":{\"@id\":\"https:\/\/www.notibras.com\/site\/a-origem-do-universo-e-o-misterio-da-existencia\/#primaryimage\"},\"thumbnailUrl\":\"https:\/\/www.notibras.com\/site\/wp-content\/uploads\/2025\/12\/d2485c1c-24d5-4a1e-a010-5ae27e0cb082.jpg\",\"datePublished\":\"2025-12-18T09:29:14+00:00\",\"breadcrumb\":{\"@id\":\"https:\/\/www.notibras.com\/site\/a-origem-do-universo-e-o-misterio-da-existencia\/#breadcrumb\"},\"inLanguage\":\"pt-BR\",\"potentialAction\":[{\"@type\":\"ReadAction\",\"target\":[\"https:\/\/www.notibras.com\/site\/a-origem-do-universo-e-o-misterio-da-existencia\/\"]}]},{\"@type\":\"ImageObject\",\"inLanguage\":\"pt-BR\",\"@id\":\"https:\/\/www.notibras.com\/site\/a-origem-do-universo-e-o-misterio-da-existencia\/#primaryimage\",\"url\":\"https:\/\/www.notibras.com\/site\/wp-content\/uploads\/2025\/12\/d2485c1c-24d5-4a1e-a010-5ae27e0cb082.jpg\",\"contentUrl\":\"https:\/\/www.notibras.com\/site\/wp-content\/uploads\/2025\/12\/d2485c1c-24d5-4a1e-a010-5ae27e0cb082.jpg\",\"width\":800,\"height\":1200},{\"@type\":\"BreadcrumbList\",\"@id\":\"https:\/\/www.notibras.com\/site\/a-origem-do-universo-e-o-misterio-da-existencia\/#breadcrumb\",\"itemListElement\":[{\"@type\":\"ListItem\",\"position\":1,\"name\":\"In\u00edcio\",\"item\":\"https:\/\/www.notibras.com\/site\/\"},{\"@type\":\"ListItem\",\"position\":2,\"name\":\"A origem do Universo e o mist\u00e9rio da exist\u00eancia\"}]},{\"@type\":\"WebSite\",\"@id\":\"https:\/\/www.notibras.com\/site\/#website\",\"url\":\"https:\/\/www.notibras.com\/site\/\",\"name\":\"Notibras\",\"description\":\"Not\u00edcias de Bras\u00edlia, do Brasil e do Mundo\",\"publisher\":{\"@id\":\"https:\/\/www.notibras.com\/site\/#organization\"},\"potentialAction\":[{\"@type\":\"SearchAction\",\"target\":{\"@type\":\"EntryPoint\",\"urlTemplate\":\"https:\/\/www.notibras.com\/site\/?s={search_term_string}\"},\"query-input\":{\"@type\":\"PropertyValueSpecification\",\"valueRequired\":true,\"valueName\":\"search_term_string\"}}],\"inLanguage\":\"pt-BR\"},{\"@type\":\"Organization\",\"@id\":\"https:\/\/www.notibras.com\/site\/#organization\",\"name\":\"Grupo Notibras de Comunica\u00e7\u00e3o\",\"url\":\"https:\/\/www.notibras.com\/site\/\",\"logo\":{\"@type\":\"ImageObject\",\"inLanguage\":\"pt-BR\",\"@id\":\"https:\/\/www.notibras.com\/site\/#\/schema\/logo\/image\/\",\"url\":\"https:\/\/www.notibras.com\/site\/wp-content\/uploads\/2023\/01\/notibras23.png\",\"contentUrl\":\"https:\/\/www.notibras.com\/site\/wp-content\/uploads\/2023\/01\/notibras23.png\",\"width\":350,\"height\":87,\"caption\":\"Grupo Notibras de Comunica\u00e7\u00e3o\"},\"image\":{\"@id\":\"https:\/\/www.notibras.com\/site\/#\/schema\/logo\/image\/\"},\"sameAs\":[\"https:\/\/www.facebook.com\/notibras\/\",\"https:\/\/x.com\/Notibras\",\"https:\/\/www.instagram.com\/notibras\/\"]},{\"@type\":\"Person\",\"@id\":\"https:\/\/www.notibras.com\/site\/#\/schema\/person\/36ab0979449956132d3e5b517ea76ac8\",\"name\":\"Reda\u00e7\u00e3o\",\"image\":{\"@type\":\"ImageObject\",\"inLanguage\":\"pt-BR\",\"@id\":\"https:\/\/secure.gravatar.com\/avatar\/e0a867bdedb85fd243eadf09663511f96fc81e0720a4a42581f334ad4303aa6b?s=96&d=mm&r=g\",\"url\":\"https:\/\/secure.gravatar.com\/avatar\/e0a867bdedb85fd243eadf09663511f96fc81e0720a4a42581f334ad4303aa6b?s=96&d=mm&r=g\",\"contentUrl\":\"https:\/\/secure.gravatar.com\/avatar\/e0a867bdedb85fd243eadf09663511f96fc81e0720a4a42581f334ad4303aa6b?s=96&d=mm&r=g\",\"caption\":\"Reda\u00e7\u00e3o\"}}]}<\/script>\n<!-- \/ Yoast SEO plugin. -->","yoast_head_json":{"title":"A origem do Universo e o mist\u00e9rio da exist\u00eancia - Notibras","robots":{"index":"index","follow":"follow","max-snippet":"max-snippet:-1","max-image-preview":"max-image-preview:large","max-video-preview":"max-video-preview:-1"},"canonical":"https:\/\/www.notibras.com\/site\/a-origem-do-universo-e-o-misterio-da-existencia\/","og_locale":"pt_BR","og_type":"article","og_title":"A origem do Universo e o mist\u00e9rio da exist\u00eancia - Notibras","og_description":"O nome Upanishad \u00e9 comumente descrito como \u201cdoutrina esot\u00e9rica\u201d, compondo o n\u00facleo filos\u00f3fico e metaf\u00edsico da tradi\u00e7\u00e3o v\u00e9dica indiana. S\u00e3o 150 Upanishads, escritos a aproximadamente 600 anos antes da nossa era, representando no Vedas o que a Cabala representa para a B\u00edblia Judaica. Esses textos marcam a transi\u00e7\u00e3o do ritualismo externo para a investiga\u00e7\u00e3o interior, [&hellip;]","og_url":"https:\/\/www.notibras.com\/site\/a-origem-do-universo-e-o-misterio-da-existencia\/","og_site_name":"Notibras","article_publisher":"https:\/\/www.facebook.com\/notibras\/","article_published_time":"2025-12-18T09:29:14+00:00","og_image":[{"width":800,"height":1200,"url":"https:\/\/www.notibras.com\/site\/wp-content\/uploads\/2025\/12\/d2485c1c-24d5-4a1e-a010-5ae27e0cb082.jpg","type":"image\/jpeg"}],"author":"Reda\u00e7\u00e3o","twitter_card":"summary_large_image","twitter_creator":"@Notibras","twitter_site":"@Notibras","twitter_misc":{"Escrito por":"Reda\u00e7\u00e3o","Est. tempo de leitura":"5 minutos"},"schema":{"@context":"https:\/\/schema.org","@graph":[{"@type":"Article","@id":"https:\/\/www.notibras.com\/site\/a-origem-do-universo-e-o-misterio-da-existencia\/#article","isPartOf":{"@id":"https:\/\/www.notibras.com\/site\/a-origem-do-universo-e-o-misterio-da-existencia\/"},"author":{"name":"Reda\u00e7\u00e3o","@id":"https:\/\/www.notibras.com\/site\/#\/schema\/person\/36ab0979449956132d3e5b517ea76ac8"},"headline":"A origem do Universo e o mist\u00e9rio da exist\u00eancia","datePublished":"2025-12-18T09:29:14+00:00","mainEntityOfPage":{"@id":"https:\/\/www.notibras.com\/site\/a-origem-do-universo-e-o-misterio-da-existencia\/"},"wordCount":893,"publisher":{"@id":"https:\/\/www.notibras.com\/site\/#organization"},"image":{"@id":"https:\/\/www.notibras.com\/site\/a-origem-do-universo-e-o-misterio-da-existencia\/#primaryimage"},"thumbnailUrl":"https:\/\/www.notibras.com\/site\/wp-content\/uploads\/2025\/12\/d2485c1c-24d5-4a1e-a010-5ae27e0cb082.jpg","articleSection":["Or\u00e1culos"],"inLanguage":"pt-BR"},{"@type":"WebPage","@id":"https:\/\/www.notibras.com\/site\/a-origem-do-universo-e-o-misterio-da-existencia\/","url":"https:\/\/www.notibras.com\/site\/a-origem-do-universo-e-o-misterio-da-existencia\/","name":"A origem do Universo e o mist\u00e9rio da exist\u00eancia - Notibras","isPartOf":{"@id":"https:\/\/www.notibras.com\/site\/#website"},"primaryImageOfPage":{"@id":"https:\/\/www.notibras.com\/site\/a-origem-do-universo-e-o-misterio-da-existencia\/#primaryimage"},"image":{"@id":"https:\/\/www.notibras.com\/site\/a-origem-do-universo-e-o-misterio-da-existencia\/#primaryimage"},"thumbnailUrl":"https:\/\/www.notibras.com\/site\/wp-content\/uploads\/2025\/12\/d2485c1c-24d5-4a1e-a010-5ae27e0cb082.jpg","datePublished":"2025-12-18T09:29:14+00:00","breadcrumb":{"@id":"https:\/\/www.notibras.com\/site\/a-origem-do-universo-e-o-misterio-da-existencia\/#breadcrumb"},"inLanguage":"pt-BR","potentialAction":[{"@type":"ReadAction","target":["https:\/\/www.notibras.com\/site\/a-origem-do-universo-e-o-misterio-da-existencia\/"]}]},{"@type":"ImageObject","inLanguage":"pt-BR","@id":"https:\/\/www.notibras.com\/site\/a-origem-do-universo-e-o-misterio-da-existencia\/#primaryimage","url":"https:\/\/www.notibras.com\/site\/wp-content\/uploads\/2025\/12\/d2485c1c-24d5-4a1e-a010-5ae27e0cb082.jpg","contentUrl":"https:\/\/www.notibras.com\/site\/wp-content\/uploads\/2025\/12\/d2485c1c-24d5-4a1e-a010-5ae27e0cb082.jpg","width":800,"height":1200},{"@type":"BreadcrumbList","@id":"https:\/\/www.notibras.com\/site\/a-origem-do-universo-e-o-misterio-da-existencia\/#breadcrumb","itemListElement":[{"@type":"ListItem","position":1,"name":"In\u00edcio","item":"https:\/\/www.notibras.com\/site\/"},{"@type":"ListItem","position":2,"name":"A origem do Universo e o mist\u00e9rio da exist\u00eancia"}]},{"@type":"WebSite","@id":"https:\/\/www.notibras.com\/site\/#website","url":"https:\/\/www.notibras.com\/site\/","name":"Notibras","description":"Not\u00edcias de Bras\u00edlia, do Brasil e do Mundo","publisher":{"@id":"https:\/\/www.notibras.com\/site\/#organization"},"potentialAction":[{"@type":"SearchAction","target":{"@type":"EntryPoint","urlTemplate":"https:\/\/www.notibras.com\/site\/?s={search_term_string}"},"query-input":{"@type":"PropertyValueSpecification","valueRequired":true,"valueName":"search_term_string"}}],"inLanguage":"pt-BR"},{"@type":"Organization","@id":"https:\/\/www.notibras.com\/site\/#organization","name":"Grupo Notibras de Comunica\u00e7\u00e3o","url":"https:\/\/www.notibras.com\/site\/","logo":{"@type":"ImageObject","inLanguage":"pt-BR","@id":"https:\/\/www.notibras.com\/site\/#\/schema\/logo\/image\/","url":"https:\/\/www.notibras.com\/site\/wp-content\/uploads\/2023\/01\/notibras23.png","contentUrl":"https:\/\/www.notibras.com\/site\/wp-content\/uploads\/2023\/01\/notibras23.png","width":350,"height":87,"caption":"Grupo Notibras de Comunica\u00e7\u00e3o"},"image":{"@id":"https:\/\/www.notibras.com\/site\/#\/schema\/logo\/image\/"},"sameAs":["https:\/\/www.facebook.com\/notibras\/","https:\/\/x.com\/Notibras","https:\/\/www.instagram.com\/notibras\/"]},{"@type":"Person","@id":"https:\/\/www.notibras.com\/site\/#\/schema\/person\/36ab0979449956132d3e5b517ea76ac8","name":"Reda\u00e7\u00e3o","image":{"@type":"ImageObject","inLanguage":"pt-BR","@id":"https:\/\/secure.gravatar.com\/avatar\/e0a867bdedb85fd243eadf09663511f96fc81e0720a4a42581f334ad4303aa6b?s=96&d=mm&r=g","url":"https:\/\/secure.gravatar.com\/avatar\/e0a867bdedb85fd243eadf09663511f96fc81e0720a4a42581f334ad4303aa6b?s=96&d=mm&r=g","contentUrl":"https:\/\/secure.gravatar.com\/avatar\/e0a867bdedb85fd243eadf09663511f96fc81e0720a4a42581f334ad4303aa6b?s=96&d=mm&r=g","caption":"Reda\u00e7\u00e3o"}}]}},"amp_enabled":true,"_links":{"self":[{"href":"https:\/\/www.notibras.com\/site\/wp-json\/wp\/v2\/posts\/375323","targetHints":{"allow":["GET"]}}],"collection":[{"href":"https:\/\/www.notibras.com\/site\/wp-json\/wp\/v2\/posts"}],"about":[{"href":"https:\/\/www.notibras.com\/site\/wp-json\/wp\/v2\/types\/post"}],"author":[{"embeddable":true,"href":"https:\/\/www.notibras.com\/site\/wp-json\/wp\/v2\/users\/2"}],"replies":[{"embeddable":true,"href":"https:\/\/www.notibras.com\/site\/wp-json\/wp\/v2\/comments?post=375323"}],"version-history":[{"count":1,"href":"https:\/\/www.notibras.com\/site\/wp-json\/wp\/v2\/posts\/375323\/revisions"}],"predecessor-version":[{"id":375325,"href":"https:\/\/www.notibras.com\/site\/wp-json\/wp\/v2\/posts\/375323\/revisions\/375325"}],"wp:featuredmedia":[{"embeddable":true,"href":"https:\/\/www.notibras.com\/site\/wp-json\/wp\/v2\/media\/375324"}],"wp:attachment":[{"href":"https:\/\/www.notibras.com\/site\/wp-json\/wp\/v2\/media?parent=375323"}],"wp:term":[{"taxonomy":"category","embeddable":true,"href":"https:\/\/www.notibras.com\/site\/wp-json\/wp\/v2\/categories?post=375323"},{"taxonomy":"post_tag","embeddable":true,"href":"https:\/\/www.notibras.com\/site\/wp-json\/wp\/v2\/tags?post=375323"}],"curies":[{"name":"wp","href":"https:\/\/api.w.org\/{rel}","templated":true}]}}