{"id":375326,"date":"2025-12-18T06:36:04","date_gmt":"2025-12-18T09:36:04","guid":{"rendered":"https:\/\/www.notibras.com\/site\/?p=375326"},"modified":"2025-12-18T06:36:04","modified_gmt":"2025-12-18T09:36:04","slug":"em-2026-e-camburao-ou-caminho-de-casa-da-marginalia-do-congresso","status":"publish","type":"post","link":"https:\/\/www.notibras.com\/site\/em-2026-e-camburao-ou-caminho-de-casa-da-marginalia-do-congresso\/","title":{"rendered":"Em 2026, \u00e9 cambur\u00e3o ou caminho de casa da margin\u00e1lia do Congresso"},"content":{"rendered":"<p>Desde sua cria\u00e7\u00e3o, em 1824, j\u00e1 sob o sistema bicameral, o Congresso Nacional experimentou altos e baixos. Get\u00falio Vargas o dissolveu por decreto duas vezes: ap\u00f3s a Revolu\u00e7\u00e3o de 1930 e, mais drasticamente, em 1937, com o golpe do Estado Novo, que suprimiu o Legislativo por nove anos. Certamente o mais c\u00e9lebre deles ocorreu em 13 de dezembro de 1968, quando, por meio do Ato Institucional no. 5, o governo do general Artur da Costa e Silva decretou a perda de mandatos de deputados e senadores. No mesmo ato, Costa e Silva fechou o Parlamento, permitiu a suspens\u00e3o dos direitos e garantias constitucionais, al\u00e9m de autorizar a interven\u00e7\u00e3o federal nos governos estaduais e municipais.<\/p>\n<p>Mais recentemente, o impeachment do ex-presidente Fernando Collor de Mello foi uma prova de choque para a democracia. O de Dilma Rousseff foi bem mais tranquilo, pois, antes mesmo que ela sa\u00edsse, estava tudo combinado entre os caciques do Congresso e o ent\u00e3o vice, Michel Temer. A pretexto de alcan\u00e7ar o poder, o pau quebrava, os mais espertos dominavam a C\u00e2mara e o Senado e, de vez em sempre, o governo era obrigado a negociar determinadas propostas. Os l\u00edderes tinham peso, voz e n\u00e3o admitiam ser moleques de recado, tampouco vassalos de presidentes ou de ex-presidentes. Tudo mudou depois do advento da maldita bolsonariza\u00e7\u00e3o, per\u00edodo da consolida\u00e7\u00e3o da safra hedionda de parlamentares.<\/p>\n<p>Hoje, muitos mais do que a natural diverg\u00eancia pol\u00edtica, \u00e9 o \u00f3bvio trabalho da oposi\u00e7\u00e3o contra o chefe do Executivo. A ordem superior \u00e9 dominar o que puderem. \u00c9 o tal emparedamento, necess\u00e1rio, segundo os lambe-botas, para manter acesa a tens\u00e3o, consequentemente a estrela do cl\u00e3 Bolsonaro, mesmo que \u00e0 custa do sacrif\u00edcio social, pol\u00edtico e econ\u00f4mico da sociedade. Por determina\u00e7\u00e3o do presidi\u00e1rio Jair Messias, os l\u00edderes dos partidos aliados t\u00eam a obriga\u00e7\u00e3o de negar todo tipo de projeto que possa beneficiar Luiz In\u00e1cio Lula da Silva.<\/p>\n<p>Objetivo maior de pelo menos dois ter\u00e7os dos brasileiros e das brasileiras, a democracia \u00e9 apenas um detalhe para o outro ter\u00e7o, representado na C\u00e2mara e no Senado pelos pulhas denominados conservadores. Ainda bem que, sempre que h\u00e1 necessidade, o povo sai \u00e0s ruas para informar aos congressistas que eles t\u00eam limites, ou seja, n\u00e3o podem tudo. E jamais poder\u00e3o. Associado ao deputado Hugo Motta, o senador Davi Alcolumbre lavou as m\u00e3os e assistiu de camarote seus pares e o gag\u00e1 Esperidi\u00e3o Amin aprovando redu\u00e7\u00e3o de pena para golpistas que atentaram contra o Estado Democr\u00e1tico de Direito. Depois reclamam quando Alexandre de Moraes enquadra a margin\u00e1lia no Congresso. Aguardemos os pr\u00f3ximos cap\u00edtulos.<\/p>\n<p>Como donos do mundo, Alcolumbre e Motta convocaram a tropa do mal e decidiram reencarnar o esp\u00edrito hediondo e maldoso do ex-deputado federal Eduardo Cunha, o qual vendia e n\u00e3o entregava a m\u00e3e pelo controle absoluto do Or\u00e7amento da Uni\u00e3o. Foi Cunha quem inaugurou o programa topa tudo por um punhado de emendas parlamentares, notadamente as impositivas, isto \u00e9, as de execu\u00e7\u00e3o obrigat\u00f3ria. Dif\u00edcil imaginar at\u00e9 onde a sanha ideol\u00f3gica dos atuais congressistas levar\u00e1 o Parlamento. Certamente ao fundo do po\u00e7o. Por enquanto, o Legislativo de Alcolumbre e de Motta vem cumprindo a profecia de Ulysses Guimar\u00e3es, transformando-se no pior Congresso da hist\u00f3ria republicana do pa\u00eds.<\/p>\n<p>Fora das quatro linhas legislativas, a bandidagem bolsonarista tenta a todo custo se apossar da na\u00e7\u00e3o. Por exemplo, como idiotas assumidos, os apoiadores de Bolsonaro querem boicotar o SBT e seus patrocinadores. Tudo porque, a convite da fam\u00edlia Santos, o presidente Lula e o ministro Alexandre de Moraes participaram do lan\u00e7amento do SBT News. Meus caros baba-ovos podres, cuidem de suas casas, de suas mulheres e de suas filhas, sob pena de perd\u00ea-las para um esquerdista mais atento. Quanto a Bolsonaro, se est\u00e3o com pena dele, pe\u00e7am licen\u00e7a a Xand\u00e3o e, se estiverem no cio, talvez consigam pegar uma barriga com o mito. E Lula? Engulam o choro, pois voc\u00eas n\u00e3o dar\u00e3o nem para o caf\u00e9 em 2026. Dosimetria e anistia nem pelo cacho. Sobre voc\u00eas, os que n\u00e3o sa\u00edrem de cambur\u00e3o ter\u00e3o de procurar o caminho de casa, meu irm\u00e3o.<\/p>\n<p>&#8230;&#8230;&#8230;&#8230;&#8230;<\/p>\n<p><strong>Misael Igreja \u00e9 analista de Notibras para assuntos pol\u00edticos, econ\u00f4micos e sociais<\/strong><\/p>\n","protected":false},"excerpt":{"rendered":"<p>Desde sua cria\u00e7\u00e3o, em 1824, j\u00e1 sob o sistema bicameral, o Congresso Nacional experimentou altos e baixos. Get\u00falio Vargas o dissolveu por decreto duas vezes: ap\u00f3s a Revolu\u00e7\u00e3o de 1930 e, mais drasticamente, em 1937, com o golpe do Estado Novo, que suprimiu o Legislativo por nove anos. Certamente o mais c\u00e9lebre deles ocorreu em [&hellip;]<\/p>\n","protected":false},"author":2,"featured_media":375327,"comment_status":"closed","ping_status":"closed","sticky":false,"template":"","format":"standard","meta":{"_acf_changed":false,"footnotes":""},"categories":[16],"tags":[],"class_list":["post-375326","post","type-post","status-publish","format-standard","has-post-thumbnail","hentry","category-brasil"],"acf":[],"yoast_head":"<!-- This site is optimized with the Yoast SEO plugin v27.5 - https:\/\/yoast.com\/product\/yoast-seo-wordpress\/ -->\n<title>Em 2026, \u00e9 cambur\u00e3o ou caminho de casa da margin\u00e1lia do Congresso - Notibras<\/title>\n<meta name=\"robots\" content=\"index, follow, max-snippet:-1, max-image-preview:large, max-video-preview:-1\" \/>\n<link rel=\"canonical\" href=\"https:\/\/www.notibras.com\/site\/em-2026-e-camburao-ou-caminho-de-casa-da-marginalia-do-congresso\/\" \/>\n<meta property=\"og:locale\" content=\"pt_BR\" \/>\n<meta property=\"og:type\" content=\"article\" \/>\n<meta property=\"og:title\" content=\"Em 2026, \u00e9 cambur\u00e3o ou caminho de casa da margin\u00e1lia do Congresso - Notibras\" \/>\n<meta property=\"og:description\" content=\"Desde sua cria\u00e7\u00e3o, em 1824, j\u00e1 sob o sistema bicameral, o Congresso Nacional experimentou altos e baixos. Get\u00falio Vargas o dissolveu por decreto duas vezes: ap\u00f3s a Revolu\u00e7\u00e3o de 1930 e, mais drasticamente, em 1937, com o golpe do Estado Novo, que suprimiu o Legislativo por nove anos. Certamente o mais c\u00e9lebre deles ocorreu em [&hellip;]\" \/>\n<meta property=\"og:url\" content=\"https:\/\/www.notibras.com\/site\/em-2026-e-camburao-ou-caminho-de-casa-da-marginalia-do-congresso\/\" \/>\n<meta property=\"og:site_name\" content=\"Notibras\" \/>\n<meta property=\"article:publisher\" content=\"https:\/\/www.facebook.com\/notibras\/\" \/>\n<meta property=\"article:published_time\" content=\"2025-12-18T09:36:04+00:00\" \/>\n<meta property=\"og:image\" content=\"https:\/\/www.notibras.com\/site\/wp-content\/uploads\/2025\/12\/e2da3ddf-6fba-404b-9c66-ca0c176b2354-683x1024.png\" \/>\n\t<meta property=\"og:image:width\" content=\"683\" \/>\n\t<meta property=\"og:image:height\" content=\"1024\" \/>\n\t<meta property=\"og:image:type\" content=\"image\/png\" \/>\n<meta name=\"author\" content=\"Reda\u00e7\u00e3o\" \/>\n<meta name=\"twitter:card\" content=\"summary_large_image\" \/>\n<meta name=\"twitter:creator\" content=\"@Notibras\" \/>\n<meta name=\"twitter:site\" content=\"@Notibras\" \/>\n<meta name=\"twitter:label1\" content=\"Escrito por\" \/>\n\t<meta name=\"twitter:data1\" content=\"Reda\u00e7\u00e3o\" \/>\n\t<meta name=\"twitter:label2\" content=\"Est. tempo de leitura\" \/>\n\t<meta name=\"twitter:data2\" content=\"5 minutos\" \/>\n<script type=\"application\/ld+json\" class=\"yoast-schema-graph\">{\"@context\":\"https:\\\/\\\/schema.org\",\"@graph\":[{\"@type\":\"Article\",\"@id\":\"https:\\\/\\\/www.notibras.com\\\/site\\\/em-2026-e-camburao-ou-caminho-de-casa-da-marginalia-do-congresso\\\/#article\",\"isPartOf\":{\"@id\":\"https:\\\/\\\/www.notibras.com\\\/site\\\/em-2026-e-camburao-ou-caminho-de-casa-da-marginalia-do-congresso\\\/\"},\"author\":{\"name\":\"Reda\u00e7\u00e3o\",\"@id\":\"https:\\\/\\\/www.notibras.com\\\/site\\\/#\\\/schema\\\/person\\\/36ab0979449956132d3e5b517ea76ac8\"},\"headline\":\"Em 2026, \u00e9 cambur\u00e3o ou caminho de casa da margin\u00e1lia do Congresso\",\"datePublished\":\"2025-12-18T09:36:04+00:00\",\"mainEntityOfPage\":{\"@id\":\"https:\\\/\\\/www.notibras.com\\\/site\\\/em-2026-e-camburao-ou-caminho-de-casa-da-marginalia-do-congresso\\\/\"},\"wordCount\":758,\"publisher\":{\"@id\":\"https:\\\/\\\/www.notibras.com\\\/site\\\/#organization\"},\"image\":{\"@id\":\"https:\\\/\\\/www.notibras.com\\\/site\\\/em-2026-e-camburao-ou-caminho-de-casa-da-marginalia-do-congresso\\\/#primaryimage\"},\"thumbnailUrl\":\"https:\\\/\\\/www.notibras.com\\\/site\\\/wp-content\\\/uploads\\\/2025\\\/12\\\/e2da3ddf-6fba-404b-9c66-ca0c176b2354.png\",\"articleSection\":[\"Brasil\"],\"inLanguage\":\"pt-BR\"},{\"@type\":\"WebPage\",\"@id\":\"https:\\\/\\\/www.notibras.com\\\/site\\\/em-2026-e-camburao-ou-caminho-de-casa-da-marginalia-do-congresso\\\/\",\"url\":\"https:\\\/\\\/www.notibras.com\\\/site\\\/em-2026-e-camburao-ou-caminho-de-casa-da-marginalia-do-congresso\\\/\",\"name\":\"Em 2026, \u00e9 cambur\u00e3o ou caminho de casa da margin\u00e1lia do Congresso - Notibras\",\"isPartOf\":{\"@id\":\"https:\\\/\\\/www.notibras.com\\\/site\\\/#website\"},\"primaryImageOfPage\":{\"@id\":\"https:\\\/\\\/www.notibras.com\\\/site\\\/em-2026-e-camburao-ou-caminho-de-casa-da-marginalia-do-congresso\\\/#primaryimage\"},\"image\":{\"@id\":\"https:\\\/\\\/www.notibras.com\\\/site\\\/em-2026-e-camburao-ou-caminho-de-casa-da-marginalia-do-congresso\\\/#primaryimage\"},\"thumbnailUrl\":\"https:\\\/\\\/www.notibras.com\\\/site\\\/wp-content\\\/uploads\\\/2025\\\/12\\\/e2da3ddf-6fba-404b-9c66-ca0c176b2354.png\",\"datePublished\":\"2025-12-18T09:36:04+00:00\",\"breadcrumb\":{\"@id\":\"https:\\\/\\\/www.notibras.com\\\/site\\\/em-2026-e-camburao-ou-caminho-de-casa-da-marginalia-do-congresso\\\/#breadcrumb\"},\"inLanguage\":\"pt-BR\",\"potentialAction\":[{\"@type\":\"ReadAction\",\"target\":[\"https:\\\/\\\/www.notibras.com\\\/site\\\/em-2026-e-camburao-ou-caminho-de-casa-da-marginalia-do-congresso\\\/\"]}]},{\"@type\":\"ImageObject\",\"inLanguage\":\"pt-BR\",\"@id\":\"https:\\\/\\\/www.notibras.com\\\/site\\\/em-2026-e-camburao-ou-caminho-de-casa-da-marginalia-do-congresso\\\/#primaryimage\",\"url\":\"https:\\\/\\\/www.notibras.com\\\/site\\\/wp-content\\\/uploads\\\/2025\\\/12\\\/e2da3ddf-6fba-404b-9c66-ca0c176b2354.png\",\"contentUrl\":\"https:\\\/\\\/www.notibras.com\\\/site\\\/wp-content\\\/uploads\\\/2025\\\/12\\\/e2da3ddf-6fba-404b-9c66-ca0c176b2354.png\",\"width\":1024,\"height\":1536},{\"@type\":\"BreadcrumbList\",\"@id\":\"https:\\\/\\\/www.notibras.com\\\/site\\\/em-2026-e-camburao-ou-caminho-de-casa-da-marginalia-do-congresso\\\/#breadcrumb\",\"itemListElement\":[{\"@type\":\"ListItem\",\"position\":1,\"name\":\"In\u00edcio\",\"item\":\"https:\\\/\\\/www.notibras.com\\\/site\\\/\"},{\"@type\":\"ListItem\",\"position\":2,\"name\":\"Em 2026, \u00e9 cambur\u00e3o ou caminho de casa da margin\u00e1lia do Congresso\"}]},{\"@type\":\"WebSite\",\"@id\":\"https:\\\/\\\/www.notibras.com\\\/site\\\/#website\",\"url\":\"https:\\\/\\\/www.notibras.com\\\/site\\\/\",\"name\":\"Notibras\",\"description\":\"Not\u00edcias de Bras\u00edlia, do Brasil e do Mundo\",\"publisher\":{\"@id\":\"https:\\\/\\\/www.notibras.com\\\/site\\\/#organization\"},\"potentialAction\":[{\"@type\":\"SearchAction\",\"target\":{\"@type\":\"EntryPoint\",\"urlTemplate\":\"https:\\\/\\\/www.notibras.com\\\/site\\\/?s={search_term_string}\"},\"query-input\":{\"@type\":\"PropertyValueSpecification\",\"valueRequired\":true,\"valueName\":\"search_term_string\"}}],\"inLanguage\":\"pt-BR\"},{\"@type\":\"Organization\",\"@id\":\"https:\\\/\\\/www.notibras.com\\\/site\\\/#organization\",\"name\":\"Grupo Notibras de Comunica\u00e7\u00e3o\",\"url\":\"https:\\\/\\\/www.notibras.com\\\/site\\\/\",\"logo\":{\"@type\":\"ImageObject\",\"inLanguage\":\"pt-BR\",\"@id\":\"https:\\\/\\\/www.notibras.com\\\/site\\\/#\\\/schema\\\/logo\\\/image\\\/\",\"url\":\"https:\\\/\\\/www.notibras.com\\\/site\\\/wp-content\\\/uploads\\\/2023\\\/01\\\/notibras23.png\",\"contentUrl\":\"https:\\\/\\\/www.notibras.com\\\/site\\\/wp-content\\\/uploads\\\/2023\\\/01\\\/notibras23.png\",\"width\":350,\"height\":87,\"caption\":\"Grupo Notibras de Comunica\u00e7\u00e3o\"},\"image\":{\"@id\":\"https:\\\/\\\/www.notibras.com\\\/site\\\/#\\\/schema\\\/logo\\\/image\\\/\"},\"sameAs\":[\"https:\\\/\\\/www.facebook.com\\\/notibras\\\/\",\"https:\\\/\\\/x.com\\\/Notibras\",\"https:\\\/\\\/www.instagram.com\\\/notibras\\\/\"]},{\"@type\":\"Person\",\"@id\":\"https:\\\/\\\/www.notibras.com\\\/site\\\/#\\\/schema\\\/person\\\/36ab0979449956132d3e5b517ea76ac8\",\"name\":\"Reda\u00e7\u00e3o\",\"image\":{\"@type\":\"ImageObject\",\"inLanguage\":\"pt-BR\",\"@id\":\"https:\\\/\\\/secure.gravatar.com\\\/avatar\\\/e0a867bdedb85fd243eadf09663511f96fc81e0720a4a42581f334ad4303aa6b?s=96&d=mm&r=g\",\"url\":\"https:\\\/\\\/secure.gravatar.com\\\/avatar\\\/e0a867bdedb85fd243eadf09663511f96fc81e0720a4a42581f334ad4303aa6b?s=96&d=mm&r=g\",\"contentUrl\":\"https:\\\/\\\/secure.gravatar.com\\\/avatar\\\/e0a867bdedb85fd243eadf09663511f96fc81e0720a4a42581f334ad4303aa6b?s=96&d=mm&r=g\",\"caption\":\"Reda\u00e7\u00e3o\"}}]}<\/script>\n<!-- \/ Yoast SEO plugin. -->","yoast_head_json":{"title":"Em 2026, \u00e9 cambur\u00e3o ou caminho de casa da margin\u00e1lia do Congresso - Notibras","robots":{"index":"index","follow":"follow","max-snippet":"max-snippet:-1","max-image-preview":"max-image-preview:large","max-video-preview":"max-video-preview:-1"},"canonical":"https:\/\/www.notibras.com\/site\/em-2026-e-camburao-ou-caminho-de-casa-da-marginalia-do-congresso\/","og_locale":"pt_BR","og_type":"article","og_title":"Em 2026, \u00e9 cambur\u00e3o ou caminho de casa da margin\u00e1lia do Congresso - Notibras","og_description":"Desde sua cria\u00e7\u00e3o, em 1824, j\u00e1 sob o sistema bicameral, o Congresso Nacional experimentou altos e baixos. Get\u00falio Vargas o dissolveu por decreto duas vezes: ap\u00f3s a Revolu\u00e7\u00e3o de 1930 e, mais drasticamente, em 1937, com o golpe do Estado Novo, que suprimiu o Legislativo por nove anos. Certamente o mais c\u00e9lebre deles ocorreu em [&hellip;]","og_url":"https:\/\/www.notibras.com\/site\/em-2026-e-camburao-ou-caminho-de-casa-da-marginalia-do-congresso\/","og_site_name":"Notibras","article_publisher":"https:\/\/www.facebook.com\/notibras\/","article_published_time":"2025-12-18T09:36:04+00:00","og_image":[{"width":683,"height":1024,"url":"https:\/\/www.notibras.com\/site\/wp-content\/uploads\/2025\/12\/e2da3ddf-6fba-404b-9c66-ca0c176b2354-683x1024.png","type":"image\/png"}],"author":"Reda\u00e7\u00e3o","twitter_card":"summary_large_image","twitter_creator":"@Notibras","twitter_site":"@Notibras","twitter_misc":{"Escrito por":"Reda\u00e7\u00e3o","Est. tempo de leitura":"5 minutos"},"schema":{"@context":"https:\/\/schema.org","@graph":[{"@type":"Article","@id":"https:\/\/www.notibras.com\/site\/em-2026-e-camburao-ou-caminho-de-casa-da-marginalia-do-congresso\/#article","isPartOf":{"@id":"https:\/\/www.notibras.com\/site\/em-2026-e-camburao-ou-caminho-de-casa-da-marginalia-do-congresso\/"},"author":{"name":"Reda\u00e7\u00e3o","@id":"https:\/\/www.notibras.com\/site\/#\/schema\/person\/36ab0979449956132d3e5b517ea76ac8"},"headline":"Em 2026, \u00e9 cambur\u00e3o ou caminho de casa da margin\u00e1lia do Congresso","datePublished":"2025-12-18T09:36:04+00:00","mainEntityOfPage":{"@id":"https:\/\/www.notibras.com\/site\/em-2026-e-camburao-ou-caminho-de-casa-da-marginalia-do-congresso\/"},"wordCount":758,"publisher":{"@id":"https:\/\/www.notibras.com\/site\/#organization"},"image":{"@id":"https:\/\/www.notibras.com\/site\/em-2026-e-camburao-ou-caminho-de-casa-da-marginalia-do-congresso\/#primaryimage"},"thumbnailUrl":"https:\/\/www.notibras.com\/site\/wp-content\/uploads\/2025\/12\/e2da3ddf-6fba-404b-9c66-ca0c176b2354.png","articleSection":["Brasil"],"inLanguage":"pt-BR"},{"@type":"WebPage","@id":"https:\/\/www.notibras.com\/site\/em-2026-e-camburao-ou-caminho-de-casa-da-marginalia-do-congresso\/","url":"https:\/\/www.notibras.com\/site\/em-2026-e-camburao-ou-caminho-de-casa-da-marginalia-do-congresso\/","name":"Em 2026, \u00e9 cambur\u00e3o ou caminho de casa da margin\u00e1lia do Congresso - Notibras","isPartOf":{"@id":"https:\/\/www.notibras.com\/site\/#website"},"primaryImageOfPage":{"@id":"https:\/\/www.notibras.com\/site\/em-2026-e-camburao-ou-caminho-de-casa-da-marginalia-do-congresso\/#primaryimage"},"image":{"@id":"https:\/\/www.notibras.com\/site\/em-2026-e-camburao-ou-caminho-de-casa-da-marginalia-do-congresso\/#primaryimage"},"thumbnailUrl":"https:\/\/www.notibras.com\/site\/wp-content\/uploads\/2025\/12\/e2da3ddf-6fba-404b-9c66-ca0c176b2354.png","datePublished":"2025-12-18T09:36:04+00:00","breadcrumb":{"@id":"https:\/\/www.notibras.com\/site\/em-2026-e-camburao-ou-caminho-de-casa-da-marginalia-do-congresso\/#breadcrumb"},"inLanguage":"pt-BR","potentialAction":[{"@type":"ReadAction","target":["https:\/\/www.notibras.com\/site\/em-2026-e-camburao-ou-caminho-de-casa-da-marginalia-do-congresso\/"]}]},{"@type":"ImageObject","inLanguage":"pt-BR","@id":"https:\/\/www.notibras.com\/site\/em-2026-e-camburao-ou-caminho-de-casa-da-marginalia-do-congresso\/#primaryimage","url":"https:\/\/www.notibras.com\/site\/wp-content\/uploads\/2025\/12\/e2da3ddf-6fba-404b-9c66-ca0c176b2354.png","contentUrl":"https:\/\/www.notibras.com\/site\/wp-content\/uploads\/2025\/12\/e2da3ddf-6fba-404b-9c66-ca0c176b2354.png","width":1024,"height":1536},{"@type":"BreadcrumbList","@id":"https:\/\/www.notibras.com\/site\/em-2026-e-camburao-ou-caminho-de-casa-da-marginalia-do-congresso\/#breadcrumb","itemListElement":[{"@type":"ListItem","position":1,"name":"In\u00edcio","item":"https:\/\/www.notibras.com\/site\/"},{"@type":"ListItem","position":2,"name":"Em 2026, \u00e9 cambur\u00e3o ou caminho de casa da margin\u00e1lia do Congresso"}]},{"@type":"WebSite","@id":"https:\/\/www.notibras.com\/site\/#website","url":"https:\/\/www.notibras.com\/site\/","name":"Notibras","description":"Not\u00edcias de Bras\u00edlia, do Brasil e do Mundo","publisher":{"@id":"https:\/\/www.notibras.com\/site\/#organization"},"potentialAction":[{"@type":"SearchAction","target":{"@type":"EntryPoint","urlTemplate":"https:\/\/www.notibras.com\/site\/?s={search_term_string}"},"query-input":{"@type":"PropertyValueSpecification","valueRequired":true,"valueName":"search_term_string"}}],"inLanguage":"pt-BR"},{"@type":"Organization","@id":"https:\/\/www.notibras.com\/site\/#organization","name":"Grupo Notibras de Comunica\u00e7\u00e3o","url":"https:\/\/www.notibras.com\/site\/","logo":{"@type":"ImageObject","inLanguage":"pt-BR","@id":"https:\/\/www.notibras.com\/site\/#\/schema\/logo\/image\/","url":"https:\/\/www.notibras.com\/site\/wp-content\/uploads\/2023\/01\/notibras23.png","contentUrl":"https:\/\/www.notibras.com\/site\/wp-content\/uploads\/2023\/01\/notibras23.png","width":350,"height":87,"caption":"Grupo Notibras de Comunica\u00e7\u00e3o"},"image":{"@id":"https:\/\/www.notibras.com\/site\/#\/schema\/logo\/image\/"},"sameAs":["https:\/\/www.facebook.com\/notibras\/","https:\/\/x.com\/Notibras","https:\/\/www.instagram.com\/notibras\/"]},{"@type":"Person","@id":"https:\/\/www.notibras.com\/site\/#\/schema\/person\/36ab0979449956132d3e5b517ea76ac8","name":"Reda\u00e7\u00e3o","image":{"@type":"ImageObject","inLanguage":"pt-BR","@id":"https:\/\/secure.gravatar.com\/avatar\/e0a867bdedb85fd243eadf09663511f96fc81e0720a4a42581f334ad4303aa6b?s=96&d=mm&r=g","url":"https:\/\/secure.gravatar.com\/avatar\/e0a867bdedb85fd243eadf09663511f96fc81e0720a4a42581f334ad4303aa6b?s=96&d=mm&r=g","contentUrl":"https:\/\/secure.gravatar.com\/avatar\/e0a867bdedb85fd243eadf09663511f96fc81e0720a4a42581f334ad4303aa6b?s=96&d=mm&r=g","caption":"Reda\u00e7\u00e3o"}}]}},"amp_enabled":true,"_links":{"self":[{"href":"https:\/\/www.notibras.com\/site\/wp-json\/wp\/v2\/posts\/375326","targetHints":{"allow":["GET"]}}],"collection":[{"href":"https:\/\/www.notibras.com\/site\/wp-json\/wp\/v2\/posts"}],"about":[{"href":"https:\/\/www.notibras.com\/site\/wp-json\/wp\/v2\/types\/post"}],"author":[{"embeddable":true,"href":"https:\/\/www.notibras.com\/site\/wp-json\/wp\/v2\/users\/2"}],"replies":[{"embeddable":true,"href":"https:\/\/www.notibras.com\/site\/wp-json\/wp\/v2\/comments?post=375326"}],"version-history":[{"count":1,"href":"https:\/\/www.notibras.com\/site\/wp-json\/wp\/v2\/posts\/375326\/revisions"}],"predecessor-version":[{"id":375328,"href":"https:\/\/www.notibras.com\/site\/wp-json\/wp\/v2\/posts\/375326\/revisions\/375328"}],"wp:featuredmedia":[{"embeddable":true,"href":"https:\/\/www.notibras.com\/site\/wp-json\/wp\/v2\/media\/375327"}],"wp:attachment":[{"href":"https:\/\/www.notibras.com\/site\/wp-json\/wp\/v2\/media?parent=375326"}],"wp:term":[{"taxonomy":"category","embeddable":true,"href":"https:\/\/www.notibras.com\/site\/wp-json\/wp\/v2\/categories?post=375326"},{"taxonomy":"post_tag","embeddable":true,"href":"https:\/\/www.notibras.com\/site\/wp-json\/wp\/v2\/tags?post=375326"}],"curies":[{"name":"wp","href":"https:\/\/api.w.org\/{rel}","templated":true}]}}