{"id":375331,"date":"2025-12-18T00:00:28","date_gmt":"2025-12-18T03:00:28","guid":{"rendered":"https:\/\/www.notibras.com\/site\/?p=375331"},"modified":"2025-12-18T06:53:07","modified_gmt":"2025-12-18T09:53:07","slug":"supremo-confirma-beneficio-a-mulheres-vitimas-de-violencia","status":"publish","type":"post","link":"https:\/\/www.notibras.com\/site\/supremo-confirma-beneficio-a-mulheres-vitimas-de-violencia\/","title":{"rendered":"Supremo confirma benef\u00edcio a mulheres v\u00edtimas de viol\u00eancia"},"content":{"rendered":"<p>O Supremo Tribunal Federal (STF) decidiu garantir que mulheres v\u00edtimas de viol\u00eancia dom\u00e9stica podem receber benef\u00edcios do Instituto Nacional do Seguro Social (INSS) se precisaram de afastamento do trabalho.<\/p>\n<p>A Corte publicou nesta ter\u00e7a-feira (16) a decis\u00e3o final na qual foram validadas as regras da Lei Maria da Penha que asseguram os benef\u00edcios.<\/p>\n<p>A lei definiu que a Justi\u00e7a deve assegurar \u00e0 mulher em situa\u00e7\u00e3o de viol\u00eancia dom\u00e9stica a manuten\u00e7\u00e3o do v\u00ednculo empregat\u00edcio por seis meses enquanto se recupera dos danos causados pelos agressores.<\/p>\n<p>Por unanimidade, os ministros reconheceram que a mulher em situa\u00e7\u00e3o de viol\u00eancia tem direito a um benef\u00edcio previdenci\u00e1rio ou assistencial, conforme o v\u00ednculo com a seguridade social.<\/p>\n<p><strong>Segurada do INSS <\/strong><br \/>\nNo caso de mulheres que s\u00e3o seguradas do Regime Geral de Previd\u00eancia Social, como empregada, contribuinte individual, facultativa ou segurada especial, o STF entendeu que os primeiros 15 dias de remunera\u00e7\u00e3o pelo afastamento ser\u00e1 de responsabilidade do empregador. O per\u00edodo restante fica sob a responsabilidade do INSS.<\/p>\n<p>Para quem n\u00e3o tem rela\u00e7\u00e3o de emprego, mas contribui para o INSS, o benef\u00edcio dever\u00e1 ser pago integralmente pelo \u00f3rg\u00e3o.<\/p>\n<p>N\u00e3o segurada \u2013 O STF entendeu que as mulheres que n\u00e3o s\u00e3o seguradas do INSS dever\u00e3o receber o Benef\u00edcio de Presta\u00e7\u00e3o Continuada (BPC). Nesse caso, a Justi\u00e7a dever\u00e1 comprovar que a mulher n\u00e3o tem outros meios para manter a renda.<\/p>\n<p>Conforme a decis\u00e3o, a requisi\u00e7\u00e3o do benef\u00edcio dever\u00e1 ser feita pelo juiz criminal respons\u00e1vel pela an\u00e1lise das medidas protetivas, que j\u00e1 tamb\u00e9m est\u00e3o previstas na Lei Maria da Penha.<\/p>\n<p>A Corte tamb\u00e9m definiu a compet\u00eancia da Justi\u00e7a Federal para julgar a\u00e7\u00f5es regressivas para cobrar dos agressores os gastos do INSS com o pagamento dos benef\u00edcios.<\/p>\n","protected":false},"excerpt":{"rendered":"<p>O Supremo Tribunal Federal (STF) decidiu garantir que mulheres v\u00edtimas de viol\u00eancia dom\u00e9stica podem receber benef\u00edcios do Instituto Nacional do Seguro Social (INSS) se precisaram de afastamento do trabalho. A Corte publicou nesta ter\u00e7a-feira (16) a decis\u00e3o final na qual foram validadas as regras da Lei Maria da Penha que asseguram os benef\u00edcios. A lei [&hellip;]<\/p>\n","protected":false},"author":2,"featured_media":375332,"comment_status":"closed","ping_status":"closed","sticky":false,"template":"","format":"standard","meta":{"_acf_changed":false,"footnotes":""},"categories":[16],"tags":[],"class_list":["post-375331","post","type-post","status-publish","format-standard","has-post-thumbnail","hentry","category-brasil"],"acf":[],"yoast_head":"<!-- This site is optimized with the Yoast SEO plugin v27.5 - https:\/\/yoast.com\/product\/yoast-seo-wordpress\/ -->\n<title>Supremo confirma benef\u00edcio a mulheres v\u00edtimas de viol\u00eancia - Notibras<\/title>\n<meta name=\"robots\" content=\"index, follow, max-snippet:-1, max-image-preview:large, max-video-preview:-1\" \/>\n<link rel=\"canonical\" href=\"https:\/\/www.notibras.com\/site\/supremo-confirma-beneficio-a-mulheres-vitimas-de-violencia\/\" \/>\n<meta property=\"og:locale\" content=\"pt_BR\" \/>\n<meta property=\"og:type\" content=\"article\" \/>\n<meta property=\"og:title\" content=\"Supremo confirma benef\u00edcio a mulheres v\u00edtimas de viol\u00eancia - Notibras\" \/>\n<meta property=\"og:description\" content=\"O Supremo Tribunal Federal (STF) decidiu garantir que mulheres v\u00edtimas de viol\u00eancia dom\u00e9stica podem receber benef\u00edcios do Instituto Nacional do Seguro Social (INSS) se precisaram de afastamento do trabalho. A Corte publicou nesta ter\u00e7a-feira (16) a decis\u00e3o final na qual foram validadas as regras da Lei Maria da Penha que asseguram os benef\u00edcios. A lei [&hellip;]\" \/>\n<meta property=\"og:url\" content=\"https:\/\/www.notibras.com\/site\/supremo-confirma-beneficio-a-mulheres-vitimas-de-violencia\/\" \/>\n<meta property=\"og:site_name\" content=\"Notibras\" \/>\n<meta property=\"article:publisher\" content=\"https:\/\/www.facebook.com\/notibras\/\" \/>\n<meta property=\"article:published_time\" content=\"2025-12-18T03:00:28+00:00\" \/>\n<meta property=\"article:modified_time\" content=\"2025-12-18T09:53:07+00:00\" \/>\n<meta property=\"og:image\" content=\"https:\/\/www.notibras.com\/site\/wp-content\/uploads\/2025\/12\/silhuetas-a-de-maos-aterrorizantes-no-estudio_0.webp\" \/>\n\t<meta property=\"og:image:width\" content=\"1170\" \/>\n\t<meta property=\"og:image:height\" content=\"700\" \/>\n\t<meta property=\"og:image:type\" content=\"image\/webp\" \/>\n<meta name=\"author\" content=\"Reda\u00e7\u00e3o\" \/>\n<meta name=\"twitter:card\" content=\"summary_large_image\" \/>\n<meta name=\"twitter:creator\" content=\"@Notibras\" \/>\n<meta name=\"twitter:site\" content=\"@Notibras\" \/>\n<meta name=\"twitter:label1\" content=\"Escrito por\" \/>\n\t<meta name=\"twitter:data1\" content=\"Reda\u00e7\u00e3o\" \/>\n\t<meta name=\"twitter:label2\" content=\"Est. tempo de leitura\" \/>\n\t<meta name=\"twitter:data2\" content=\"2 minutos\" \/>\n<script type=\"application\/ld+json\" class=\"yoast-schema-graph\">{\"@context\":\"https:\\\/\\\/schema.org\",\"@graph\":[{\"@type\":\"Article\",\"@id\":\"https:\\\/\\\/www.notibras.com\\\/site\\\/supremo-confirma-beneficio-a-mulheres-vitimas-de-violencia\\\/#article\",\"isPartOf\":{\"@id\":\"https:\\\/\\\/www.notibras.com\\\/site\\\/supremo-confirma-beneficio-a-mulheres-vitimas-de-violencia\\\/\"},\"author\":{\"name\":\"Reda\u00e7\u00e3o\",\"@id\":\"https:\\\/\\\/www.notibras.com\\\/site\\\/#\\\/schema\\\/person\\\/36ab0979449956132d3e5b517ea76ac8\"},\"headline\":\"Supremo confirma benef\u00edcio a mulheres v\u00edtimas de viol\u00eancia\",\"datePublished\":\"2025-12-18T03:00:28+00:00\",\"dateModified\":\"2025-12-18T09:53:07+00:00\",\"mainEntityOfPage\":{\"@id\":\"https:\\\/\\\/www.notibras.com\\\/site\\\/supremo-confirma-beneficio-a-mulheres-vitimas-de-violencia\\\/\"},\"wordCount\":330,\"publisher\":{\"@id\":\"https:\\\/\\\/www.notibras.com\\\/site\\\/#organization\"},\"image\":{\"@id\":\"https:\\\/\\\/www.notibras.com\\\/site\\\/supremo-confirma-beneficio-a-mulheres-vitimas-de-violencia\\\/#primaryimage\"},\"thumbnailUrl\":\"https:\\\/\\\/www.notibras.com\\\/site\\\/wp-content\\\/uploads\\\/2025\\\/12\\\/silhuetas-a-de-maos-aterrorizantes-no-estudio_0.webp\",\"articleSection\":[\"Brasil\"],\"inLanguage\":\"pt-BR\"},{\"@type\":\"WebPage\",\"@id\":\"https:\\\/\\\/www.notibras.com\\\/site\\\/supremo-confirma-beneficio-a-mulheres-vitimas-de-violencia\\\/\",\"url\":\"https:\\\/\\\/www.notibras.com\\\/site\\\/supremo-confirma-beneficio-a-mulheres-vitimas-de-violencia\\\/\",\"name\":\"Supremo confirma benef\u00edcio a mulheres v\u00edtimas de viol\u00eancia - Notibras\",\"isPartOf\":{\"@id\":\"https:\\\/\\\/www.notibras.com\\\/site\\\/#website\"},\"primaryImageOfPage\":{\"@id\":\"https:\\\/\\\/www.notibras.com\\\/site\\\/supremo-confirma-beneficio-a-mulheres-vitimas-de-violencia\\\/#primaryimage\"},\"image\":{\"@id\":\"https:\\\/\\\/www.notibras.com\\\/site\\\/supremo-confirma-beneficio-a-mulheres-vitimas-de-violencia\\\/#primaryimage\"},\"thumbnailUrl\":\"https:\\\/\\\/www.notibras.com\\\/site\\\/wp-content\\\/uploads\\\/2025\\\/12\\\/silhuetas-a-de-maos-aterrorizantes-no-estudio_0.webp\",\"datePublished\":\"2025-12-18T03:00:28+00:00\",\"dateModified\":\"2025-12-18T09:53:07+00:00\",\"breadcrumb\":{\"@id\":\"https:\\\/\\\/www.notibras.com\\\/site\\\/supremo-confirma-beneficio-a-mulheres-vitimas-de-violencia\\\/#breadcrumb\"},\"inLanguage\":\"pt-BR\",\"potentialAction\":[{\"@type\":\"ReadAction\",\"target\":[\"https:\\\/\\\/www.notibras.com\\\/site\\\/supremo-confirma-beneficio-a-mulheres-vitimas-de-violencia\\\/\"]}]},{\"@type\":\"ImageObject\",\"inLanguage\":\"pt-BR\",\"@id\":\"https:\\\/\\\/www.notibras.com\\\/site\\\/supremo-confirma-beneficio-a-mulheres-vitimas-de-violencia\\\/#primaryimage\",\"url\":\"https:\\\/\\\/www.notibras.com\\\/site\\\/wp-content\\\/uploads\\\/2025\\\/12\\\/silhuetas-a-de-maos-aterrorizantes-no-estudio_0.webp\",\"contentUrl\":\"https:\\\/\\\/www.notibras.com\\\/site\\\/wp-content\\\/uploads\\\/2025\\\/12\\\/silhuetas-a-de-maos-aterrorizantes-no-estudio_0.webp\",\"width\":1170,\"height\":700},{\"@type\":\"BreadcrumbList\",\"@id\":\"https:\\\/\\\/www.notibras.com\\\/site\\\/supremo-confirma-beneficio-a-mulheres-vitimas-de-violencia\\\/#breadcrumb\",\"itemListElement\":[{\"@type\":\"ListItem\",\"position\":1,\"name\":\"In\u00edcio\",\"item\":\"https:\\\/\\\/www.notibras.com\\\/site\\\/\"},{\"@type\":\"ListItem\",\"position\":2,\"name\":\"Supremo confirma benef\u00edcio a mulheres v\u00edtimas de viol\u00eancia\"}]},{\"@type\":\"WebSite\",\"@id\":\"https:\\\/\\\/www.notibras.com\\\/site\\\/#website\",\"url\":\"https:\\\/\\\/www.notibras.com\\\/site\\\/\",\"name\":\"Notibras\",\"description\":\"Not\u00edcias de Bras\u00edlia, do Brasil e do Mundo\",\"publisher\":{\"@id\":\"https:\\\/\\\/www.notibras.com\\\/site\\\/#organization\"},\"potentialAction\":[{\"@type\":\"SearchAction\",\"target\":{\"@type\":\"EntryPoint\",\"urlTemplate\":\"https:\\\/\\\/www.notibras.com\\\/site\\\/?s={search_term_string}\"},\"query-input\":{\"@type\":\"PropertyValueSpecification\",\"valueRequired\":true,\"valueName\":\"search_term_string\"}}],\"inLanguage\":\"pt-BR\"},{\"@type\":\"Organization\",\"@id\":\"https:\\\/\\\/www.notibras.com\\\/site\\\/#organization\",\"name\":\"Grupo Notibras de Comunica\u00e7\u00e3o\",\"url\":\"https:\\\/\\\/www.notibras.com\\\/site\\\/\",\"logo\":{\"@type\":\"ImageObject\",\"inLanguage\":\"pt-BR\",\"@id\":\"https:\\\/\\\/www.notibras.com\\\/site\\\/#\\\/schema\\\/logo\\\/image\\\/\",\"url\":\"https:\\\/\\\/www.notibras.com\\\/site\\\/wp-content\\\/uploads\\\/2023\\\/01\\\/notibras23.png\",\"contentUrl\":\"https:\\\/\\\/www.notibras.com\\\/site\\\/wp-content\\\/uploads\\\/2023\\\/01\\\/notibras23.png\",\"width\":350,\"height\":87,\"caption\":\"Grupo Notibras de Comunica\u00e7\u00e3o\"},\"image\":{\"@id\":\"https:\\\/\\\/www.notibras.com\\\/site\\\/#\\\/schema\\\/logo\\\/image\\\/\"},\"sameAs\":[\"https:\\\/\\\/www.facebook.com\\\/notibras\\\/\",\"https:\\\/\\\/x.com\\\/Notibras\",\"https:\\\/\\\/www.instagram.com\\\/notibras\\\/\"]},{\"@type\":\"Person\",\"@id\":\"https:\\\/\\\/www.notibras.com\\\/site\\\/#\\\/schema\\\/person\\\/36ab0979449956132d3e5b517ea76ac8\",\"name\":\"Reda\u00e7\u00e3o\",\"image\":{\"@type\":\"ImageObject\",\"inLanguage\":\"pt-BR\",\"@id\":\"https:\\\/\\\/secure.gravatar.com\\\/avatar\\\/e0a867bdedb85fd243eadf09663511f96fc81e0720a4a42581f334ad4303aa6b?s=96&d=mm&r=g\",\"url\":\"https:\\\/\\\/secure.gravatar.com\\\/avatar\\\/e0a867bdedb85fd243eadf09663511f96fc81e0720a4a42581f334ad4303aa6b?s=96&d=mm&r=g\",\"contentUrl\":\"https:\\\/\\\/secure.gravatar.com\\\/avatar\\\/e0a867bdedb85fd243eadf09663511f96fc81e0720a4a42581f334ad4303aa6b?s=96&d=mm&r=g\",\"caption\":\"Reda\u00e7\u00e3o\"}}]}<\/script>\n<!-- \/ Yoast SEO plugin. -->","yoast_head_json":{"title":"Supremo confirma benef\u00edcio a mulheres v\u00edtimas de viol\u00eancia - Notibras","robots":{"index":"index","follow":"follow","max-snippet":"max-snippet:-1","max-image-preview":"max-image-preview:large","max-video-preview":"max-video-preview:-1"},"canonical":"https:\/\/www.notibras.com\/site\/supremo-confirma-beneficio-a-mulheres-vitimas-de-violencia\/","og_locale":"pt_BR","og_type":"article","og_title":"Supremo confirma benef\u00edcio a mulheres v\u00edtimas de viol\u00eancia - Notibras","og_description":"O Supremo Tribunal Federal (STF) decidiu garantir que mulheres v\u00edtimas de viol\u00eancia dom\u00e9stica podem receber benef\u00edcios do Instituto Nacional do Seguro Social (INSS) se precisaram de afastamento do trabalho. A Corte publicou nesta ter\u00e7a-feira (16) a decis\u00e3o final na qual foram validadas as regras da Lei Maria da Penha que asseguram os benef\u00edcios. A lei [&hellip;]","og_url":"https:\/\/www.notibras.com\/site\/supremo-confirma-beneficio-a-mulheres-vitimas-de-violencia\/","og_site_name":"Notibras","article_publisher":"https:\/\/www.facebook.com\/notibras\/","article_published_time":"2025-12-18T03:00:28+00:00","article_modified_time":"2025-12-18T09:53:07+00:00","og_image":[{"width":1170,"height":700,"url":"https:\/\/www.notibras.com\/site\/wp-content\/uploads\/2025\/12\/silhuetas-a-de-maos-aterrorizantes-no-estudio_0.webp","type":"image\/webp"}],"author":"Reda\u00e7\u00e3o","twitter_card":"summary_large_image","twitter_creator":"@Notibras","twitter_site":"@Notibras","twitter_misc":{"Escrito por":"Reda\u00e7\u00e3o","Est. tempo de leitura":"2 minutos"},"schema":{"@context":"https:\/\/schema.org","@graph":[{"@type":"Article","@id":"https:\/\/www.notibras.com\/site\/supremo-confirma-beneficio-a-mulheres-vitimas-de-violencia\/#article","isPartOf":{"@id":"https:\/\/www.notibras.com\/site\/supremo-confirma-beneficio-a-mulheres-vitimas-de-violencia\/"},"author":{"name":"Reda\u00e7\u00e3o","@id":"https:\/\/www.notibras.com\/site\/#\/schema\/person\/36ab0979449956132d3e5b517ea76ac8"},"headline":"Supremo confirma benef\u00edcio a mulheres v\u00edtimas de viol\u00eancia","datePublished":"2025-12-18T03:00:28+00:00","dateModified":"2025-12-18T09:53:07+00:00","mainEntityOfPage":{"@id":"https:\/\/www.notibras.com\/site\/supremo-confirma-beneficio-a-mulheres-vitimas-de-violencia\/"},"wordCount":330,"publisher":{"@id":"https:\/\/www.notibras.com\/site\/#organization"},"image":{"@id":"https:\/\/www.notibras.com\/site\/supremo-confirma-beneficio-a-mulheres-vitimas-de-violencia\/#primaryimage"},"thumbnailUrl":"https:\/\/www.notibras.com\/site\/wp-content\/uploads\/2025\/12\/silhuetas-a-de-maos-aterrorizantes-no-estudio_0.webp","articleSection":["Brasil"],"inLanguage":"pt-BR"},{"@type":"WebPage","@id":"https:\/\/www.notibras.com\/site\/supremo-confirma-beneficio-a-mulheres-vitimas-de-violencia\/","url":"https:\/\/www.notibras.com\/site\/supremo-confirma-beneficio-a-mulheres-vitimas-de-violencia\/","name":"Supremo confirma benef\u00edcio a mulheres v\u00edtimas de viol\u00eancia - Notibras","isPartOf":{"@id":"https:\/\/www.notibras.com\/site\/#website"},"primaryImageOfPage":{"@id":"https:\/\/www.notibras.com\/site\/supremo-confirma-beneficio-a-mulheres-vitimas-de-violencia\/#primaryimage"},"image":{"@id":"https:\/\/www.notibras.com\/site\/supremo-confirma-beneficio-a-mulheres-vitimas-de-violencia\/#primaryimage"},"thumbnailUrl":"https:\/\/www.notibras.com\/site\/wp-content\/uploads\/2025\/12\/silhuetas-a-de-maos-aterrorizantes-no-estudio_0.webp","datePublished":"2025-12-18T03:00:28+00:00","dateModified":"2025-12-18T09:53:07+00:00","breadcrumb":{"@id":"https:\/\/www.notibras.com\/site\/supremo-confirma-beneficio-a-mulheres-vitimas-de-violencia\/#breadcrumb"},"inLanguage":"pt-BR","potentialAction":[{"@type":"ReadAction","target":["https:\/\/www.notibras.com\/site\/supremo-confirma-beneficio-a-mulheres-vitimas-de-violencia\/"]}]},{"@type":"ImageObject","inLanguage":"pt-BR","@id":"https:\/\/www.notibras.com\/site\/supremo-confirma-beneficio-a-mulheres-vitimas-de-violencia\/#primaryimage","url":"https:\/\/www.notibras.com\/site\/wp-content\/uploads\/2025\/12\/silhuetas-a-de-maos-aterrorizantes-no-estudio_0.webp","contentUrl":"https:\/\/www.notibras.com\/site\/wp-content\/uploads\/2025\/12\/silhuetas-a-de-maos-aterrorizantes-no-estudio_0.webp","width":1170,"height":700},{"@type":"BreadcrumbList","@id":"https:\/\/www.notibras.com\/site\/supremo-confirma-beneficio-a-mulheres-vitimas-de-violencia\/#breadcrumb","itemListElement":[{"@type":"ListItem","position":1,"name":"In\u00edcio","item":"https:\/\/www.notibras.com\/site\/"},{"@type":"ListItem","position":2,"name":"Supremo confirma benef\u00edcio a mulheres v\u00edtimas de viol\u00eancia"}]},{"@type":"WebSite","@id":"https:\/\/www.notibras.com\/site\/#website","url":"https:\/\/www.notibras.com\/site\/","name":"Notibras","description":"Not\u00edcias de Bras\u00edlia, do Brasil e do Mundo","publisher":{"@id":"https:\/\/www.notibras.com\/site\/#organization"},"potentialAction":[{"@type":"SearchAction","target":{"@type":"EntryPoint","urlTemplate":"https:\/\/www.notibras.com\/site\/?s={search_term_string}"},"query-input":{"@type":"PropertyValueSpecification","valueRequired":true,"valueName":"search_term_string"}}],"inLanguage":"pt-BR"},{"@type":"Organization","@id":"https:\/\/www.notibras.com\/site\/#organization","name":"Grupo Notibras de Comunica\u00e7\u00e3o","url":"https:\/\/www.notibras.com\/site\/","logo":{"@type":"ImageObject","inLanguage":"pt-BR","@id":"https:\/\/www.notibras.com\/site\/#\/schema\/logo\/image\/","url":"https:\/\/www.notibras.com\/site\/wp-content\/uploads\/2023\/01\/notibras23.png","contentUrl":"https:\/\/www.notibras.com\/site\/wp-content\/uploads\/2023\/01\/notibras23.png","width":350,"height":87,"caption":"Grupo Notibras de Comunica\u00e7\u00e3o"},"image":{"@id":"https:\/\/www.notibras.com\/site\/#\/schema\/logo\/image\/"},"sameAs":["https:\/\/www.facebook.com\/notibras\/","https:\/\/x.com\/Notibras","https:\/\/www.instagram.com\/notibras\/"]},{"@type":"Person","@id":"https:\/\/www.notibras.com\/site\/#\/schema\/person\/36ab0979449956132d3e5b517ea76ac8","name":"Reda\u00e7\u00e3o","image":{"@type":"ImageObject","inLanguage":"pt-BR","@id":"https:\/\/secure.gravatar.com\/avatar\/e0a867bdedb85fd243eadf09663511f96fc81e0720a4a42581f334ad4303aa6b?s=96&d=mm&r=g","url":"https:\/\/secure.gravatar.com\/avatar\/e0a867bdedb85fd243eadf09663511f96fc81e0720a4a42581f334ad4303aa6b?s=96&d=mm&r=g","contentUrl":"https:\/\/secure.gravatar.com\/avatar\/e0a867bdedb85fd243eadf09663511f96fc81e0720a4a42581f334ad4303aa6b?s=96&d=mm&r=g","caption":"Reda\u00e7\u00e3o"}}]}},"amp_enabled":true,"_links":{"self":[{"href":"https:\/\/www.notibras.com\/site\/wp-json\/wp\/v2\/posts\/375331","targetHints":{"allow":["GET"]}}],"collection":[{"href":"https:\/\/www.notibras.com\/site\/wp-json\/wp\/v2\/posts"}],"about":[{"href":"https:\/\/www.notibras.com\/site\/wp-json\/wp\/v2\/types\/post"}],"author":[{"embeddable":true,"href":"https:\/\/www.notibras.com\/site\/wp-json\/wp\/v2\/users\/2"}],"replies":[{"embeddable":true,"href":"https:\/\/www.notibras.com\/site\/wp-json\/wp\/v2\/comments?post=375331"}],"version-history":[{"count":1,"href":"https:\/\/www.notibras.com\/site\/wp-json\/wp\/v2\/posts\/375331\/revisions"}],"predecessor-version":[{"id":375333,"href":"https:\/\/www.notibras.com\/site\/wp-json\/wp\/v2\/posts\/375331\/revisions\/375333"}],"wp:featuredmedia":[{"embeddable":true,"href":"https:\/\/www.notibras.com\/site\/wp-json\/wp\/v2\/media\/375332"}],"wp:attachment":[{"href":"https:\/\/www.notibras.com\/site\/wp-json\/wp\/v2\/media?parent=375331"}],"wp:term":[{"taxonomy":"category","embeddable":true,"href":"https:\/\/www.notibras.com\/site\/wp-json\/wp\/v2\/categories?post=375331"},{"taxonomy":"post_tag","embeddable":true,"href":"https:\/\/www.notibras.com\/site\/wp-json\/wp\/v2\/tags?post=375331"}],"curies":[{"name":"wp","href":"https:\/\/api.w.org\/{rel}","templated":true}]}}