{"id":375334,"date":"2025-12-18T00:00:01","date_gmt":"2025-12-18T03:00:01","guid":{"rendered":"https:\/\/www.notibras.com\/site\/?p=375334"},"modified":"2025-12-18T06:58:37","modified_gmt":"2025-12-18T09:58:37","slug":"e-cedo-para-criar-alarme-com-virus-k-no-brasil","status":"publish","type":"post","link":"https:\/\/www.notibras.com\/site\/e-cedo-para-criar-alarme-com-virus-k-no-brasil\/","title":{"rendered":"&#8220;\u00c9 cedo para criar alarme com v\u00edrus K no Brasil&#8221;"},"content":{"rendered":"<p>A identifica\u00e7\u00e3o no Brasil de um novo tipo do v\u00edrus influenza A (H3N2), conhecido como \u201cv\u00edrus K\u201d, ainda n\u00e3o \u00e9 motivo para preocupa\u00e7\u00e3o, avalia o vice-presidente da Sociedade Brasileira de Imuniza\u00e7\u00f5es (SBIm), Renato Kfouri. Segundo o especialista, a circula\u00e7\u00e3o de variantes do influenza faz parte da din\u00e2mica natural do v\u00edrus e, neste momento, n\u00e3o h\u00e1 elementos suficientes para prever impacto maior na pr\u00f3xima temporada de gripe.<\/p>\n<p>Qualquer estimativa sobre gravidade, dura\u00e7\u00e3o ou intensidade da pr\u00f3xima temporada seria prematura. \u201cN\u00e3o sabe se essa vai ser a variante circulante e predominante ainda no mundo. Est\u00e1 come\u00e7ando a temporada no Hemisf\u00e9rio Norte. Nem sabemos se vai ser a temporada do H3N2 ou se vai vir outro H1N1. Isso \u00e9 tudo muito te\u00f3rico ainda\u201d, disse Kfouri.<\/p>\n<p>Na semana passada, a Organiza\u00e7\u00e3o Mundial da Sa\u00fade emitiu nota informativa em que chama aten\u00e7\u00e3o para o aumento r\u00e1pido da circula\u00e7\u00e3o da variante K do Influenza A no Hemisf\u00e9rio Norte, em especial na Europa, Am\u00e9rica do Norte e Leste Asi\u00e1tico.<\/p>\n<p>Na Europa, a atividade da influenza iniciou mais cedo do que o habitual. A variante K representou quase metade dos casos de infec\u00e7\u00f5es reportadas entre maio e novembro de 2025. N\u00e3o foi registrada ainda nenhuma mudan\u00e7a significativa na gravidade cl\u00ednica, em termos de interna\u00e7\u00e3o hospitalar, admiss\u00f5es em cuidados intensivos ou \u00f3bito.<\/p>\n<p>O Minist\u00e9rio da Sa\u00fade publicou nesta semana informe sobre a situa\u00e7\u00e3o epidemiol\u00f3gica do pa\u00eds e destacou, pela primeira vez, a identifica\u00e7\u00e3o de um caso da variante K no Brasil, no estado do Par\u00e1.<\/p>\n<p>Nesta quarta-feira (17), a Funda\u00e7\u00e3o Oswaldo Cruz (Fiocruz) trouxe mais detalhes sobre o registro. A amostra com a presen\u00e7a da nova variante foi coletada em Bel\u00e9m (PA), no dia 26 de novembro, e inicialmente analisada pelo Laborat\u00f3rio Central do Estado do Par\u00e1 (Lacen-PA).<\/p>\n<p>Depois da confirma\u00e7\u00e3o de influenza A (H3N2), o material foi encaminhado ao Instituto Oswaldo Cruz (IOC\/Fiocruz), onde passou por sequenciamento gen\u00e9tico.<\/p>\n<p>O caso refere-se a uma paciente adulta, do sexo feminino, estrangeira, oriunda das ilhas Fiji, e foi classificado como importado. At\u00e9 o momento, n\u00e3o h\u00e1 evid\u00eancias de transmiss\u00e3o local associada \u00e0 variante no Brasil.<\/p>\n<p>Para Kfouri, a detec\u00e7\u00e3o de novas variantes \u00e9 esperada. \u201cTodo ano temos novidade do influenza. \u00c9 da natureza do v\u00edrus sofrer muta\u00e7\u00f5es e causar epidemias anuais. Por isso, que precisamos tomar vacina todo ano. As vacinas s\u00e3o atualizadas conforme o que se consegue prever do que vai circular na temporada seguinte\u201d, explicou.<\/p>\n<p>O especialista destaca que, mesmo quando h\u00e1 alguma dist\u00e2ncia gen\u00e9tica entre a vacina e o v\u00edrus circulante, a prote\u00e7\u00e3o permanece, especialmente contra formas graves da doen\u00e7a. \u201cO que faz \u00e0s vezes com que a efetividade da vacina seja um pouco maior no ano do que no outro ano, mas nunca se perde a efetividade. H\u00e1 sempre alguma perspectiva ou expectativa de prote\u00e7\u00e3o, especialmente contra desfechos mais graves de hospitaliza\u00e7\u00e3o e morte\u201d, disse.<\/p>\n<p>Especialistas da Fiocruz refor\u00e7am que a vacina\u00e7\u00e3o segue como a principal ferramenta de preven\u00e7\u00e3o. A composi\u00e7\u00e3o da vacina recomendada pela OMS foi atualizada em setembro, com cepas mais pr\u00f3ximas das atualmente em circula\u00e7\u00e3o, incluindo o subclado K.<\/p>\n<p>\u201cA composi\u00e7\u00e3o da vacina de influenza recomendada pela Organiza\u00e7\u00e3o Mundial de Sa\u00fade foi atualizada em setembro para o pr\u00f3ximo ano, com cepas mais pr\u00f3ximas dos clados atualmente em circula\u00e7\u00e3o, incluindo o subclado K\u201d, diz Marilda Siqueira, chefe do Laborat\u00f3rio de V\u00edrus Respirat\u00f3rios, Exantem\u00e1ticos, Enterov\u00edrus e Emerg\u00eancias Virais do IOC.<\/p>\n<p>Al\u00e9m da vacina\u00e7\u00e3o, as recomenda\u00e7\u00f5es incluem higieniza\u00e7\u00e3o frequente das m\u00e3os, evitar contato pr\u00f3ximo em caso de sintomas respirat\u00f3rios, uso de m\u00e1scara e busca por atendimento m\u00e9dico, especialmente diante de febre. Para os servi\u00e7os de sa\u00fade, a principal orienta\u00e7\u00e3o \u00e9 manter o fortalecimento cont\u00ednuo da vigil\u00e2ncia epidemiol\u00f3gica, laboratorial e gen\u00f4mica.<\/p>\n","protected":false},"excerpt":{"rendered":"<p>A identifica\u00e7\u00e3o no Brasil de um novo tipo do v\u00edrus influenza A (H3N2), conhecido como \u201cv\u00edrus K\u201d, ainda n\u00e3o \u00e9 motivo para preocupa\u00e7\u00e3o, avalia o vice-presidente da Sociedade Brasileira de Imuniza\u00e7\u00f5es (SBIm), Renato Kfouri. Segundo o especialista, a circula\u00e7\u00e3o de variantes do influenza faz parte da din\u00e2mica natural do v\u00edrus e, neste momento, n\u00e3o h\u00e1 [&hellip;]<\/p>\n","protected":false},"author":2,"featured_media":375335,"comment_status":"closed","ping_status":"closed","sticky":false,"template":"","format":"standard","meta":{"_acf_changed":false,"footnotes":""},"categories":[16],"tags":[],"class_list":["post-375334","post","type-post","status-publish","format-standard","has-post-thumbnail","hentry","category-brasil"],"acf":[],"yoast_head":"<!-- This site is optimized with the Yoast SEO plugin v27.5 - https:\/\/yoast.com\/product\/yoast-seo-wordpress\/ -->\n<title>&quot;\u00c9 cedo para criar alarme com v\u00edrus K no Brasil&quot; - Notibras<\/title>\n<meta name=\"robots\" content=\"index, follow, max-snippet:-1, max-image-preview:large, max-video-preview:-1\" \/>\n<link rel=\"canonical\" href=\"https:\/\/www.notibras.com\/site\/e-cedo-para-criar-alarme-com-virus-k-no-brasil\/\" \/>\n<meta property=\"og:locale\" content=\"pt_BR\" \/>\n<meta property=\"og:type\" content=\"article\" \/>\n<meta property=\"og:title\" content=\"&quot;\u00c9 cedo para criar alarme com v\u00edrus K no Brasil&quot; - Notibras\" \/>\n<meta property=\"og:description\" content=\"A identifica\u00e7\u00e3o no Brasil de um novo tipo do v\u00edrus influenza A (H3N2), conhecido como \u201cv\u00edrus K\u201d, ainda n\u00e3o \u00e9 motivo para preocupa\u00e7\u00e3o, avalia o vice-presidente da Sociedade Brasileira de Imuniza\u00e7\u00f5es (SBIm), Renato Kfouri. Segundo o especialista, a circula\u00e7\u00e3o de variantes do influenza faz parte da din\u00e2mica natural do v\u00edrus e, neste momento, n\u00e3o h\u00e1 [&hellip;]\" \/>\n<meta property=\"og:url\" content=\"https:\/\/www.notibras.com\/site\/e-cedo-para-criar-alarme-com-virus-k-no-brasil\/\" \/>\n<meta property=\"og:site_name\" content=\"Notibras\" \/>\n<meta property=\"article:publisher\" content=\"https:\/\/www.facebook.com\/notibras\/\" \/>\n<meta property=\"article:published_time\" content=\"2025-12-18T03:00:01+00:00\" \/>\n<meta property=\"article:modified_time\" content=\"2025-12-18T09:58:37+00:00\" \/>\n<meta property=\"og:image\" content=\"https:\/\/www.notibras.com\/site\/wp-content\/uploads\/2025\/12\/movimentacao_de_idosos_no_posto_da_612_sul_para_vacinacao_contra_influenza2403209962.webp\" \/>\n\t<meta property=\"og:image:width\" content=\"1170\" \/>\n\t<meta property=\"og:image:height\" content=\"700\" \/>\n\t<meta property=\"og:image:type\" content=\"image\/webp\" \/>\n<meta name=\"author\" content=\"Reda\u00e7\u00e3o\" \/>\n<meta name=\"twitter:card\" content=\"summary_large_image\" \/>\n<meta name=\"twitter:creator\" content=\"@Notibras\" \/>\n<meta name=\"twitter:site\" content=\"@Notibras\" \/>\n<meta name=\"twitter:label1\" content=\"Escrito por\" \/>\n\t<meta name=\"twitter:data1\" content=\"Reda\u00e7\u00e3o\" \/>\n\t<meta name=\"twitter:label2\" content=\"Est. tempo de leitura\" \/>\n\t<meta name=\"twitter:data2\" content=\"4 minutos\" \/>\n<script type=\"application\/ld+json\" class=\"yoast-schema-graph\">{\"@context\":\"https:\\\/\\\/schema.org\",\"@graph\":[{\"@type\":\"Article\",\"@id\":\"https:\\\/\\\/www.notibras.com\\\/site\\\/e-cedo-para-criar-alarme-com-virus-k-no-brasil\\\/#article\",\"isPartOf\":{\"@id\":\"https:\\\/\\\/www.notibras.com\\\/site\\\/e-cedo-para-criar-alarme-com-virus-k-no-brasil\\\/\"},\"author\":{\"name\":\"Reda\u00e7\u00e3o\",\"@id\":\"https:\\\/\\\/www.notibras.com\\\/site\\\/#\\\/schema\\\/person\\\/36ab0979449956132d3e5b517ea76ac8\"},\"headline\":\"&#8220;\u00c9 cedo para criar alarme com v\u00edrus K no Brasil&#8221;\",\"datePublished\":\"2025-12-18T03:00:01+00:00\",\"dateModified\":\"2025-12-18T09:58:37+00:00\",\"mainEntityOfPage\":{\"@id\":\"https:\\\/\\\/www.notibras.com\\\/site\\\/e-cedo-para-criar-alarme-com-virus-k-no-brasil\\\/\"},\"wordCount\":700,\"publisher\":{\"@id\":\"https:\\\/\\\/www.notibras.com\\\/site\\\/#organization\"},\"image\":{\"@id\":\"https:\\\/\\\/www.notibras.com\\\/site\\\/e-cedo-para-criar-alarme-com-virus-k-no-brasil\\\/#primaryimage\"},\"thumbnailUrl\":\"https:\\\/\\\/www.notibras.com\\\/site\\\/wp-content\\\/uploads\\\/2025\\\/12\\\/movimentacao_de_idosos_no_posto_da_612_sul_para_vacinacao_contra_influenza2403209962.webp\",\"articleSection\":[\"Brasil\"],\"inLanguage\":\"pt-BR\"},{\"@type\":\"WebPage\",\"@id\":\"https:\\\/\\\/www.notibras.com\\\/site\\\/e-cedo-para-criar-alarme-com-virus-k-no-brasil\\\/\",\"url\":\"https:\\\/\\\/www.notibras.com\\\/site\\\/e-cedo-para-criar-alarme-com-virus-k-no-brasil\\\/\",\"name\":\"\\\"\u00c9 cedo para criar alarme com v\u00edrus K no Brasil\\\" - Notibras\",\"isPartOf\":{\"@id\":\"https:\\\/\\\/www.notibras.com\\\/site\\\/#website\"},\"primaryImageOfPage\":{\"@id\":\"https:\\\/\\\/www.notibras.com\\\/site\\\/e-cedo-para-criar-alarme-com-virus-k-no-brasil\\\/#primaryimage\"},\"image\":{\"@id\":\"https:\\\/\\\/www.notibras.com\\\/site\\\/e-cedo-para-criar-alarme-com-virus-k-no-brasil\\\/#primaryimage\"},\"thumbnailUrl\":\"https:\\\/\\\/www.notibras.com\\\/site\\\/wp-content\\\/uploads\\\/2025\\\/12\\\/movimentacao_de_idosos_no_posto_da_612_sul_para_vacinacao_contra_influenza2403209962.webp\",\"datePublished\":\"2025-12-18T03:00:01+00:00\",\"dateModified\":\"2025-12-18T09:58:37+00:00\",\"breadcrumb\":{\"@id\":\"https:\\\/\\\/www.notibras.com\\\/site\\\/e-cedo-para-criar-alarme-com-virus-k-no-brasil\\\/#breadcrumb\"},\"inLanguage\":\"pt-BR\",\"potentialAction\":[{\"@type\":\"ReadAction\",\"target\":[\"https:\\\/\\\/www.notibras.com\\\/site\\\/e-cedo-para-criar-alarme-com-virus-k-no-brasil\\\/\"]}]},{\"@type\":\"ImageObject\",\"inLanguage\":\"pt-BR\",\"@id\":\"https:\\\/\\\/www.notibras.com\\\/site\\\/e-cedo-para-criar-alarme-com-virus-k-no-brasil\\\/#primaryimage\",\"url\":\"https:\\\/\\\/www.notibras.com\\\/site\\\/wp-content\\\/uploads\\\/2025\\\/12\\\/movimentacao_de_idosos_no_posto_da_612_sul_para_vacinacao_contra_influenza2403209962.webp\",\"contentUrl\":\"https:\\\/\\\/www.notibras.com\\\/site\\\/wp-content\\\/uploads\\\/2025\\\/12\\\/movimentacao_de_idosos_no_posto_da_612_sul_para_vacinacao_contra_influenza2403209962.webp\",\"width\":1170,\"height\":700},{\"@type\":\"BreadcrumbList\",\"@id\":\"https:\\\/\\\/www.notibras.com\\\/site\\\/e-cedo-para-criar-alarme-com-virus-k-no-brasil\\\/#breadcrumb\",\"itemListElement\":[{\"@type\":\"ListItem\",\"position\":1,\"name\":\"In\u00edcio\",\"item\":\"https:\\\/\\\/www.notibras.com\\\/site\\\/\"},{\"@type\":\"ListItem\",\"position\":2,\"name\":\"&#8220;\u00c9 cedo para criar alarme com v\u00edrus K no Brasil&#8221;\"}]},{\"@type\":\"WebSite\",\"@id\":\"https:\\\/\\\/www.notibras.com\\\/site\\\/#website\",\"url\":\"https:\\\/\\\/www.notibras.com\\\/site\\\/\",\"name\":\"Notibras\",\"description\":\"Not\u00edcias de Bras\u00edlia, do Brasil e do Mundo\",\"publisher\":{\"@id\":\"https:\\\/\\\/www.notibras.com\\\/site\\\/#organization\"},\"potentialAction\":[{\"@type\":\"SearchAction\",\"target\":{\"@type\":\"EntryPoint\",\"urlTemplate\":\"https:\\\/\\\/www.notibras.com\\\/site\\\/?s={search_term_string}\"},\"query-input\":{\"@type\":\"PropertyValueSpecification\",\"valueRequired\":true,\"valueName\":\"search_term_string\"}}],\"inLanguage\":\"pt-BR\"},{\"@type\":\"Organization\",\"@id\":\"https:\\\/\\\/www.notibras.com\\\/site\\\/#organization\",\"name\":\"Grupo Notibras de Comunica\u00e7\u00e3o\",\"url\":\"https:\\\/\\\/www.notibras.com\\\/site\\\/\",\"logo\":{\"@type\":\"ImageObject\",\"inLanguage\":\"pt-BR\",\"@id\":\"https:\\\/\\\/www.notibras.com\\\/site\\\/#\\\/schema\\\/logo\\\/image\\\/\",\"url\":\"https:\\\/\\\/www.notibras.com\\\/site\\\/wp-content\\\/uploads\\\/2023\\\/01\\\/notibras23.png\",\"contentUrl\":\"https:\\\/\\\/www.notibras.com\\\/site\\\/wp-content\\\/uploads\\\/2023\\\/01\\\/notibras23.png\",\"width\":350,\"height\":87,\"caption\":\"Grupo Notibras de Comunica\u00e7\u00e3o\"},\"image\":{\"@id\":\"https:\\\/\\\/www.notibras.com\\\/site\\\/#\\\/schema\\\/logo\\\/image\\\/\"},\"sameAs\":[\"https:\\\/\\\/www.facebook.com\\\/notibras\\\/\",\"https:\\\/\\\/x.com\\\/Notibras\",\"https:\\\/\\\/www.instagram.com\\\/notibras\\\/\"]},{\"@type\":\"Person\",\"@id\":\"https:\\\/\\\/www.notibras.com\\\/site\\\/#\\\/schema\\\/person\\\/36ab0979449956132d3e5b517ea76ac8\",\"name\":\"Reda\u00e7\u00e3o\",\"image\":{\"@type\":\"ImageObject\",\"inLanguage\":\"pt-BR\",\"@id\":\"https:\\\/\\\/secure.gravatar.com\\\/avatar\\\/e0a867bdedb85fd243eadf09663511f96fc81e0720a4a42581f334ad4303aa6b?s=96&d=mm&r=g\",\"url\":\"https:\\\/\\\/secure.gravatar.com\\\/avatar\\\/e0a867bdedb85fd243eadf09663511f96fc81e0720a4a42581f334ad4303aa6b?s=96&d=mm&r=g\",\"contentUrl\":\"https:\\\/\\\/secure.gravatar.com\\\/avatar\\\/e0a867bdedb85fd243eadf09663511f96fc81e0720a4a42581f334ad4303aa6b?s=96&d=mm&r=g\",\"caption\":\"Reda\u00e7\u00e3o\"}}]}<\/script>\n<!-- \/ Yoast SEO plugin. -->","yoast_head_json":{"title":"\"\u00c9 cedo para criar alarme com v\u00edrus K no Brasil\" - Notibras","robots":{"index":"index","follow":"follow","max-snippet":"max-snippet:-1","max-image-preview":"max-image-preview:large","max-video-preview":"max-video-preview:-1"},"canonical":"https:\/\/www.notibras.com\/site\/e-cedo-para-criar-alarme-com-virus-k-no-brasil\/","og_locale":"pt_BR","og_type":"article","og_title":"\"\u00c9 cedo para criar alarme com v\u00edrus K no Brasil\" - Notibras","og_description":"A identifica\u00e7\u00e3o no Brasil de um novo tipo do v\u00edrus influenza A (H3N2), conhecido como \u201cv\u00edrus K\u201d, ainda n\u00e3o \u00e9 motivo para preocupa\u00e7\u00e3o, avalia o vice-presidente da Sociedade Brasileira de Imuniza\u00e7\u00f5es (SBIm), Renato Kfouri. Segundo o especialista, a circula\u00e7\u00e3o de variantes do influenza faz parte da din\u00e2mica natural do v\u00edrus e, neste momento, n\u00e3o h\u00e1 [&hellip;]","og_url":"https:\/\/www.notibras.com\/site\/e-cedo-para-criar-alarme-com-virus-k-no-brasil\/","og_site_name":"Notibras","article_publisher":"https:\/\/www.facebook.com\/notibras\/","article_published_time":"2025-12-18T03:00:01+00:00","article_modified_time":"2025-12-18T09:58:37+00:00","og_image":[{"width":1170,"height":700,"url":"https:\/\/www.notibras.com\/site\/wp-content\/uploads\/2025\/12\/movimentacao_de_idosos_no_posto_da_612_sul_para_vacinacao_contra_influenza2403209962.webp","type":"image\/webp"}],"author":"Reda\u00e7\u00e3o","twitter_card":"summary_large_image","twitter_creator":"@Notibras","twitter_site":"@Notibras","twitter_misc":{"Escrito por":"Reda\u00e7\u00e3o","Est. tempo de leitura":"4 minutos"},"schema":{"@context":"https:\/\/schema.org","@graph":[{"@type":"Article","@id":"https:\/\/www.notibras.com\/site\/e-cedo-para-criar-alarme-com-virus-k-no-brasil\/#article","isPartOf":{"@id":"https:\/\/www.notibras.com\/site\/e-cedo-para-criar-alarme-com-virus-k-no-brasil\/"},"author":{"name":"Reda\u00e7\u00e3o","@id":"https:\/\/www.notibras.com\/site\/#\/schema\/person\/36ab0979449956132d3e5b517ea76ac8"},"headline":"&#8220;\u00c9 cedo para criar alarme com v\u00edrus K no Brasil&#8221;","datePublished":"2025-12-18T03:00:01+00:00","dateModified":"2025-12-18T09:58:37+00:00","mainEntityOfPage":{"@id":"https:\/\/www.notibras.com\/site\/e-cedo-para-criar-alarme-com-virus-k-no-brasil\/"},"wordCount":700,"publisher":{"@id":"https:\/\/www.notibras.com\/site\/#organization"},"image":{"@id":"https:\/\/www.notibras.com\/site\/e-cedo-para-criar-alarme-com-virus-k-no-brasil\/#primaryimage"},"thumbnailUrl":"https:\/\/www.notibras.com\/site\/wp-content\/uploads\/2025\/12\/movimentacao_de_idosos_no_posto_da_612_sul_para_vacinacao_contra_influenza2403209962.webp","articleSection":["Brasil"],"inLanguage":"pt-BR"},{"@type":"WebPage","@id":"https:\/\/www.notibras.com\/site\/e-cedo-para-criar-alarme-com-virus-k-no-brasil\/","url":"https:\/\/www.notibras.com\/site\/e-cedo-para-criar-alarme-com-virus-k-no-brasil\/","name":"\"\u00c9 cedo para criar alarme com v\u00edrus K no Brasil\" - Notibras","isPartOf":{"@id":"https:\/\/www.notibras.com\/site\/#website"},"primaryImageOfPage":{"@id":"https:\/\/www.notibras.com\/site\/e-cedo-para-criar-alarme-com-virus-k-no-brasil\/#primaryimage"},"image":{"@id":"https:\/\/www.notibras.com\/site\/e-cedo-para-criar-alarme-com-virus-k-no-brasil\/#primaryimage"},"thumbnailUrl":"https:\/\/www.notibras.com\/site\/wp-content\/uploads\/2025\/12\/movimentacao_de_idosos_no_posto_da_612_sul_para_vacinacao_contra_influenza2403209962.webp","datePublished":"2025-12-18T03:00:01+00:00","dateModified":"2025-12-18T09:58:37+00:00","breadcrumb":{"@id":"https:\/\/www.notibras.com\/site\/e-cedo-para-criar-alarme-com-virus-k-no-brasil\/#breadcrumb"},"inLanguage":"pt-BR","potentialAction":[{"@type":"ReadAction","target":["https:\/\/www.notibras.com\/site\/e-cedo-para-criar-alarme-com-virus-k-no-brasil\/"]}]},{"@type":"ImageObject","inLanguage":"pt-BR","@id":"https:\/\/www.notibras.com\/site\/e-cedo-para-criar-alarme-com-virus-k-no-brasil\/#primaryimage","url":"https:\/\/www.notibras.com\/site\/wp-content\/uploads\/2025\/12\/movimentacao_de_idosos_no_posto_da_612_sul_para_vacinacao_contra_influenza2403209962.webp","contentUrl":"https:\/\/www.notibras.com\/site\/wp-content\/uploads\/2025\/12\/movimentacao_de_idosos_no_posto_da_612_sul_para_vacinacao_contra_influenza2403209962.webp","width":1170,"height":700},{"@type":"BreadcrumbList","@id":"https:\/\/www.notibras.com\/site\/e-cedo-para-criar-alarme-com-virus-k-no-brasil\/#breadcrumb","itemListElement":[{"@type":"ListItem","position":1,"name":"In\u00edcio","item":"https:\/\/www.notibras.com\/site\/"},{"@type":"ListItem","position":2,"name":"&#8220;\u00c9 cedo para criar alarme com v\u00edrus K no Brasil&#8221;"}]},{"@type":"WebSite","@id":"https:\/\/www.notibras.com\/site\/#website","url":"https:\/\/www.notibras.com\/site\/","name":"Notibras","description":"Not\u00edcias de Bras\u00edlia, do Brasil e do Mundo","publisher":{"@id":"https:\/\/www.notibras.com\/site\/#organization"},"potentialAction":[{"@type":"SearchAction","target":{"@type":"EntryPoint","urlTemplate":"https:\/\/www.notibras.com\/site\/?s={search_term_string}"},"query-input":{"@type":"PropertyValueSpecification","valueRequired":true,"valueName":"search_term_string"}}],"inLanguage":"pt-BR"},{"@type":"Organization","@id":"https:\/\/www.notibras.com\/site\/#organization","name":"Grupo Notibras de Comunica\u00e7\u00e3o","url":"https:\/\/www.notibras.com\/site\/","logo":{"@type":"ImageObject","inLanguage":"pt-BR","@id":"https:\/\/www.notibras.com\/site\/#\/schema\/logo\/image\/","url":"https:\/\/www.notibras.com\/site\/wp-content\/uploads\/2023\/01\/notibras23.png","contentUrl":"https:\/\/www.notibras.com\/site\/wp-content\/uploads\/2023\/01\/notibras23.png","width":350,"height":87,"caption":"Grupo Notibras de Comunica\u00e7\u00e3o"},"image":{"@id":"https:\/\/www.notibras.com\/site\/#\/schema\/logo\/image\/"},"sameAs":["https:\/\/www.facebook.com\/notibras\/","https:\/\/x.com\/Notibras","https:\/\/www.instagram.com\/notibras\/"]},{"@type":"Person","@id":"https:\/\/www.notibras.com\/site\/#\/schema\/person\/36ab0979449956132d3e5b517ea76ac8","name":"Reda\u00e7\u00e3o","image":{"@type":"ImageObject","inLanguage":"pt-BR","@id":"https:\/\/secure.gravatar.com\/avatar\/e0a867bdedb85fd243eadf09663511f96fc81e0720a4a42581f334ad4303aa6b?s=96&d=mm&r=g","url":"https:\/\/secure.gravatar.com\/avatar\/e0a867bdedb85fd243eadf09663511f96fc81e0720a4a42581f334ad4303aa6b?s=96&d=mm&r=g","contentUrl":"https:\/\/secure.gravatar.com\/avatar\/e0a867bdedb85fd243eadf09663511f96fc81e0720a4a42581f334ad4303aa6b?s=96&d=mm&r=g","caption":"Reda\u00e7\u00e3o"}}]}},"amp_enabled":true,"_links":{"self":[{"href":"https:\/\/www.notibras.com\/site\/wp-json\/wp\/v2\/posts\/375334","targetHints":{"allow":["GET"]}}],"collection":[{"href":"https:\/\/www.notibras.com\/site\/wp-json\/wp\/v2\/posts"}],"about":[{"href":"https:\/\/www.notibras.com\/site\/wp-json\/wp\/v2\/types\/post"}],"author":[{"embeddable":true,"href":"https:\/\/www.notibras.com\/site\/wp-json\/wp\/v2\/users\/2"}],"replies":[{"embeddable":true,"href":"https:\/\/www.notibras.com\/site\/wp-json\/wp\/v2\/comments?post=375334"}],"version-history":[{"count":1,"href":"https:\/\/www.notibras.com\/site\/wp-json\/wp\/v2\/posts\/375334\/revisions"}],"predecessor-version":[{"id":375336,"href":"https:\/\/www.notibras.com\/site\/wp-json\/wp\/v2\/posts\/375334\/revisions\/375336"}],"wp:featuredmedia":[{"embeddable":true,"href":"https:\/\/www.notibras.com\/site\/wp-json\/wp\/v2\/media\/375335"}],"wp:attachment":[{"href":"https:\/\/www.notibras.com\/site\/wp-json\/wp\/v2\/media?parent=375334"}],"wp:term":[{"taxonomy":"category","embeddable":true,"href":"https:\/\/www.notibras.com\/site\/wp-json\/wp\/v2\/categories?post=375334"},{"taxonomy":"post_tag","embeddable":true,"href":"https:\/\/www.notibras.com\/site\/wp-json\/wp\/v2\/tags?post=375334"}],"curies":[{"name":"wp","href":"https:\/\/api.w.org\/{rel}","templated":true}]}}