{"id":375337,"date":"2025-12-18T00:00:52","date_gmt":"2025-12-18T03:00:52","guid":{"rendered":"https:\/\/www.notibras.com\/site\/?p=375337"},"modified":"2025-12-18T07:06:25","modified_gmt":"2025-12-18T10:06:25","slug":"lula-tira-sabino-para-uniao-fazer-turismo-na-esplanada","status":"publish","type":"post","link":"https:\/\/www.notibras.com\/site\/lula-tira-sabino-para-uniao-fazer-turismo-na-esplanada\/","title":{"rendered":"Lula tira Sabino para Uni\u00e3o fazer turismo na Esplanada"},"content":{"rendered":"<p>O ministro do Turismo, Celso Sabino (sem partido), confirmou, na tarde desta quarta-feira (17), que deixar\u00e1 o governo em fun\u00e7\u00e3o de o partido Uni\u00e3o Brasil ter pedido a vaga na pasta. Segundo Sabino, ele deve ser substitu\u00eddo por Gustavo Feliciano.<\/p>\n<p>&#8220;Eu imagino que o partido deva ter as suas raz\u00f5es para ter tomado essa decis\u00e3o de se afastar do governo e deve ter suas raz\u00f5es tamb\u00e9m para agora buscar se aproximar do governo&#8221;.<\/p>\n<p>Sabino foi expulso do partido depois que decidiu permanecer no cargo. A dire\u00e7\u00e3o da legenda havia determinado o afastamento da pasta. Sabino disse que pretende concorrer a uma vaga ao Senado no ano que vem.<\/p>\n<p>O ministro disse que retomar\u00e1 o mandato de deputado federal e far\u00e1 pr\u00e9-campanha para o Senado. &#8220;A gente j\u00e1 vem conversando com o presidente h\u00e1 alguns dias. E o partido j\u00e1 vem h\u00e1 alguns dias tamb\u00e9m, nesse di\u00e1logo, buscando esse espa\u00e7o&#8221;, afirmou.<\/p>\n<p>Segundo Sabino, a sa\u00edda dele foi decidida na ter\u00e7a-feira (16), em uma reuni\u00e3o com lideran\u00e7as do Uni\u00e3o com a ministra de Rela\u00e7\u00f5es Institucionais, Gleise Hoffmann.<\/p>\n<p>Ele disse que ainda n\u00e3o sabe por qual partido tentar\u00e1 a vaga no Senado. Adiantou, no entanto, que pretende apoiar o governo no que for necess\u00e1rio. Sabino ainda acrescentou que teve uma \u00faltima conversa bastante positiva com o presidente Luiz In\u00e1cio Lula da Silva.<\/p>\n<p>&#8221; Esse sucesso que o turismo vive hoje \u00e9 fruto direto das orienta\u00e7\u00f5es do presidente Lula, da sua participa\u00e7\u00e3o na nossa pasta aqui e tamb\u00e9m de todos os minist\u00e9rios&#8221;.<\/p>\n<p>O ministro disse que havia decidido ficar no governo para concluir projetos importantes, dentre eles a COP30.<\/p>\n<p>&#8220;N\u00f3s viv\u00edamos ali momentos de muita incerteza, de muita d\u00favida, de muitos questionamentos. Conclu\u00edmos a COP com muito sucesso&#8221;.<\/p>\n","protected":false},"excerpt":{"rendered":"<p>O ministro do Turismo, Celso Sabino (sem partido), confirmou, na tarde desta quarta-feira (17), que deixar\u00e1 o governo em fun\u00e7\u00e3o de o partido Uni\u00e3o Brasil ter pedido a vaga na pasta. Segundo Sabino, ele deve ser substitu\u00eddo por Gustavo Feliciano. &#8220;Eu imagino que o partido deva ter as suas raz\u00f5es para ter tomado essa decis\u00e3o [&hellip;]<\/p>\n","protected":false},"author":2,"featured_media":375339,"comment_status":"closed","ping_status":"closed","sticky":false,"template":"","format":"standard","meta":{"_acf_changed":false,"footnotes":""},"categories":[16],"tags":[],"class_list":["post-375337","post","type-post","status-publish","format-standard","has-post-thumbnail","hentry","category-brasil"],"acf":[],"yoast_head":"<!-- This site is optimized with the Yoast SEO plugin v27.5 - https:\/\/yoast.com\/product\/yoast-seo-wordpress\/ -->\n<title>Lula tira Sabino para Uni\u00e3o fazer turismo na Esplanada - Notibras<\/title>\n<meta name=\"robots\" content=\"index, follow, max-snippet:-1, max-image-preview:large, max-video-preview:-1\" \/>\n<link rel=\"canonical\" href=\"https:\/\/www.notibras.com\/site\/lula-tira-sabino-para-uniao-fazer-turismo-na-esplanada\/\" \/>\n<meta property=\"og:locale\" content=\"pt_BR\" \/>\n<meta property=\"og:type\" content=\"article\" \/>\n<meta property=\"og:title\" content=\"Lula tira Sabino para Uni\u00e3o fazer turismo na Esplanada - Notibras\" \/>\n<meta property=\"og:description\" content=\"O ministro do Turismo, Celso Sabino (sem partido), confirmou, na tarde desta quarta-feira (17), que deixar\u00e1 o governo em fun\u00e7\u00e3o de o partido Uni\u00e3o Brasil ter pedido a vaga na pasta. Segundo Sabino, ele deve ser substitu\u00eddo por Gustavo Feliciano. &#8220;Eu imagino que o partido deva ter as suas raz\u00f5es para ter tomado essa decis\u00e3o [&hellip;]\" \/>\n<meta property=\"og:url\" content=\"https:\/\/www.notibras.com\/site\/lula-tira-sabino-para-uniao-fazer-turismo-na-esplanada\/\" \/>\n<meta property=\"og:site_name\" content=\"Notibras\" \/>\n<meta property=\"article:publisher\" content=\"https:\/\/www.facebook.com\/notibras\/\" \/>\n<meta property=\"article:published_time\" content=\"2025-12-18T03:00:52+00:00\" \/>\n<meta property=\"article:modified_time\" content=\"2025-12-18T10:06:25+00:00\" \/>\n<meta property=\"og:image\" content=\"https:\/\/www.notibras.com\/site\/wp-content\/uploads\/2025\/12\/0d4a1266.webp\" \/>\n\t<meta property=\"og:image:width\" content=\"1170\" \/>\n\t<meta property=\"og:image:height\" content=\"700\" \/>\n\t<meta property=\"og:image:type\" content=\"image\/webp\" \/>\n<meta name=\"author\" content=\"Reda\u00e7\u00e3o\" \/>\n<meta name=\"twitter:card\" content=\"summary_large_image\" \/>\n<meta name=\"twitter:creator\" content=\"@Notibras\" \/>\n<meta name=\"twitter:site\" content=\"@Notibras\" \/>\n<meta name=\"twitter:label1\" content=\"Escrito por\" \/>\n\t<meta name=\"twitter:data1\" content=\"Reda\u00e7\u00e3o\" \/>\n\t<meta name=\"twitter:label2\" content=\"Est. tempo de leitura\" \/>\n\t<meta name=\"twitter:data2\" content=\"2 minutos\" \/>\n<script type=\"application\/ld+json\" class=\"yoast-schema-graph\">{\"@context\":\"https:\\\/\\\/schema.org\",\"@graph\":[{\"@type\":\"Article\",\"@id\":\"https:\\\/\\\/www.notibras.com\\\/site\\\/lula-tira-sabino-para-uniao-fazer-turismo-na-esplanada\\\/#article\",\"isPartOf\":{\"@id\":\"https:\\\/\\\/www.notibras.com\\\/site\\\/lula-tira-sabino-para-uniao-fazer-turismo-na-esplanada\\\/\"},\"author\":{\"name\":\"Reda\u00e7\u00e3o\",\"@id\":\"https:\\\/\\\/www.notibras.com\\\/site\\\/#\\\/schema\\\/person\\\/36ab0979449956132d3e5b517ea76ac8\"},\"headline\":\"Lula tira Sabino para Uni\u00e3o fazer turismo na Esplanada\",\"datePublished\":\"2025-12-18T03:00:52+00:00\",\"dateModified\":\"2025-12-18T10:06:25+00:00\",\"mainEntityOfPage\":{\"@id\":\"https:\\\/\\\/www.notibras.com\\\/site\\\/lula-tira-sabino-para-uniao-fazer-turismo-na-esplanada\\\/\"},\"wordCount\":319,\"publisher\":{\"@id\":\"https:\\\/\\\/www.notibras.com\\\/site\\\/#organization\"},\"image\":{\"@id\":\"https:\\\/\\\/www.notibras.com\\\/site\\\/lula-tira-sabino-para-uniao-fazer-turismo-na-esplanada\\\/#primaryimage\"},\"thumbnailUrl\":\"https:\\\/\\\/www.notibras.com\\\/site\\\/wp-content\\\/uploads\\\/2025\\\/12\\\/0d4a1266.webp\",\"articleSection\":[\"Brasil\"],\"inLanguage\":\"pt-BR\"},{\"@type\":\"WebPage\",\"@id\":\"https:\\\/\\\/www.notibras.com\\\/site\\\/lula-tira-sabino-para-uniao-fazer-turismo-na-esplanada\\\/\",\"url\":\"https:\\\/\\\/www.notibras.com\\\/site\\\/lula-tira-sabino-para-uniao-fazer-turismo-na-esplanada\\\/\",\"name\":\"Lula tira Sabino para Uni\u00e3o fazer turismo na Esplanada - Notibras\",\"isPartOf\":{\"@id\":\"https:\\\/\\\/www.notibras.com\\\/site\\\/#website\"},\"primaryImageOfPage\":{\"@id\":\"https:\\\/\\\/www.notibras.com\\\/site\\\/lula-tira-sabino-para-uniao-fazer-turismo-na-esplanada\\\/#primaryimage\"},\"image\":{\"@id\":\"https:\\\/\\\/www.notibras.com\\\/site\\\/lula-tira-sabino-para-uniao-fazer-turismo-na-esplanada\\\/#primaryimage\"},\"thumbnailUrl\":\"https:\\\/\\\/www.notibras.com\\\/site\\\/wp-content\\\/uploads\\\/2025\\\/12\\\/0d4a1266.webp\",\"datePublished\":\"2025-12-18T03:00:52+00:00\",\"dateModified\":\"2025-12-18T10:06:25+00:00\",\"breadcrumb\":{\"@id\":\"https:\\\/\\\/www.notibras.com\\\/site\\\/lula-tira-sabino-para-uniao-fazer-turismo-na-esplanada\\\/#breadcrumb\"},\"inLanguage\":\"pt-BR\",\"potentialAction\":[{\"@type\":\"ReadAction\",\"target\":[\"https:\\\/\\\/www.notibras.com\\\/site\\\/lula-tira-sabino-para-uniao-fazer-turismo-na-esplanada\\\/\"]}]},{\"@type\":\"ImageObject\",\"inLanguage\":\"pt-BR\",\"@id\":\"https:\\\/\\\/www.notibras.com\\\/site\\\/lula-tira-sabino-para-uniao-fazer-turismo-na-esplanada\\\/#primaryimage\",\"url\":\"https:\\\/\\\/www.notibras.com\\\/site\\\/wp-content\\\/uploads\\\/2025\\\/12\\\/0d4a1266.webp\",\"contentUrl\":\"https:\\\/\\\/www.notibras.com\\\/site\\\/wp-content\\\/uploads\\\/2025\\\/12\\\/0d4a1266.webp\",\"width\":1170,\"height\":700},{\"@type\":\"BreadcrumbList\",\"@id\":\"https:\\\/\\\/www.notibras.com\\\/site\\\/lula-tira-sabino-para-uniao-fazer-turismo-na-esplanada\\\/#breadcrumb\",\"itemListElement\":[{\"@type\":\"ListItem\",\"position\":1,\"name\":\"In\u00edcio\",\"item\":\"https:\\\/\\\/www.notibras.com\\\/site\\\/\"},{\"@type\":\"ListItem\",\"position\":2,\"name\":\"Lula tira Sabino para Uni\u00e3o fazer turismo na Esplanada\"}]},{\"@type\":\"WebSite\",\"@id\":\"https:\\\/\\\/www.notibras.com\\\/site\\\/#website\",\"url\":\"https:\\\/\\\/www.notibras.com\\\/site\\\/\",\"name\":\"Notibras\",\"description\":\"Not\u00edcias de Bras\u00edlia, do Brasil e do Mundo\",\"publisher\":{\"@id\":\"https:\\\/\\\/www.notibras.com\\\/site\\\/#organization\"},\"potentialAction\":[{\"@type\":\"SearchAction\",\"target\":{\"@type\":\"EntryPoint\",\"urlTemplate\":\"https:\\\/\\\/www.notibras.com\\\/site\\\/?s={search_term_string}\"},\"query-input\":{\"@type\":\"PropertyValueSpecification\",\"valueRequired\":true,\"valueName\":\"search_term_string\"}}],\"inLanguage\":\"pt-BR\"},{\"@type\":\"Organization\",\"@id\":\"https:\\\/\\\/www.notibras.com\\\/site\\\/#organization\",\"name\":\"Grupo Notibras de Comunica\u00e7\u00e3o\",\"url\":\"https:\\\/\\\/www.notibras.com\\\/site\\\/\",\"logo\":{\"@type\":\"ImageObject\",\"inLanguage\":\"pt-BR\",\"@id\":\"https:\\\/\\\/www.notibras.com\\\/site\\\/#\\\/schema\\\/logo\\\/image\\\/\",\"url\":\"https:\\\/\\\/www.notibras.com\\\/site\\\/wp-content\\\/uploads\\\/2023\\\/01\\\/notibras23.png\",\"contentUrl\":\"https:\\\/\\\/www.notibras.com\\\/site\\\/wp-content\\\/uploads\\\/2023\\\/01\\\/notibras23.png\",\"width\":350,\"height\":87,\"caption\":\"Grupo Notibras de Comunica\u00e7\u00e3o\"},\"image\":{\"@id\":\"https:\\\/\\\/www.notibras.com\\\/site\\\/#\\\/schema\\\/logo\\\/image\\\/\"},\"sameAs\":[\"https:\\\/\\\/www.facebook.com\\\/notibras\\\/\",\"https:\\\/\\\/x.com\\\/Notibras\",\"https:\\\/\\\/www.instagram.com\\\/notibras\\\/\"]},{\"@type\":\"Person\",\"@id\":\"https:\\\/\\\/www.notibras.com\\\/site\\\/#\\\/schema\\\/person\\\/36ab0979449956132d3e5b517ea76ac8\",\"name\":\"Reda\u00e7\u00e3o\",\"image\":{\"@type\":\"ImageObject\",\"inLanguage\":\"pt-BR\",\"@id\":\"https:\\\/\\\/secure.gravatar.com\\\/avatar\\\/e0a867bdedb85fd243eadf09663511f96fc81e0720a4a42581f334ad4303aa6b?s=96&d=mm&r=g\",\"url\":\"https:\\\/\\\/secure.gravatar.com\\\/avatar\\\/e0a867bdedb85fd243eadf09663511f96fc81e0720a4a42581f334ad4303aa6b?s=96&d=mm&r=g\",\"contentUrl\":\"https:\\\/\\\/secure.gravatar.com\\\/avatar\\\/e0a867bdedb85fd243eadf09663511f96fc81e0720a4a42581f334ad4303aa6b?s=96&d=mm&r=g\",\"caption\":\"Reda\u00e7\u00e3o\"}}]}<\/script>\n<!-- \/ Yoast SEO plugin. -->","yoast_head_json":{"title":"Lula tira Sabino para Uni\u00e3o fazer turismo na Esplanada - Notibras","robots":{"index":"index","follow":"follow","max-snippet":"max-snippet:-1","max-image-preview":"max-image-preview:large","max-video-preview":"max-video-preview:-1"},"canonical":"https:\/\/www.notibras.com\/site\/lula-tira-sabino-para-uniao-fazer-turismo-na-esplanada\/","og_locale":"pt_BR","og_type":"article","og_title":"Lula tira Sabino para Uni\u00e3o fazer turismo na Esplanada - Notibras","og_description":"O ministro do Turismo, Celso Sabino (sem partido), confirmou, na tarde desta quarta-feira (17), que deixar\u00e1 o governo em fun\u00e7\u00e3o de o partido Uni\u00e3o Brasil ter pedido a vaga na pasta. Segundo Sabino, ele deve ser substitu\u00eddo por Gustavo Feliciano. &#8220;Eu imagino que o partido deva ter as suas raz\u00f5es para ter tomado essa decis\u00e3o [&hellip;]","og_url":"https:\/\/www.notibras.com\/site\/lula-tira-sabino-para-uniao-fazer-turismo-na-esplanada\/","og_site_name":"Notibras","article_publisher":"https:\/\/www.facebook.com\/notibras\/","article_published_time":"2025-12-18T03:00:52+00:00","article_modified_time":"2025-12-18T10:06:25+00:00","og_image":[{"width":1170,"height":700,"url":"https:\/\/www.notibras.com\/site\/wp-content\/uploads\/2025\/12\/0d4a1266.webp","type":"image\/webp"}],"author":"Reda\u00e7\u00e3o","twitter_card":"summary_large_image","twitter_creator":"@Notibras","twitter_site":"@Notibras","twitter_misc":{"Escrito por":"Reda\u00e7\u00e3o","Est. tempo de leitura":"2 minutos"},"schema":{"@context":"https:\/\/schema.org","@graph":[{"@type":"Article","@id":"https:\/\/www.notibras.com\/site\/lula-tira-sabino-para-uniao-fazer-turismo-na-esplanada\/#article","isPartOf":{"@id":"https:\/\/www.notibras.com\/site\/lula-tira-sabino-para-uniao-fazer-turismo-na-esplanada\/"},"author":{"name":"Reda\u00e7\u00e3o","@id":"https:\/\/www.notibras.com\/site\/#\/schema\/person\/36ab0979449956132d3e5b517ea76ac8"},"headline":"Lula tira Sabino para Uni\u00e3o fazer turismo na Esplanada","datePublished":"2025-12-18T03:00:52+00:00","dateModified":"2025-12-18T10:06:25+00:00","mainEntityOfPage":{"@id":"https:\/\/www.notibras.com\/site\/lula-tira-sabino-para-uniao-fazer-turismo-na-esplanada\/"},"wordCount":319,"publisher":{"@id":"https:\/\/www.notibras.com\/site\/#organization"},"image":{"@id":"https:\/\/www.notibras.com\/site\/lula-tira-sabino-para-uniao-fazer-turismo-na-esplanada\/#primaryimage"},"thumbnailUrl":"https:\/\/www.notibras.com\/site\/wp-content\/uploads\/2025\/12\/0d4a1266.webp","articleSection":["Brasil"],"inLanguage":"pt-BR"},{"@type":"WebPage","@id":"https:\/\/www.notibras.com\/site\/lula-tira-sabino-para-uniao-fazer-turismo-na-esplanada\/","url":"https:\/\/www.notibras.com\/site\/lula-tira-sabino-para-uniao-fazer-turismo-na-esplanada\/","name":"Lula tira Sabino para Uni\u00e3o fazer turismo na Esplanada - Notibras","isPartOf":{"@id":"https:\/\/www.notibras.com\/site\/#website"},"primaryImageOfPage":{"@id":"https:\/\/www.notibras.com\/site\/lula-tira-sabino-para-uniao-fazer-turismo-na-esplanada\/#primaryimage"},"image":{"@id":"https:\/\/www.notibras.com\/site\/lula-tira-sabino-para-uniao-fazer-turismo-na-esplanada\/#primaryimage"},"thumbnailUrl":"https:\/\/www.notibras.com\/site\/wp-content\/uploads\/2025\/12\/0d4a1266.webp","datePublished":"2025-12-18T03:00:52+00:00","dateModified":"2025-12-18T10:06:25+00:00","breadcrumb":{"@id":"https:\/\/www.notibras.com\/site\/lula-tira-sabino-para-uniao-fazer-turismo-na-esplanada\/#breadcrumb"},"inLanguage":"pt-BR","potentialAction":[{"@type":"ReadAction","target":["https:\/\/www.notibras.com\/site\/lula-tira-sabino-para-uniao-fazer-turismo-na-esplanada\/"]}]},{"@type":"ImageObject","inLanguage":"pt-BR","@id":"https:\/\/www.notibras.com\/site\/lula-tira-sabino-para-uniao-fazer-turismo-na-esplanada\/#primaryimage","url":"https:\/\/www.notibras.com\/site\/wp-content\/uploads\/2025\/12\/0d4a1266.webp","contentUrl":"https:\/\/www.notibras.com\/site\/wp-content\/uploads\/2025\/12\/0d4a1266.webp","width":1170,"height":700},{"@type":"BreadcrumbList","@id":"https:\/\/www.notibras.com\/site\/lula-tira-sabino-para-uniao-fazer-turismo-na-esplanada\/#breadcrumb","itemListElement":[{"@type":"ListItem","position":1,"name":"In\u00edcio","item":"https:\/\/www.notibras.com\/site\/"},{"@type":"ListItem","position":2,"name":"Lula tira Sabino para Uni\u00e3o fazer turismo na Esplanada"}]},{"@type":"WebSite","@id":"https:\/\/www.notibras.com\/site\/#website","url":"https:\/\/www.notibras.com\/site\/","name":"Notibras","description":"Not\u00edcias de Bras\u00edlia, do Brasil e do Mundo","publisher":{"@id":"https:\/\/www.notibras.com\/site\/#organization"},"potentialAction":[{"@type":"SearchAction","target":{"@type":"EntryPoint","urlTemplate":"https:\/\/www.notibras.com\/site\/?s={search_term_string}"},"query-input":{"@type":"PropertyValueSpecification","valueRequired":true,"valueName":"search_term_string"}}],"inLanguage":"pt-BR"},{"@type":"Organization","@id":"https:\/\/www.notibras.com\/site\/#organization","name":"Grupo Notibras de Comunica\u00e7\u00e3o","url":"https:\/\/www.notibras.com\/site\/","logo":{"@type":"ImageObject","inLanguage":"pt-BR","@id":"https:\/\/www.notibras.com\/site\/#\/schema\/logo\/image\/","url":"https:\/\/www.notibras.com\/site\/wp-content\/uploads\/2023\/01\/notibras23.png","contentUrl":"https:\/\/www.notibras.com\/site\/wp-content\/uploads\/2023\/01\/notibras23.png","width":350,"height":87,"caption":"Grupo Notibras de Comunica\u00e7\u00e3o"},"image":{"@id":"https:\/\/www.notibras.com\/site\/#\/schema\/logo\/image\/"},"sameAs":["https:\/\/www.facebook.com\/notibras\/","https:\/\/x.com\/Notibras","https:\/\/www.instagram.com\/notibras\/"]},{"@type":"Person","@id":"https:\/\/www.notibras.com\/site\/#\/schema\/person\/36ab0979449956132d3e5b517ea76ac8","name":"Reda\u00e7\u00e3o","image":{"@type":"ImageObject","inLanguage":"pt-BR","@id":"https:\/\/secure.gravatar.com\/avatar\/e0a867bdedb85fd243eadf09663511f96fc81e0720a4a42581f334ad4303aa6b?s=96&d=mm&r=g","url":"https:\/\/secure.gravatar.com\/avatar\/e0a867bdedb85fd243eadf09663511f96fc81e0720a4a42581f334ad4303aa6b?s=96&d=mm&r=g","contentUrl":"https:\/\/secure.gravatar.com\/avatar\/e0a867bdedb85fd243eadf09663511f96fc81e0720a4a42581f334ad4303aa6b?s=96&d=mm&r=g","caption":"Reda\u00e7\u00e3o"}}]}},"amp_enabled":true,"_links":{"self":[{"href":"https:\/\/www.notibras.com\/site\/wp-json\/wp\/v2\/posts\/375337","targetHints":{"allow":["GET"]}}],"collection":[{"href":"https:\/\/www.notibras.com\/site\/wp-json\/wp\/v2\/posts"}],"about":[{"href":"https:\/\/www.notibras.com\/site\/wp-json\/wp\/v2\/types\/post"}],"author":[{"embeddable":true,"href":"https:\/\/www.notibras.com\/site\/wp-json\/wp\/v2\/users\/2"}],"replies":[{"embeddable":true,"href":"https:\/\/www.notibras.com\/site\/wp-json\/wp\/v2\/comments?post=375337"}],"version-history":[{"count":2,"href":"https:\/\/www.notibras.com\/site\/wp-json\/wp\/v2\/posts\/375337\/revisions"}],"predecessor-version":[{"id":375341,"href":"https:\/\/www.notibras.com\/site\/wp-json\/wp\/v2\/posts\/375337\/revisions\/375341"}],"wp:featuredmedia":[{"embeddable":true,"href":"https:\/\/www.notibras.com\/site\/wp-json\/wp\/v2\/media\/375339"}],"wp:attachment":[{"href":"https:\/\/www.notibras.com\/site\/wp-json\/wp\/v2\/media?parent=375337"}],"wp:term":[{"taxonomy":"category","embeddable":true,"href":"https:\/\/www.notibras.com\/site\/wp-json\/wp\/v2\/categories?post=375337"},{"taxonomy":"post_tag","embeddable":true,"href":"https:\/\/www.notibras.com\/site\/wp-json\/wp\/v2\/tags?post=375337"}],"curies":[{"name":"wp","href":"https:\/\/api.w.org\/{rel}","templated":true}]}}