{"id":375342,"date":"2025-12-18T06:10:28","date_gmt":"2025-12-18T09:10:28","guid":{"rendered":"https:\/\/www.notibras.com\/site\/?p=375342"},"modified":"2025-12-18T07:18:53","modified_gmt":"2025-12-18T10:18:53","slug":"enfrentando-ameaca-de-desertificacao-caatinga-tera-acao-de-recuperacao","status":"publish","type":"post","link":"https:\/\/www.notibras.com\/site\/enfrentando-ameaca-de-desertificacao-caatinga-tera-acao-de-recuperacao\/","title":{"rendered":"Enfrentando amea\u00e7a de desertifica\u00e7\u00e3o, Caatinga ter\u00e1 a\u00e7\u00e3o de recupera\u00e7\u00e3o"},"content":{"rendered":"<p>Importante sumidouro de g\u00e1s carb\u00f4nico e com enorme capacidade de infiltrar \u00e1gua no solo e garantir a recarga de aqu\u00edferos no semi\u00e1rido brasileiro, a Caatinga \u00e9 o bioma mais amea\u00e7ado pela desertifica\u00e7\u00e3o. A recupera\u00e7\u00e3o de 10 milh\u00f5es de hectares de terras degradadas do bioma \u00e9 uma das principais metas Plano de A\u00e7\u00e3o Brasileiro de Combate \u00e0 Desertifica\u00e7\u00e3o e Mitiga\u00e7\u00e3o dos Efeitos da Seca (PAB-Brasil), lan\u00e7ado na ter\u00e7a-feira (16), em Bras\u00edlia.<\/p>\n<p>Apresentado pelo Minist\u00e9rio do Meio Ambiente e Mudan\u00e7a do Clima (MMA), o plano prev\u00ea 175 iniciativas focadas em combater \u00e0 desertifica\u00e7\u00e3o e recuperar terras degradadas em todos os biomas at\u00e9 2045.<\/p>\n<p>\u201cCom isso, queremos alavancar todo o processo de restaura\u00e7\u00e3o socioprodutiva, assegurando a recupera\u00e7\u00e3o do solo degradado, da recomposi\u00e7\u00e3o vegetal, da disponibilidade de \u00e1gua, da produ\u00e7\u00e3o de alimentos saud\u00e1veis, da gera\u00e7\u00e3o de trabalho e emprego e de outros servi\u00e7os ecossist\u00eamicos\u201d, afirmou o diretor do Departamento de Combate \u00e0 Desertifica\u00e7\u00e3o do MMA, Alexandre Pires.<\/p>\n<p>De acordo com as Na\u00e7\u00f5es Unidas, a degrada\u00e7\u00e3o ambiental causada pelo mal uso do solo e a seca intensificada pelas mudan\u00e7as clim\u00e1ticas s\u00e3o as principais causas da desertifica\u00e7\u00e3o, que \u00e9 a perda da capacidade produtiva da terra. As regi\u00f5es \u00e1ridas, semi\u00e1ridas e sub\u00famidas secas s\u00e3o as mais amea\u00e7adas, mas em todo o mundo 75% da popula\u00e7\u00e3o pode ser atingida nas pr\u00f3ximas d\u00e9cadas.<\/p>\n<p>No Brasil, segundo estudo divulgado em junho pela Superintend\u00eancia do Desenvolvimento do Nordeste (Sudene), a desertifica\u00e7\u00e3o amea\u00e7a a capacidade produtiva do solo de 18% do territ\u00f3rio nacional. Na \u00e1rea, concentrada principalmente na Regi\u00e3o Nordeste, vivem 39 milh\u00f5es de pessoas.<\/p>\n<p><strong>Biomas<\/strong><br \/>\nAl\u00e9m da Caatinga, o Cerrado e a Mata Atl\u00e2ntica j\u00e1 vivem sob amea\u00e7a e, de acordo com relat\u00f3rio apresentado no lan\u00e7amento do PAB-Brasil, pela primeira vez foram identificadas \u00e1reas suscet\u00edveis \u00e0 desertifica\u00e7\u00e3o no Pantanal.<\/p>\n<p>Diante disso, todos os povos ind\u00edgenas, comunidades tradicionais e agricultores familiares (PIPCTAFs) foram inclu\u00eddos no cadastro de pagamento por servi\u00e7os ambientais (PSA), uma pol\u00edtica p\u00fablica de promo\u00e7\u00e3o do desenvolvimento sustent\u00e1vel, que remunera quem promove a conserva\u00e7\u00e3o e a melhoria ambiental.<\/p>\n<p>\u201cSomente juntos vamos avan\u00e7ar no combate \u00e0 desertifica\u00e7\u00e3o e mitiga\u00e7\u00e3o dos efeitos da seca\u201d, destacou a secret\u00e1ria nacional de Povos e Comunidades Tradicionais e Desenvolvimento Rural Sustent\u00e1vel (SNPCT) do MMA, Edel Moraes.<\/p>\n<p>Entre as iniciativas previstas no PAB-Brasil, est\u00e3o a constru\u00e7\u00e3o do Sistema de Alerta Precoce de desertifica\u00e7\u00e3o e Seca (SAP); o apoio financeiro para elabora\u00e7\u00e3o dos Planos Estaduais de Combate \u00e0 Desertifica\u00e7\u00e3o e Mitiga\u00e7\u00e3o dos Efeitos da Seca, a cria\u00e7\u00e3o de unidades de conserva\u00e7\u00e3o e a conectividade da paisagem por meio de recupera\u00e7\u00e3o da vegeta\u00e7\u00e3o nativa.<\/p>\n","protected":false},"excerpt":{"rendered":"<p>Importante sumidouro de g\u00e1s carb\u00f4nico e com enorme capacidade de infiltrar \u00e1gua no solo e garantir a recarga de aqu\u00edferos no semi\u00e1rido brasileiro, a Caatinga \u00e9 o bioma mais amea\u00e7ado pela desertifica\u00e7\u00e3o. A recupera\u00e7\u00e3o de 10 milh\u00f5es de hectares de terras degradadas do bioma \u00e9 uma das principais metas Plano de A\u00e7\u00e3o Brasileiro de Combate [&hellip;]<\/p>\n","protected":false},"author":2,"featured_media":375343,"comment_status":"closed","ping_status":"closed","sticky":false,"template":"","format":"standard","meta":{"_acf_changed":false,"footnotes":""},"categories":[165],"tags":[],"class_list":["post-375342","post","type-post","status-publish","format-standard","has-post-thumbnail","hentry","category-nordeste"],"acf":[],"yoast_head":"<!-- This site is optimized with the Yoast SEO plugin v27.2 - https:\/\/yoast.com\/product\/yoast-seo-wordpress\/ -->\n<title>Enfrentando amea\u00e7a de desertifica\u00e7\u00e3o, Caatinga ter\u00e1 a\u00e7\u00e3o de recupera\u00e7\u00e3o - Notibras<\/title>\n<meta name=\"robots\" content=\"index, follow, max-snippet:-1, max-image-preview:large, max-video-preview:-1\" \/>\n<link rel=\"canonical\" href=\"https:\/\/www.notibras.com\/site\/enfrentando-ameaca-de-desertificacao-caatinga-tera-acao-de-recuperacao\/\" \/>\n<meta property=\"og:locale\" content=\"pt_BR\" \/>\n<meta property=\"og:type\" content=\"article\" \/>\n<meta property=\"og:title\" content=\"Enfrentando amea\u00e7a de desertifica\u00e7\u00e3o, Caatinga ter\u00e1 a\u00e7\u00e3o de recupera\u00e7\u00e3o - Notibras\" \/>\n<meta property=\"og:description\" content=\"Importante sumidouro de g\u00e1s carb\u00f4nico e com enorme capacidade de infiltrar \u00e1gua no solo e garantir a recarga de aqu\u00edferos no semi\u00e1rido brasileiro, a Caatinga \u00e9 o bioma mais amea\u00e7ado pela desertifica\u00e7\u00e3o. A recupera\u00e7\u00e3o de 10 milh\u00f5es de hectares de terras degradadas do bioma \u00e9 uma das principais metas Plano de A\u00e7\u00e3o Brasileiro de Combate [&hellip;]\" \/>\n<meta property=\"og:url\" content=\"https:\/\/www.notibras.com\/site\/enfrentando-ameaca-de-desertificacao-caatinga-tera-acao-de-recuperacao\/\" \/>\n<meta property=\"og:site_name\" content=\"Notibras\" \/>\n<meta property=\"article:publisher\" content=\"https:\/\/www.facebook.com\/notibras\/\" \/>\n<meta property=\"article:published_time\" content=\"2025-12-18T09:10:28+00:00\" \/>\n<meta property=\"article:modified_time\" content=\"2025-12-18T10:18:53+00:00\" \/>\n<meta property=\"og:image\" content=\"https:\/\/www.notibras.com\/site\/wp-content\/uploads\/2025\/12\/caatinga20220429_0039.jpeg\" \/>\n\t<meta property=\"og:image:width\" content=\"1170\" \/>\n\t<meta property=\"og:image:height\" content=\"700\" \/>\n\t<meta property=\"og:image:type\" content=\"image\/jpeg\" \/>\n<meta name=\"author\" content=\"Reda\u00e7\u00e3o\" \/>\n<meta name=\"twitter:card\" content=\"summary_large_image\" \/>\n<meta name=\"twitter:creator\" content=\"@Notibras\" \/>\n<meta name=\"twitter:site\" content=\"@Notibras\" \/>\n<meta name=\"twitter:label1\" content=\"Escrito por\" \/>\n\t<meta name=\"twitter:data1\" content=\"Reda\u00e7\u00e3o\" \/>\n\t<meta name=\"twitter:label2\" content=\"Est. tempo de leitura\" \/>\n\t<meta name=\"twitter:data2\" content=\"3 minutos\" \/>\n<script type=\"application\/ld+json\" class=\"yoast-schema-graph\">{\"@context\":\"https:\/\/schema.org\",\"@graph\":[{\"@type\":\"Article\",\"@id\":\"https:\/\/www.notibras.com\/site\/enfrentando-ameaca-de-desertificacao-caatinga-tera-acao-de-recuperacao\/#article\",\"isPartOf\":{\"@id\":\"https:\/\/www.notibras.com\/site\/enfrentando-ameaca-de-desertificacao-caatinga-tera-acao-de-recuperacao\/\"},\"author\":{\"name\":\"Reda\u00e7\u00e3o\",\"@id\":\"https:\/\/www.notibras.com\/site\/#\/schema\/person\/36ab0979449956132d3e5b517ea76ac8\"},\"headline\":\"Enfrentando amea\u00e7a de desertifica\u00e7\u00e3o, Caatinga ter\u00e1 a\u00e7\u00e3o de recupera\u00e7\u00e3o\",\"datePublished\":\"2025-12-18T09:10:28+00:00\",\"dateModified\":\"2025-12-18T10:18:53+00:00\",\"mainEntityOfPage\":{\"@id\":\"https:\/\/www.notibras.com\/site\/enfrentando-ameaca-de-desertificacao-caatinga-tera-acao-de-recuperacao\/\"},\"wordCount\":489,\"publisher\":{\"@id\":\"https:\/\/www.notibras.com\/site\/#organization\"},\"image\":{\"@id\":\"https:\/\/www.notibras.com\/site\/enfrentando-ameaca-de-desertificacao-caatinga-tera-acao-de-recuperacao\/#primaryimage\"},\"thumbnailUrl\":\"https:\/\/www.notibras.com\/site\/wp-content\/uploads\/2025\/12\/caatinga20220429_0039.jpeg\",\"articleSection\":[\"Nordeste\"],\"inLanguage\":\"pt-BR\"},{\"@type\":\"WebPage\",\"@id\":\"https:\/\/www.notibras.com\/site\/enfrentando-ameaca-de-desertificacao-caatinga-tera-acao-de-recuperacao\/\",\"url\":\"https:\/\/www.notibras.com\/site\/enfrentando-ameaca-de-desertificacao-caatinga-tera-acao-de-recuperacao\/\",\"name\":\"Enfrentando amea\u00e7a de desertifica\u00e7\u00e3o, Caatinga ter\u00e1 a\u00e7\u00e3o de recupera\u00e7\u00e3o - Notibras\",\"isPartOf\":{\"@id\":\"https:\/\/www.notibras.com\/site\/#website\"},\"primaryImageOfPage\":{\"@id\":\"https:\/\/www.notibras.com\/site\/enfrentando-ameaca-de-desertificacao-caatinga-tera-acao-de-recuperacao\/#primaryimage\"},\"image\":{\"@id\":\"https:\/\/www.notibras.com\/site\/enfrentando-ameaca-de-desertificacao-caatinga-tera-acao-de-recuperacao\/#primaryimage\"},\"thumbnailUrl\":\"https:\/\/www.notibras.com\/site\/wp-content\/uploads\/2025\/12\/caatinga20220429_0039.jpeg\",\"datePublished\":\"2025-12-18T09:10:28+00:00\",\"dateModified\":\"2025-12-18T10:18:53+00:00\",\"breadcrumb\":{\"@id\":\"https:\/\/www.notibras.com\/site\/enfrentando-ameaca-de-desertificacao-caatinga-tera-acao-de-recuperacao\/#breadcrumb\"},\"inLanguage\":\"pt-BR\",\"potentialAction\":[{\"@type\":\"ReadAction\",\"target\":[\"https:\/\/www.notibras.com\/site\/enfrentando-ameaca-de-desertificacao-caatinga-tera-acao-de-recuperacao\/\"]}]},{\"@type\":\"ImageObject\",\"inLanguage\":\"pt-BR\",\"@id\":\"https:\/\/www.notibras.com\/site\/enfrentando-ameaca-de-desertificacao-caatinga-tera-acao-de-recuperacao\/#primaryimage\",\"url\":\"https:\/\/www.notibras.com\/site\/wp-content\/uploads\/2025\/12\/caatinga20220429_0039.jpeg\",\"contentUrl\":\"https:\/\/www.notibras.com\/site\/wp-content\/uploads\/2025\/12\/caatinga20220429_0039.jpeg\",\"width\":1170,\"height\":700},{\"@type\":\"BreadcrumbList\",\"@id\":\"https:\/\/www.notibras.com\/site\/enfrentando-ameaca-de-desertificacao-caatinga-tera-acao-de-recuperacao\/#breadcrumb\",\"itemListElement\":[{\"@type\":\"ListItem\",\"position\":1,\"name\":\"In\u00edcio\",\"item\":\"https:\/\/www.notibras.com\/site\/\"},{\"@type\":\"ListItem\",\"position\":2,\"name\":\"Enfrentando amea\u00e7a de desertifica\u00e7\u00e3o, Caatinga ter\u00e1 a\u00e7\u00e3o de recupera\u00e7\u00e3o\"}]},{\"@type\":\"WebSite\",\"@id\":\"https:\/\/www.notibras.com\/site\/#website\",\"url\":\"https:\/\/www.notibras.com\/site\/\",\"name\":\"Notibras\",\"description\":\"Not\u00edcias de Bras\u00edlia, do Brasil e do Mundo\",\"publisher\":{\"@id\":\"https:\/\/www.notibras.com\/site\/#organization\"},\"potentialAction\":[{\"@type\":\"SearchAction\",\"target\":{\"@type\":\"EntryPoint\",\"urlTemplate\":\"https:\/\/www.notibras.com\/site\/?s={search_term_string}\"},\"query-input\":{\"@type\":\"PropertyValueSpecification\",\"valueRequired\":true,\"valueName\":\"search_term_string\"}}],\"inLanguage\":\"pt-BR\"},{\"@type\":\"Organization\",\"@id\":\"https:\/\/www.notibras.com\/site\/#organization\",\"name\":\"Grupo Notibras de Comunica\u00e7\u00e3o\",\"url\":\"https:\/\/www.notibras.com\/site\/\",\"logo\":{\"@type\":\"ImageObject\",\"inLanguage\":\"pt-BR\",\"@id\":\"https:\/\/www.notibras.com\/site\/#\/schema\/logo\/image\/\",\"url\":\"https:\/\/www.notibras.com\/site\/wp-content\/uploads\/2023\/01\/notibras23.png\",\"contentUrl\":\"https:\/\/www.notibras.com\/site\/wp-content\/uploads\/2023\/01\/notibras23.png\",\"width\":350,\"height\":87,\"caption\":\"Grupo Notibras de Comunica\u00e7\u00e3o\"},\"image\":{\"@id\":\"https:\/\/www.notibras.com\/site\/#\/schema\/logo\/image\/\"},\"sameAs\":[\"https:\/\/www.facebook.com\/notibras\/\",\"https:\/\/x.com\/Notibras\",\"https:\/\/www.instagram.com\/notibras\/\"]},{\"@type\":\"Person\",\"@id\":\"https:\/\/www.notibras.com\/site\/#\/schema\/person\/36ab0979449956132d3e5b517ea76ac8\",\"name\":\"Reda\u00e7\u00e3o\",\"image\":{\"@type\":\"ImageObject\",\"inLanguage\":\"pt-BR\",\"@id\":\"https:\/\/secure.gravatar.com\/avatar\/e0a867bdedb85fd243eadf09663511f96fc81e0720a4a42581f334ad4303aa6b?s=96&d=mm&r=g\",\"url\":\"https:\/\/secure.gravatar.com\/avatar\/e0a867bdedb85fd243eadf09663511f96fc81e0720a4a42581f334ad4303aa6b?s=96&d=mm&r=g\",\"contentUrl\":\"https:\/\/secure.gravatar.com\/avatar\/e0a867bdedb85fd243eadf09663511f96fc81e0720a4a42581f334ad4303aa6b?s=96&d=mm&r=g\",\"caption\":\"Reda\u00e7\u00e3o\"}}]}<\/script>\n<!-- \/ Yoast SEO plugin. -->","yoast_head_json":{"title":"Enfrentando amea\u00e7a de desertifica\u00e7\u00e3o, Caatinga ter\u00e1 a\u00e7\u00e3o de recupera\u00e7\u00e3o - Notibras","robots":{"index":"index","follow":"follow","max-snippet":"max-snippet:-1","max-image-preview":"max-image-preview:large","max-video-preview":"max-video-preview:-1"},"canonical":"https:\/\/www.notibras.com\/site\/enfrentando-ameaca-de-desertificacao-caatinga-tera-acao-de-recuperacao\/","og_locale":"pt_BR","og_type":"article","og_title":"Enfrentando amea\u00e7a de desertifica\u00e7\u00e3o, Caatinga ter\u00e1 a\u00e7\u00e3o de recupera\u00e7\u00e3o - Notibras","og_description":"Importante sumidouro de g\u00e1s carb\u00f4nico e com enorme capacidade de infiltrar \u00e1gua no solo e garantir a recarga de aqu\u00edferos no semi\u00e1rido brasileiro, a Caatinga \u00e9 o bioma mais amea\u00e7ado pela desertifica\u00e7\u00e3o. A recupera\u00e7\u00e3o de 10 milh\u00f5es de hectares de terras degradadas do bioma \u00e9 uma das principais metas Plano de A\u00e7\u00e3o Brasileiro de Combate [&hellip;]","og_url":"https:\/\/www.notibras.com\/site\/enfrentando-ameaca-de-desertificacao-caatinga-tera-acao-de-recuperacao\/","og_site_name":"Notibras","article_publisher":"https:\/\/www.facebook.com\/notibras\/","article_published_time":"2025-12-18T09:10:28+00:00","article_modified_time":"2025-12-18T10:18:53+00:00","og_image":[{"width":1170,"height":700,"url":"https:\/\/www.notibras.com\/site\/wp-content\/uploads\/2025\/12\/caatinga20220429_0039.jpeg","type":"image\/jpeg"}],"author":"Reda\u00e7\u00e3o","twitter_card":"summary_large_image","twitter_creator":"@Notibras","twitter_site":"@Notibras","twitter_misc":{"Escrito por":"Reda\u00e7\u00e3o","Est. tempo de leitura":"3 minutos"},"schema":{"@context":"https:\/\/schema.org","@graph":[{"@type":"Article","@id":"https:\/\/www.notibras.com\/site\/enfrentando-ameaca-de-desertificacao-caatinga-tera-acao-de-recuperacao\/#article","isPartOf":{"@id":"https:\/\/www.notibras.com\/site\/enfrentando-ameaca-de-desertificacao-caatinga-tera-acao-de-recuperacao\/"},"author":{"name":"Reda\u00e7\u00e3o","@id":"https:\/\/www.notibras.com\/site\/#\/schema\/person\/36ab0979449956132d3e5b517ea76ac8"},"headline":"Enfrentando amea\u00e7a de desertifica\u00e7\u00e3o, Caatinga ter\u00e1 a\u00e7\u00e3o de recupera\u00e7\u00e3o","datePublished":"2025-12-18T09:10:28+00:00","dateModified":"2025-12-18T10:18:53+00:00","mainEntityOfPage":{"@id":"https:\/\/www.notibras.com\/site\/enfrentando-ameaca-de-desertificacao-caatinga-tera-acao-de-recuperacao\/"},"wordCount":489,"publisher":{"@id":"https:\/\/www.notibras.com\/site\/#organization"},"image":{"@id":"https:\/\/www.notibras.com\/site\/enfrentando-ameaca-de-desertificacao-caatinga-tera-acao-de-recuperacao\/#primaryimage"},"thumbnailUrl":"https:\/\/www.notibras.com\/site\/wp-content\/uploads\/2025\/12\/caatinga20220429_0039.jpeg","articleSection":["Nordeste"],"inLanguage":"pt-BR"},{"@type":"WebPage","@id":"https:\/\/www.notibras.com\/site\/enfrentando-ameaca-de-desertificacao-caatinga-tera-acao-de-recuperacao\/","url":"https:\/\/www.notibras.com\/site\/enfrentando-ameaca-de-desertificacao-caatinga-tera-acao-de-recuperacao\/","name":"Enfrentando amea\u00e7a de desertifica\u00e7\u00e3o, Caatinga ter\u00e1 a\u00e7\u00e3o de recupera\u00e7\u00e3o - Notibras","isPartOf":{"@id":"https:\/\/www.notibras.com\/site\/#website"},"primaryImageOfPage":{"@id":"https:\/\/www.notibras.com\/site\/enfrentando-ameaca-de-desertificacao-caatinga-tera-acao-de-recuperacao\/#primaryimage"},"image":{"@id":"https:\/\/www.notibras.com\/site\/enfrentando-ameaca-de-desertificacao-caatinga-tera-acao-de-recuperacao\/#primaryimage"},"thumbnailUrl":"https:\/\/www.notibras.com\/site\/wp-content\/uploads\/2025\/12\/caatinga20220429_0039.jpeg","datePublished":"2025-12-18T09:10:28+00:00","dateModified":"2025-12-18T10:18:53+00:00","breadcrumb":{"@id":"https:\/\/www.notibras.com\/site\/enfrentando-ameaca-de-desertificacao-caatinga-tera-acao-de-recuperacao\/#breadcrumb"},"inLanguage":"pt-BR","potentialAction":[{"@type":"ReadAction","target":["https:\/\/www.notibras.com\/site\/enfrentando-ameaca-de-desertificacao-caatinga-tera-acao-de-recuperacao\/"]}]},{"@type":"ImageObject","inLanguage":"pt-BR","@id":"https:\/\/www.notibras.com\/site\/enfrentando-ameaca-de-desertificacao-caatinga-tera-acao-de-recuperacao\/#primaryimage","url":"https:\/\/www.notibras.com\/site\/wp-content\/uploads\/2025\/12\/caatinga20220429_0039.jpeg","contentUrl":"https:\/\/www.notibras.com\/site\/wp-content\/uploads\/2025\/12\/caatinga20220429_0039.jpeg","width":1170,"height":700},{"@type":"BreadcrumbList","@id":"https:\/\/www.notibras.com\/site\/enfrentando-ameaca-de-desertificacao-caatinga-tera-acao-de-recuperacao\/#breadcrumb","itemListElement":[{"@type":"ListItem","position":1,"name":"In\u00edcio","item":"https:\/\/www.notibras.com\/site\/"},{"@type":"ListItem","position":2,"name":"Enfrentando amea\u00e7a de desertifica\u00e7\u00e3o, Caatinga ter\u00e1 a\u00e7\u00e3o de recupera\u00e7\u00e3o"}]},{"@type":"WebSite","@id":"https:\/\/www.notibras.com\/site\/#website","url":"https:\/\/www.notibras.com\/site\/","name":"Notibras","description":"Not\u00edcias de Bras\u00edlia, do Brasil e do Mundo","publisher":{"@id":"https:\/\/www.notibras.com\/site\/#organization"},"potentialAction":[{"@type":"SearchAction","target":{"@type":"EntryPoint","urlTemplate":"https:\/\/www.notibras.com\/site\/?s={search_term_string}"},"query-input":{"@type":"PropertyValueSpecification","valueRequired":true,"valueName":"search_term_string"}}],"inLanguage":"pt-BR"},{"@type":"Organization","@id":"https:\/\/www.notibras.com\/site\/#organization","name":"Grupo Notibras de Comunica\u00e7\u00e3o","url":"https:\/\/www.notibras.com\/site\/","logo":{"@type":"ImageObject","inLanguage":"pt-BR","@id":"https:\/\/www.notibras.com\/site\/#\/schema\/logo\/image\/","url":"https:\/\/www.notibras.com\/site\/wp-content\/uploads\/2023\/01\/notibras23.png","contentUrl":"https:\/\/www.notibras.com\/site\/wp-content\/uploads\/2023\/01\/notibras23.png","width":350,"height":87,"caption":"Grupo Notibras de Comunica\u00e7\u00e3o"},"image":{"@id":"https:\/\/www.notibras.com\/site\/#\/schema\/logo\/image\/"},"sameAs":["https:\/\/www.facebook.com\/notibras\/","https:\/\/x.com\/Notibras","https:\/\/www.instagram.com\/notibras\/"]},{"@type":"Person","@id":"https:\/\/www.notibras.com\/site\/#\/schema\/person\/36ab0979449956132d3e5b517ea76ac8","name":"Reda\u00e7\u00e3o","image":{"@type":"ImageObject","inLanguage":"pt-BR","@id":"https:\/\/secure.gravatar.com\/avatar\/e0a867bdedb85fd243eadf09663511f96fc81e0720a4a42581f334ad4303aa6b?s=96&d=mm&r=g","url":"https:\/\/secure.gravatar.com\/avatar\/e0a867bdedb85fd243eadf09663511f96fc81e0720a4a42581f334ad4303aa6b?s=96&d=mm&r=g","contentUrl":"https:\/\/secure.gravatar.com\/avatar\/e0a867bdedb85fd243eadf09663511f96fc81e0720a4a42581f334ad4303aa6b?s=96&d=mm&r=g","caption":"Reda\u00e7\u00e3o"}}]}},"amp_enabled":true,"_links":{"self":[{"href":"https:\/\/www.notibras.com\/site\/wp-json\/wp\/v2\/posts\/375342","targetHints":{"allow":["GET"]}}],"collection":[{"href":"https:\/\/www.notibras.com\/site\/wp-json\/wp\/v2\/posts"}],"about":[{"href":"https:\/\/www.notibras.com\/site\/wp-json\/wp\/v2\/types\/post"}],"author":[{"embeddable":true,"href":"https:\/\/www.notibras.com\/site\/wp-json\/wp\/v2\/users\/2"}],"replies":[{"embeddable":true,"href":"https:\/\/www.notibras.com\/site\/wp-json\/wp\/v2\/comments?post=375342"}],"version-history":[{"count":3,"href":"https:\/\/www.notibras.com\/site\/wp-json\/wp\/v2\/posts\/375342\/revisions"}],"predecessor-version":[{"id":375346,"href":"https:\/\/www.notibras.com\/site\/wp-json\/wp\/v2\/posts\/375342\/revisions\/375346"}],"wp:featuredmedia":[{"embeddable":true,"href":"https:\/\/www.notibras.com\/site\/wp-json\/wp\/v2\/media\/375343"}],"wp:attachment":[{"href":"https:\/\/www.notibras.com\/site\/wp-json\/wp\/v2\/media?parent=375342"}],"wp:term":[{"taxonomy":"category","embeddable":true,"href":"https:\/\/www.notibras.com\/site\/wp-json\/wp\/v2\/categories?post=375342"},{"taxonomy":"post_tag","embeddable":true,"href":"https:\/\/www.notibras.com\/site\/wp-json\/wp\/v2\/tags?post=375342"}],"curies":[{"name":"wp","href":"https:\/\/api.w.org\/{rel}","templated":true}]}}