{"id":375354,"date":"2025-12-18T11:44:52","date_gmt":"2025-12-18T14:44:52","guid":{"rendered":"https:\/\/www.notibras.com\/site\/?p=375354"},"modified":"2025-12-18T15:49:35","modified_gmt":"2025-12-18T18:49:35","slug":"lula-promete-vetar-pl-da-dosimetria-aprovado-apos-negociacao-com-pt","status":"publish","type":"post","link":"https:\/\/www.notibras.com\/site\/lula-promete-vetar-pl-da-dosimetria-aprovado-apos-negociacao-com-pt\/","title":{"rendered":"Lula promete vetar PL da Dosimetria aprovado ap\u00f3s negocia\u00e7\u00e3o com PT"},"content":{"rendered":"<p>O presidente Luiz In\u00e1cio Lula da Silva afirmou nesta quinta-feira (18) que vai vetar o chamado PL da Dosimetria. O texto prev\u00ea a redu\u00e7\u00e3o de penas de condenados pelos atos antidemocr\u00e1ticos de 8 de janeiro de 2023 e pela tentativa de golpe de Estado.<\/p>\n<p>\u201cAs pessoas que cometeram crime contra a democracia brasileira ter\u00e3o que pagar pelos atos cometidos contra esse pa\u00eds. Nem terminou o julgamento, ainda tem gente sendo condenada, e o pessoal j\u00e1 resolve diminuir as penas. Eu quero dizer para voc\u00eas que, com todo o respeito que eu tenho ao Congresso Nacional, a hora que chegar na minha mesa, eu vetarei. Isso n\u00e3o \u00e9 segredo para ningu\u00e9m\u201d, afirmou Lula.<\/p>\n<p>\u201cO Congresso tem o direito de fazer as coisas, eu tenho o meu direito de vetar, depois eles t\u00eam o direito de derrubar o meu veto ou n\u00e3o. \u00c9 assim que \u00e9 o jogo\u201d, acrescentou, em entrevista \u00e0 imprensa no Pal\u00e1cio do Planalto.<\/p>\n<p>O presidente argumentou ainda que \u00e9 preciso \u201cterminar esse processo\u201d e investigar tamb\u00e9m os financiadores dos atos golpistas.<\/p>\n<p>\u201cN\u00f3s precisamos levar muito a s\u00e9rio o que aconteceu no dia 8 de janeiro de 2023 e tem gente que quer que a gente esque\u00e7a, mas a gente n\u00e3o pode esquecer. Porque se a democracia esquecer da import\u00e2ncia que ela tem para uma na\u00e7\u00e3o, a gente termina perdendo o jogo\u201d, afirmou.<\/p>\n<p>Nesta quarta-feira (17), em vota\u00e7\u00e3o nominal, o Senado aprovou o PL da Dosimetria com 48 votos favor\u00e1veis e 25 contr\u00e1rios. O projeto agora segue para a san\u00e7\u00e3o presidencial.<\/p>\n<p>No mesmo dia, mais cedo, os senadores aprovaram na Comiss\u00e3o de Constitui\u00e7\u00e3o e Justi\u00e7a(CCJ) o parecer do senador Esperidi\u00e3o Amin (PP-SC), que reduz as penas dos condenados por atos golpistas, entre eles, o ex-presidente Jair Bolsonaro. Amin, que \u00e9 favor\u00e1vel \u00e0 anistia, defende que a redu\u00e7\u00e3o das penas visa \u201cpacificar o pa\u00eds\u201d. J\u00e1 os opositores do projeto afirmam que ele n\u00e3o representa o anseio do pa\u00eds e foi constru\u00eddo para beneficiar um grupo pol\u00edtico que atentou contra a democracia.<\/p>\n<p>O PL da Dosimetria determina que os crimes de tentativa contra o Estado Democr\u00e1tico de Direito e de golpe de Estado, quando praticados no mesmo contexto, implica no uso da pena mais grave em vez da soma de ambas as penas.<\/p>\n<p>O foco do projeto \u00e9 uma mudan\u00e7a no c\u00e1lculo das penas, \u201ccalibrando a pena m\u00ednima e a pena m\u00e1xima de cada tipo penal, bem como a forma geral de c\u00e1lculo das penas, reduzindo tamb\u00e9m o tempo para progress\u00e3o do regime de pris\u00e3o fechado para semiaberto ou aberto\u201d.<\/p>\n<p>As mudan\u00e7as poder\u00e3o beneficiar r\u00e9us como o ex-presidente Jair Bolsonaro, al\u00e9m dos militares Almir Garnier, ex-comandante da Marinha; Paulo S\u00e9rgio Nogueira, ex-ministro da Defesa; Walter Braga Netto, ex-ministro da Casa Civil; e Augusto Heleno, ex-chefe do Gabinete de Seguran\u00e7a Institucional (GSI).<\/p>\n<p>Nesta quinta-feira, quatro bancadas (PT, PSB, PCdoB e PSOL) da C\u00e2mara dos Deputados impetraram mandado de seguran\u00e7a junto ao Supremo Tribunal Federal (STF) pedindo a suspens\u00e3o da tramita\u00e7\u00e3o do projeto.<\/p>\n<p>Parlamentares do PT, como o senador Jaques Wagner (PT-BA), l\u00edder do Governo no Congresso Nacional, revelaram que o PL foi aprovado ap\u00f3s uma ampla negocia\u00e7\u00e3o com a oposi\u00e7\u00e3o. No final da tarde de quarta-feira, a ministra Gleisi Hoffmann, de Rela\u00e7\u00f5es Institucionais, negou qualquer entendimento entre o Pal\u00e1cio do Planalto e os bolsonaristas para que a mat\u00e9ria passasse na CCJ e no Plen\u00e1rio.<\/p>\n","protected":false},"excerpt":{"rendered":"<p>O presidente Luiz In\u00e1cio Lula da Silva afirmou nesta quinta-feira (18) que vai vetar o chamado PL da Dosimetria. O texto prev\u00ea a redu\u00e7\u00e3o de penas de condenados pelos atos antidemocr\u00e1ticos de 8 de janeiro de 2023 e pela tentativa de golpe de Estado. \u201cAs pessoas que cometeram crime contra a democracia brasileira ter\u00e3o que [&hellip;]<\/p>\n","protected":false},"author":2,"featured_media":375356,"comment_status":"closed","ping_status":"closed","sticky":false,"template":"","format":"standard","meta":{"_acf_changed":false,"footnotes":""},"categories":[16],"tags":[95],"class_list":["post-375354","post","type-post","status-publish","format-standard","has-post-thumbnail","hentry","category-brasil","tag-capa"],"acf":[],"yoast_head":"<!-- This site is optimized with the Yoast SEO plugin v27.2 - https:\/\/yoast.com\/product\/yoast-seo-wordpress\/ -->\n<title>Lula promete vetar PL da Dosimetria aprovado ap\u00f3s negocia\u00e7\u00e3o com PT - Notibras<\/title>\n<meta name=\"robots\" content=\"index, follow, max-snippet:-1, max-image-preview:large, max-video-preview:-1\" \/>\n<link rel=\"canonical\" href=\"https:\/\/www.notibras.com\/site\/lula-promete-vetar-pl-da-dosimetria-aprovado-apos-negociacao-com-pt\/\" \/>\n<meta property=\"og:locale\" content=\"pt_BR\" \/>\n<meta property=\"og:type\" content=\"article\" \/>\n<meta property=\"og:title\" content=\"Lula promete vetar PL da Dosimetria aprovado ap\u00f3s negocia\u00e7\u00e3o com PT - Notibras\" \/>\n<meta property=\"og:description\" content=\"O presidente Luiz In\u00e1cio Lula da Silva afirmou nesta quinta-feira (18) que vai vetar o chamado PL da Dosimetria. O texto prev\u00ea a redu\u00e7\u00e3o de penas de condenados pelos atos antidemocr\u00e1ticos de 8 de janeiro de 2023 e pela tentativa de golpe de Estado. \u201cAs pessoas que cometeram crime contra a democracia brasileira ter\u00e3o que [&hellip;]\" \/>\n<meta property=\"og:url\" content=\"https:\/\/www.notibras.com\/site\/lula-promete-vetar-pl-da-dosimetria-aprovado-apos-negociacao-com-pt\/\" \/>\n<meta property=\"og:site_name\" content=\"Notibras\" \/>\n<meta property=\"article:publisher\" content=\"https:\/\/www.facebook.com\/notibras\/\" \/>\n<meta property=\"article:published_time\" content=\"2025-12-18T14:44:52+00:00\" \/>\n<meta property=\"article:modified_time\" content=\"2025-12-18T18:49:35+00:00\" \/>\n<meta property=\"og:image\" content=\"https:\/\/www.notibras.com\/site\/wp-content\/uploads\/2025\/12\/mcm_9361.jpg\" \/>\n\t<meta property=\"og:image:width\" content=\"1170\" \/>\n\t<meta property=\"og:image:height\" content=\"700\" \/>\n\t<meta property=\"og:image:type\" content=\"image\/jpeg\" \/>\n<meta name=\"author\" content=\"Reda\u00e7\u00e3o\" \/>\n<meta name=\"twitter:card\" content=\"summary_large_image\" \/>\n<meta name=\"twitter:creator\" content=\"@Notibras\" \/>\n<meta name=\"twitter:site\" content=\"@Notibras\" \/>\n<meta name=\"twitter:label1\" content=\"Escrito por\" \/>\n\t<meta name=\"twitter:data1\" content=\"Reda\u00e7\u00e3o\" \/>\n\t<meta name=\"twitter:label2\" content=\"Est. tempo de leitura\" \/>\n\t<meta name=\"twitter:data2\" content=\"4 minutos\" \/>\n<script type=\"application\/ld+json\" class=\"yoast-schema-graph\">{\"@context\":\"https:\/\/schema.org\",\"@graph\":[{\"@type\":\"Article\",\"@id\":\"https:\/\/www.notibras.com\/site\/lula-promete-vetar-pl-da-dosimetria-aprovado-apos-negociacao-com-pt\/#article\",\"isPartOf\":{\"@id\":\"https:\/\/www.notibras.com\/site\/lula-promete-vetar-pl-da-dosimetria-aprovado-apos-negociacao-com-pt\/\"},\"author\":{\"name\":\"Reda\u00e7\u00e3o\",\"@id\":\"https:\/\/www.notibras.com\/site\/#\/schema\/person\/36ab0979449956132d3e5b517ea76ac8\"},\"headline\":\"Lula promete vetar PL da Dosimetria aprovado ap\u00f3s negocia\u00e7\u00e3o com PT\",\"datePublished\":\"2025-12-18T14:44:52+00:00\",\"dateModified\":\"2025-12-18T18:49:35+00:00\",\"mainEntityOfPage\":{\"@id\":\"https:\/\/www.notibras.com\/site\/lula-promete-vetar-pl-da-dosimetria-aprovado-apos-negociacao-com-pt\/\"},\"wordCount\":610,\"publisher\":{\"@id\":\"https:\/\/www.notibras.com\/site\/#organization\"},\"image\":{\"@id\":\"https:\/\/www.notibras.com\/site\/lula-promete-vetar-pl-da-dosimetria-aprovado-apos-negociacao-com-pt\/#primaryimage\"},\"thumbnailUrl\":\"https:\/\/www.notibras.com\/site\/wp-content\/uploads\/2025\/12\/mcm_9361.jpg\",\"keywords\":[\"capa\"],\"articleSection\":[\"Brasil\"],\"inLanguage\":\"pt-BR\"},{\"@type\":\"WebPage\",\"@id\":\"https:\/\/www.notibras.com\/site\/lula-promete-vetar-pl-da-dosimetria-aprovado-apos-negociacao-com-pt\/\",\"url\":\"https:\/\/www.notibras.com\/site\/lula-promete-vetar-pl-da-dosimetria-aprovado-apos-negociacao-com-pt\/\",\"name\":\"Lula promete vetar PL da Dosimetria aprovado ap\u00f3s negocia\u00e7\u00e3o com PT - Notibras\",\"isPartOf\":{\"@id\":\"https:\/\/www.notibras.com\/site\/#website\"},\"primaryImageOfPage\":{\"@id\":\"https:\/\/www.notibras.com\/site\/lula-promete-vetar-pl-da-dosimetria-aprovado-apos-negociacao-com-pt\/#primaryimage\"},\"image\":{\"@id\":\"https:\/\/www.notibras.com\/site\/lula-promete-vetar-pl-da-dosimetria-aprovado-apos-negociacao-com-pt\/#primaryimage\"},\"thumbnailUrl\":\"https:\/\/www.notibras.com\/site\/wp-content\/uploads\/2025\/12\/mcm_9361.jpg\",\"datePublished\":\"2025-12-18T14:44:52+00:00\",\"dateModified\":\"2025-12-18T18:49:35+00:00\",\"breadcrumb\":{\"@id\":\"https:\/\/www.notibras.com\/site\/lula-promete-vetar-pl-da-dosimetria-aprovado-apos-negociacao-com-pt\/#breadcrumb\"},\"inLanguage\":\"pt-BR\",\"potentialAction\":[{\"@type\":\"ReadAction\",\"target\":[\"https:\/\/www.notibras.com\/site\/lula-promete-vetar-pl-da-dosimetria-aprovado-apos-negociacao-com-pt\/\"]}]},{\"@type\":\"ImageObject\",\"inLanguage\":\"pt-BR\",\"@id\":\"https:\/\/www.notibras.com\/site\/lula-promete-vetar-pl-da-dosimetria-aprovado-apos-negociacao-com-pt\/#primaryimage\",\"url\":\"https:\/\/www.notibras.com\/site\/wp-content\/uploads\/2025\/12\/mcm_9361.jpg\",\"contentUrl\":\"https:\/\/www.notibras.com\/site\/wp-content\/uploads\/2025\/12\/mcm_9361.jpg\",\"width\":1170,\"height\":700},{\"@type\":\"BreadcrumbList\",\"@id\":\"https:\/\/www.notibras.com\/site\/lula-promete-vetar-pl-da-dosimetria-aprovado-apos-negociacao-com-pt\/#breadcrumb\",\"itemListElement\":[{\"@type\":\"ListItem\",\"position\":1,\"name\":\"In\u00edcio\",\"item\":\"https:\/\/www.notibras.com\/site\/\"},{\"@type\":\"ListItem\",\"position\":2,\"name\":\"Lula promete vetar PL da Dosimetria aprovado ap\u00f3s negocia\u00e7\u00e3o com PT\"}]},{\"@type\":\"WebSite\",\"@id\":\"https:\/\/www.notibras.com\/site\/#website\",\"url\":\"https:\/\/www.notibras.com\/site\/\",\"name\":\"Notibras\",\"description\":\"Not\u00edcias de Bras\u00edlia, do Brasil e do Mundo\",\"publisher\":{\"@id\":\"https:\/\/www.notibras.com\/site\/#organization\"},\"potentialAction\":[{\"@type\":\"SearchAction\",\"target\":{\"@type\":\"EntryPoint\",\"urlTemplate\":\"https:\/\/www.notibras.com\/site\/?s={search_term_string}\"},\"query-input\":{\"@type\":\"PropertyValueSpecification\",\"valueRequired\":true,\"valueName\":\"search_term_string\"}}],\"inLanguage\":\"pt-BR\"},{\"@type\":\"Organization\",\"@id\":\"https:\/\/www.notibras.com\/site\/#organization\",\"name\":\"Grupo Notibras de Comunica\u00e7\u00e3o\",\"url\":\"https:\/\/www.notibras.com\/site\/\",\"logo\":{\"@type\":\"ImageObject\",\"inLanguage\":\"pt-BR\",\"@id\":\"https:\/\/www.notibras.com\/site\/#\/schema\/logo\/image\/\",\"url\":\"https:\/\/www.notibras.com\/site\/wp-content\/uploads\/2023\/01\/notibras23.png\",\"contentUrl\":\"https:\/\/www.notibras.com\/site\/wp-content\/uploads\/2023\/01\/notibras23.png\",\"width\":350,\"height\":87,\"caption\":\"Grupo Notibras de Comunica\u00e7\u00e3o\"},\"image\":{\"@id\":\"https:\/\/www.notibras.com\/site\/#\/schema\/logo\/image\/\"},\"sameAs\":[\"https:\/\/www.facebook.com\/notibras\/\",\"https:\/\/x.com\/Notibras\",\"https:\/\/www.instagram.com\/notibras\/\"]},{\"@type\":\"Person\",\"@id\":\"https:\/\/www.notibras.com\/site\/#\/schema\/person\/36ab0979449956132d3e5b517ea76ac8\",\"name\":\"Reda\u00e7\u00e3o\",\"image\":{\"@type\":\"ImageObject\",\"inLanguage\":\"pt-BR\",\"@id\":\"https:\/\/secure.gravatar.com\/avatar\/e0a867bdedb85fd243eadf09663511f96fc81e0720a4a42581f334ad4303aa6b?s=96&d=mm&r=g\",\"url\":\"https:\/\/secure.gravatar.com\/avatar\/e0a867bdedb85fd243eadf09663511f96fc81e0720a4a42581f334ad4303aa6b?s=96&d=mm&r=g\",\"contentUrl\":\"https:\/\/secure.gravatar.com\/avatar\/e0a867bdedb85fd243eadf09663511f96fc81e0720a4a42581f334ad4303aa6b?s=96&d=mm&r=g\",\"caption\":\"Reda\u00e7\u00e3o\"}}]}<\/script>\n<!-- \/ Yoast SEO plugin. -->","yoast_head_json":{"title":"Lula promete vetar PL da Dosimetria aprovado ap\u00f3s negocia\u00e7\u00e3o com PT - Notibras","robots":{"index":"index","follow":"follow","max-snippet":"max-snippet:-1","max-image-preview":"max-image-preview:large","max-video-preview":"max-video-preview:-1"},"canonical":"https:\/\/www.notibras.com\/site\/lula-promete-vetar-pl-da-dosimetria-aprovado-apos-negociacao-com-pt\/","og_locale":"pt_BR","og_type":"article","og_title":"Lula promete vetar PL da Dosimetria aprovado ap\u00f3s negocia\u00e7\u00e3o com PT - Notibras","og_description":"O presidente Luiz In\u00e1cio Lula da Silva afirmou nesta quinta-feira (18) que vai vetar o chamado PL da Dosimetria. O texto prev\u00ea a redu\u00e7\u00e3o de penas de condenados pelos atos antidemocr\u00e1ticos de 8 de janeiro de 2023 e pela tentativa de golpe de Estado. \u201cAs pessoas que cometeram crime contra a democracia brasileira ter\u00e3o que [&hellip;]","og_url":"https:\/\/www.notibras.com\/site\/lula-promete-vetar-pl-da-dosimetria-aprovado-apos-negociacao-com-pt\/","og_site_name":"Notibras","article_publisher":"https:\/\/www.facebook.com\/notibras\/","article_published_time":"2025-12-18T14:44:52+00:00","article_modified_time":"2025-12-18T18:49:35+00:00","og_image":[{"width":1170,"height":700,"url":"https:\/\/www.notibras.com\/site\/wp-content\/uploads\/2025\/12\/mcm_9361.jpg","type":"image\/jpeg"}],"author":"Reda\u00e7\u00e3o","twitter_card":"summary_large_image","twitter_creator":"@Notibras","twitter_site":"@Notibras","twitter_misc":{"Escrito por":"Reda\u00e7\u00e3o","Est. tempo de leitura":"4 minutos"},"schema":{"@context":"https:\/\/schema.org","@graph":[{"@type":"Article","@id":"https:\/\/www.notibras.com\/site\/lula-promete-vetar-pl-da-dosimetria-aprovado-apos-negociacao-com-pt\/#article","isPartOf":{"@id":"https:\/\/www.notibras.com\/site\/lula-promete-vetar-pl-da-dosimetria-aprovado-apos-negociacao-com-pt\/"},"author":{"name":"Reda\u00e7\u00e3o","@id":"https:\/\/www.notibras.com\/site\/#\/schema\/person\/36ab0979449956132d3e5b517ea76ac8"},"headline":"Lula promete vetar PL da Dosimetria aprovado ap\u00f3s negocia\u00e7\u00e3o com PT","datePublished":"2025-12-18T14:44:52+00:00","dateModified":"2025-12-18T18:49:35+00:00","mainEntityOfPage":{"@id":"https:\/\/www.notibras.com\/site\/lula-promete-vetar-pl-da-dosimetria-aprovado-apos-negociacao-com-pt\/"},"wordCount":610,"publisher":{"@id":"https:\/\/www.notibras.com\/site\/#organization"},"image":{"@id":"https:\/\/www.notibras.com\/site\/lula-promete-vetar-pl-da-dosimetria-aprovado-apos-negociacao-com-pt\/#primaryimage"},"thumbnailUrl":"https:\/\/www.notibras.com\/site\/wp-content\/uploads\/2025\/12\/mcm_9361.jpg","keywords":["capa"],"articleSection":["Brasil"],"inLanguage":"pt-BR"},{"@type":"WebPage","@id":"https:\/\/www.notibras.com\/site\/lula-promete-vetar-pl-da-dosimetria-aprovado-apos-negociacao-com-pt\/","url":"https:\/\/www.notibras.com\/site\/lula-promete-vetar-pl-da-dosimetria-aprovado-apos-negociacao-com-pt\/","name":"Lula promete vetar PL da Dosimetria aprovado ap\u00f3s negocia\u00e7\u00e3o com PT - Notibras","isPartOf":{"@id":"https:\/\/www.notibras.com\/site\/#website"},"primaryImageOfPage":{"@id":"https:\/\/www.notibras.com\/site\/lula-promete-vetar-pl-da-dosimetria-aprovado-apos-negociacao-com-pt\/#primaryimage"},"image":{"@id":"https:\/\/www.notibras.com\/site\/lula-promete-vetar-pl-da-dosimetria-aprovado-apos-negociacao-com-pt\/#primaryimage"},"thumbnailUrl":"https:\/\/www.notibras.com\/site\/wp-content\/uploads\/2025\/12\/mcm_9361.jpg","datePublished":"2025-12-18T14:44:52+00:00","dateModified":"2025-12-18T18:49:35+00:00","breadcrumb":{"@id":"https:\/\/www.notibras.com\/site\/lula-promete-vetar-pl-da-dosimetria-aprovado-apos-negociacao-com-pt\/#breadcrumb"},"inLanguage":"pt-BR","potentialAction":[{"@type":"ReadAction","target":["https:\/\/www.notibras.com\/site\/lula-promete-vetar-pl-da-dosimetria-aprovado-apos-negociacao-com-pt\/"]}]},{"@type":"ImageObject","inLanguage":"pt-BR","@id":"https:\/\/www.notibras.com\/site\/lula-promete-vetar-pl-da-dosimetria-aprovado-apos-negociacao-com-pt\/#primaryimage","url":"https:\/\/www.notibras.com\/site\/wp-content\/uploads\/2025\/12\/mcm_9361.jpg","contentUrl":"https:\/\/www.notibras.com\/site\/wp-content\/uploads\/2025\/12\/mcm_9361.jpg","width":1170,"height":700},{"@type":"BreadcrumbList","@id":"https:\/\/www.notibras.com\/site\/lula-promete-vetar-pl-da-dosimetria-aprovado-apos-negociacao-com-pt\/#breadcrumb","itemListElement":[{"@type":"ListItem","position":1,"name":"In\u00edcio","item":"https:\/\/www.notibras.com\/site\/"},{"@type":"ListItem","position":2,"name":"Lula promete vetar PL da Dosimetria aprovado ap\u00f3s negocia\u00e7\u00e3o com PT"}]},{"@type":"WebSite","@id":"https:\/\/www.notibras.com\/site\/#website","url":"https:\/\/www.notibras.com\/site\/","name":"Notibras","description":"Not\u00edcias de Bras\u00edlia, do Brasil e do Mundo","publisher":{"@id":"https:\/\/www.notibras.com\/site\/#organization"},"potentialAction":[{"@type":"SearchAction","target":{"@type":"EntryPoint","urlTemplate":"https:\/\/www.notibras.com\/site\/?s={search_term_string}"},"query-input":{"@type":"PropertyValueSpecification","valueRequired":true,"valueName":"search_term_string"}}],"inLanguage":"pt-BR"},{"@type":"Organization","@id":"https:\/\/www.notibras.com\/site\/#organization","name":"Grupo Notibras de Comunica\u00e7\u00e3o","url":"https:\/\/www.notibras.com\/site\/","logo":{"@type":"ImageObject","inLanguage":"pt-BR","@id":"https:\/\/www.notibras.com\/site\/#\/schema\/logo\/image\/","url":"https:\/\/www.notibras.com\/site\/wp-content\/uploads\/2023\/01\/notibras23.png","contentUrl":"https:\/\/www.notibras.com\/site\/wp-content\/uploads\/2023\/01\/notibras23.png","width":350,"height":87,"caption":"Grupo Notibras de Comunica\u00e7\u00e3o"},"image":{"@id":"https:\/\/www.notibras.com\/site\/#\/schema\/logo\/image\/"},"sameAs":["https:\/\/www.facebook.com\/notibras\/","https:\/\/x.com\/Notibras","https:\/\/www.instagram.com\/notibras\/"]},{"@type":"Person","@id":"https:\/\/www.notibras.com\/site\/#\/schema\/person\/36ab0979449956132d3e5b517ea76ac8","name":"Reda\u00e7\u00e3o","image":{"@type":"ImageObject","inLanguage":"pt-BR","@id":"https:\/\/secure.gravatar.com\/avatar\/e0a867bdedb85fd243eadf09663511f96fc81e0720a4a42581f334ad4303aa6b?s=96&d=mm&r=g","url":"https:\/\/secure.gravatar.com\/avatar\/e0a867bdedb85fd243eadf09663511f96fc81e0720a4a42581f334ad4303aa6b?s=96&d=mm&r=g","contentUrl":"https:\/\/secure.gravatar.com\/avatar\/e0a867bdedb85fd243eadf09663511f96fc81e0720a4a42581f334ad4303aa6b?s=96&d=mm&r=g","caption":"Reda\u00e7\u00e3o"}}]}},"amp_enabled":true,"_links":{"self":[{"href":"https:\/\/www.notibras.com\/site\/wp-json\/wp\/v2\/posts\/375354","targetHints":{"allow":["GET"]}}],"collection":[{"href":"https:\/\/www.notibras.com\/site\/wp-json\/wp\/v2\/posts"}],"about":[{"href":"https:\/\/www.notibras.com\/site\/wp-json\/wp\/v2\/types\/post"}],"author":[{"embeddable":true,"href":"https:\/\/www.notibras.com\/site\/wp-json\/wp\/v2\/users\/2"}],"replies":[{"embeddable":true,"href":"https:\/\/www.notibras.com\/site\/wp-json\/wp\/v2\/comments?post=375354"}],"version-history":[{"count":1,"href":"https:\/\/www.notibras.com\/site\/wp-json\/wp\/v2\/posts\/375354\/revisions"}],"predecessor-version":[{"id":375357,"href":"https:\/\/www.notibras.com\/site\/wp-json\/wp\/v2\/posts\/375354\/revisions\/375357"}],"wp:featuredmedia":[{"embeddable":true,"href":"https:\/\/www.notibras.com\/site\/wp-json\/wp\/v2\/media\/375356"}],"wp:attachment":[{"href":"https:\/\/www.notibras.com\/site\/wp-json\/wp\/v2\/media?parent=375354"}],"wp:term":[{"taxonomy":"category","embeddable":true,"href":"https:\/\/www.notibras.com\/site\/wp-json\/wp\/v2\/categories?post=375354"},{"taxonomy":"post_tag","embeddable":true,"href":"https:\/\/www.notibras.com\/site\/wp-json\/wp\/v2\/tags?post=375354"}],"curies":[{"name":"wp","href":"https:\/\/api.w.org\/{rel}","templated":true}]}}