{"id":375358,"date":"2025-12-18T15:22:35","date_gmt":"2025-12-18T18:22:35","guid":{"rendered":"https:\/\/www.notibras.com\/site\/?p=375358"},"modified":"2025-12-18T18:55:52","modified_gmt":"2025-12-18T21:55:52","slug":"pf-pede-mas-supremo-nega-prisao-de-senador-chefe-da-mafia-do-inss","status":"publish","type":"post","link":"https:\/\/www.notibras.com\/site\/pf-pede-mas-supremo-nega-prisao-de-senador-chefe-da-mafia-do-inss\/","title":{"rendered":"PF pede mas Supremo nega pris\u00e3o de senador &#8216;chefe da m\u00e1fia&#8217; do INSS"},"content":{"rendered":"<p>As investiga\u00e7\u00f5es da Pol\u00edcia Federal sobre o esquema nacional de descontos n\u00e3o autorizados em aposentadorias e pens\u00f5es do Instituto Nacional do Seguro Social (INSS) levaram ao pedido de pris\u00e3o preventiva do senador Weverton Rocha (PDT-MA). Ap\u00f3s ter manifesta\u00e7\u00e3o contr\u00e1ria do Minist\u00e9rio P\u00fablico Federal, o ministro do Supremo Tribunal Federal (STF) Andr\u00e9 Mendon\u00e7a autorizou mandado de busca e apreens\u00e3o na resid\u00eancia do parlamentar.<\/p>\n<p>Na decis\u00e3o, que tamb\u00e9m autoriza a pris\u00e3o preventiva de outros suspeitos de envolvimento no esquema, o ministro do STF cita trechos das investiga\u00e7\u00f5es da PF que apontam Weverton Rocha como \u201csustent\u00e1culo pol\u00edtico\u201d do esquema liderado por Ant\u00f4nio Carlos Camilo Antunes, conhecido como \u201cCareca do INSS\u201d, e pelo empres\u00e1rio Maur\u00edcio Camisotti.<\/p>\n<p>\u201cA PF aponta, por meio do diagrama de fls. 791 da representa\u00e7\u00e3o, que o senador Weverton teria se beneficiado dos valores il\u00edcitos provenientes dos descontos associativos fraudulentos, como tamb\u00e9m teria rela\u00e7\u00f5es pr\u00f3ximas com os integrantes da organiza\u00e7\u00e3o criminosa investigada na Opera\u00e7\u00e3o Sem Desconto\u201d, cita o documento.<\/p>\n<p>A nova fase da Opera\u00e7\u00e3o Sem Desconto cumpre 52 mandados de busca e apreens\u00e3o e 16 mandados de pris\u00e3o preventiva.<\/p>\n<p>As investiga\u00e7\u00f5es tamb\u00e9m teriam identificado um grupo de conversa por aplicativo chamado \u201cGrupo Senador Weverton\u201d em aparelhos utilizados por funcion\u00e1rios do Careca do INSS.<\/p>\n<p>Foram encontrados ainda registros de rela\u00e7\u00e3o pr\u00f3xima entre o senador e outros investigados que tiveram a pris\u00e3o preventiva decretada, como o secret\u00e1rio-executivo do Minist\u00e9rio da Previd\u00eancia Social, Adroaldo Portal, e Gustavo Gaspar, que atuou como assistente parlamentar s\u00eanior na lideran\u00e7a do PDT, quando o senador era l\u00edder da bancada.<\/p>\n<p>\u201cDe acordo com a Pol\u00edcia Federal Gustavo Gaspar \u00e9 considerado, nos bastidores, bra\u00e7o direito do senador Weverton\u201d, refor\u00e7a o ministro Andr\u00e9 Mendon\u00e7a.<\/p>\n<p>Gaspar teria deixado o cargo em 2023, ap\u00f3s uma den\u00fancia de que atuava como funcion\u00e1rio fantasma, mas teria registrado entrada recentemente no Minist\u00e9rio da Previd\u00eancia Social, na companhia do Careca do INSS, para reuni\u00e3o com Adroaldo Portal.<\/p>\n","protected":false},"excerpt":{"rendered":"<p>As investiga\u00e7\u00f5es da Pol\u00edcia Federal sobre o esquema nacional de descontos n\u00e3o autorizados em aposentadorias e pens\u00f5es do Instituto Nacional do Seguro Social (INSS) levaram ao pedido de pris\u00e3o preventiva do senador Weverton Rocha (PDT-MA). Ap\u00f3s ter manifesta\u00e7\u00e3o contr\u00e1ria do Minist\u00e9rio P\u00fablico Federal, o ministro do Supremo Tribunal Federal (STF) Andr\u00e9 Mendon\u00e7a autorizou mandado de [&hellip;]<\/p>\n","protected":false},"author":2,"featured_media":375360,"comment_status":"closed","ping_status":"closed","sticky":false,"template":"","format":"standard","meta":{"_acf_changed":false,"footnotes":""},"categories":[16],"tags":[],"class_list":["post-375358","post","type-post","status-publish","format-standard","has-post-thumbnail","hentry","category-brasil"],"acf":[],"yoast_head":"<!-- This site is optimized with the Yoast SEO plugin v27.5 - https:\/\/yoast.com\/product\/yoast-seo-wordpress\/ -->\n<title>PF pede mas Supremo nega pris\u00e3o de senador &#039;chefe da m\u00e1fia&#039; do INSS - Notibras<\/title>\n<meta name=\"robots\" content=\"index, follow, max-snippet:-1, max-image-preview:large, max-video-preview:-1\" \/>\n<link rel=\"canonical\" href=\"https:\/\/www.notibras.com\/site\/pf-pede-mas-supremo-nega-prisao-de-senador-chefe-da-mafia-do-inss\/\" \/>\n<meta property=\"og:locale\" content=\"pt_BR\" \/>\n<meta property=\"og:type\" content=\"article\" \/>\n<meta property=\"og:title\" content=\"PF pede mas Supremo nega pris\u00e3o de senador &#039;chefe da m\u00e1fia&#039; do INSS - Notibras\" \/>\n<meta property=\"og:description\" content=\"As investiga\u00e7\u00f5es da Pol\u00edcia Federal sobre o esquema nacional de descontos n\u00e3o autorizados em aposentadorias e pens\u00f5es do Instituto Nacional do Seguro Social (INSS) levaram ao pedido de pris\u00e3o preventiva do senador Weverton Rocha (PDT-MA). Ap\u00f3s ter manifesta\u00e7\u00e3o contr\u00e1ria do Minist\u00e9rio P\u00fablico Federal, o ministro do Supremo Tribunal Federal (STF) Andr\u00e9 Mendon\u00e7a autorizou mandado de [&hellip;]\" \/>\n<meta property=\"og:url\" content=\"https:\/\/www.notibras.com\/site\/pf-pede-mas-supremo-nega-prisao-de-senador-chefe-da-mafia-do-inss\/\" \/>\n<meta property=\"og:site_name\" content=\"Notibras\" \/>\n<meta property=\"article:publisher\" content=\"https:\/\/www.facebook.com\/notibras\/\" \/>\n<meta property=\"article:published_time\" content=\"2025-12-18T18:22:35+00:00\" \/>\n<meta property=\"article:modified_time\" content=\"2025-12-18T21:55:52+00:00\" \/>\n<meta property=\"og:image\" content=\"https:\/\/www.notibras.com\/site\/wp-content\/uploads\/2025\/12\/weverton_rocha_-_agencia_camara.webp\" \/>\n\t<meta property=\"og:image:width\" content=\"1170\" \/>\n\t<meta property=\"og:image:height\" content=\"700\" \/>\n\t<meta property=\"og:image:type\" content=\"image\/webp\" \/>\n<meta name=\"author\" content=\"Reda\u00e7\u00e3o\" \/>\n<meta name=\"twitter:card\" content=\"summary_large_image\" \/>\n<meta name=\"twitter:creator\" content=\"@Notibras\" \/>\n<meta name=\"twitter:site\" content=\"@Notibras\" \/>\n<meta name=\"twitter:label1\" content=\"Escrito por\" \/>\n\t<meta name=\"twitter:data1\" content=\"Reda\u00e7\u00e3o\" \/>\n\t<meta name=\"twitter:label2\" content=\"Est. tempo de leitura\" \/>\n\t<meta name=\"twitter:data2\" content=\"2 minutos\" \/>\n<script type=\"application\/ld+json\" class=\"yoast-schema-graph\">{\"@context\":\"https:\\\/\\\/schema.org\",\"@graph\":[{\"@type\":\"Article\",\"@id\":\"https:\\\/\\\/www.notibras.com\\\/site\\\/pf-pede-mas-supremo-nega-prisao-de-senador-chefe-da-mafia-do-inss\\\/#article\",\"isPartOf\":{\"@id\":\"https:\\\/\\\/www.notibras.com\\\/site\\\/pf-pede-mas-supremo-nega-prisao-de-senador-chefe-da-mafia-do-inss\\\/\"},\"author\":{\"name\":\"Reda\u00e7\u00e3o\",\"@id\":\"https:\\\/\\\/www.notibras.com\\\/site\\\/#\\\/schema\\\/person\\\/36ab0979449956132d3e5b517ea76ac8\"},\"headline\":\"PF pede mas Supremo nega pris\u00e3o de senador &#8216;chefe da m\u00e1fia&#8217; do INSS\",\"datePublished\":\"2025-12-18T18:22:35+00:00\",\"dateModified\":\"2025-12-18T21:55:52+00:00\",\"mainEntityOfPage\":{\"@id\":\"https:\\\/\\\/www.notibras.com\\\/site\\\/pf-pede-mas-supremo-nega-prisao-de-senador-chefe-da-mafia-do-inss\\\/\"},\"wordCount\":374,\"publisher\":{\"@id\":\"https:\\\/\\\/www.notibras.com\\\/site\\\/#organization\"},\"image\":{\"@id\":\"https:\\\/\\\/www.notibras.com\\\/site\\\/pf-pede-mas-supremo-nega-prisao-de-senador-chefe-da-mafia-do-inss\\\/#primaryimage\"},\"thumbnailUrl\":\"https:\\\/\\\/www.notibras.com\\\/site\\\/wp-content\\\/uploads\\\/2025\\\/12\\\/weverton_rocha_-_agencia_camara.webp\",\"articleSection\":[\"Brasil\"],\"inLanguage\":\"pt-BR\"},{\"@type\":\"WebPage\",\"@id\":\"https:\\\/\\\/www.notibras.com\\\/site\\\/pf-pede-mas-supremo-nega-prisao-de-senador-chefe-da-mafia-do-inss\\\/\",\"url\":\"https:\\\/\\\/www.notibras.com\\\/site\\\/pf-pede-mas-supremo-nega-prisao-de-senador-chefe-da-mafia-do-inss\\\/\",\"name\":\"PF pede mas Supremo nega pris\u00e3o de senador 'chefe da m\u00e1fia' do INSS - Notibras\",\"isPartOf\":{\"@id\":\"https:\\\/\\\/www.notibras.com\\\/site\\\/#website\"},\"primaryImageOfPage\":{\"@id\":\"https:\\\/\\\/www.notibras.com\\\/site\\\/pf-pede-mas-supremo-nega-prisao-de-senador-chefe-da-mafia-do-inss\\\/#primaryimage\"},\"image\":{\"@id\":\"https:\\\/\\\/www.notibras.com\\\/site\\\/pf-pede-mas-supremo-nega-prisao-de-senador-chefe-da-mafia-do-inss\\\/#primaryimage\"},\"thumbnailUrl\":\"https:\\\/\\\/www.notibras.com\\\/site\\\/wp-content\\\/uploads\\\/2025\\\/12\\\/weverton_rocha_-_agencia_camara.webp\",\"datePublished\":\"2025-12-18T18:22:35+00:00\",\"dateModified\":\"2025-12-18T21:55:52+00:00\",\"breadcrumb\":{\"@id\":\"https:\\\/\\\/www.notibras.com\\\/site\\\/pf-pede-mas-supremo-nega-prisao-de-senador-chefe-da-mafia-do-inss\\\/#breadcrumb\"},\"inLanguage\":\"pt-BR\",\"potentialAction\":[{\"@type\":\"ReadAction\",\"target\":[\"https:\\\/\\\/www.notibras.com\\\/site\\\/pf-pede-mas-supremo-nega-prisao-de-senador-chefe-da-mafia-do-inss\\\/\"]}]},{\"@type\":\"ImageObject\",\"inLanguage\":\"pt-BR\",\"@id\":\"https:\\\/\\\/www.notibras.com\\\/site\\\/pf-pede-mas-supremo-nega-prisao-de-senador-chefe-da-mafia-do-inss\\\/#primaryimage\",\"url\":\"https:\\\/\\\/www.notibras.com\\\/site\\\/wp-content\\\/uploads\\\/2025\\\/12\\\/weverton_rocha_-_agencia_camara.webp\",\"contentUrl\":\"https:\\\/\\\/www.notibras.com\\\/site\\\/wp-content\\\/uploads\\\/2025\\\/12\\\/weverton_rocha_-_agencia_camara.webp\",\"width\":1170,\"height\":700},{\"@type\":\"BreadcrumbList\",\"@id\":\"https:\\\/\\\/www.notibras.com\\\/site\\\/pf-pede-mas-supremo-nega-prisao-de-senador-chefe-da-mafia-do-inss\\\/#breadcrumb\",\"itemListElement\":[{\"@type\":\"ListItem\",\"position\":1,\"name\":\"In\u00edcio\",\"item\":\"https:\\\/\\\/www.notibras.com\\\/site\\\/\"},{\"@type\":\"ListItem\",\"position\":2,\"name\":\"PF pede mas Supremo nega pris\u00e3o de senador &#8216;chefe da m\u00e1fia&#8217; do INSS\"}]},{\"@type\":\"WebSite\",\"@id\":\"https:\\\/\\\/www.notibras.com\\\/site\\\/#website\",\"url\":\"https:\\\/\\\/www.notibras.com\\\/site\\\/\",\"name\":\"Notibras\",\"description\":\"Not\u00edcias de Bras\u00edlia, do Brasil e do Mundo\",\"publisher\":{\"@id\":\"https:\\\/\\\/www.notibras.com\\\/site\\\/#organization\"},\"potentialAction\":[{\"@type\":\"SearchAction\",\"target\":{\"@type\":\"EntryPoint\",\"urlTemplate\":\"https:\\\/\\\/www.notibras.com\\\/site\\\/?s={search_term_string}\"},\"query-input\":{\"@type\":\"PropertyValueSpecification\",\"valueRequired\":true,\"valueName\":\"search_term_string\"}}],\"inLanguage\":\"pt-BR\"},{\"@type\":\"Organization\",\"@id\":\"https:\\\/\\\/www.notibras.com\\\/site\\\/#organization\",\"name\":\"Grupo Notibras de Comunica\u00e7\u00e3o\",\"url\":\"https:\\\/\\\/www.notibras.com\\\/site\\\/\",\"logo\":{\"@type\":\"ImageObject\",\"inLanguage\":\"pt-BR\",\"@id\":\"https:\\\/\\\/www.notibras.com\\\/site\\\/#\\\/schema\\\/logo\\\/image\\\/\",\"url\":\"https:\\\/\\\/www.notibras.com\\\/site\\\/wp-content\\\/uploads\\\/2023\\\/01\\\/notibras23.png\",\"contentUrl\":\"https:\\\/\\\/www.notibras.com\\\/site\\\/wp-content\\\/uploads\\\/2023\\\/01\\\/notibras23.png\",\"width\":350,\"height\":87,\"caption\":\"Grupo Notibras de Comunica\u00e7\u00e3o\"},\"image\":{\"@id\":\"https:\\\/\\\/www.notibras.com\\\/site\\\/#\\\/schema\\\/logo\\\/image\\\/\"},\"sameAs\":[\"https:\\\/\\\/www.facebook.com\\\/notibras\\\/\",\"https:\\\/\\\/x.com\\\/Notibras\",\"https:\\\/\\\/www.instagram.com\\\/notibras\\\/\"]},{\"@type\":\"Person\",\"@id\":\"https:\\\/\\\/www.notibras.com\\\/site\\\/#\\\/schema\\\/person\\\/36ab0979449956132d3e5b517ea76ac8\",\"name\":\"Reda\u00e7\u00e3o\",\"image\":{\"@type\":\"ImageObject\",\"inLanguage\":\"pt-BR\",\"@id\":\"https:\\\/\\\/secure.gravatar.com\\\/avatar\\\/e0a867bdedb85fd243eadf09663511f96fc81e0720a4a42581f334ad4303aa6b?s=96&d=mm&r=g\",\"url\":\"https:\\\/\\\/secure.gravatar.com\\\/avatar\\\/e0a867bdedb85fd243eadf09663511f96fc81e0720a4a42581f334ad4303aa6b?s=96&d=mm&r=g\",\"contentUrl\":\"https:\\\/\\\/secure.gravatar.com\\\/avatar\\\/e0a867bdedb85fd243eadf09663511f96fc81e0720a4a42581f334ad4303aa6b?s=96&d=mm&r=g\",\"caption\":\"Reda\u00e7\u00e3o\"}}]}<\/script>\n<!-- \/ Yoast SEO plugin. -->","yoast_head_json":{"title":"PF pede mas Supremo nega pris\u00e3o de senador 'chefe da m\u00e1fia' do INSS - Notibras","robots":{"index":"index","follow":"follow","max-snippet":"max-snippet:-1","max-image-preview":"max-image-preview:large","max-video-preview":"max-video-preview:-1"},"canonical":"https:\/\/www.notibras.com\/site\/pf-pede-mas-supremo-nega-prisao-de-senador-chefe-da-mafia-do-inss\/","og_locale":"pt_BR","og_type":"article","og_title":"PF pede mas Supremo nega pris\u00e3o de senador 'chefe da m\u00e1fia' do INSS - Notibras","og_description":"As investiga\u00e7\u00f5es da Pol\u00edcia Federal sobre o esquema nacional de descontos n\u00e3o autorizados em aposentadorias e pens\u00f5es do Instituto Nacional do Seguro Social (INSS) levaram ao pedido de pris\u00e3o preventiva do senador Weverton Rocha (PDT-MA). Ap\u00f3s ter manifesta\u00e7\u00e3o contr\u00e1ria do Minist\u00e9rio P\u00fablico Federal, o ministro do Supremo Tribunal Federal (STF) Andr\u00e9 Mendon\u00e7a autorizou mandado de [&hellip;]","og_url":"https:\/\/www.notibras.com\/site\/pf-pede-mas-supremo-nega-prisao-de-senador-chefe-da-mafia-do-inss\/","og_site_name":"Notibras","article_publisher":"https:\/\/www.facebook.com\/notibras\/","article_published_time":"2025-12-18T18:22:35+00:00","article_modified_time":"2025-12-18T21:55:52+00:00","og_image":[{"width":1170,"height":700,"url":"https:\/\/www.notibras.com\/site\/wp-content\/uploads\/2025\/12\/weverton_rocha_-_agencia_camara.webp","type":"image\/webp"}],"author":"Reda\u00e7\u00e3o","twitter_card":"summary_large_image","twitter_creator":"@Notibras","twitter_site":"@Notibras","twitter_misc":{"Escrito por":"Reda\u00e7\u00e3o","Est. tempo de leitura":"2 minutos"},"schema":{"@context":"https:\/\/schema.org","@graph":[{"@type":"Article","@id":"https:\/\/www.notibras.com\/site\/pf-pede-mas-supremo-nega-prisao-de-senador-chefe-da-mafia-do-inss\/#article","isPartOf":{"@id":"https:\/\/www.notibras.com\/site\/pf-pede-mas-supremo-nega-prisao-de-senador-chefe-da-mafia-do-inss\/"},"author":{"name":"Reda\u00e7\u00e3o","@id":"https:\/\/www.notibras.com\/site\/#\/schema\/person\/36ab0979449956132d3e5b517ea76ac8"},"headline":"PF pede mas Supremo nega pris\u00e3o de senador &#8216;chefe da m\u00e1fia&#8217; do INSS","datePublished":"2025-12-18T18:22:35+00:00","dateModified":"2025-12-18T21:55:52+00:00","mainEntityOfPage":{"@id":"https:\/\/www.notibras.com\/site\/pf-pede-mas-supremo-nega-prisao-de-senador-chefe-da-mafia-do-inss\/"},"wordCount":374,"publisher":{"@id":"https:\/\/www.notibras.com\/site\/#organization"},"image":{"@id":"https:\/\/www.notibras.com\/site\/pf-pede-mas-supremo-nega-prisao-de-senador-chefe-da-mafia-do-inss\/#primaryimage"},"thumbnailUrl":"https:\/\/www.notibras.com\/site\/wp-content\/uploads\/2025\/12\/weverton_rocha_-_agencia_camara.webp","articleSection":["Brasil"],"inLanguage":"pt-BR"},{"@type":"WebPage","@id":"https:\/\/www.notibras.com\/site\/pf-pede-mas-supremo-nega-prisao-de-senador-chefe-da-mafia-do-inss\/","url":"https:\/\/www.notibras.com\/site\/pf-pede-mas-supremo-nega-prisao-de-senador-chefe-da-mafia-do-inss\/","name":"PF pede mas Supremo nega pris\u00e3o de senador 'chefe da m\u00e1fia' do INSS - Notibras","isPartOf":{"@id":"https:\/\/www.notibras.com\/site\/#website"},"primaryImageOfPage":{"@id":"https:\/\/www.notibras.com\/site\/pf-pede-mas-supremo-nega-prisao-de-senador-chefe-da-mafia-do-inss\/#primaryimage"},"image":{"@id":"https:\/\/www.notibras.com\/site\/pf-pede-mas-supremo-nega-prisao-de-senador-chefe-da-mafia-do-inss\/#primaryimage"},"thumbnailUrl":"https:\/\/www.notibras.com\/site\/wp-content\/uploads\/2025\/12\/weverton_rocha_-_agencia_camara.webp","datePublished":"2025-12-18T18:22:35+00:00","dateModified":"2025-12-18T21:55:52+00:00","breadcrumb":{"@id":"https:\/\/www.notibras.com\/site\/pf-pede-mas-supremo-nega-prisao-de-senador-chefe-da-mafia-do-inss\/#breadcrumb"},"inLanguage":"pt-BR","potentialAction":[{"@type":"ReadAction","target":["https:\/\/www.notibras.com\/site\/pf-pede-mas-supremo-nega-prisao-de-senador-chefe-da-mafia-do-inss\/"]}]},{"@type":"ImageObject","inLanguage":"pt-BR","@id":"https:\/\/www.notibras.com\/site\/pf-pede-mas-supremo-nega-prisao-de-senador-chefe-da-mafia-do-inss\/#primaryimage","url":"https:\/\/www.notibras.com\/site\/wp-content\/uploads\/2025\/12\/weverton_rocha_-_agencia_camara.webp","contentUrl":"https:\/\/www.notibras.com\/site\/wp-content\/uploads\/2025\/12\/weverton_rocha_-_agencia_camara.webp","width":1170,"height":700},{"@type":"BreadcrumbList","@id":"https:\/\/www.notibras.com\/site\/pf-pede-mas-supremo-nega-prisao-de-senador-chefe-da-mafia-do-inss\/#breadcrumb","itemListElement":[{"@type":"ListItem","position":1,"name":"In\u00edcio","item":"https:\/\/www.notibras.com\/site\/"},{"@type":"ListItem","position":2,"name":"PF pede mas Supremo nega pris\u00e3o de senador &#8216;chefe da m\u00e1fia&#8217; do INSS"}]},{"@type":"WebSite","@id":"https:\/\/www.notibras.com\/site\/#website","url":"https:\/\/www.notibras.com\/site\/","name":"Notibras","description":"Not\u00edcias de Bras\u00edlia, do Brasil e do Mundo","publisher":{"@id":"https:\/\/www.notibras.com\/site\/#organization"},"potentialAction":[{"@type":"SearchAction","target":{"@type":"EntryPoint","urlTemplate":"https:\/\/www.notibras.com\/site\/?s={search_term_string}"},"query-input":{"@type":"PropertyValueSpecification","valueRequired":true,"valueName":"search_term_string"}}],"inLanguage":"pt-BR"},{"@type":"Organization","@id":"https:\/\/www.notibras.com\/site\/#organization","name":"Grupo Notibras de Comunica\u00e7\u00e3o","url":"https:\/\/www.notibras.com\/site\/","logo":{"@type":"ImageObject","inLanguage":"pt-BR","@id":"https:\/\/www.notibras.com\/site\/#\/schema\/logo\/image\/","url":"https:\/\/www.notibras.com\/site\/wp-content\/uploads\/2023\/01\/notibras23.png","contentUrl":"https:\/\/www.notibras.com\/site\/wp-content\/uploads\/2023\/01\/notibras23.png","width":350,"height":87,"caption":"Grupo Notibras de Comunica\u00e7\u00e3o"},"image":{"@id":"https:\/\/www.notibras.com\/site\/#\/schema\/logo\/image\/"},"sameAs":["https:\/\/www.facebook.com\/notibras\/","https:\/\/x.com\/Notibras","https:\/\/www.instagram.com\/notibras\/"]},{"@type":"Person","@id":"https:\/\/www.notibras.com\/site\/#\/schema\/person\/36ab0979449956132d3e5b517ea76ac8","name":"Reda\u00e7\u00e3o","image":{"@type":"ImageObject","inLanguage":"pt-BR","@id":"https:\/\/secure.gravatar.com\/avatar\/e0a867bdedb85fd243eadf09663511f96fc81e0720a4a42581f334ad4303aa6b?s=96&d=mm&r=g","url":"https:\/\/secure.gravatar.com\/avatar\/e0a867bdedb85fd243eadf09663511f96fc81e0720a4a42581f334ad4303aa6b?s=96&d=mm&r=g","contentUrl":"https:\/\/secure.gravatar.com\/avatar\/e0a867bdedb85fd243eadf09663511f96fc81e0720a4a42581f334ad4303aa6b?s=96&d=mm&r=g","caption":"Reda\u00e7\u00e3o"}}]}},"amp_enabled":true,"_links":{"self":[{"href":"https:\/\/www.notibras.com\/site\/wp-json\/wp\/v2\/posts\/375358","targetHints":{"allow":["GET"]}}],"collection":[{"href":"https:\/\/www.notibras.com\/site\/wp-json\/wp\/v2\/posts"}],"about":[{"href":"https:\/\/www.notibras.com\/site\/wp-json\/wp\/v2\/types\/post"}],"author":[{"embeddable":true,"href":"https:\/\/www.notibras.com\/site\/wp-json\/wp\/v2\/users\/2"}],"replies":[{"embeddable":true,"href":"https:\/\/www.notibras.com\/site\/wp-json\/wp\/v2\/comments?post=375358"}],"version-history":[{"count":2,"href":"https:\/\/www.notibras.com\/site\/wp-json\/wp\/v2\/posts\/375358\/revisions"}],"predecessor-version":[{"id":375371,"href":"https:\/\/www.notibras.com\/site\/wp-json\/wp\/v2\/posts\/375358\/revisions\/375371"}],"wp:featuredmedia":[{"embeddable":true,"href":"https:\/\/www.notibras.com\/site\/wp-json\/wp\/v2\/media\/375360"}],"wp:attachment":[{"href":"https:\/\/www.notibras.com\/site\/wp-json\/wp\/v2\/media?parent=375358"}],"wp:term":[{"taxonomy":"category","embeddable":true,"href":"https:\/\/www.notibras.com\/site\/wp-json\/wp\/v2\/categories?post=375358"},{"taxonomy":"post_tag","embeddable":true,"href":"https:\/\/www.notibras.com\/site\/wp-json\/wp\/v2\/tags?post=375358"}],"curies":[{"name":"wp","href":"https:\/\/api.w.org\/{rel}","templated":true}]}}