{"id":375372,"date":"2025-12-19T02:00:07","date_gmt":"2025-12-19T05:00:07","guid":{"rendered":"https:\/\/www.notibras.com\/site\/?p=375372"},"modified":"2025-12-18T19:11:50","modified_gmt":"2025-12-18T22:11:50","slug":"a-misteriosa-chuva-de-cartas","status":"publish","type":"post","link":"https:\/\/www.notibras.com\/site\/a-misteriosa-chuva-de-cartas\/","title":{"rendered":"A misteriosa chuva de cartas"},"content":{"rendered":"<p>Todos ali naquele vilarejo aguardavam pela chuva, que n\u00e3o dava as caras h\u00e1 quase dois anos, como se Deus estivesse testando a f\u00e9 daquela gente. Ajoelhados ao lado da cama, os moradores suplicavam, enquanto a lavoura se perdia naquela seca, que parecia n\u00e3o ter fim. Foi ent\u00e3o que algo aconteceu em mais uma manh\u00e3 ensolarada, o que causou espanto em muitos, admira\u00e7\u00e3o em outros e desconfian\u00e7a em alguns.<\/p>\n<p>Em vez da t\u00e3o esperada \u00e1gua, o povo viu envelopes de cartas caindo do c\u00e9u. Sim, in\u00fameras, centenas, milhares de correspond\u00eancias, todas sem remetente e com destinat\u00e1rio a quem pudesse interessar.<\/p>\n<p>Laura, m\u00e3e de quatro crian\u00e7as arteiras, n\u00e3o tinha tempo dispon\u00edvel para ler. Mesmo assim, talvez por curiosidade ou receio de perder oportunidade de algo desconhecido, tratou de catar um envelope antes mesmo dele cair no ch\u00e3o. Guardou-o no bolso da saia e retornou para casa, onde havia muita coisa para ser feita naquela manh\u00e3.<\/p>\n<p>Juvenal, j\u00e1 passado dos 80 anos, viu aquilo como insanidade e, por isso, retornou para sua resid\u00eancia antes que a loucura o atingisse. Assim que entrou em casa, passou a chave na porta e cerrou as janelas. Foi s\u00f3 quando tirou o casaco e o pendurou no gancho preso \u00e0 parede que percebeu que um sorrateiro envelope havia se instalado em um dos bolsos.<\/p>\n<p>Juliana e Dion\u00edsio, casal que andava \u00e0s turras por coisas que nem se lembrava, tamb\u00e9m pegaram, cada um, um envelope. Intrigados, nem sabiam por que haviam feito aquilo. Talvez pelo simples motivo de n\u00e3o querer ficar fora de algo que poderia mudar seus destinos. Mas uma carta? Como um mero peda\u00e7o de papel teria a capacidade de transformar vidas? Bobagem.<\/p>\n<p>Ningu\u00e9m ficou de fora. Um envelope para cada um dos quase tr\u00eas mil moradores. Como aquilo era poss\u00edvel? O mais incr\u00edvel \u00e9 que, ao abrirem as missivas, eles constataram que as cartas lhe eram direcionadas. E nada de mensagens aleat\u00f3rias, n\u00e3o apenas por dizerem coisas espec\u00edficas, mas por citarem os nomes de cada um dos destinat\u00e1rios.<\/p>\n<p>N\u00e3o se sabe se foi por impulso, curiosidade ou suspeita de que se tratava de algo grandioso, mas todos resolveram responder as cartas. E foi o que fizeram e, n\u00e3o se sabe por qual raz\u00e3o, decidiram colocar todos os envelopes empilhados no meio da \u00fanica pra\u00e7a da pequena vila.<\/p>\n<p>Os dias passaram e nada. Foi a\u00ed que o pequeno Francisco, filho da Laura, resolveu contar os envelopes. Achou estranho, mas talvez tivesse errado na conta. Pediu ajuda \u00e0 L\u00facia, a irm\u00e3 mais s\u00e1bia. Realmente estava faltando uma carta.<\/p>\n<p>N\u00e3o tardou, as crian\u00e7as descobriram que havia sido o velho Juvenal o ausente. N\u00e3o se sabe se teria sido por esquecimento ou implic\u00e2ncia, o sujeito ainda n\u00e3o tinha aberto o seu envelope, que continuava no bolso do seu casaco, que ainda estava pendurado no gancho preso \u00e0 parede.<\/p>\n<p>Decididos, Francisco e L\u00facia foram bater \u00e0 porta do antigo morador. Eles questionaram Juvenal, que achou aquilo uma tremenda baboseira. Seja como for, finalmente resolveu abrir o tal envelope, leu a mensagem e, impactado com aquelas palavras, pegou papel e l\u00e1pis e, compulsivamente, escreveu, escreveu, escreveu&#8230;<\/p>\n<p>Missiva escrita, l\u00e1 foram Francisco, L\u00facia e o agora animado Juvenal depositarem o envelope lacrado sobre a pilha dos outros milhares. E todos os moradores se aproximaram, como se aguardassem algo grandioso acontecer. Aquele mundar\u00e9u de olhos fixos naquelas cartas. Nada. Nada parecia acontecer, at\u00e9 que algu\u00e9m disse que aquilo tudo era um completo desprop\u00f3sito.<\/p>\n<p>Quando a multid\u00e3o come\u00e7ou a se dispersar, eis que um redemoinho se formou do nada. Assustada, aquela gente n\u00e3o conseguiu se mover. E o redemoinho, imp\u00e1vido, se aproximou e se apoderou do monte de cartas e as levou embora.<\/p>\n<p>Boquiabertas, as pessoas n\u00e3o acreditavam no que haviam acabado de assistir at\u00e9 que as suas faces come\u00e7aram a sentir os primeiros pingos de chuva. E, felizes, sorriram.<\/p>\n<p><strong>\u2026\u2026\u2026\u2026\u2026\u2026\u2026\u2026<\/strong><\/p>\n<p><strong>Eduardo Mart\u00ednez \u00e9 autor do livro \u201957 Contos e Cr\u00f4nicas por um Autor Muito Velho\u2019 (Vencedor do Pr\u00eamio Liter\u00e1rio Clarice Lispector \u2013 2025 na categoria livro de contos).<\/strong><\/p>\n<p><strong>Compre aqui<\/strong><\/p>\n<p><a href=\"https:\/\/www.joanineditora.com.br\/57-contos-e-cronicas-por-um-autor-muito-velho\"><strong>https:\/\/www.joanineditora.com.br\/57-contos-e-cronicas-por-um-autor-muito-velho<\/strong><\/a><\/p>\n","protected":false},"excerpt":{"rendered":"<p>Todos ali naquele vilarejo aguardavam pela chuva, que n\u00e3o dava as caras h\u00e1 quase dois anos, como se Deus estivesse testando a f\u00e9 daquela gente. Ajoelhados ao lado da cama, os moradores suplicavam, enquanto a lavoura se perdia naquela seca, que parecia n\u00e3o ter fim. Foi ent\u00e3o que algo aconteceu em mais uma manh\u00e3 ensolarada, [&hellip;]<\/p>\n","protected":false},"author":21,"featured_media":375373,"comment_status":"closed","ping_status":"closed","sticky":false,"template":"","format":"standard","meta":{"_acf_changed":false,"footnotes":""},"categories":[161],"tags":[],"class_list":["post-375372","post","type-post","status-publish","format-standard","has-post-thumbnail","hentry","category-quadradinho-em-foco"],"acf":[],"yoast_head":"<!-- This site is optimized with the Yoast SEO plugin v27.5 - https:\/\/yoast.com\/product\/yoast-seo-wordpress\/ -->\n<title>A misteriosa chuva de cartas - Notibras<\/title>\n<meta name=\"robots\" content=\"index, follow, max-snippet:-1, max-image-preview:large, max-video-preview:-1\" \/>\n<link rel=\"canonical\" href=\"https:\/\/www.notibras.com\/site\/a-misteriosa-chuva-de-cartas\/\" \/>\n<meta property=\"og:locale\" content=\"pt_BR\" \/>\n<meta property=\"og:type\" content=\"article\" \/>\n<meta property=\"og:title\" content=\"A misteriosa chuva de cartas - Notibras\" \/>\n<meta property=\"og:description\" content=\"Todos ali naquele vilarejo aguardavam pela chuva, que n\u00e3o dava as caras h\u00e1 quase dois anos, como se Deus estivesse testando a f\u00e9 daquela gente. Ajoelhados ao lado da cama, os moradores suplicavam, enquanto a lavoura se perdia naquela seca, que parecia n\u00e3o ter fim. Foi ent\u00e3o que algo aconteceu em mais uma manh\u00e3 ensolarada, [&hellip;]\" \/>\n<meta property=\"og:url\" content=\"https:\/\/www.notibras.com\/site\/a-misteriosa-chuva-de-cartas\/\" \/>\n<meta property=\"og:site_name\" content=\"Notibras\" \/>\n<meta property=\"article:publisher\" content=\"https:\/\/www.facebook.com\/notibras\/\" \/>\n<meta property=\"article:published_time\" content=\"2025-12-19T05:00:07+00:00\" \/>\n<meta property=\"og:image\" content=\"https:\/\/www.notibras.com\/site\/wp-content\/uploads\/2025\/12\/IMG_9479-1.jpg\" \/>\n\t<meta property=\"og:image:width\" content=\"1023\" \/>\n\t<meta property=\"og:image:height\" content=\"935\" \/>\n\t<meta property=\"og:image:type\" content=\"image\/jpeg\" \/>\n<meta name=\"author\" content=\"Eduardo Mart\u00ednez\" \/>\n<meta name=\"twitter:card\" content=\"summary_large_image\" \/>\n<meta name=\"twitter:creator\" content=\"@Notibras\" \/>\n<meta name=\"twitter:site\" content=\"@Notibras\" \/>\n<meta name=\"twitter:label1\" content=\"Escrito por\" \/>\n\t<meta name=\"twitter:data1\" content=\"Eduardo Mart\u00ednez\" \/>\n\t<meta name=\"twitter:label2\" content=\"Est. tempo de leitura\" \/>\n\t<meta name=\"twitter:data2\" content=\"4 minutos\" \/>\n<script type=\"application\/ld+json\" class=\"yoast-schema-graph\">{\"@context\":\"https:\\\/\\\/schema.org\",\"@graph\":[{\"@type\":\"Article\",\"@id\":\"https:\\\/\\\/www.notibras.com\\\/site\\\/a-misteriosa-chuva-de-cartas\\\/#article\",\"isPartOf\":{\"@id\":\"https:\\\/\\\/www.notibras.com\\\/site\\\/a-misteriosa-chuva-de-cartas\\\/\"},\"author\":{\"name\":\"Eduardo Mart\u00ednez\",\"@id\":\"https:\\\/\\\/www.notibras.com\\\/site\\\/#\\\/schema\\\/person\\\/5b7fabf2aedc3ada2105f03b22b4d3dd\"},\"headline\":\"A misteriosa chuva de cartas\",\"datePublished\":\"2025-12-19T05:00:07+00:00\",\"mainEntityOfPage\":{\"@id\":\"https:\\\/\\\/www.notibras.com\\\/site\\\/a-misteriosa-chuva-de-cartas\\\/\"},\"wordCount\":722,\"publisher\":{\"@id\":\"https:\\\/\\\/www.notibras.com\\\/site\\\/#organization\"},\"image\":{\"@id\":\"https:\\\/\\\/www.notibras.com\\\/site\\\/a-misteriosa-chuva-de-cartas\\\/#primaryimage\"},\"thumbnailUrl\":\"https:\\\/\\\/www.notibras.com\\\/site\\\/wp-content\\\/uploads\\\/2025\\\/12\\\/IMG_9479-1.jpg\",\"articleSection\":[\"Quadradinho em Foco\"],\"inLanguage\":\"pt-BR\"},{\"@type\":\"WebPage\",\"@id\":\"https:\\\/\\\/www.notibras.com\\\/site\\\/a-misteriosa-chuva-de-cartas\\\/\",\"url\":\"https:\\\/\\\/www.notibras.com\\\/site\\\/a-misteriosa-chuva-de-cartas\\\/\",\"name\":\"A misteriosa chuva de cartas - Notibras\",\"isPartOf\":{\"@id\":\"https:\\\/\\\/www.notibras.com\\\/site\\\/#website\"},\"primaryImageOfPage\":{\"@id\":\"https:\\\/\\\/www.notibras.com\\\/site\\\/a-misteriosa-chuva-de-cartas\\\/#primaryimage\"},\"image\":{\"@id\":\"https:\\\/\\\/www.notibras.com\\\/site\\\/a-misteriosa-chuva-de-cartas\\\/#primaryimage\"},\"thumbnailUrl\":\"https:\\\/\\\/www.notibras.com\\\/site\\\/wp-content\\\/uploads\\\/2025\\\/12\\\/IMG_9479-1.jpg\",\"datePublished\":\"2025-12-19T05:00:07+00:00\",\"breadcrumb\":{\"@id\":\"https:\\\/\\\/www.notibras.com\\\/site\\\/a-misteriosa-chuva-de-cartas\\\/#breadcrumb\"},\"inLanguage\":\"pt-BR\",\"potentialAction\":[{\"@type\":\"ReadAction\",\"target\":[\"https:\\\/\\\/www.notibras.com\\\/site\\\/a-misteriosa-chuva-de-cartas\\\/\"]}]},{\"@type\":\"ImageObject\",\"inLanguage\":\"pt-BR\",\"@id\":\"https:\\\/\\\/www.notibras.com\\\/site\\\/a-misteriosa-chuva-de-cartas\\\/#primaryimage\",\"url\":\"https:\\\/\\\/www.notibras.com\\\/site\\\/wp-content\\\/uploads\\\/2025\\\/12\\\/IMG_9479-1.jpg\",\"contentUrl\":\"https:\\\/\\\/www.notibras.com\\\/site\\\/wp-content\\\/uploads\\\/2025\\\/12\\\/IMG_9479-1.jpg\",\"width\":1023,\"height\":935},{\"@type\":\"BreadcrumbList\",\"@id\":\"https:\\\/\\\/www.notibras.com\\\/site\\\/a-misteriosa-chuva-de-cartas\\\/#breadcrumb\",\"itemListElement\":[{\"@type\":\"ListItem\",\"position\":1,\"name\":\"In\u00edcio\",\"item\":\"https:\\\/\\\/www.notibras.com\\\/site\\\/\"},{\"@type\":\"ListItem\",\"position\":2,\"name\":\"A misteriosa chuva de cartas\"}]},{\"@type\":\"WebSite\",\"@id\":\"https:\\\/\\\/www.notibras.com\\\/site\\\/#website\",\"url\":\"https:\\\/\\\/www.notibras.com\\\/site\\\/\",\"name\":\"Notibras\",\"description\":\"Not\u00edcias de Bras\u00edlia, do Brasil e do Mundo\",\"publisher\":{\"@id\":\"https:\\\/\\\/www.notibras.com\\\/site\\\/#organization\"},\"potentialAction\":[{\"@type\":\"SearchAction\",\"target\":{\"@type\":\"EntryPoint\",\"urlTemplate\":\"https:\\\/\\\/www.notibras.com\\\/site\\\/?s={search_term_string}\"},\"query-input\":{\"@type\":\"PropertyValueSpecification\",\"valueRequired\":true,\"valueName\":\"search_term_string\"}}],\"inLanguage\":\"pt-BR\"},{\"@type\":\"Organization\",\"@id\":\"https:\\\/\\\/www.notibras.com\\\/site\\\/#organization\",\"name\":\"Grupo Notibras de Comunica\u00e7\u00e3o\",\"url\":\"https:\\\/\\\/www.notibras.com\\\/site\\\/\",\"logo\":{\"@type\":\"ImageObject\",\"inLanguage\":\"pt-BR\",\"@id\":\"https:\\\/\\\/www.notibras.com\\\/site\\\/#\\\/schema\\\/logo\\\/image\\\/\",\"url\":\"https:\\\/\\\/www.notibras.com\\\/site\\\/wp-content\\\/uploads\\\/2023\\\/01\\\/notibras23.png\",\"contentUrl\":\"https:\\\/\\\/www.notibras.com\\\/site\\\/wp-content\\\/uploads\\\/2023\\\/01\\\/notibras23.png\",\"width\":350,\"height\":87,\"caption\":\"Grupo Notibras de Comunica\u00e7\u00e3o\"},\"image\":{\"@id\":\"https:\\\/\\\/www.notibras.com\\\/site\\\/#\\\/schema\\\/logo\\\/image\\\/\"},\"sameAs\":[\"https:\\\/\\\/www.facebook.com\\\/notibras\\\/\",\"https:\\\/\\\/x.com\\\/Notibras\",\"https:\\\/\\\/www.instagram.com\\\/notibras\\\/\"]},{\"@type\":\"Person\",\"@id\":\"https:\\\/\\\/www.notibras.com\\\/site\\\/#\\\/schema\\\/person\\\/5b7fabf2aedc3ada2105f03b22b4d3dd\",\"name\":\"Eduardo Mart\u00ednez\",\"image\":{\"@type\":\"ImageObject\",\"inLanguage\":\"pt-BR\",\"@id\":\"https:\\\/\\\/secure.gravatar.com\\\/avatar\\\/7902f906289926289cbcda644b5197c796b893c6ffd7b9a536a42d290f7704a0?s=96&d=mm&r=g\",\"url\":\"https:\\\/\\\/secure.gravatar.com\\\/avatar\\\/7902f906289926289cbcda644b5197c796b893c6ffd7b9a536a42d290f7704a0?s=96&d=mm&r=g\",\"contentUrl\":\"https:\\\/\\\/secure.gravatar.com\\\/avatar\\\/7902f906289926289cbcda644b5197c796b893c6ffd7b9a536a42d290f7704a0?s=96&d=mm&r=g\",\"caption\":\"Eduardo Mart\u00ednez\"}}]}<\/script>\n<!-- \/ Yoast SEO plugin. -->","yoast_head_json":{"title":"A misteriosa chuva de cartas - Notibras","robots":{"index":"index","follow":"follow","max-snippet":"max-snippet:-1","max-image-preview":"max-image-preview:large","max-video-preview":"max-video-preview:-1"},"canonical":"https:\/\/www.notibras.com\/site\/a-misteriosa-chuva-de-cartas\/","og_locale":"pt_BR","og_type":"article","og_title":"A misteriosa chuva de cartas - Notibras","og_description":"Todos ali naquele vilarejo aguardavam pela chuva, que n\u00e3o dava as caras h\u00e1 quase dois anos, como se Deus estivesse testando a f\u00e9 daquela gente. Ajoelhados ao lado da cama, os moradores suplicavam, enquanto a lavoura se perdia naquela seca, que parecia n\u00e3o ter fim. Foi ent\u00e3o que algo aconteceu em mais uma manh\u00e3 ensolarada, [&hellip;]","og_url":"https:\/\/www.notibras.com\/site\/a-misteriosa-chuva-de-cartas\/","og_site_name":"Notibras","article_publisher":"https:\/\/www.facebook.com\/notibras\/","article_published_time":"2025-12-19T05:00:07+00:00","og_image":[{"width":1023,"height":935,"url":"https:\/\/www.notibras.com\/site\/wp-content\/uploads\/2025\/12\/IMG_9479-1.jpg","type":"image\/jpeg"}],"author":"Eduardo Mart\u00ednez","twitter_card":"summary_large_image","twitter_creator":"@Notibras","twitter_site":"@Notibras","twitter_misc":{"Escrito por":"Eduardo Mart\u00ednez","Est. tempo de leitura":"4 minutos"},"schema":{"@context":"https:\/\/schema.org","@graph":[{"@type":"Article","@id":"https:\/\/www.notibras.com\/site\/a-misteriosa-chuva-de-cartas\/#article","isPartOf":{"@id":"https:\/\/www.notibras.com\/site\/a-misteriosa-chuva-de-cartas\/"},"author":{"name":"Eduardo Mart\u00ednez","@id":"https:\/\/www.notibras.com\/site\/#\/schema\/person\/5b7fabf2aedc3ada2105f03b22b4d3dd"},"headline":"A misteriosa chuva de cartas","datePublished":"2025-12-19T05:00:07+00:00","mainEntityOfPage":{"@id":"https:\/\/www.notibras.com\/site\/a-misteriosa-chuva-de-cartas\/"},"wordCount":722,"publisher":{"@id":"https:\/\/www.notibras.com\/site\/#organization"},"image":{"@id":"https:\/\/www.notibras.com\/site\/a-misteriosa-chuva-de-cartas\/#primaryimage"},"thumbnailUrl":"https:\/\/www.notibras.com\/site\/wp-content\/uploads\/2025\/12\/IMG_9479-1.jpg","articleSection":["Quadradinho em Foco"],"inLanguage":"pt-BR"},{"@type":"WebPage","@id":"https:\/\/www.notibras.com\/site\/a-misteriosa-chuva-de-cartas\/","url":"https:\/\/www.notibras.com\/site\/a-misteriosa-chuva-de-cartas\/","name":"A misteriosa chuva de cartas - Notibras","isPartOf":{"@id":"https:\/\/www.notibras.com\/site\/#website"},"primaryImageOfPage":{"@id":"https:\/\/www.notibras.com\/site\/a-misteriosa-chuva-de-cartas\/#primaryimage"},"image":{"@id":"https:\/\/www.notibras.com\/site\/a-misteriosa-chuva-de-cartas\/#primaryimage"},"thumbnailUrl":"https:\/\/www.notibras.com\/site\/wp-content\/uploads\/2025\/12\/IMG_9479-1.jpg","datePublished":"2025-12-19T05:00:07+00:00","breadcrumb":{"@id":"https:\/\/www.notibras.com\/site\/a-misteriosa-chuva-de-cartas\/#breadcrumb"},"inLanguage":"pt-BR","potentialAction":[{"@type":"ReadAction","target":["https:\/\/www.notibras.com\/site\/a-misteriosa-chuva-de-cartas\/"]}]},{"@type":"ImageObject","inLanguage":"pt-BR","@id":"https:\/\/www.notibras.com\/site\/a-misteriosa-chuva-de-cartas\/#primaryimage","url":"https:\/\/www.notibras.com\/site\/wp-content\/uploads\/2025\/12\/IMG_9479-1.jpg","contentUrl":"https:\/\/www.notibras.com\/site\/wp-content\/uploads\/2025\/12\/IMG_9479-1.jpg","width":1023,"height":935},{"@type":"BreadcrumbList","@id":"https:\/\/www.notibras.com\/site\/a-misteriosa-chuva-de-cartas\/#breadcrumb","itemListElement":[{"@type":"ListItem","position":1,"name":"In\u00edcio","item":"https:\/\/www.notibras.com\/site\/"},{"@type":"ListItem","position":2,"name":"A misteriosa chuva de cartas"}]},{"@type":"WebSite","@id":"https:\/\/www.notibras.com\/site\/#website","url":"https:\/\/www.notibras.com\/site\/","name":"Notibras","description":"Not\u00edcias de Bras\u00edlia, do Brasil e do Mundo","publisher":{"@id":"https:\/\/www.notibras.com\/site\/#organization"},"potentialAction":[{"@type":"SearchAction","target":{"@type":"EntryPoint","urlTemplate":"https:\/\/www.notibras.com\/site\/?s={search_term_string}"},"query-input":{"@type":"PropertyValueSpecification","valueRequired":true,"valueName":"search_term_string"}}],"inLanguage":"pt-BR"},{"@type":"Organization","@id":"https:\/\/www.notibras.com\/site\/#organization","name":"Grupo Notibras de Comunica\u00e7\u00e3o","url":"https:\/\/www.notibras.com\/site\/","logo":{"@type":"ImageObject","inLanguage":"pt-BR","@id":"https:\/\/www.notibras.com\/site\/#\/schema\/logo\/image\/","url":"https:\/\/www.notibras.com\/site\/wp-content\/uploads\/2023\/01\/notibras23.png","contentUrl":"https:\/\/www.notibras.com\/site\/wp-content\/uploads\/2023\/01\/notibras23.png","width":350,"height":87,"caption":"Grupo Notibras de Comunica\u00e7\u00e3o"},"image":{"@id":"https:\/\/www.notibras.com\/site\/#\/schema\/logo\/image\/"},"sameAs":["https:\/\/www.facebook.com\/notibras\/","https:\/\/x.com\/Notibras","https:\/\/www.instagram.com\/notibras\/"]},{"@type":"Person","@id":"https:\/\/www.notibras.com\/site\/#\/schema\/person\/5b7fabf2aedc3ada2105f03b22b4d3dd","name":"Eduardo Mart\u00ednez","image":{"@type":"ImageObject","inLanguage":"pt-BR","@id":"https:\/\/secure.gravatar.com\/avatar\/7902f906289926289cbcda644b5197c796b893c6ffd7b9a536a42d290f7704a0?s=96&d=mm&r=g","url":"https:\/\/secure.gravatar.com\/avatar\/7902f906289926289cbcda644b5197c796b893c6ffd7b9a536a42d290f7704a0?s=96&d=mm&r=g","contentUrl":"https:\/\/secure.gravatar.com\/avatar\/7902f906289926289cbcda644b5197c796b893c6ffd7b9a536a42d290f7704a0?s=96&d=mm&r=g","caption":"Eduardo Mart\u00ednez"}}]}},"amp_enabled":true,"_links":{"self":[{"href":"https:\/\/www.notibras.com\/site\/wp-json\/wp\/v2\/posts\/375372","targetHints":{"allow":["GET"]}}],"collection":[{"href":"https:\/\/www.notibras.com\/site\/wp-json\/wp\/v2\/posts"}],"about":[{"href":"https:\/\/www.notibras.com\/site\/wp-json\/wp\/v2\/types\/post"}],"author":[{"embeddable":true,"href":"https:\/\/www.notibras.com\/site\/wp-json\/wp\/v2\/users\/21"}],"replies":[{"embeddable":true,"href":"https:\/\/www.notibras.com\/site\/wp-json\/wp\/v2\/comments?post=375372"}],"version-history":[{"count":2,"href":"https:\/\/www.notibras.com\/site\/wp-json\/wp\/v2\/posts\/375372\/revisions"}],"predecessor-version":[{"id":375375,"href":"https:\/\/www.notibras.com\/site\/wp-json\/wp\/v2\/posts\/375372\/revisions\/375375"}],"wp:featuredmedia":[{"embeddable":true,"href":"https:\/\/www.notibras.com\/site\/wp-json\/wp\/v2\/media\/375373"}],"wp:attachment":[{"href":"https:\/\/www.notibras.com\/site\/wp-json\/wp\/v2\/media?parent=375372"}],"wp:term":[{"taxonomy":"category","embeddable":true,"href":"https:\/\/www.notibras.com\/site\/wp-json\/wp\/v2\/categories?post=375372"},{"taxonomy":"post_tag","embeddable":true,"href":"https:\/\/www.notibras.com\/site\/wp-json\/wp\/v2\/tags?post=375372"}],"curies":[{"name":"wp","href":"https:\/\/api.w.org\/{rel}","templated":true}]}}