{"id":375382,"date":"2025-12-19T00:15:15","date_gmt":"2025-12-19T03:15:15","guid":{"rendered":"https:\/\/www.notibras.com\/site\/?p=375382"},"modified":"2025-12-18T20:40:20","modified_gmt":"2025-12-18T23:40:20","slug":"casal-de-saguis-de-serra-escuro-especie-ameacada-ja-pode-ser-visitado","status":"publish","type":"post","link":"https:\/\/www.notibras.com\/site\/casal-de-saguis-de-serra-escuro-especie-ameacada-ja-pode-ser-visitado\/","title":{"rendered":"Casal de saguis-de-serra-escuro, esp\u00e9cie amea\u00e7ada, j\u00e1 pode ser visitado"},"content":{"rendered":"<p>O Zool\u00f3gico de Bras\u00edlia recebeu, em setembro, um casal de saguis-de-serra-escuro (Callithrix aurita), esp\u00e9cie considerada uma das mais raras e amea\u00e7adas de extin\u00e7\u00e3o do Brasil. Ap\u00f3s passarem pelo per\u00edodo de quarentena e adapta\u00e7\u00e3o, os animais, batizados de Jo\u00e3o Paulo e Ana Maria, agora est\u00e3o dispon\u00edveis para visita\u00e7\u00e3o no mic\u00e1rio do Zool\u00f3gico de Bras\u00edlia.<\/p>\n<p>Encontrados em S\u00e3o Paulo (SP), antes da transfer\u00eancia para Bras\u00edlia, os animais permaneceram no Centro de Manejo e Conserva\u00e7\u00e3o de Animais Silvestres (CeMaCAS), onde realizaram exames f\u00edsicos, laboratoriais e de imagem, al\u00e9m de terem recebido refor\u00e7o alimentar. Ap\u00f3s os primeiros cuidados, os saguis foram encaminhados ao Zool\u00f3gico de Bras\u00edlia e submetidos a uma etapa essencial de acompanhamento veterin\u00e1rio, com foco na sa\u00fade, no bem-estar e na adapta\u00e7\u00e3o ao novo ambiente.<\/p>\n<p>A chegada dos animais ao Zool\u00f3gico de Bras\u00edlia e os cuidados oferecidos pelas equipes envolvidas representam grande relev\u00e2ncia para a conserva\u00e7\u00e3o da fauna brasileira. O sagui-de-serra-escuro sofre forte press\u00e3o devido \u00e0 destrui\u00e7\u00e3o de seu habitat natural e \u00e0 competi\u00e7\u00e3o com esp\u00e9cies invasoras, fatores que colocam sua sobreviv\u00eancia em risco.<\/p>\n<p>\u201cAs equipes do Zool\u00f3gico de Bras\u00edlia atuam diretamente na conserva\u00e7\u00e3o das esp\u00e9cies e prestam um servi\u00e7o essencial \u00e0 comunidade e \u00e0 popula\u00e7\u00e3o do Distrito Federal, ao oferecerem um espa\u00e7o p\u00fablico de aprendizado, sensibiliza\u00e7\u00e3o e voltado para a educa\u00e7\u00e3o ambiental\u201d, explica o diretor-presidente do Zool\u00f3gico de Bras\u00edlia, Wallison Couto.<\/p>\n<p>A integra\u00e7\u00e3o do casal ao programa de conserva\u00e7\u00e3o da institui\u00e7\u00e3o refor\u00e7a a import\u00e2ncia do Zool\u00f3gico de Bras\u00edlia como espa\u00e7o de cuidado, pesquisa, educa\u00e7\u00e3o ambiental e reprodu\u00e7\u00e3o de esp\u00e9cies amea\u00e7adas. Al\u00e9m de garantir bem-estar e manejo especializado, a institui\u00e7\u00e3o trabalha na sensibiliza\u00e7\u00e3o do p\u00fablico sobre a import\u00e2ncia da prote\u00e7\u00e3o da biodiversidade.<\/p>\n","protected":false},"excerpt":{"rendered":"<p>O Zool\u00f3gico de Bras\u00edlia recebeu, em setembro, um casal de saguis-de-serra-escuro (Callithrix aurita), esp\u00e9cie considerada uma das mais raras e amea\u00e7adas de extin\u00e7\u00e3o do Brasil. Ap\u00f3s passarem pelo per\u00edodo de quarentena e adapta\u00e7\u00e3o, os animais, batizados de Jo\u00e3o Paulo e Ana Maria, agora est\u00e3o dispon\u00edveis para visita\u00e7\u00e3o no mic\u00e1rio do Zool\u00f3gico de Bras\u00edlia. Encontrados em [&hellip;]<\/p>\n","protected":false},"author":21,"featured_media":375383,"comment_status":"closed","ping_status":"closed","sticky":false,"template":"","format":"standard","meta":{"_acf_changed":false,"footnotes":""},"categories":[161],"tags":[],"class_list":["post-375382","post","type-post","status-publish","format-standard","has-post-thumbnail","hentry","category-quadradinho-em-foco"],"acf":[],"yoast_head":"<!-- This site is optimized with the Yoast SEO plugin v27.5 - https:\/\/yoast.com\/product\/yoast-seo-wordpress\/ -->\n<title>Casal de saguis-de-serra-escuro, esp\u00e9cie amea\u00e7ada, j\u00e1 pode ser visitado - Notibras<\/title>\n<meta name=\"robots\" content=\"index, follow, max-snippet:-1, max-image-preview:large, max-video-preview:-1\" \/>\n<link rel=\"canonical\" href=\"https:\/\/www.notibras.com\/site\/casal-de-saguis-de-serra-escuro-especie-ameacada-ja-pode-ser-visitado\/\" \/>\n<meta property=\"og:locale\" content=\"pt_BR\" \/>\n<meta property=\"og:type\" content=\"article\" \/>\n<meta property=\"og:title\" content=\"Casal de saguis-de-serra-escuro, esp\u00e9cie amea\u00e7ada, j\u00e1 pode ser visitado - Notibras\" \/>\n<meta property=\"og:description\" content=\"O Zool\u00f3gico de Bras\u00edlia recebeu, em setembro, um casal de saguis-de-serra-escuro (Callithrix aurita), esp\u00e9cie considerada uma das mais raras e amea\u00e7adas de extin\u00e7\u00e3o do Brasil. Ap\u00f3s passarem pelo per\u00edodo de quarentena e adapta\u00e7\u00e3o, os animais, batizados de Jo\u00e3o Paulo e Ana Maria, agora est\u00e3o dispon\u00edveis para visita\u00e7\u00e3o no mic\u00e1rio do Zool\u00f3gico de Bras\u00edlia. Encontrados em [&hellip;]\" \/>\n<meta property=\"og:url\" content=\"https:\/\/www.notibras.com\/site\/casal-de-saguis-de-serra-escuro-especie-ameacada-ja-pode-ser-visitado\/\" \/>\n<meta property=\"og:site_name\" content=\"Notibras\" \/>\n<meta property=\"article:publisher\" content=\"https:\/\/www.facebook.com\/notibras\/\" \/>\n<meta property=\"article:published_time\" content=\"2025-12-19T03:15:15+00:00\" \/>\n<meta property=\"og:image\" content=\"https:\/\/www.notibras.com\/site\/wp-content\/uploads\/2025\/12\/WhatsApp-Image-2025-12-17-at-10.36.46.jpeg\" \/>\n\t<meta property=\"og:image:width\" content=\"853\" \/>\n\t<meta property=\"og:image:height\" content=\"1280\" \/>\n\t<meta property=\"og:image:type\" content=\"image\/jpeg\" \/>\n<meta name=\"author\" content=\"Eduardo Mart\u00ednez\" \/>\n<meta name=\"twitter:card\" content=\"summary_large_image\" \/>\n<meta name=\"twitter:creator\" content=\"@Notibras\" \/>\n<meta name=\"twitter:site\" content=\"@Notibras\" \/>\n<meta name=\"twitter:label1\" content=\"Escrito por\" \/>\n\t<meta name=\"twitter:data1\" content=\"Eduardo Mart\u00ednez\" \/>\n\t<meta name=\"twitter:label2\" content=\"Est. tempo de leitura\" \/>\n\t<meta name=\"twitter:data2\" content=\"2 minutos\" \/>\n<script type=\"application\/ld+json\" class=\"yoast-schema-graph\">{\"@context\":\"https:\\\/\\\/schema.org\",\"@graph\":[{\"@type\":\"Article\",\"@id\":\"https:\\\/\\\/www.notibras.com\\\/site\\\/casal-de-saguis-de-serra-escuro-especie-ameacada-ja-pode-ser-visitado\\\/#article\",\"isPartOf\":{\"@id\":\"https:\\\/\\\/www.notibras.com\\\/site\\\/casal-de-saguis-de-serra-escuro-especie-ameacada-ja-pode-ser-visitado\\\/\"},\"author\":{\"name\":\"Eduardo Mart\u00ednez\",\"@id\":\"https:\\\/\\\/www.notibras.com\\\/site\\\/#\\\/schema\\\/person\\\/5b7fabf2aedc3ada2105f03b22b4d3dd\"},\"headline\":\"Casal de saguis-de-serra-escuro, esp\u00e9cie amea\u00e7ada, j\u00e1 pode ser visitado\",\"datePublished\":\"2025-12-19T03:15:15+00:00\",\"mainEntityOfPage\":{\"@id\":\"https:\\\/\\\/www.notibras.com\\\/site\\\/casal-de-saguis-de-serra-escuro-especie-ameacada-ja-pode-ser-visitado\\\/\"},\"wordCount\":344,\"publisher\":{\"@id\":\"https:\\\/\\\/www.notibras.com\\\/site\\\/#organization\"},\"image\":{\"@id\":\"https:\\\/\\\/www.notibras.com\\\/site\\\/casal-de-saguis-de-serra-escuro-especie-ameacada-ja-pode-ser-visitado\\\/#primaryimage\"},\"thumbnailUrl\":\"https:\\\/\\\/www.notibras.com\\\/site\\\/wp-content\\\/uploads\\\/2025\\\/12\\\/WhatsApp-Image-2025-12-17-at-10.36.46.jpeg\",\"articleSection\":[\"Quadradinho em Foco\"],\"inLanguage\":\"pt-BR\"},{\"@type\":\"WebPage\",\"@id\":\"https:\\\/\\\/www.notibras.com\\\/site\\\/casal-de-saguis-de-serra-escuro-especie-ameacada-ja-pode-ser-visitado\\\/\",\"url\":\"https:\\\/\\\/www.notibras.com\\\/site\\\/casal-de-saguis-de-serra-escuro-especie-ameacada-ja-pode-ser-visitado\\\/\",\"name\":\"Casal de saguis-de-serra-escuro, esp\u00e9cie amea\u00e7ada, j\u00e1 pode ser visitado - Notibras\",\"isPartOf\":{\"@id\":\"https:\\\/\\\/www.notibras.com\\\/site\\\/#website\"},\"primaryImageOfPage\":{\"@id\":\"https:\\\/\\\/www.notibras.com\\\/site\\\/casal-de-saguis-de-serra-escuro-especie-ameacada-ja-pode-ser-visitado\\\/#primaryimage\"},\"image\":{\"@id\":\"https:\\\/\\\/www.notibras.com\\\/site\\\/casal-de-saguis-de-serra-escuro-especie-ameacada-ja-pode-ser-visitado\\\/#primaryimage\"},\"thumbnailUrl\":\"https:\\\/\\\/www.notibras.com\\\/site\\\/wp-content\\\/uploads\\\/2025\\\/12\\\/WhatsApp-Image-2025-12-17-at-10.36.46.jpeg\",\"datePublished\":\"2025-12-19T03:15:15+00:00\",\"breadcrumb\":{\"@id\":\"https:\\\/\\\/www.notibras.com\\\/site\\\/casal-de-saguis-de-serra-escuro-especie-ameacada-ja-pode-ser-visitado\\\/#breadcrumb\"},\"inLanguage\":\"pt-BR\",\"potentialAction\":[{\"@type\":\"ReadAction\",\"target\":[\"https:\\\/\\\/www.notibras.com\\\/site\\\/casal-de-saguis-de-serra-escuro-especie-ameacada-ja-pode-ser-visitado\\\/\"]}]},{\"@type\":\"ImageObject\",\"inLanguage\":\"pt-BR\",\"@id\":\"https:\\\/\\\/www.notibras.com\\\/site\\\/casal-de-saguis-de-serra-escuro-especie-ameacada-ja-pode-ser-visitado\\\/#primaryimage\",\"url\":\"https:\\\/\\\/www.notibras.com\\\/site\\\/wp-content\\\/uploads\\\/2025\\\/12\\\/WhatsApp-Image-2025-12-17-at-10.36.46.jpeg\",\"contentUrl\":\"https:\\\/\\\/www.notibras.com\\\/site\\\/wp-content\\\/uploads\\\/2025\\\/12\\\/WhatsApp-Image-2025-12-17-at-10.36.46.jpeg\",\"width\":853,\"height\":1280},{\"@type\":\"BreadcrumbList\",\"@id\":\"https:\\\/\\\/www.notibras.com\\\/site\\\/casal-de-saguis-de-serra-escuro-especie-ameacada-ja-pode-ser-visitado\\\/#breadcrumb\",\"itemListElement\":[{\"@type\":\"ListItem\",\"position\":1,\"name\":\"In\u00edcio\",\"item\":\"https:\\\/\\\/www.notibras.com\\\/site\\\/\"},{\"@type\":\"ListItem\",\"position\":2,\"name\":\"Casal de saguis-de-serra-escuro, esp\u00e9cie amea\u00e7ada, j\u00e1 pode ser visitado\"}]},{\"@type\":\"WebSite\",\"@id\":\"https:\\\/\\\/www.notibras.com\\\/site\\\/#website\",\"url\":\"https:\\\/\\\/www.notibras.com\\\/site\\\/\",\"name\":\"Notibras\",\"description\":\"Not\u00edcias de Bras\u00edlia, do Brasil e do Mundo\",\"publisher\":{\"@id\":\"https:\\\/\\\/www.notibras.com\\\/site\\\/#organization\"},\"potentialAction\":[{\"@type\":\"SearchAction\",\"target\":{\"@type\":\"EntryPoint\",\"urlTemplate\":\"https:\\\/\\\/www.notibras.com\\\/site\\\/?s={search_term_string}\"},\"query-input\":{\"@type\":\"PropertyValueSpecification\",\"valueRequired\":true,\"valueName\":\"search_term_string\"}}],\"inLanguage\":\"pt-BR\"},{\"@type\":\"Organization\",\"@id\":\"https:\\\/\\\/www.notibras.com\\\/site\\\/#organization\",\"name\":\"Grupo Notibras de Comunica\u00e7\u00e3o\",\"url\":\"https:\\\/\\\/www.notibras.com\\\/site\\\/\",\"logo\":{\"@type\":\"ImageObject\",\"inLanguage\":\"pt-BR\",\"@id\":\"https:\\\/\\\/www.notibras.com\\\/site\\\/#\\\/schema\\\/logo\\\/image\\\/\",\"url\":\"https:\\\/\\\/www.notibras.com\\\/site\\\/wp-content\\\/uploads\\\/2023\\\/01\\\/notibras23.png\",\"contentUrl\":\"https:\\\/\\\/www.notibras.com\\\/site\\\/wp-content\\\/uploads\\\/2023\\\/01\\\/notibras23.png\",\"width\":350,\"height\":87,\"caption\":\"Grupo Notibras de Comunica\u00e7\u00e3o\"},\"image\":{\"@id\":\"https:\\\/\\\/www.notibras.com\\\/site\\\/#\\\/schema\\\/logo\\\/image\\\/\"},\"sameAs\":[\"https:\\\/\\\/www.facebook.com\\\/notibras\\\/\",\"https:\\\/\\\/x.com\\\/Notibras\",\"https:\\\/\\\/www.instagram.com\\\/notibras\\\/\"]},{\"@type\":\"Person\",\"@id\":\"https:\\\/\\\/www.notibras.com\\\/site\\\/#\\\/schema\\\/person\\\/5b7fabf2aedc3ada2105f03b22b4d3dd\",\"name\":\"Eduardo Mart\u00ednez\",\"image\":{\"@type\":\"ImageObject\",\"inLanguage\":\"pt-BR\",\"@id\":\"https:\\\/\\\/secure.gravatar.com\\\/avatar\\\/7902f906289926289cbcda644b5197c796b893c6ffd7b9a536a42d290f7704a0?s=96&d=mm&r=g\",\"url\":\"https:\\\/\\\/secure.gravatar.com\\\/avatar\\\/7902f906289926289cbcda644b5197c796b893c6ffd7b9a536a42d290f7704a0?s=96&d=mm&r=g\",\"contentUrl\":\"https:\\\/\\\/secure.gravatar.com\\\/avatar\\\/7902f906289926289cbcda644b5197c796b893c6ffd7b9a536a42d290f7704a0?s=96&d=mm&r=g\",\"caption\":\"Eduardo Mart\u00ednez\"}}]}<\/script>\n<!-- \/ Yoast SEO plugin. -->","yoast_head_json":{"title":"Casal de saguis-de-serra-escuro, esp\u00e9cie amea\u00e7ada, j\u00e1 pode ser visitado - Notibras","robots":{"index":"index","follow":"follow","max-snippet":"max-snippet:-1","max-image-preview":"max-image-preview:large","max-video-preview":"max-video-preview:-1"},"canonical":"https:\/\/www.notibras.com\/site\/casal-de-saguis-de-serra-escuro-especie-ameacada-ja-pode-ser-visitado\/","og_locale":"pt_BR","og_type":"article","og_title":"Casal de saguis-de-serra-escuro, esp\u00e9cie amea\u00e7ada, j\u00e1 pode ser visitado - Notibras","og_description":"O Zool\u00f3gico de Bras\u00edlia recebeu, em setembro, um casal de saguis-de-serra-escuro (Callithrix aurita), esp\u00e9cie considerada uma das mais raras e amea\u00e7adas de extin\u00e7\u00e3o do Brasil. Ap\u00f3s passarem pelo per\u00edodo de quarentena e adapta\u00e7\u00e3o, os animais, batizados de Jo\u00e3o Paulo e Ana Maria, agora est\u00e3o dispon\u00edveis para visita\u00e7\u00e3o no mic\u00e1rio do Zool\u00f3gico de Bras\u00edlia. Encontrados em [&hellip;]","og_url":"https:\/\/www.notibras.com\/site\/casal-de-saguis-de-serra-escuro-especie-ameacada-ja-pode-ser-visitado\/","og_site_name":"Notibras","article_publisher":"https:\/\/www.facebook.com\/notibras\/","article_published_time":"2025-12-19T03:15:15+00:00","og_image":[{"width":853,"height":1280,"url":"https:\/\/www.notibras.com\/site\/wp-content\/uploads\/2025\/12\/WhatsApp-Image-2025-12-17-at-10.36.46.jpeg","type":"image\/jpeg"}],"author":"Eduardo Mart\u00ednez","twitter_card":"summary_large_image","twitter_creator":"@Notibras","twitter_site":"@Notibras","twitter_misc":{"Escrito por":"Eduardo Mart\u00ednez","Est. tempo de leitura":"2 minutos"},"schema":{"@context":"https:\/\/schema.org","@graph":[{"@type":"Article","@id":"https:\/\/www.notibras.com\/site\/casal-de-saguis-de-serra-escuro-especie-ameacada-ja-pode-ser-visitado\/#article","isPartOf":{"@id":"https:\/\/www.notibras.com\/site\/casal-de-saguis-de-serra-escuro-especie-ameacada-ja-pode-ser-visitado\/"},"author":{"name":"Eduardo Mart\u00ednez","@id":"https:\/\/www.notibras.com\/site\/#\/schema\/person\/5b7fabf2aedc3ada2105f03b22b4d3dd"},"headline":"Casal de saguis-de-serra-escuro, esp\u00e9cie amea\u00e7ada, j\u00e1 pode ser visitado","datePublished":"2025-12-19T03:15:15+00:00","mainEntityOfPage":{"@id":"https:\/\/www.notibras.com\/site\/casal-de-saguis-de-serra-escuro-especie-ameacada-ja-pode-ser-visitado\/"},"wordCount":344,"publisher":{"@id":"https:\/\/www.notibras.com\/site\/#organization"},"image":{"@id":"https:\/\/www.notibras.com\/site\/casal-de-saguis-de-serra-escuro-especie-ameacada-ja-pode-ser-visitado\/#primaryimage"},"thumbnailUrl":"https:\/\/www.notibras.com\/site\/wp-content\/uploads\/2025\/12\/WhatsApp-Image-2025-12-17-at-10.36.46.jpeg","articleSection":["Quadradinho em Foco"],"inLanguage":"pt-BR"},{"@type":"WebPage","@id":"https:\/\/www.notibras.com\/site\/casal-de-saguis-de-serra-escuro-especie-ameacada-ja-pode-ser-visitado\/","url":"https:\/\/www.notibras.com\/site\/casal-de-saguis-de-serra-escuro-especie-ameacada-ja-pode-ser-visitado\/","name":"Casal de saguis-de-serra-escuro, esp\u00e9cie amea\u00e7ada, j\u00e1 pode ser visitado - Notibras","isPartOf":{"@id":"https:\/\/www.notibras.com\/site\/#website"},"primaryImageOfPage":{"@id":"https:\/\/www.notibras.com\/site\/casal-de-saguis-de-serra-escuro-especie-ameacada-ja-pode-ser-visitado\/#primaryimage"},"image":{"@id":"https:\/\/www.notibras.com\/site\/casal-de-saguis-de-serra-escuro-especie-ameacada-ja-pode-ser-visitado\/#primaryimage"},"thumbnailUrl":"https:\/\/www.notibras.com\/site\/wp-content\/uploads\/2025\/12\/WhatsApp-Image-2025-12-17-at-10.36.46.jpeg","datePublished":"2025-12-19T03:15:15+00:00","breadcrumb":{"@id":"https:\/\/www.notibras.com\/site\/casal-de-saguis-de-serra-escuro-especie-ameacada-ja-pode-ser-visitado\/#breadcrumb"},"inLanguage":"pt-BR","potentialAction":[{"@type":"ReadAction","target":["https:\/\/www.notibras.com\/site\/casal-de-saguis-de-serra-escuro-especie-ameacada-ja-pode-ser-visitado\/"]}]},{"@type":"ImageObject","inLanguage":"pt-BR","@id":"https:\/\/www.notibras.com\/site\/casal-de-saguis-de-serra-escuro-especie-ameacada-ja-pode-ser-visitado\/#primaryimage","url":"https:\/\/www.notibras.com\/site\/wp-content\/uploads\/2025\/12\/WhatsApp-Image-2025-12-17-at-10.36.46.jpeg","contentUrl":"https:\/\/www.notibras.com\/site\/wp-content\/uploads\/2025\/12\/WhatsApp-Image-2025-12-17-at-10.36.46.jpeg","width":853,"height":1280},{"@type":"BreadcrumbList","@id":"https:\/\/www.notibras.com\/site\/casal-de-saguis-de-serra-escuro-especie-ameacada-ja-pode-ser-visitado\/#breadcrumb","itemListElement":[{"@type":"ListItem","position":1,"name":"In\u00edcio","item":"https:\/\/www.notibras.com\/site\/"},{"@type":"ListItem","position":2,"name":"Casal de saguis-de-serra-escuro, esp\u00e9cie amea\u00e7ada, j\u00e1 pode ser visitado"}]},{"@type":"WebSite","@id":"https:\/\/www.notibras.com\/site\/#website","url":"https:\/\/www.notibras.com\/site\/","name":"Notibras","description":"Not\u00edcias de Bras\u00edlia, do Brasil e do Mundo","publisher":{"@id":"https:\/\/www.notibras.com\/site\/#organization"},"potentialAction":[{"@type":"SearchAction","target":{"@type":"EntryPoint","urlTemplate":"https:\/\/www.notibras.com\/site\/?s={search_term_string}"},"query-input":{"@type":"PropertyValueSpecification","valueRequired":true,"valueName":"search_term_string"}}],"inLanguage":"pt-BR"},{"@type":"Organization","@id":"https:\/\/www.notibras.com\/site\/#organization","name":"Grupo Notibras de Comunica\u00e7\u00e3o","url":"https:\/\/www.notibras.com\/site\/","logo":{"@type":"ImageObject","inLanguage":"pt-BR","@id":"https:\/\/www.notibras.com\/site\/#\/schema\/logo\/image\/","url":"https:\/\/www.notibras.com\/site\/wp-content\/uploads\/2023\/01\/notibras23.png","contentUrl":"https:\/\/www.notibras.com\/site\/wp-content\/uploads\/2023\/01\/notibras23.png","width":350,"height":87,"caption":"Grupo Notibras de Comunica\u00e7\u00e3o"},"image":{"@id":"https:\/\/www.notibras.com\/site\/#\/schema\/logo\/image\/"},"sameAs":["https:\/\/www.facebook.com\/notibras\/","https:\/\/x.com\/Notibras","https:\/\/www.instagram.com\/notibras\/"]},{"@type":"Person","@id":"https:\/\/www.notibras.com\/site\/#\/schema\/person\/5b7fabf2aedc3ada2105f03b22b4d3dd","name":"Eduardo Mart\u00ednez","image":{"@type":"ImageObject","inLanguage":"pt-BR","@id":"https:\/\/secure.gravatar.com\/avatar\/7902f906289926289cbcda644b5197c796b893c6ffd7b9a536a42d290f7704a0?s=96&d=mm&r=g","url":"https:\/\/secure.gravatar.com\/avatar\/7902f906289926289cbcda644b5197c796b893c6ffd7b9a536a42d290f7704a0?s=96&d=mm&r=g","contentUrl":"https:\/\/secure.gravatar.com\/avatar\/7902f906289926289cbcda644b5197c796b893c6ffd7b9a536a42d290f7704a0?s=96&d=mm&r=g","caption":"Eduardo Mart\u00ednez"}}]}},"amp_enabled":true,"_links":{"self":[{"href":"https:\/\/www.notibras.com\/site\/wp-json\/wp\/v2\/posts\/375382","targetHints":{"allow":["GET"]}}],"collection":[{"href":"https:\/\/www.notibras.com\/site\/wp-json\/wp\/v2\/posts"}],"about":[{"href":"https:\/\/www.notibras.com\/site\/wp-json\/wp\/v2\/types\/post"}],"author":[{"embeddable":true,"href":"https:\/\/www.notibras.com\/site\/wp-json\/wp\/v2\/users\/21"}],"replies":[{"embeddable":true,"href":"https:\/\/www.notibras.com\/site\/wp-json\/wp\/v2\/comments?post=375382"}],"version-history":[{"count":5,"href":"https:\/\/www.notibras.com\/site\/wp-json\/wp\/v2\/posts\/375382\/revisions"}],"predecessor-version":[{"id":375388,"href":"https:\/\/www.notibras.com\/site\/wp-json\/wp\/v2\/posts\/375382\/revisions\/375388"}],"wp:featuredmedia":[{"embeddable":true,"href":"https:\/\/www.notibras.com\/site\/wp-json\/wp\/v2\/media\/375383"}],"wp:attachment":[{"href":"https:\/\/www.notibras.com\/site\/wp-json\/wp\/v2\/media?parent=375382"}],"wp:term":[{"taxonomy":"category","embeddable":true,"href":"https:\/\/www.notibras.com\/site\/wp-json\/wp\/v2\/categories?post=375382"},{"taxonomy":"post_tag","embeddable":true,"href":"https:\/\/www.notibras.com\/site\/wp-json\/wp\/v2\/tags?post=375382"}],"curies":[{"name":"wp","href":"https:\/\/api.w.org\/{rel}","templated":true}]}}