{"id":375389,"date":"2025-12-19T00:30:46","date_gmt":"2025-12-19T03:30:46","guid":{"rendered":"https:\/\/www.notibras.com\/site\/?p=375389"},"modified":"2025-12-18T21:42:01","modified_gmt":"2025-12-19T00:42:01","slug":"avanca-implementacao-das-novas-regras-de-habilitacao","status":"publish","type":"post","link":"https:\/\/www.notibras.com\/site\/avanca-implementacao-das-novas-regras-de-habilitacao\/","title":{"rendered":"Avan\u00e7a implementa\u00e7\u00e3o das novas regras de habilita\u00e7\u00e3o"},"content":{"rendered":"<p>O Departamento de Tr\u00e2nsito do Distrito Federal (Detran-DF) segue avan\u00e7ando na implementa\u00e7\u00e3o das mudan\u00e7as estabelecidas pela Resolu\u00e7\u00e3o Contran n\u00ba 1.020\/2025, que define novas regras para os processos de habilita\u00e7\u00e3o em todo o pa\u00eds. A autarquia j\u00e1 concluiu uma s\u00e9rie de adequa\u00e7\u00f5es e outras est\u00e3o em andamento, conforme cronograma estabelecido.<\/p>\n<p><strong>Adequa\u00e7\u00f5es j\u00e1 conclu\u00eddas:<\/strong><\/p>\n<p>Integra\u00e7\u00e3o com o aplicativo CNH do Brasil, possibilitando a recep\u00e7\u00e3o dos dados do requerimento de habilita\u00e7\u00e3o e o recebimento do curso te\u00f3rico de obten\u00e7\u00e3o realizado de forma digital;<\/p>\n<p>Amplia\u00e7\u00e3o do tempo destinado ao exame te\u00f3rico, que passou a ser de 60 minutos, podendo chegar a duas horas nos casos de provas adaptadas;<\/p>\n<p>Implementa\u00e7\u00e3o da validade indeterminada do processo de habilita\u00e7\u00e3o, encerrando o prazo m\u00e1ximo de 12 meses anteriormente exigido para a conclus\u00e3o das etapas.<\/p>\n<p><strong>Ajustes na forma\u00e7\u00e3o pr\u00e1tica, com cargas hor\u00e1rias de:<\/strong><\/p>\n<p>2 horas\/aula para a obten\u00e7\u00e3o da CNH;<\/p>\n<p>2 horas\/aula para a adi\u00e7\u00e3o de categoria;<\/p>\n<p>10 horas\/aula para a mudan\u00e7a de categoria;<\/p>\n<p>Disponibiliza\u00e7\u00e3o da forma\u00e7\u00e3o e da aplica\u00e7\u00e3o de exames em Libras, com atendimento presencial e apoio de int\u00e9rprete.<\/p>\n<p><strong>Adequa\u00e7\u00f5es em andamento:<\/strong><\/p>\n<p>Atualiza\u00e7\u00e3o do banco de quest\u00f5es dos exames te\u00f3ricos, tanto para a obten\u00e7\u00e3o da CNH quanto para os cursos de reciclagem;<\/p>\n<p>Adapta\u00e7\u00f5es e ajustes nos exames pr\u00e1ticos;<\/p>\n<p>Estudos e procedimentos para a implementa\u00e7\u00e3o da CNH 100% digital, incluindo o fim da obrigatoriedade do documento f\u00edsico, o credenciamento de instrutores aut\u00f4nomos e a renova\u00e7\u00e3o autom\u00e1tica da habilita\u00e7\u00e3o;<\/p>\n<p>Elabora\u00e7\u00e3o de quest\u00f5es de exames em Libras;<\/p>\n<p>Revis\u00e3o da carga hor\u00e1ria do curso de reciclagem.<\/p>\n","protected":false},"excerpt":{"rendered":"<p>O Departamento de Tr\u00e2nsito do Distrito Federal (Detran-DF) segue avan\u00e7ando na implementa\u00e7\u00e3o das mudan\u00e7as estabelecidas pela Resolu\u00e7\u00e3o Contran n\u00ba 1.020\/2025, que define novas regras para os processos de habilita\u00e7\u00e3o em todo o pa\u00eds. A autarquia j\u00e1 concluiu uma s\u00e9rie de adequa\u00e7\u00f5es e outras est\u00e3o em andamento, conforme cronograma estabelecido. Adequa\u00e7\u00f5es j\u00e1 conclu\u00eddas: Integra\u00e7\u00e3o com o [&hellip;]<\/p>\n","protected":false},"author":21,"featured_media":375390,"comment_status":"closed","ping_status":"closed","sticky":false,"template":"","format":"standard","meta":{"_acf_changed":false,"footnotes":""},"categories":[161],"tags":[],"class_list":["post-375389","post","type-post","status-publish","format-standard","has-post-thumbnail","hentry","category-quadradinho-em-foco"],"acf":[],"yoast_head":"<!-- This site is optimized with the Yoast SEO plugin v27.5 - https:\/\/yoast.com\/product\/yoast-seo-wordpress\/ -->\n<title>Avan\u00e7a implementa\u00e7\u00e3o das novas regras de habilita\u00e7\u00e3o - Notibras<\/title>\n<meta name=\"robots\" content=\"index, follow, max-snippet:-1, max-image-preview:large, max-video-preview:-1\" \/>\n<link rel=\"canonical\" href=\"https:\/\/www.notibras.com\/site\/avanca-implementacao-das-novas-regras-de-habilitacao\/\" \/>\n<meta property=\"og:locale\" content=\"pt_BR\" \/>\n<meta property=\"og:type\" content=\"article\" \/>\n<meta property=\"og:title\" content=\"Avan\u00e7a implementa\u00e7\u00e3o das novas regras de habilita\u00e7\u00e3o - Notibras\" \/>\n<meta property=\"og:description\" content=\"O Departamento de Tr\u00e2nsito do Distrito Federal (Detran-DF) segue avan\u00e7ando na implementa\u00e7\u00e3o das mudan\u00e7as estabelecidas pela Resolu\u00e7\u00e3o Contran n\u00ba 1.020\/2025, que define novas regras para os processos de habilita\u00e7\u00e3o em todo o pa\u00eds. A autarquia j\u00e1 concluiu uma s\u00e9rie de adequa\u00e7\u00f5es e outras est\u00e3o em andamento, conforme cronograma estabelecido. Adequa\u00e7\u00f5es j\u00e1 conclu\u00eddas: Integra\u00e7\u00e3o com o [&hellip;]\" \/>\n<meta property=\"og:url\" content=\"https:\/\/www.notibras.com\/site\/avanca-implementacao-das-novas-regras-de-habilitacao\/\" \/>\n<meta property=\"og:site_name\" content=\"Notibras\" \/>\n<meta property=\"article:publisher\" content=\"https:\/\/www.facebook.com\/notibras\/\" \/>\n<meta property=\"article:published_time\" content=\"2025-12-19T03:30:46+00:00\" \/>\n<meta property=\"og:image\" content=\"https:\/\/www.notibras.com\/site\/wp-content\/uploads\/2025\/12\/WhatsApp-Image-2025-12-18-at-21.37.46.jpeg\" \/>\n\t<meta property=\"og:image:width\" content=\"1600\" \/>\n\t<meta property=\"og:image:height\" content=\"1066\" \/>\n\t<meta property=\"og:image:type\" content=\"image\/jpeg\" \/>\n<meta name=\"author\" content=\"Eduardo Mart\u00ednez\" \/>\n<meta name=\"twitter:card\" content=\"summary_large_image\" \/>\n<meta name=\"twitter:creator\" content=\"@Notibras\" \/>\n<meta name=\"twitter:site\" content=\"@Notibras\" \/>\n<meta name=\"twitter:label1\" content=\"Escrito por\" \/>\n\t<meta name=\"twitter:data1\" content=\"Eduardo Mart\u00ednez\" \/>\n\t<meta name=\"twitter:label2\" content=\"Est. tempo de leitura\" \/>\n\t<meta name=\"twitter:data2\" content=\"2 minutos\" \/>\n<script type=\"application\/ld+json\" class=\"yoast-schema-graph\">{\"@context\":\"https:\\\/\\\/schema.org\",\"@graph\":[{\"@type\":\"Article\",\"@id\":\"https:\\\/\\\/www.notibras.com\\\/site\\\/avanca-implementacao-das-novas-regras-de-habilitacao\\\/#article\",\"isPartOf\":{\"@id\":\"https:\\\/\\\/www.notibras.com\\\/site\\\/avanca-implementacao-das-novas-regras-de-habilitacao\\\/\"},\"author\":{\"name\":\"Eduardo Mart\u00ednez\",\"@id\":\"https:\\\/\\\/www.notibras.com\\\/site\\\/#\\\/schema\\\/person\\\/5b7fabf2aedc3ada2105f03b22b4d3dd\"},\"headline\":\"Avan\u00e7a implementa\u00e7\u00e3o das novas regras de habilita\u00e7\u00e3o\",\"datePublished\":\"2025-12-19T03:30:46+00:00\",\"mainEntityOfPage\":{\"@id\":\"https:\\\/\\\/www.notibras.com\\\/site\\\/avanca-implementacao-das-novas-regras-de-habilitacao\\\/\"},\"wordCount\":301,\"publisher\":{\"@id\":\"https:\\\/\\\/www.notibras.com\\\/site\\\/#organization\"},\"image\":{\"@id\":\"https:\\\/\\\/www.notibras.com\\\/site\\\/avanca-implementacao-das-novas-regras-de-habilitacao\\\/#primaryimage\"},\"thumbnailUrl\":\"https:\\\/\\\/www.notibras.com\\\/site\\\/wp-content\\\/uploads\\\/2025\\\/12\\\/WhatsApp-Image-2025-12-18-at-21.37.46.jpeg\",\"articleSection\":[\"Quadradinho em Foco\"],\"inLanguage\":\"pt-BR\"},{\"@type\":\"WebPage\",\"@id\":\"https:\\\/\\\/www.notibras.com\\\/site\\\/avanca-implementacao-das-novas-regras-de-habilitacao\\\/\",\"url\":\"https:\\\/\\\/www.notibras.com\\\/site\\\/avanca-implementacao-das-novas-regras-de-habilitacao\\\/\",\"name\":\"Avan\u00e7a implementa\u00e7\u00e3o das novas regras de habilita\u00e7\u00e3o - Notibras\",\"isPartOf\":{\"@id\":\"https:\\\/\\\/www.notibras.com\\\/site\\\/#website\"},\"primaryImageOfPage\":{\"@id\":\"https:\\\/\\\/www.notibras.com\\\/site\\\/avanca-implementacao-das-novas-regras-de-habilitacao\\\/#primaryimage\"},\"image\":{\"@id\":\"https:\\\/\\\/www.notibras.com\\\/site\\\/avanca-implementacao-das-novas-regras-de-habilitacao\\\/#primaryimage\"},\"thumbnailUrl\":\"https:\\\/\\\/www.notibras.com\\\/site\\\/wp-content\\\/uploads\\\/2025\\\/12\\\/WhatsApp-Image-2025-12-18-at-21.37.46.jpeg\",\"datePublished\":\"2025-12-19T03:30:46+00:00\",\"breadcrumb\":{\"@id\":\"https:\\\/\\\/www.notibras.com\\\/site\\\/avanca-implementacao-das-novas-regras-de-habilitacao\\\/#breadcrumb\"},\"inLanguage\":\"pt-BR\",\"potentialAction\":[{\"@type\":\"ReadAction\",\"target\":[\"https:\\\/\\\/www.notibras.com\\\/site\\\/avanca-implementacao-das-novas-regras-de-habilitacao\\\/\"]}]},{\"@type\":\"ImageObject\",\"inLanguage\":\"pt-BR\",\"@id\":\"https:\\\/\\\/www.notibras.com\\\/site\\\/avanca-implementacao-das-novas-regras-de-habilitacao\\\/#primaryimage\",\"url\":\"https:\\\/\\\/www.notibras.com\\\/site\\\/wp-content\\\/uploads\\\/2025\\\/12\\\/WhatsApp-Image-2025-12-18-at-21.37.46.jpeg\",\"contentUrl\":\"https:\\\/\\\/www.notibras.com\\\/site\\\/wp-content\\\/uploads\\\/2025\\\/12\\\/WhatsApp-Image-2025-12-18-at-21.37.46.jpeg\",\"width\":1600,\"height\":1066},{\"@type\":\"BreadcrumbList\",\"@id\":\"https:\\\/\\\/www.notibras.com\\\/site\\\/avanca-implementacao-das-novas-regras-de-habilitacao\\\/#breadcrumb\",\"itemListElement\":[{\"@type\":\"ListItem\",\"position\":1,\"name\":\"In\u00edcio\",\"item\":\"https:\\\/\\\/www.notibras.com\\\/site\\\/\"},{\"@type\":\"ListItem\",\"position\":2,\"name\":\"Avan\u00e7a implementa\u00e7\u00e3o das novas regras de habilita\u00e7\u00e3o\"}]},{\"@type\":\"WebSite\",\"@id\":\"https:\\\/\\\/www.notibras.com\\\/site\\\/#website\",\"url\":\"https:\\\/\\\/www.notibras.com\\\/site\\\/\",\"name\":\"Notibras\",\"description\":\"Not\u00edcias de Bras\u00edlia, do Brasil e do Mundo\",\"publisher\":{\"@id\":\"https:\\\/\\\/www.notibras.com\\\/site\\\/#organization\"},\"potentialAction\":[{\"@type\":\"SearchAction\",\"target\":{\"@type\":\"EntryPoint\",\"urlTemplate\":\"https:\\\/\\\/www.notibras.com\\\/site\\\/?s={search_term_string}\"},\"query-input\":{\"@type\":\"PropertyValueSpecification\",\"valueRequired\":true,\"valueName\":\"search_term_string\"}}],\"inLanguage\":\"pt-BR\"},{\"@type\":\"Organization\",\"@id\":\"https:\\\/\\\/www.notibras.com\\\/site\\\/#organization\",\"name\":\"Grupo Notibras de Comunica\u00e7\u00e3o\",\"url\":\"https:\\\/\\\/www.notibras.com\\\/site\\\/\",\"logo\":{\"@type\":\"ImageObject\",\"inLanguage\":\"pt-BR\",\"@id\":\"https:\\\/\\\/www.notibras.com\\\/site\\\/#\\\/schema\\\/logo\\\/image\\\/\",\"url\":\"https:\\\/\\\/www.notibras.com\\\/site\\\/wp-content\\\/uploads\\\/2023\\\/01\\\/notibras23.png\",\"contentUrl\":\"https:\\\/\\\/www.notibras.com\\\/site\\\/wp-content\\\/uploads\\\/2023\\\/01\\\/notibras23.png\",\"width\":350,\"height\":87,\"caption\":\"Grupo Notibras de Comunica\u00e7\u00e3o\"},\"image\":{\"@id\":\"https:\\\/\\\/www.notibras.com\\\/site\\\/#\\\/schema\\\/logo\\\/image\\\/\"},\"sameAs\":[\"https:\\\/\\\/www.facebook.com\\\/notibras\\\/\",\"https:\\\/\\\/x.com\\\/Notibras\",\"https:\\\/\\\/www.instagram.com\\\/notibras\\\/\"]},{\"@type\":\"Person\",\"@id\":\"https:\\\/\\\/www.notibras.com\\\/site\\\/#\\\/schema\\\/person\\\/5b7fabf2aedc3ada2105f03b22b4d3dd\",\"name\":\"Eduardo Mart\u00ednez\",\"image\":{\"@type\":\"ImageObject\",\"inLanguage\":\"pt-BR\",\"@id\":\"https:\\\/\\\/secure.gravatar.com\\\/avatar\\\/7902f906289926289cbcda644b5197c796b893c6ffd7b9a536a42d290f7704a0?s=96&d=mm&r=g\",\"url\":\"https:\\\/\\\/secure.gravatar.com\\\/avatar\\\/7902f906289926289cbcda644b5197c796b893c6ffd7b9a536a42d290f7704a0?s=96&d=mm&r=g\",\"contentUrl\":\"https:\\\/\\\/secure.gravatar.com\\\/avatar\\\/7902f906289926289cbcda644b5197c796b893c6ffd7b9a536a42d290f7704a0?s=96&d=mm&r=g\",\"caption\":\"Eduardo Mart\u00ednez\"}}]}<\/script>\n<!-- \/ Yoast SEO plugin. -->","yoast_head_json":{"title":"Avan\u00e7a implementa\u00e7\u00e3o das novas regras de habilita\u00e7\u00e3o - Notibras","robots":{"index":"index","follow":"follow","max-snippet":"max-snippet:-1","max-image-preview":"max-image-preview:large","max-video-preview":"max-video-preview:-1"},"canonical":"https:\/\/www.notibras.com\/site\/avanca-implementacao-das-novas-regras-de-habilitacao\/","og_locale":"pt_BR","og_type":"article","og_title":"Avan\u00e7a implementa\u00e7\u00e3o das novas regras de habilita\u00e7\u00e3o - Notibras","og_description":"O Departamento de Tr\u00e2nsito do Distrito Federal (Detran-DF) segue avan\u00e7ando na implementa\u00e7\u00e3o das mudan\u00e7as estabelecidas pela Resolu\u00e7\u00e3o Contran n\u00ba 1.020\/2025, que define novas regras para os processos de habilita\u00e7\u00e3o em todo o pa\u00eds. A autarquia j\u00e1 concluiu uma s\u00e9rie de adequa\u00e7\u00f5es e outras est\u00e3o em andamento, conforme cronograma estabelecido. Adequa\u00e7\u00f5es j\u00e1 conclu\u00eddas: Integra\u00e7\u00e3o com o [&hellip;]","og_url":"https:\/\/www.notibras.com\/site\/avanca-implementacao-das-novas-regras-de-habilitacao\/","og_site_name":"Notibras","article_publisher":"https:\/\/www.facebook.com\/notibras\/","article_published_time":"2025-12-19T03:30:46+00:00","og_image":[{"width":1600,"height":1066,"url":"https:\/\/www.notibras.com\/site\/wp-content\/uploads\/2025\/12\/WhatsApp-Image-2025-12-18-at-21.37.46.jpeg","type":"image\/jpeg"}],"author":"Eduardo Mart\u00ednez","twitter_card":"summary_large_image","twitter_creator":"@Notibras","twitter_site":"@Notibras","twitter_misc":{"Escrito por":"Eduardo Mart\u00ednez","Est. tempo de leitura":"2 minutos"},"schema":{"@context":"https:\/\/schema.org","@graph":[{"@type":"Article","@id":"https:\/\/www.notibras.com\/site\/avanca-implementacao-das-novas-regras-de-habilitacao\/#article","isPartOf":{"@id":"https:\/\/www.notibras.com\/site\/avanca-implementacao-das-novas-regras-de-habilitacao\/"},"author":{"name":"Eduardo Mart\u00ednez","@id":"https:\/\/www.notibras.com\/site\/#\/schema\/person\/5b7fabf2aedc3ada2105f03b22b4d3dd"},"headline":"Avan\u00e7a implementa\u00e7\u00e3o das novas regras de habilita\u00e7\u00e3o","datePublished":"2025-12-19T03:30:46+00:00","mainEntityOfPage":{"@id":"https:\/\/www.notibras.com\/site\/avanca-implementacao-das-novas-regras-de-habilitacao\/"},"wordCount":301,"publisher":{"@id":"https:\/\/www.notibras.com\/site\/#organization"},"image":{"@id":"https:\/\/www.notibras.com\/site\/avanca-implementacao-das-novas-regras-de-habilitacao\/#primaryimage"},"thumbnailUrl":"https:\/\/www.notibras.com\/site\/wp-content\/uploads\/2025\/12\/WhatsApp-Image-2025-12-18-at-21.37.46.jpeg","articleSection":["Quadradinho em Foco"],"inLanguage":"pt-BR"},{"@type":"WebPage","@id":"https:\/\/www.notibras.com\/site\/avanca-implementacao-das-novas-regras-de-habilitacao\/","url":"https:\/\/www.notibras.com\/site\/avanca-implementacao-das-novas-regras-de-habilitacao\/","name":"Avan\u00e7a implementa\u00e7\u00e3o das novas regras de habilita\u00e7\u00e3o - Notibras","isPartOf":{"@id":"https:\/\/www.notibras.com\/site\/#website"},"primaryImageOfPage":{"@id":"https:\/\/www.notibras.com\/site\/avanca-implementacao-das-novas-regras-de-habilitacao\/#primaryimage"},"image":{"@id":"https:\/\/www.notibras.com\/site\/avanca-implementacao-das-novas-regras-de-habilitacao\/#primaryimage"},"thumbnailUrl":"https:\/\/www.notibras.com\/site\/wp-content\/uploads\/2025\/12\/WhatsApp-Image-2025-12-18-at-21.37.46.jpeg","datePublished":"2025-12-19T03:30:46+00:00","breadcrumb":{"@id":"https:\/\/www.notibras.com\/site\/avanca-implementacao-das-novas-regras-de-habilitacao\/#breadcrumb"},"inLanguage":"pt-BR","potentialAction":[{"@type":"ReadAction","target":["https:\/\/www.notibras.com\/site\/avanca-implementacao-das-novas-regras-de-habilitacao\/"]}]},{"@type":"ImageObject","inLanguage":"pt-BR","@id":"https:\/\/www.notibras.com\/site\/avanca-implementacao-das-novas-regras-de-habilitacao\/#primaryimage","url":"https:\/\/www.notibras.com\/site\/wp-content\/uploads\/2025\/12\/WhatsApp-Image-2025-12-18-at-21.37.46.jpeg","contentUrl":"https:\/\/www.notibras.com\/site\/wp-content\/uploads\/2025\/12\/WhatsApp-Image-2025-12-18-at-21.37.46.jpeg","width":1600,"height":1066},{"@type":"BreadcrumbList","@id":"https:\/\/www.notibras.com\/site\/avanca-implementacao-das-novas-regras-de-habilitacao\/#breadcrumb","itemListElement":[{"@type":"ListItem","position":1,"name":"In\u00edcio","item":"https:\/\/www.notibras.com\/site\/"},{"@type":"ListItem","position":2,"name":"Avan\u00e7a implementa\u00e7\u00e3o das novas regras de habilita\u00e7\u00e3o"}]},{"@type":"WebSite","@id":"https:\/\/www.notibras.com\/site\/#website","url":"https:\/\/www.notibras.com\/site\/","name":"Notibras","description":"Not\u00edcias de Bras\u00edlia, do Brasil e do Mundo","publisher":{"@id":"https:\/\/www.notibras.com\/site\/#organization"},"potentialAction":[{"@type":"SearchAction","target":{"@type":"EntryPoint","urlTemplate":"https:\/\/www.notibras.com\/site\/?s={search_term_string}"},"query-input":{"@type":"PropertyValueSpecification","valueRequired":true,"valueName":"search_term_string"}}],"inLanguage":"pt-BR"},{"@type":"Organization","@id":"https:\/\/www.notibras.com\/site\/#organization","name":"Grupo Notibras de Comunica\u00e7\u00e3o","url":"https:\/\/www.notibras.com\/site\/","logo":{"@type":"ImageObject","inLanguage":"pt-BR","@id":"https:\/\/www.notibras.com\/site\/#\/schema\/logo\/image\/","url":"https:\/\/www.notibras.com\/site\/wp-content\/uploads\/2023\/01\/notibras23.png","contentUrl":"https:\/\/www.notibras.com\/site\/wp-content\/uploads\/2023\/01\/notibras23.png","width":350,"height":87,"caption":"Grupo Notibras de Comunica\u00e7\u00e3o"},"image":{"@id":"https:\/\/www.notibras.com\/site\/#\/schema\/logo\/image\/"},"sameAs":["https:\/\/www.facebook.com\/notibras\/","https:\/\/x.com\/Notibras","https:\/\/www.instagram.com\/notibras\/"]},{"@type":"Person","@id":"https:\/\/www.notibras.com\/site\/#\/schema\/person\/5b7fabf2aedc3ada2105f03b22b4d3dd","name":"Eduardo Mart\u00ednez","image":{"@type":"ImageObject","inLanguage":"pt-BR","@id":"https:\/\/secure.gravatar.com\/avatar\/7902f906289926289cbcda644b5197c796b893c6ffd7b9a536a42d290f7704a0?s=96&d=mm&r=g","url":"https:\/\/secure.gravatar.com\/avatar\/7902f906289926289cbcda644b5197c796b893c6ffd7b9a536a42d290f7704a0?s=96&d=mm&r=g","contentUrl":"https:\/\/secure.gravatar.com\/avatar\/7902f906289926289cbcda644b5197c796b893c6ffd7b9a536a42d290f7704a0?s=96&d=mm&r=g","caption":"Eduardo Mart\u00ednez"}}]}},"amp_enabled":true,"_links":{"self":[{"href":"https:\/\/www.notibras.com\/site\/wp-json\/wp\/v2\/posts\/375389","targetHints":{"allow":["GET"]}}],"collection":[{"href":"https:\/\/www.notibras.com\/site\/wp-json\/wp\/v2\/posts"}],"about":[{"href":"https:\/\/www.notibras.com\/site\/wp-json\/wp\/v2\/types\/post"}],"author":[{"embeddable":true,"href":"https:\/\/www.notibras.com\/site\/wp-json\/wp\/v2\/users\/21"}],"replies":[{"embeddable":true,"href":"https:\/\/www.notibras.com\/site\/wp-json\/wp\/v2\/comments?post=375389"}],"version-history":[{"count":3,"href":"https:\/\/www.notibras.com\/site\/wp-json\/wp\/v2\/posts\/375389\/revisions"}],"predecessor-version":[{"id":375393,"href":"https:\/\/www.notibras.com\/site\/wp-json\/wp\/v2\/posts\/375389\/revisions\/375393"}],"wp:featuredmedia":[{"embeddable":true,"href":"https:\/\/www.notibras.com\/site\/wp-json\/wp\/v2\/media\/375390"}],"wp:attachment":[{"href":"https:\/\/www.notibras.com\/site\/wp-json\/wp\/v2\/media?parent=375389"}],"wp:term":[{"taxonomy":"category","embeddable":true,"href":"https:\/\/www.notibras.com\/site\/wp-json\/wp\/v2\/categories?post=375389"},{"taxonomy":"post_tag","embeddable":true,"href":"https:\/\/www.notibras.com\/site\/wp-json\/wp\/v2\/tags?post=375389"}],"curies":[{"name":"wp","href":"https:\/\/api.w.org\/{rel}","templated":true}]}}