{"id":375394,"date":"2025-12-19T00:45:17","date_gmt":"2025-12-19T03:45:17","guid":{"rendered":"https:\/\/www.notibras.com\/site\/?p=375394"},"modified":"2025-12-18T22:03:28","modified_gmt":"2025-12-19T01:03:28","slug":"gdf-e-destaque-na-primeira-edicao-do-premio-brasil-sem-fome","status":"publish","type":"post","link":"https:\/\/www.notibras.com\/site\/gdf-e-destaque-na-primeira-edicao-do-premio-brasil-sem-fome\/","title":{"rendered":"GDF \u00e9 destaque na primeira edi\u00e7\u00e3o do Pr\u00eamio Brasil sem Fome"},"content":{"rendered":"<p>O Governo do Distrito Federal recebeu nesta quarta-feira (17), no Teatro Nacional, o pr\u00eamio Brasil Sem Fome, do Minist\u00e9rio do Desenvolvimento e Assist\u00eancia Social, Fam\u00edlia e Combate \u00e0 Fome (MDS). A iniciativa reconhece e premia experi\u00eancias que fortalecem o Sistema Nacional de Seguran\u00e7a Alimentar e Nutricional (Sisan) e contribuem para garantia do Direito Humano \u00e0 Alimenta\u00e7\u00e3o Adequada, especialmente em \u00e1reas de maior vulnerabilidade e risco social.<\/p>\n<p>O DF foi premiado na categoria \u201cBom funcionamento das inst\u00e2ncias do Sisan em seus territ\u00f3rios\u201d, que reconhece os avan\u00e7os na implementa\u00e7\u00e3o do Sistema Nacional de Seguran\u00e7a Alimentar e Nutricional nos \u00faltimos anos.<\/p>\n<p>\u201cEsse reconhecimento nacional mostra a forma como temos tratado a quest\u00e3o da seguran\u00e7a alimentar no Distrito Federal, como prioridade de governo, com planejamento, integra\u00e7\u00e3o entre as \u00e1reas e pol\u00edticas p\u00fablicas que chegam a quem mais precisa. Recebemos tamb\u00e9m o Selo Betinho, o que demonstra que no Distrito Federal as pessoas j\u00e1 n\u00e3o passam mais fome, t\u00eam direito a tr\u00eas refei\u00e7\u00f5es di\u00e1rias por mais carente e mais vulner\u00e1vel que elas sejam\u201d, destacou o governador Ibaneis Rocha.<\/p>\n<p>\u201cForam avaliados crit\u00e9rios como, por exemplo, se temos Plano e a\u00e7\u00f5es de Seguran\u00e7a Alimentar e Nutricional elaborados de forma intersetorial, se existe monitoramento pela sociedade civil, se a Caisan-DF realiza reuni\u00f5es peri\u00f3dicas, se tem or\u00e7amento, se tem estrutura administrativa e secretaria executiva. Esses foram alguns dos fatores considerados priorit\u00e1rios para que o DF fosse escolhido entre todas as unidades da Federa\u00e7\u00e3o\u201d, destaca a secret\u00e1ria executiva da Caisan-DF, Lidiane Pires, respons\u00e1vel pela inscri\u00e7\u00e3o do GDF nesta categoria.<\/p>\n<p>\u201cO Governo do Distrito Federal (GDF) teve destaque nessa premia\u00e7\u00e3o, justamente, pelas boas pr\u00e1ticas que acabam refletindo em bons resultados para a popula\u00e7\u00e3o. Mostra que este GDF tem instrumentos para garantir o direito a uma alimenta\u00e7\u00e3o adequada e \u00e9 refer\u00eancia nacional. A Caisan nacional elaborou essa premia\u00e7\u00e3o com esse objetivo: reconhecer e incentivar que os estados e munic\u00edpios tenham boas pr\u00e1ticas para a promo\u00e7\u00e3o da seguran\u00e7a alimentar e nutricional\u201d, ressalta a presidente da Caisan-DF e secret\u00e1ria de Desenvolvimento Social, Ana Paula Marra.<\/p>\n<p>O GDF foi premiado com outra iniciativa, inscrita pela Empresa da Assist\u00eancia T\u00e9cnica e Extens\u00e3o Rural (Emater-DF) na categoria \u201cBoas pr\u00e1ticas de combate \u00e0 fome e promo\u00e7\u00e3o da seguran\u00e7a alimentar e nutricional\u201d, com a experi\u00eancia: Compras p\u00fablicas alimentando pessoas e sustentando vidas no campo e na cidade. Essa categoria premia experi\u00eancias que se destacaram pela inova\u00e7\u00e3o no enfrentamento da fome e na garantia do direito \u00e0 alimenta\u00e7\u00e3o adequada.<\/p>\n<p>O pr\u00eamio recebido pela Emater-DF destaca a atua\u00e7\u00e3o estrat\u00e9gica da assist\u00eancia t\u00e9cnica e da extens\u00e3o rural na execu\u00e7\u00e3o de pol\u00edticas de compras p\u00fablicas, como o Programa de Aquisi\u00e7\u00e3o de Alimentos (PAA), o Programa Nacional de Alimenta\u00e7\u00e3o Escolar (PNAE) e o Programa de Aquisi\u00e7\u00e3o da Produ\u00e7\u00e3o da Agricultura do DF (PAPA). S\u00e3o iniciativas que conectam o campo \u00e0 mesa, gerando renda para a agricultura familiar e alimento de qualidade para a popula\u00e7\u00e3o em situa\u00e7\u00e3o de vulnerabilidade.<\/p>\n<p>\u201cEsse pr\u00eamio comprova que a assist\u00eancia t\u00e9cnica e a extens\u00e3o rural s\u00e3o fundamentais para transformar pol\u00edticas p\u00fablicas em cidadania. A Emater-DF atua para garantir que o alimento chegue \u00e0 mesa de quem precisa, ao mesmo tempo em que assegura renda, dignidade e reconhecimento \u00e0s fam\u00edlias agricultoras. Combater a fome passa, necessariamente, por fortalecer a agricultura familiar e construir sistemas alimentares mais justos e inclusivos\u201d, afirmou o presidente da Emater-DF, Cleison Duval.<\/p>\n<p>Para o presidente, o resultado \u00e9 fruto de uma atua\u00e7\u00e3o integrada. \u201c\u00c9 um trabalho que envolve t\u00e9cnicos, agricultores, gestores e pol\u00edticas p\u00fablicas bem articuladas. Quando o Estado investe de forma coordenada, o retorno social aparece de maneira concreta, tanto no campo quanto na cidade\u201d, completou.<\/p>\n<p><strong>Pr\u00eamio<\/strong><\/p>\n<p>A premia\u00e7\u00e3o reconhece a\u00e7\u00f5es inovadoras que fortalecem o Sistema Nacional de Seguran\u00e7a Alimentar e Nutricional (Sisan) e ampliam o acesso ao direito humano \u00e0 alimenta\u00e7\u00e3o adequada, especialmente em territ\u00f3rios de maior vulnerabilidade social.<\/p>\n<p>O ministro do Desenvolvimento e Assist\u00eancia Social, Fam\u00edlia e Combate \u00e0 Fome, Wellington Dias, participou da cerim\u00f4nia, que reuniu representantes da Presid\u00eancia da Rep\u00fablica, da Caisan Nacional, e de estados e munic\u00edpios premiados, al\u00e9m de organiza\u00e7\u00f5es da sociedade civil, organismos internacionais, do Congresso Nacional e Consea Nacional.<\/p>\n<p>Nesta primeira edi\u00e7\u00e3o do Pr\u00eamio Brasil Sem Fome, do governo federal, foram elencadas tr\u00eas categorias:<\/p>\n<p>I \u2013 Redu\u00e7\u00e3o da inseguran\u00e7a alimentar e nutricional nos estados e no Distrito Federal. Foram premiados cinco estados.<\/p>\n<p>II \u2013 Bom funcionamento das inst\u00e2ncias do Sisan. Foram premiados cinco estados, seis munic\u00edpios e o Distrito Federal.<\/p>\n<p>III \u2013 Boas pr\u00e1ticas de combate \u00e0 fome e promo\u00e7\u00e3o da seguran\u00e7a alimentar e nutricional, que premiou seis estados, 19 munic\u00edpios e o Distrito Federal.<\/p>\n<p>As tr\u00eas categorias buscam ampliar o engajamento de governos e gestores p\u00fablicos e fortalecer as estrat\u00e9gias de combate \u00e0 fome e de promo\u00e7\u00e3o da seguran\u00e7a alimentar e nutricional, especialmente em \u00e1reas de maior vulnerabilidade social.<\/p>\n<p>O pr\u00eamio \u00e9 organizado pelo MDS, por meio da Secretaria Extraordin\u00e1ria de Combate \u00e0 Pobreza e \u00e0 Fome, no exerc\u00edcio da Presid\u00eancia da C\u00e2mara Interministerial de Seguran\u00e7a Alimentar e Nutricional (Caisan).<\/p>\n","protected":false},"excerpt":{"rendered":"<p>O Governo do Distrito Federal recebeu nesta quarta-feira (17), no Teatro Nacional, o pr\u00eamio Brasil Sem Fome, do Minist\u00e9rio do Desenvolvimento e Assist\u00eancia Social, Fam\u00edlia e Combate \u00e0 Fome (MDS). A iniciativa reconhece e premia experi\u00eancias que fortalecem o Sistema Nacional de Seguran\u00e7a Alimentar e Nutricional (Sisan) e contribuem para garantia do Direito Humano \u00e0 [&hellip;]<\/p>\n","protected":false},"author":21,"featured_media":375395,"comment_status":"closed","ping_status":"closed","sticky":false,"template":"","format":"standard","meta":{"_acf_changed":false,"footnotes":""},"categories":[161],"tags":[],"class_list":["post-375394","post","type-post","status-publish","format-standard","has-post-thumbnail","hentry","category-quadradinho-em-foco"],"acf":[],"yoast_head":"<!-- This site is optimized with the Yoast SEO plugin v27.5 - https:\/\/yoast.com\/product\/yoast-seo-wordpress\/ -->\n<title>GDF \u00e9 destaque na primeira edi\u00e7\u00e3o do Pr\u00eamio Brasil sem Fome - Notibras<\/title>\n<meta name=\"robots\" content=\"index, follow, max-snippet:-1, max-image-preview:large, max-video-preview:-1\" \/>\n<link rel=\"canonical\" href=\"https:\/\/www.notibras.com\/site\/gdf-e-destaque-na-primeira-edicao-do-premio-brasil-sem-fome\/\" \/>\n<meta property=\"og:locale\" content=\"pt_BR\" \/>\n<meta property=\"og:type\" content=\"article\" \/>\n<meta property=\"og:title\" content=\"GDF \u00e9 destaque na primeira edi\u00e7\u00e3o do Pr\u00eamio Brasil sem Fome - Notibras\" \/>\n<meta property=\"og:description\" content=\"O Governo do Distrito Federal recebeu nesta quarta-feira (17), no Teatro Nacional, o pr\u00eamio Brasil Sem Fome, do Minist\u00e9rio do Desenvolvimento e Assist\u00eancia Social, Fam\u00edlia e Combate \u00e0 Fome (MDS). A iniciativa reconhece e premia experi\u00eancias que fortalecem o Sistema Nacional de Seguran\u00e7a Alimentar e Nutricional (Sisan) e contribuem para garantia do Direito Humano \u00e0 [&hellip;]\" \/>\n<meta property=\"og:url\" content=\"https:\/\/www.notibras.com\/site\/gdf-e-destaque-na-primeira-edicao-do-premio-brasil-sem-fome\/\" \/>\n<meta property=\"og:site_name\" content=\"Notibras\" \/>\n<meta property=\"article:publisher\" content=\"https:\/\/www.facebook.com\/notibras\/\" \/>\n<meta property=\"article:published_time\" content=\"2025-12-19T03:45:17+00:00\" \/>\n<meta property=\"og:image\" content=\"https:\/\/www.notibras.com\/site\/wp-content\/uploads\/2025\/12\/WhatsApp-Image-2025-12-18-at-14.30.36.jpeg\" \/>\n\t<meta property=\"og:image:width\" content=\"799\" \/>\n\t<meta property=\"og:image:height\" content=\"533\" \/>\n\t<meta property=\"og:image:type\" content=\"image\/jpeg\" \/>\n<meta name=\"author\" content=\"Eduardo Mart\u00ednez\" \/>\n<meta name=\"twitter:card\" content=\"summary_large_image\" \/>\n<meta name=\"twitter:creator\" content=\"@Notibras\" \/>\n<meta name=\"twitter:site\" content=\"@Notibras\" \/>\n<meta name=\"twitter:label1\" content=\"Escrito por\" \/>\n\t<meta name=\"twitter:data1\" content=\"Eduardo Mart\u00ednez\" \/>\n\t<meta name=\"twitter:label2\" content=\"Est. tempo de leitura\" \/>\n\t<meta name=\"twitter:data2\" content=\"5 minutos\" \/>\n<script type=\"application\/ld+json\" class=\"yoast-schema-graph\">{\"@context\":\"https:\\\/\\\/schema.org\",\"@graph\":[{\"@type\":\"Article\",\"@id\":\"https:\\\/\\\/www.notibras.com\\\/site\\\/gdf-e-destaque-na-primeira-edicao-do-premio-brasil-sem-fome\\\/#article\",\"isPartOf\":{\"@id\":\"https:\\\/\\\/www.notibras.com\\\/site\\\/gdf-e-destaque-na-primeira-edicao-do-premio-brasil-sem-fome\\\/\"},\"author\":{\"name\":\"Eduardo Mart\u00ednez\",\"@id\":\"https:\\\/\\\/www.notibras.com\\\/site\\\/#\\\/schema\\\/person\\\/5b7fabf2aedc3ada2105f03b22b4d3dd\"},\"headline\":\"GDF \u00e9 destaque na primeira edi\u00e7\u00e3o do Pr\u00eamio Brasil sem Fome\",\"datePublished\":\"2025-12-19T03:45:17+00:00\",\"mainEntityOfPage\":{\"@id\":\"https:\\\/\\\/www.notibras.com\\\/site\\\/gdf-e-destaque-na-primeira-edicao-do-premio-brasil-sem-fome\\\/\"},\"wordCount\":925,\"publisher\":{\"@id\":\"https:\\\/\\\/www.notibras.com\\\/site\\\/#organization\"},\"image\":{\"@id\":\"https:\\\/\\\/www.notibras.com\\\/site\\\/gdf-e-destaque-na-primeira-edicao-do-premio-brasil-sem-fome\\\/#primaryimage\"},\"thumbnailUrl\":\"https:\\\/\\\/www.notibras.com\\\/site\\\/wp-content\\\/uploads\\\/2025\\\/12\\\/WhatsApp-Image-2025-12-18-at-14.30.36.jpeg\",\"articleSection\":[\"Quadradinho em Foco\"],\"inLanguage\":\"pt-BR\"},{\"@type\":\"WebPage\",\"@id\":\"https:\\\/\\\/www.notibras.com\\\/site\\\/gdf-e-destaque-na-primeira-edicao-do-premio-brasil-sem-fome\\\/\",\"url\":\"https:\\\/\\\/www.notibras.com\\\/site\\\/gdf-e-destaque-na-primeira-edicao-do-premio-brasil-sem-fome\\\/\",\"name\":\"GDF \u00e9 destaque na primeira edi\u00e7\u00e3o do Pr\u00eamio Brasil sem Fome - Notibras\",\"isPartOf\":{\"@id\":\"https:\\\/\\\/www.notibras.com\\\/site\\\/#website\"},\"primaryImageOfPage\":{\"@id\":\"https:\\\/\\\/www.notibras.com\\\/site\\\/gdf-e-destaque-na-primeira-edicao-do-premio-brasil-sem-fome\\\/#primaryimage\"},\"image\":{\"@id\":\"https:\\\/\\\/www.notibras.com\\\/site\\\/gdf-e-destaque-na-primeira-edicao-do-premio-brasil-sem-fome\\\/#primaryimage\"},\"thumbnailUrl\":\"https:\\\/\\\/www.notibras.com\\\/site\\\/wp-content\\\/uploads\\\/2025\\\/12\\\/WhatsApp-Image-2025-12-18-at-14.30.36.jpeg\",\"datePublished\":\"2025-12-19T03:45:17+00:00\",\"breadcrumb\":{\"@id\":\"https:\\\/\\\/www.notibras.com\\\/site\\\/gdf-e-destaque-na-primeira-edicao-do-premio-brasil-sem-fome\\\/#breadcrumb\"},\"inLanguage\":\"pt-BR\",\"potentialAction\":[{\"@type\":\"ReadAction\",\"target\":[\"https:\\\/\\\/www.notibras.com\\\/site\\\/gdf-e-destaque-na-primeira-edicao-do-premio-brasil-sem-fome\\\/\"]}]},{\"@type\":\"ImageObject\",\"inLanguage\":\"pt-BR\",\"@id\":\"https:\\\/\\\/www.notibras.com\\\/site\\\/gdf-e-destaque-na-primeira-edicao-do-premio-brasil-sem-fome\\\/#primaryimage\",\"url\":\"https:\\\/\\\/www.notibras.com\\\/site\\\/wp-content\\\/uploads\\\/2025\\\/12\\\/WhatsApp-Image-2025-12-18-at-14.30.36.jpeg\",\"contentUrl\":\"https:\\\/\\\/www.notibras.com\\\/site\\\/wp-content\\\/uploads\\\/2025\\\/12\\\/WhatsApp-Image-2025-12-18-at-14.30.36.jpeg\",\"width\":799,\"height\":533},{\"@type\":\"BreadcrumbList\",\"@id\":\"https:\\\/\\\/www.notibras.com\\\/site\\\/gdf-e-destaque-na-primeira-edicao-do-premio-brasil-sem-fome\\\/#breadcrumb\",\"itemListElement\":[{\"@type\":\"ListItem\",\"position\":1,\"name\":\"In\u00edcio\",\"item\":\"https:\\\/\\\/www.notibras.com\\\/site\\\/\"},{\"@type\":\"ListItem\",\"position\":2,\"name\":\"GDF \u00e9 destaque na primeira edi\u00e7\u00e3o do Pr\u00eamio Brasil sem Fome\"}]},{\"@type\":\"WebSite\",\"@id\":\"https:\\\/\\\/www.notibras.com\\\/site\\\/#website\",\"url\":\"https:\\\/\\\/www.notibras.com\\\/site\\\/\",\"name\":\"Notibras\",\"description\":\"Not\u00edcias de Bras\u00edlia, do Brasil e do Mundo\",\"publisher\":{\"@id\":\"https:\\\/\\\/www.notibras.com\\\/site\\\/#organization\"},\"potentialAction\":[{\"@type\":\"SearchAction\",\"target\":{\"@type\":\"EntryPoint\",\"urlTemplate\":\"https:\\\/\\\/www.notibras.com\\\/site\\\/?s={search_term_string}\"},\"query-input\":{\"@type\":\"PropertyValueSpecification\",\"valueRequired\":true,\"valueName\":\"search_term_string\"}}],\"inLanguage\":\"pt-BR\"},{\"@type\":\"Organization\",\"@id\":\"https:\\\/\\\/www.notibras.com\\\/site\\\/#organization\",\"name\":\"Grupo Notibras de Comunica\u00e7\u00e3o\",\"url\":\"https:\\\/\\\/www.notibras.com\\\/site\\\/\",\"logo\":{\"@type\":\"ImageObject\",\"inLanguage\":\"pt-BR\",\"@id\":\"https:\\\/\\\/www.notibras.com\\\/site\\\/#\\\/schema\\\/logo\\\/image\\\/\",\"url\":\"https:\\\/\\\/www.notibras.com\\\/site\\\/wp-content\\\/uploads\\\/2023\\\/01\\\/notibras23.png\",\"contentUrl\":\"https:\\\/\\\/www.notibras.com\\\/site\\\/wp-content\\\/uploads\\\/2023\\\/01\\\/notibras23.png\",\"width\":350,\"height\":87,\"caption\":\"Grupo Notibras de Comunica\u00e7\u00e3o\"},\"image\":{\"@id\":\"https:\\\/\\\/www.notibras.com\\\/site\\\/#\\\/schema\\\/logo\\\/image\\\/\"},\"sameAs\":[\"https:\\\/\\\/www.facebook.com\\\/notibras\\\/\",\"https:\\\/\\\/x.com\\\/Notibras\",\"https:\\\/\\\/www.instagram.com\\\/notibras\\\/\"]},{\"@type\":\"Person\",\"@id\":\"https:\\\/\\\/www.notibras.com\\\/site\\\/#\\\/schema\\\/person\\\/5b7fabf2aedc3ada2105f03b22b4d3dd\",\"name\":\"Eduardo Mart\u00ednez\",\"image\":{\"@type\":\"ImageObject\",\"inLanguage\":\"pt-BR\",\"@id\":\"https:\\\/\\\/secure.gravatar.com\\\/avatar\\\/7902f906289926289cbcda644b5197c796b893c6ffd7b9a536a42d290f7704a0?s=96&d=mm&r=g\",\"url\":\"https:\\\/\\\/secure.gravatar.com\\\/avatar\\\/7902f906289926289cbcda644b5197c796b893c6ffd7b9a536a42d290f7704a0?s=96&d=mm&r=g\",\"contentUrl\":\"https:\\\/\\\/secure.gravatar.com\\\/avatar\\\/7902f906289926289cbcda644b5197c796b893c6ffd7b9a536a42d290f7704a0?s=96&d=mm&r=g\",\"caption\":\"Eduardo Mart\u00ednez\"}}]}<\/script>\n<!-- \/ Yoast SEO plugin. -->","yoast_head_json":{"title":"GDF \u00e9 destaque na primeira edi\u00e7\u00e3o do Pr\u00eamio Brasil sem Fome - Notibras","robots":{"index":"index","follow":"follow","max-snippet":"max-snippet:-1","max-image-preview":"max-image-preview:large","max-video-preview":"max-video-preview:-1"},"canonical":"https:\/\/www.notibras.com\/site\/gdf-e-destaque-na-primeira-edicao-do-premio-brasil-sem-fome\/","og_locale":"pt_BR","og_type":"article","og_title":"GDF \u00e9 destaque na primeira edi\u00e7\u00e3o do Pr\u00eamio Brasil sem Fome - Notibras","og_description":"O Governo do Distrito Federal recebeu nesta quarta-feira (17), no Teatro Nacional, o pr\u00eamio Brasil Sem Fome, do Minist\u00e9rio do Desenvolvimento e Assist\u00eancia Social, Fam\u00edlia e Combate \u00e0 Fome (MDS). A iniciativa reconhece e premia experi\u00eancias que fortalecem o Sistema Nacional de Seguran\u00e7a Alimentar e Nutricional (Sisan) e contribuem para garantia do Direito Humano \u00e0 [&hellip;]","og_url":"https:\/\/www.notibras.com\/site\/gdf-e-destaque-na-primeira-edicao-do-premio-brasil-sem-fome\/","og_site_name":"Notibras","article_publisher":"https:\/\/www.facebook.com\/notibras\/","article_published_time":"2025-12-19T03:45:17+00:00","og_image":[{"width":799,"height":533,"url":"https:\/\/www.notibras.com\/site\/wp-content\/uploads\/2025\/12\/WhatsApp-Image-2025-12-18-at-14.30.36.jpeg","type":"image\/jpeg"}],"author":"Eduardo Mart\u00ednez","twitter_card":"summary_large_image","twitter_creator":"@Notibras","twitter_site":"@Notibras","twitter_misc":{"Escrito por":"Eduardo Mart\u00ednez","Est. tempo de leitura":"5 minutos"},"schema":{"@context":"https:\/\/schema.org","@graph":[{"@type":"Article","@id":"https:\/\/www.notibras.com\/site\/gdf-e-destaque-na-primeira-edicao-do-premio-brasil-sem-fome\/#article","isPartOf":{"@id":"https:\/\/www.notibras.com\/site\/gdf-e-destaque-na-primeira-edicao-do-premio-brasil-sem-fome\/"},"author":{"name":"Eduardo Mart\u00ednez","@id":"https:\/\/www.notibras.com\/site\/#\/schema\/person\/5b7fabf2aedc3ada2105f03b22b4d3dd"},"headline":"GDF \u00e9 destaque na primeira edi\u00e7\u00e3o do Pr\u00eamio Brasil sem Fome","datePublished":"2025-12-19T03:45:17+00:00","mainEntityOfPage":{"@id":"https:\/\/www.notibras.com\/site\/gdf-e-destaque-na-primeira-edicao-do-premio-brasil-sem-fome\/"},"wordCount":925,"publisher":{"@id":"https:\/\/www.notibras.com\/site\/#organization"},"image":{"@id":"https:\/\/www.notibras.com\/site\/gdf-e-destaque-na-primeira-edicao-do-premio-brasil-sem-fome\/#primaryimage"},"thumbnailUrl":"https:\/\/www.notibras.com\/site\/wp-content\/uploads\/2025\/12\/WhatsApp-Image-2025-12-18-at-14.30.36.jpeg","articleSection":["Quadradinho em Foco"],"inLanguage":"pt-BR"},{"@type":"WebPage","@id":"https:\/\/www.notibras.com\/site\/gdf-e-destaque-na-primeira-edicao-do-premio-brasil-sem-fome\/","url":"https:\/\/www.notibras.com\/site\/gdf-e-destaque-na-primeira-edicao-do-premio-brasil-sem-fome\/","name":"GDF \u00e9 destaque na primeira edi\u00e7\u00e3o do Pr\u00eamio Brasil sem Fome - Notibras","isPartOf":{"@id":"https:\/\/www.notibras.com\/site\/#website"},"primaryImageOfPage":{"@id":"https:\/\/www.notibras.com\/site\/gdf-e-destaque-na-primeira-edicao-do-premio-brasil-sem-fome\/#primaryimage"},"image":{"@id":"https:\/\/www.notibras.com\/site\/gdf-e-destaque-na-primeira-edicao-do-premio-brasil-sem-fome\/#primaryimage"},"thumbnailUrl":"https:\/\/www.notibras.com\/site\/wp-content\/uploads\/2025\/12\/WhatsApp-Image-2025-12-18-at-14.30.36.jpeg","datePublished":"2025-12-19T03:45:17+00:00","breadcrumb":{"@id":"https:\/\/www.notibras.com\/site\/gdf-e-destaque-na-primeira-edicao-do-premio-brasil-sem-fome\/#breadcrumb"},"inLanguage":"pt-BR","potentialAction":[{"@type":"ReadAction","target":["https:\/\/www.notibras.com\/site\/gdf-e-destaque-na-primeira-edicao-do-premio-brasil-sem-fome\/"]}]},{"@type":"ImageObject","inLanguage":"pt-BR","@id":"https:\/\/www.notibras.com\/site\/gdf-e-destaque-na-primeira-edicao-do-premio-brasil-sem-fome\/#primaryimage","url":"https:\/\/www.notibras.com\/site\/wp-content\/uploads\/2025\/12\/WhatsApp-Image-2025-12-18-at-14.30.36.jpeg","contentUrl":"https:\/\/www.notibras.com\/site\/wp-content\/uploads\/2025\/12\/WhatsApp-Image-2025-12-18-at-14.30.36.jpeg","width":799,"height":533},{"@type":"BreadcrumbList","@id":"https:\/\/www.notibras.com\/site\/gdf-e-destaque-na-primeira-edicao-do-premio-brasil-sem-fome\/#breadcrumb","itemListElement":[{"@type":"ListItem","position":1,"name":"In\u00edcio","item":"https:\/\/www.notibras.com\/site\/"},{"@type":"ListItem","position":2,"name":"GDF \u00e9 destaque na primeira edi\u00e7\u00e3o do Pr\u00eamio Brasil sem Fome"}]},{"@type":"WebSite","@id":"https:\/\/www.notibras.com\/site\/#website","url":"https:\/\/www.notibras.com\/site\/","name":"Notibras","description":"Not\u00edcias de Bras\u00edlia, do Brasil e do Mundo","publisher":{"@id":"https:\/\/www.notibras.com\/site\/#organization"},"potentialAction":[{"@type":"SearchAction","target":{"@type":"EntryPoint","urlTemplate":"https:\/\/www.notibras.com\/site\/?s={search_term_string}"},"query-input":{"@type":"PropertyValueSpecification","valueRequired":true,"valueName":"search_term_string"}}],"inLanguage":"pt-BR"},{"@type":"Organization","@id":"https:\/\/www.notibras.com\/site\/#organization","name":"Grupo Notibras de Comunica\u00e7\u00e3o","url":"https:\/\/www.notibras.com\/site\/","logo":{"@type":"ImageObject","inLanguage":"pt-BR","@id":"https:\/\/www.notibras.com\/site\/#\/schema\/logo\/image\/","url":"https:\/\/www.notibras.com\/site\/wp-content\/uploads\/2023\/01\/notibras23.png","contentUrl":"https:\/\/www.notibras.com\/site\/wp-content\/uploads\/2023\/01\/notibras23.png","width":350,"height":87,"caption":"Grupo Notibras de Comunica\u00e7\u00e3o"},"image":{"@id":"https:\/\/www.notibras.com\/site\/#\/schema\/logo\/image\/"},"sameAs":["https:\/\/www.facebook.com\/notibras\/","https:\/\/x.com\/Notibras","https:\/\/www.instagram.com\/notibras\/"]},{"@type":"Person","@id":"https:\/\/www.notibras.com\/site\/#\/schema\/person\/5b7fabf2aedc3ada2105f03b22b4d3dd","name":"Eduardo Mart\u00ednez","image":{"@type":"ImageObject","inLanguage":"pt-BR","@id":"https:\/\/secure.gravatar.com\/avatar\/7902f906289926289cbcda644b5197c796b893c6ffd7b9a536a42d290f7704a0?s=96&d=mm&r=g","url":"https:\/\/secure.gravatar.com\/avatar\/7902f906289926289cbcda644b5197c796b893c6ffd7b9a536a42d290f7704a0?s=96&d=mm&r=g","contentUrl":"https:\/\/secure.gravatar.com\/avatar\/7902f906289926289cbcda644b5197c796b893c6ffd7b9a536a42d290f7704a0?s=96&d=mm&r=g","caption":"Eduardo Mart\u00ednez"}}]}},"amp_enabled":true,"_links":{"self":[{"href":"https:\/\/www.notibras.com\/site\/wp-json\/wp\/v2\/posts\/375394","targetHints":{"allow":["GET"]}}],"collection":[{"href":"https:\/\/www.notibras.com\/site\/wp-json\/wp\/v2\/posts"}],"about":[{"href":"https:\/\/www.notibras.com\/site\/wp-json\/wp\/v2\/types\/post"}],"author":[{"embeddable":true,"href":"https:\/\/www.notibras.com\/site\/wp-json\/wp\/v2\/users\/21"}],"replies":[{"embeddable":true,"href":"https:\/\/www.notibras.com\/site\/wp-json\/wp\/v2\/comments?post=375394"}],"version-history":[{"count":3,"href":"https:\/\/www.notibras.com\/site\/wp-json\/wp\/v2\/posts\/375394\/revisions"}],"predecessor-version":[{"id":375398,"href":"https:\/\/www.notibras.com\/site\/wp-json\/wp\/v2\/posts\/375394\/revisions\/375398"}],"wp:featuredmedia":[{"embeddable":true,"href":"https:\/\/www.notibras.com\/site\/wp-json\/wp\/v2\/media\/375395"}],"wp:attachment":[{"href":"https:\/\/www.notibras.com\/site\/wp-json\/wp\/v2\/media?parent=375394"}],"wp:term":[{"taxonomy":"category","embeddable":true,"href":"https:\/\/www.notibras.com\/site\/wp-json\/wp\/v2\/categories?post=375394"},{"taxonomy":"post_tag","embeddable":true,"href":"https:\/\/www.notibras.com\/site\/wp-json\/wp\/v2\/tags?post=375394"}],"curies":[{"name":"wp","href":"https:\/\/api.w.org\/{rel}","templated":true}]}}