{"id":375401,"date":"2025-12-19T01:00:14","date_gmt":"2025-12-19T04:00:14","guid":{"rendered":"https:\/\/www.notibras.com\/site\/?p=375401"},"modified":"2025-12-18T22:20:05","modified_gmt":"2025-12-19T01:20:05","slug":"lei-garante-abono-de-ponto-no-aniversario-para-servidores","status":"publish","type":"post","link":"https:\/\/www.notibras.com\/site\/lei-garante-abono-de-ponto-no-aniversario-para-servidores\/","title":{"rendered":"Lei garante abono de ponto no anivers\u00e1rio para servidores"},"content":{"rendered":"<p>O governador Ibaneis Rocha sancionou a Lei n\u00ba 7.826\/2025, que concede aos servidores p\u00fablicos do DF o direito a um dia de abono de ponto por ano, a ser usufru\u00eddo na data do anivers\u00e1rio. A norma foi publicada em edi\u00e7\u00e3o extra do <a href=\"https:\/\/www.dodf.df.gov.br\/dodf\/materia\/visualizar?co_data=558742&amp;p=lei-n-7826-de-18-de-dezembro-de-2025&amp;busca=exata#termo=abono\">Di\u00e1rio Oficial desta quinta-feira (18)<\/a>.<\/p>\n<p>De autoria do deputado distrital Jo\u00e3o Cardoso, a lei estabelece que o benef\u00edcio ser\u00e1 concedido sem preju\u00edzo da remunera\u00e7\u00e3o do servidor, desde que n\u00e3o haja comprometimento da presta\u00e7\u00e3o dos servi\u00e7os p\u00fablicos essenciais. A medida entrou em vigor na data de sua publica\u00e7\u00e3o.<\/p>\n<p>Para ter direito ao abono, o servidor n\u00e3o pode apresentar, em seus assentamentos funcionais, advert\u00eancia escrita nos \u00faltimos tr\u00eas anos, suspens\u00e3o disciplinar nos \u00faltimos cinco anos, mais de tr\u00eas faltas n\u00e3o justificadas no per\u00edodo de um ano \u2014 considerado de 1\u00ba de janeiro a 31 de dezembro \u2014 nem registros de entradas tardias ou sa\u00eddas antecipadas sem justificativa em dez dias dentro de um per\u00edodo de 12 meses consecutivos.<\/p>\n<p>A legisla\u00e7\u00e3o tamb\u00e9m prev\u00ea que, caso o anivers\u00e1rio do servidor recaia em feriado, s\u00e1bado ou domingo, o benef\u00edcio poder\u00e1 ser usufru\u00eddo no primeiro dia \u00fatil subsequente.<\/p>\n<p>Quando houver mais de um servidor apto a gozar o abono na mesma reparti\u00e7\u00e3o, caber\u00e1 \u00e0 chefia imediata organizar uma escala de revezamento, se necess\u00e1rio, para assegurar a continuidade do servi\u00e7o p\u00fablico.<\/p>\n<p>Nos casos de servidores que atuam em regime de plant\u00e3o, a concess\u00e3o do benef\u00edcio ficar\u00e1 a crit\u00e9rio da chefia imediata, que dever\u00e1 garantir a substitui\u00e7\u00e3o do profissional no dia da folga, de modo a n\u00e3o prejudicar o atendimento \u00e0 popula\u00e7\u00e3o.<\/p>\n","protected":false},"excerpt":{"rendered":"<p>O governador Ibaneis Rocha sancionou a Lei n\u00ba 7.826\/2025, que concede aos servidores p\u00fablicos do DF o direito a um dia de abono de ponto por ano, a ser usufru\u00eddo na data do anivers\u00e1rio. A norma foi publicada em edi\u00e7\u00e3o extra do Di\u00e1rio Oficial desta quinta-feira (18). De autoria do deputado distrital Jo\u00e3o Cardoso, a [&hellip;]<\/p>\n","protected":false},"author":21,"featured_media":375402,"comment_status":"closed","ping_status":"closed","sticky":false,"template":"","format":"standard","meta":{"_acf_changed":false,"footnotes":""},"categories":[161],"tags":[],"class_list":["post-375401","post","type-post","status-publish","format-standard","has-post-thumbnail","hentry","category-quadradinho-em-foco"],"acf":[],"yoast_head":"<!-- This site is optimized with the Yoast SEO plugin v27.5 - https:\/\/yoast.com\/product\/yoast-seo-wordpress\/ -->\n<title>Lei garante abono de ponto no anivers\u00e1rio para servidores - Notibras<\/title>\n<meta name=\"robots\" content=\"index, follow, max-snippet:-1, max-image-preview:large, max-video-preview:-1\" \/>\n<link rel=\"canonical\" href=\"https:\/\/www.notibras.com\/site\/lei-garante-abono-de-ponto-no-aniversario-para-servidores\/\" \/>\n<meta property=\"og:locale\" content=\"pt_BR\" \/>\n<meta property=\"og:type\" content=\"article\" \/>\n<meta property=\"og:title\" content=\"Lei garante abono de ponto no anivers\u00e1rio para servidores - Notibras\" \/>\n<meta property=\"og:description\" content=\"O governador Ibaneis Rocha sancionou a Lei n\u00ba 7.826\/2025, que concede aos servidores p\u00fablicos do DF o direito a um dia de abono de ponto por ano, a ser usufru\u00eddo na data do anivers\u00e1rio. A norma foi publicada em edi\u00e7\u00e3o extra do Di\u00e1rio Oficial desta quinta-feira (18). De autoria do deputado distrital Jo\u00e3o Cardoso, a [&hellip;]\" \/>\n<meta property=\"og:url\" content=\"https:\/\/www.notibras.com\/site\/lei-garante-abono-de-ponto-no-aniversario-para-servidores\/\" \/>\n<meta property=\"og:site_name\" content=\"Notibras\" \/>\n<meta property=\"article:publisher\" content=\"https:\/\/www.facebook.com\/notibras\/\" \/>\n<meta property=\"article:published_time\" content=\"2025-12-19T04:00:14+00:00\" \/>\n<meta property=\"og:image\" content=\"https:\/\/www.notibras.com\/site\/wp-content\/uploads\/2025\/12\/palacio-do-buriti-e-anexo-2.jpeg\" \/>\n\t<meta property=\"og:image:width\" content=\"1600\" \/>\n\t<meta property=\"og:image:height\" content=\"1066\" \/>\n\t<meta property=\"og:image:type\" content=\"image\/jpeg\" \/>\n<meta name=\"author\" content=\"Eduardo Mart\u00ednez\" \/>\n<meta name=\"twitter:card\" content=\"summary_large_image\" \/>\n<meta name=\"twitter:creator\" content=\"@Notibras\" \/>\n<meta name=\"twitter:site\" content=\"@Notibras\" \/>\n<meta name=\"twitter:label1\" content=\"Escrito por\" \/>\n\t<meta name=\"twitter:data1\" content=\"Eduardo Mart\u00ednez\" \/>\n\t<meta name=\"twitter:label2\" content=\"Est. tempo de leitura\" \/>\n\t<meta name=\"twitter:data2\" content=\"2 minutos\" \/>\n<script type=\"application\/ld+json\" class=\"yoast-schema-graph\">{\"@context\":\"https:\\\/\\\/schema.org\",\"@graph\":[{\"@type\":\"Article\",\"@id\":\"https:\\\/\\\/www.notibras.com\\\/site\\\/lei-garante-abono-de-ponto-no-aniversario-para-servidores\\\/#article\",\"isPartOf\":{\"@id\":\"https:\\\/\\\/www.notibras.com\\\/site\\\/lei-garante-abono-de-ponto-no-aniversario-para-servidores\\\/\"},\"author\":{\"name\":\"Eduardo Mart\u00ednez\",\"@id\":\"https:\\\/\\\/www.notibras.com\\\/site\\\/#\\\/schema\\\/person\\\/5b7fabf2aedc3ada2105f03b22b4d3dd\"},\"headline\":\"Lei garante abono de ponto no anivers\u00e1rio para servidores\",\"datePublished\":\"2025-12-19T04:00:14+00:00\",\"mainEntityOfPage\":{\"@id\":\"https:\\\/\\\/www.notibras.com\\\/site\\\/lei-garante-abono-de-ponto-no-aniversario-para-servidores\\\/\"},\"wordCount\":297,\"publisher\":{\"@id\":\"https:\\\/\\\/www.notibras.com\\\/site\\\/#organization\"},\"image\":{\"@id\":\"https:\\\/\\\/www.notibras.com\\\/site\\\/lei-garante-abono-de-ponto-no-aniversario-para-servidores\\\/#primaryimage\"},\"thumbnailUrl\":\"https:\\\/\\\/www.notibras.com\\\/site\\\/wp-content\\\/uploads\\\/2025\\\/12\\\/palacio-do-buriti-e-anexo-2.jpeg\",\"articleSection\":[\"Quadradinho em Foco\"],\"inLanguage\":\"pt-BR\"},{\"@type\":\"WebPage\",\"@id\":\"https:\\\/\\\/www.notibras.com\\\/site\\\/lei-garante-abono-de-ponto-no-aniversario-para-servidores\\\/\",\"url\":\"https:\\\/\\\/www.notibras.com\\\/site\\\/lei-garante-abono-de-ponto-no-aniversario-para-servidores\\\/\",\"name\":\"Lei garante abono de ponto no anivers\u00e1rio para servidores - Notibras\",\"isPartOf\":{\"@id\":\"https:\\\/\\\/www.notibras.com\\\/site\\\/#website\"},\"primaryImageOfPage\":{\"@id\":\"https:\\\/\\\/www.notibras.com\\\/site\\\/lei-garante-abono-de-ponto-no-aniversario-para-servidores\\\/#primaryimage\"},\"image\":{\"@id\":\"https:\\\/\\\/www.notibras.com\\\/site\\\/lei-garante-abono-de-ponto-no-aniversario-para-servidores\\\/#primaryimage\"},\"thumbnailUrl\":\"https:\\\/\\\/www.notibras.com\\\/site\\\/wp-content\\\/uploads\\\/2025\\\/12\\\/palacio-do-buriti-e-anexo-2.jpeg\",\"datePublished\":\"2025-12-19T04:00:14+00:00\",\"breadcrumb\":{\"@id\":\"https:\\\/\\\/www.notibras.com\\\/site\\\/lei-garante-abono-de-ponto-no-aniversario-para-servidores\\\/#breadcrumb\"},\"inLanguage\":\"pt-BR\",\"potentialAction\":[{\"@type\":\"ReadAction\",\"target\":[\"https:\\\/\\\/www.notibras.com\\\/site\\\/lei-garante-abono-de-ponto-no-aniversario-para-servidores\\\/\"]}]},{\"@type\":\"ImageObject\",\"inLanguage\":\"pt-BR\",\"@id\":\"https:\\\/\\\/www.notibras.com\\\/site\\\/lei-garante-abono-de-ponto-no-aniversario-para-servidores\\\/#primaryimage\",\"url\":\"https:\\\/\\\/www.notibras.com\\\/site\\\/wp-content\\\/uploads\\\/2025\\\/12\\\/palacio-do-buriti-e-anexo-2.jpeg\",\"contentUrl\":\"https:\\\/\\\/www.notibras.com\\\/site\\\/wp-content\\\/uploads\\\/2025\\\/12\\\/palacio-do-buriti-e-anexo-2.jpeg\",\"width\":1600,\"height\":1066},{\"@type\":\"BreadcrumbList\",\"@id\":\"https:\\\/\\\/www.notibras.com\\\/site\\\/lei-garante-abono-de-ponto-no-aniversario-para-servidores\\\/#breadcrumb\",\"itemListElement\":[{\"@type\":\"ListItem\",\"position\":1,\"name\":\"In\u00edcio\",\"item\":\"https:\\\/\\\/www.notibras.com\\\/site\\\/\"},{\"@type\":\"ListItem\",\"position\":2,\"name\":\"Lei garante abono de ponto no anivers\u00e1rio para servidores\"}]},{\"@type\":\"WebSite\",\"@id\":\"https:\\\/\\\/www.notibras.com\\\/site\\\/#website\",\"url\":\"https:\\\/\\\/www.notibras.com\\\/site\\\/\",\"name\":\"Notibras\",\"description\":\"Not\u00edcias de Bras\u00edlia, do Brasil e do Mundo\",\"publisher\":{\"@id\":\"https:\\\/\\\/www.notibras.com\\\/site\\\/#organization\"},\"potentialAction\":[{\"@type\":\"SearchAction\",\"target\":{\"@type\":\"EntryPoint\",\"urlTemplate\":\"https:\\\/\\\/www.notibras.com\\\/site\\\/?s={search_term_string}\"},\"query-input\":{\"@type\":\"PropertyValueSpecification\",\"valueRequired\":true,\"valueName\":\"search_term_string\"}}],\"inLanguage\":\"pt-BR\"},{\"@type\":\"Organization\",\"@id\":\"https:\\\/\\\/www.notibras.com\\\/site\\\/#organization\",\"name\":\"Grupo Notibras de Comunica\u00e7\u00e3o\",\"url\":\"https:\\\/\\\/www.notibras.com\\\/site\\\/\",\"logo\":{\"@type\":\"ImageObject\",\"inLanguage\":\"pt-BR\",\"@id\":\"https:\\\/\\\/www.notibras.com\\\/site\\\/#\\\/schema\\\/logo\\\/image\\\/\",\"url\":\"https:\\\/\\\/www.notibras.com\\\/site\\\/wp-content\\\/uploads\\\/2023\\\/01\\\/notibras23.png\",\"contentUrl\":\"https:\\\/\\\/www.notibras.com\\\/site\\\/wp-content\\\/uploads\\\/2023\\\/01\\\/notibras23.png\",\"width\":350,\"height\":87,\"caption\":\"Grupo Notibras de Comunica\u00e7\u00e3o\"},\"image\":{\"@id\":\"https:\\\/\\\/www.notibras.com\\\/site\\\/#\\\/schema\\\/logo\\\/image\\\/\"},\"sameAs\":[\"https:\\\/\\\/www.facebook.com\\\/notibras\\\/\",\"https:\\\/\\\/x.com\\\/Notibras\",\"https:\\\/\\\/www.instagram.com\\\/notibras\\\/\"]},{\"@type\":\"Person\",\"@id\":\"https:\\\/\\\/www.notibras.com\\\/site\\\/#\\\/schema\\\/person\\\/5b7fabf2aedc3ada2105f03b22b4d3dd\",\"name\":\"Eduardo Mart\u00ednez\",\"image\":{\"@type\":\"ImageObject\",\"inLanguage\":\"pt-BR\",\"@id\":\"https:\\\/\\\/secure.gravatar.com\\\/avatar\\\/7902f906289926289cbcda644b5197c796b893c6ffd7b9a536a42d290f7704a0?s=96&d=mm&r=g\",\"url\":\"https:\\\/\\\/secure.gravatar.com\\\/avatar\\\/7902f906289926289cbcda644b5197c796b893c6ffd7b9a536a42d290f7704a0?s=96&d=mm&r=g\",\"contentUrl\":\"https:\\\/\\\/secure.gravatar.com\\\/avatar\\\/7902f906289926289cbcda644b5197c796b893c6ffd7b9a536a42d290f7704a0?s=96&d=mm&r=g\",\"caption\":\"Eduardo Mart\u00ednez\"}}]}<\/script>\n<!-- \/ Yoast SEO plugin. -->","yoast_head_json":{"title":"Lei garante abono de ponto no anivers\u00e1rio para servidores - Notibras","robots":{"index":"index","follow":"follow","max-snippet":"max-snippet:-1","max-image-preview":"max-image-preview:large","max-video-preview":"max-video-preview:-1"},"canonical":"https:\/\/www.notibras.com\/site\/lei-garante-abono-de-ponto-no-aniversario-para-servidores\/","og_locale":"pt_BR","og_type":"article","og_title":"Lei garante abono de ponto no anivers\u00e1rio para servidores - Notibras","og_description":"O governador Ibaneis Rocha sancionou a Lei n\u00ba 7.826\/2025, que concede aos servidores p\u00fablicos do DF o direito a um dia de abono de ponto por ano, a ser usufru\u00eddo na data do anivers\u00e1rio. A norma foi publicada em edi\u00e7\u00e3o extra do Di\u00e1rio Oficial desta quinta-feira (18). De autoria do deputado distrital Jo\u00e3o Cardoso, a [&hellip;]","og_url":"https:\/\/www.notibras.com\/site\/lei-garante-abono-de-ponto-no-aniversario-para-servidores\/","og_site_name":"Notibras","article_publisher":"https:\/\/www.facebook.com\/notibras\/","article_published_time":"2025-12-19T04:00:14+00:00","og_image":[{"width":1600,"height":1066,"url":"https:\/\/www.notibras.com\/site\/wp-content\/uploads\/2025\/12\/palacio-do-buriti-e-anexo-2.jpeg","type":"image\/jpeg"}],"author":"Eduardo Mart\u00ednez","twitter_card":"summary_large_image","twitter_creator":"@Notibras","twitter_site":"@Notibras","twitter_misc":{"Escrito por":"Eduardo Mart\u00ednez","Est. tempo de leitura":"2 minutos"},"schema":{"@context":"https:\/\/schema.org","@graph":[{"@type":"Article","@id":"https:\/\/www.notibras.com\/site\/lei-garante-abono-de-ponto-no-aniversario-para-servidores\/#article","isPartOf":{"@id":"https:\/\/www.notibras.com\/site\/lei-garante-abono-de-ponto-no-aniversario-para-servidores\/"},"author":{"name":"Eduardo Mart\u00ednez","@id":"https:\/\/www.notibras.com\/site\/#\/schema\/person\/5b7fabf2aedc3ada2105f03b22b4d3dd"},"headline":"Lei garante abono de ponto no anivers\u00e1rio para servidores","datePublished":"2025-12-19T04:00:14+00:00","mainEntityOfPage":{"@id":"https:\/\/www.notibras.com\/site\/lei-garante-abono-de-ponto-no-aniversario-para-servidores\/"},"wordCount":297,"publisher":{"@id":"https:\/\/www.notibras.com\/site\/#organization"},"image":{"@id":"https:\/\/www.notibras.com\/site\/lei-garante-abono-de-ponto-no-aniversario-para-servidores\/#primaryimage"},"thumbnailUrl":"https:\/\/www.notibras.com\/site\/wp-content\/uploads\/2025\/12\/palacio-do-buriti-e-anexo-2.jpeg","articleSection":["Quadradinho em Foco"],"inLanguage":"pt-BR"},{"@type":"WebPage","@id":"https:\/\/www.notibras.com\/site\/lei-garante-abono-de-ponto-no-aniversario-para-servidores\/","url":"https:\/\/www.notibras.com\/site\/lei-garante-abono-de-ponto-no-aniversario-para-servidores\/","name":"Lei garante abono de ponto no anivers\u00e1rio para servidores - Notibras","isPartOf":{"@id":"https:\/\/www.notibras.com\/site\/#website"},"primaryImageOfPage":{"@id":"https:\/\/www.notibras.com\/site\/lei-garante-abono-de-ponto-no-aniversario-para-servidores\/#primaryimage"},"image":{"@id":"https:\/\/www.notibras.com\/site\/lei-garante-abono-de-ponto-no-aniversario-para-servidores\/#primaryimage"},"thumbnailUrl":"https:\/\/www.notibras.com\/site\/wp-content\/uploads\/2025\/12\/palacio-do-buriti-e-anexo-2.jpeg","datePublished":"2025-12-19T04:00:14+00:00","breadcrumb":{"@id":"https:\/\/www.notibras.com\/site\/lei-garante-abono-de-ponto-no-aniversario-para-servidores\/#breadcrumb"},"inLanguage":"pt-BR","potentialAction":[{"@type":"ReadAction","target":["https:\/\/www.notibras.com\/site\/lei-garante-abono-de-ponto-no-aniversario-para-servidores\/"]}]},{"@type":"ImageObject","inLanguage":"pt-BR","@id":"https:\/\/www.notibras.com\/site\/lei-garante-abono-de-ponto-no-aniversario-para-servidores\/#primaryimage","url":"https:\/\/www.notibras.com\/site\/wp-content\/uploads\/2025\/12\/palacio-do-buriti-e-anexo-2.jpeg","contentUrl":"https:\/\/www.notibras.com\/site\/wp-content\/uploads\/2025\/12\/palacio-do-buriti-e-anexo-2.jpeg","width":1600,"height":1066},{"@type":"BreadcrumbList","@id":"https:\/\/www.notibras.com\/site\/lei-garante-abono-de-ponto-no-aniversario-para-servidores\/#breadcrumb","itemListElement":[{"@type":"ListItem","position":1,"name":"In\u00edcio","item":"https:\/\/www.notibras.com\/site\/"},{"@type":"ListItem","position":2,"name":"Lei garante abono de ponto no anivers\u00e1rio para servidores"}]},{"@type":"WebSite","@id":"https:\/\/www.notibras.com\/site\/#website","url":"https:\/\/www.notibras.com\/site\/","name":"Notibras","description":"Not\u00edcias de Bras\u00edlia, do Brasil e do Mundo","publisher":{"@id":"https:\/\/www.notibras.com\/site\/#organization"},"potentialAction":[{"@type":"SearchAction","target":{"@type":"EntryPoint","urlTemplate":"https:\/\/www.notibras.com\/site\/?s={search_term_string}"},"query-input":{"@type":"PropertyValueSpecification","valueRequired":true,"valueName":"search_term_string"}}],"inLanguage":"pt-BR"},{"@type":"Organization","@id":"https:\/\/www.notibras.com\/site\/#organization","name":"Grupo Notibras de Comunica\u00e7\u00e3o","url":"https:\/\/www.notibras.com\/site\/","logo":{"@type":"ImageObject","inLanguage":"pt-BR","@id":"https:\/\/www.notibras.com\/site\/#\/schema\/logo\/image\/","url":"https:\/\/www.notibras.com\/site\/wp-content\/uploads\/2023\/01\/notibras23.png","contentUrl":"https:\/\/www.notibras.com\/site\/wp-content\/uploads\/2023\/01\/notibras23.png","width":350,"height":87,"caption":"Grupo Notibras de Comunica\u00e7\u00e3o"},"image":{"@id":"https:\/\/www.notibras.com\/site\/#\/schema\/logo\/image\/"},"sameAs":["https:\/\/www.facebook.com\/notibras\/","https:\/\/x.com\/Notibras","https:\/\/www.instagram.com\/notibras\/"]},{"@type":"Person","@id":"https:\/\/www.notibras.com\/site\/#\/schema\/person\/5b7fabf2aedc3ada2105f03b22b4d3dd","name":"Eduardo Mart\u00ednez","image":{"@type":"ImageObject","inLanguage":"pt-BR","@id":"https:\/\/secure.gravatar.com\/avatar\/7902f906289926289cbcda644b5197c796b893c6ffd7b9a536a42d290f7704a0?s=96&d=mm&r=g","url":"https:\/\/secure.gravatar.com\/avatar\/7902f906289926289cbcda644b5197c796b893c6ffd7b9a536a42d290f7704a0?s=96&d=mm&r=g","contentUrl":"https:\/\/secure.gravatar.com\/avatar\/7902f906289926289cbcda644b5197c796b893c6ffd7b9a536a42d290f7704a0?s=96&d=mm&r=g","caption":"Eduardo Mart\u00ednez"}}]}},"amp_enabled":true,"_links":{"self":[{"href":"https:\/\/www.notibras.com\/site\/wp-json\/wp\/v2\/posts\/375401","targetHints":{"allow":["GET"]}}],"collection":[{"href":"https:\/\/www.notibras.com\/site\/wp-json\/wp\/v2\/posts"}],"about":[{"href":"https:\/\/www.notibras.com\/site\/wp-json\/wp\/v2\/types\/post"}],"author":[{"embeddable":true,"href":"https:\/\/www.notibras.com\/site\/wp-json\/wp\/v2\/users\/21"}],"replies":[{"embeddable":true,"href":"https:\/\/www.notibras.com\/site\/wp-json\/wp\/v2\/comments?post=375401"}],"version-history":[{"count":4,"href":"https:\/\/www.notibras.com\/site\/wp-json\/wp\/v2\/posts\/375401\/revisions"}],"predecessor-version":[{"id":375407,"href":"https:\/\/www.notibras.com\/site\/wp-json\/wp\/v2\/posts\/375401\/revisions\/375407"}],"wp:featuredmedia":[{"embeddable":true,"href":"https:\/\/www.notibras.com\/site\/wp-json\/wp\/v2\/media\/375402"}],"wp:attachment":[{"href":"https:\/\/www.notibras.com\/site\/wp-json\/wp\/v2\/media?parent=375401"}],"wp:term":[{"taxonomy":"category","embeddable":true,"href":"https:\/\/www.notibras.com\/site\/wp-json\/wp\/v2\/categories?post=375401"},{"taxonomy":"post_tag","embeddable":true,"href":"https:\/\/www.notibras.com\/site\/wp-json\/wp\/v2\/tags?post=375401"}],"curies":[{"name":"wp","href":"https:\/\/api.w.org\/{rel}","templated":true}]}}