{"id":375453,"date":"2025-12-20T02:00:08","date_gmt":"2025-12-20T05:00:08","guid":{"rendered":"https:\/\/www.notibras.com\/site\/?p=375453"},"modified":"2025-12-19T01:45:12","modified_gmt":"2025-12-19T04:45:12","slug":"maratona-de-coisas-ruins","status":"publish","type":"post","link":"https:\/\/www.notibras.com\/site\/maratona-de-coisas-ruins\/","title":{"rendered":"Maratona de coisas ruins"},"content":{"rendered":"<p>Naquele final de semana, no lar, doce lar de dona Arminda, a maratona de coisas ruins estava a todo vapor. No s\u00e1bado, J\u00falio, o filho mais velho, teve uma intoxica\u00e7\u00e3o alimentar. Foi \u00e0 UPA, tomou medica\u00e7\u00e3o na veia e, n\u00e3o tardou, parecia ter melhorado.<\/p>\n<p>O jovem retornou para casa e teve um sono tranquilo, com direito a sonhar com a musa Carla Marins. Isto \u00e9, at\u00e9 que chegaram, sem qualquer aviso, atrevidas pontadas agudas na parte baixa da barriga, ao mesmo tempo em que a atriz esvaiu-se dos pensamentos lascivos do rapaz. Quis voltar \u00e0 UPA, mas a pregui\u00e7a falou mais alto. Tomou um analg\u00e9sico e voltou a dormir.<\/p>\n<p>J\u00e1 no domingo, J\u00falio aparentava ter melhorado, o que foi um al\u00edvio para Arminda, que queria porque queria assistir tranquilamente ao seu Vasco da Gama em mais uma partida eletrizante. Mas eis que, antes mesmo de iniciar a partida, Renato, seu outro filho, de 20anos, teve um piripaque dos brabos. A mulher e o marido, Silvimar, desesperados, tentaram acudir o rapaz.<\/p>\n<p>\u2014 Renato, meu filho, voc\u00ea est\u00e1 bem? Por favor, responde! Sou eu, sua m\u00e3e!<\/p>\n<p>\u2014 Acho melhor ligar pro SAMU.<\/p>\n<p>\u2014 Ent\u00e3o, corre l\u00e1 e liga, Silvimar! Ou voc\u00ea quer que o nosso menino morra?<\/p>\n<p>Apesar de atordoado, o homem conseguiu telefonar para a emerg\u00eancia, que disse que uma ambul\u00e2ncia j\u00e1 estava a caminho.<\/p>\n<p>Enquanto todos aguardavam a chegada do socorro, eis que o Renato pareceu retornar para o mundo dos s\u00e3os. Fez at\u00e9 cara de quem n\u00e3o estava entendendo as express\u00f5es faciais dos pais.<\/p>\n<p>\u2014 Que foi, gente? At\u00e9 parece que algu\u00e9m morreu.<\/p>\n<p>\u2014 Voc\u00ea est\u00e1 bem, meu filho?<\/p>\n<p>\u2014 U\u00e9! T\u00f4! E a senhora est\u00e1?<\/p>\n<p>\u2014 Voc\u00ea quase matou a gente de susto.<\/p>\n<p>\u2014 Eu?<\/p>\n<p>\u2014 Sim! Tu mesmo!<\/p>\n<p>Depois das devidas explica\u00e7\u00f5es, a campainha tocou. Era o pessoal do SAMU. Tudo certo, caso n\u00e3o fosse por um pequeno detalhe. \u00c9 que o Renato, achando que os pais estavam de brincadeira, n\u00e3o aceitou ser examinado. E n\u00e3o havia santo que fizesse com que acreditasse que a coisa era s\u00e9ria.<\/p>\n<p>\u2014 Renato, meu filho, por favor, deixe os homens te examinarem.<\/p>\n<p>\u2014 Que examinar o qu\u00ea, m\u00e3e! T\u00f4 bem!<\/p>\n<p>Como a vida dos profissionais de sa\u00fade \u00e9 corrida, e eles precisavam atender a outra chamada, j\u00e1 estavam de sa\u00edda, quando, de repente, o Renato teve uma leve tontura e foi com a testa justamente na quina da mesa, sempre pronta para fazer aquele estrago nos mais desavisados.<\/p>\n<p>Do ch\u00e3o da sala, o sujeito foi levado para o hospital, onde ficou internado por tr\u00eas dias. E recebeu alta com recomenda\u00e7\u00e3o de repouso absoluto. Mas como segurar o \u00edmpeto dessa juventude?<\/p>\n<p>\u2014 Meu filho, por favor, o doutor falou pra voc\u00ea ficar em casa.<\/p>\n<p>\u2014 T\u00f4 bem, m\u00e3e.<\/p>\n<p>\u2014 Hum! Bem que nada! Mal d\u00e1 um passo e j\u00e1 cai de novo.<\/p>\n<p>\u2014 Caio nada, m\u00e3e.<\/p>\n<p>\u2014 Olha que a quina da mesa j\u00e1 t\u00e1 de olho nessa sua testa cheia de pontos.<\/p>\n<p>\u2014 Que quina da mesa nada, m\u00e3e.<\/p>\n<p>\u2014 Pois fique sabendo de uma coisa! Se voc\u00ea sair por aquela porta, nem adianta me telefonar, que n\u00e3o vou mais perder o meu Vasco por tua causa.<\/p>\n<p>Renato arregalou os olhos e, talvez naquele instante, percebeu que m\u00e3es possuem outras prioridades na vida al\u00e9m de cuidar da cria. Retornou para o quarto e permaneceu deitado dois dias al\u00e9m do tempo prescrito pelo m\u00e9dico.<\/p>\n<p><strong>\u2026\u2026\u2026\u2026\u2026\u2026\u2026\u2026<\/strong><\/p>\n<p><strong>Eduardo Mart\u00ednez \u00e9 autor do livro \u201957 Contos e Cr\u00f4nicas por um Autor Muito Velho\u2019 (Vencedor do Pr\u00eamio Liter\u00e1rio Clarice Lispector \u2013 2025 na categoria livro de contos).<\/strong><\/p>\n<p><strong>Compre aqui<\/strong><\/p>\n<p><a href=\"https:\/\/www.joanineditora.com.br\/57-contos-e-cronicas-por-um-autor-muito-velho\"><strong>https:\/\/www.joanineditora.com.br\/57-contos-e-cronicas-por-um-autor-muito-velho<\/strong><\/a><\/p>\n","protected":false},"excerpt":{"rendered":"<p>Naquele final de semana, no lar, doce lar de dona Arminda, a maratona de coisas ruins estava a todo vapor. No s\u00e1bado, J\u00falio, o filho mais velho, teve uma intoxica\u00e7\u00e3o alimentar. Foi \u00e0 UPA, tomou medica\u00e7\u00e3o na veia e, n\u00e3o tardou, parecia ter melhorado. O jovem retornou para casa e teve um sono tranquilo, com [&hellip;]<\/p>\n","protected":false},"author":21,"featured_media":375432,"comment_status":"closed","ping_status":"closed","sticky":false,"template":"","format":"standard","meta":{"_acf_changed":false,"footnotes":""},"categories":[161],"tags":[],"class_list":["post-375453","post","type-post","status-publish","format-standard","has-post-thumbnail","hentry","category-quadradinho-em-foco"],"acf":[],"yoast_head":"<!-- This site is optimized with the Yoast SEO plugin v27.5 - https:\/\/yoast.com\/product\/yoast-seo-wordpress\/ -->\n<title>Maratona de coisas ruins - Notibras<\/title>\n<meta name=\"robots\" content=\"index, follow, max-snippet:-1, max-image-preview:large, max-video-preview:-1\" \/>\n<link rel=\"canonical\" href=\"https:\/\/www.notibras.com\/site\/maratona-de-coisas-ruins\/\" \/>\n<meta property=\"og:locale\" content=\"pt_BR\" \/>\n<meta property=\"og:type\" content=\"article\" \/>\n<meta property=\"og:title\" content=\"Maratona de coisas ruins - Notibras\" \/>\n<meta property=\"og:description\" content=\"Naquele final de semana, no lar, doce lar de dona Arminda, a maratona de coisas ruins estava a todo vapor. No s\u00e1bado, J\u00falio, o filho mais velho, teve uma intoxica\u00e7\u00e3o alimentar. Foi \u00e0 UPA, tomou medica\u00e7\u00e3o na veia e, n\u00e3o tardou, parecia ter melhorado. O jovem retornou para casa e teve um sono tranquilo, com [&hellip;]\" \/>\n<meta property=\"og:url\" content=\"https:\/\/www.notibras.com\/site\/maratona-de-coisas-ruins\/\" \/>\n<meta property=\"og:site_name\" content=\"Notibras\" \/>\n<meta property=\"article:publisher\" content=\"https:\/\/www.facebook.com\/notibras\/\" \/>\n<meta property=\"article:published_time\" content=\"2025-12-20T05:00:08+00:00\" \/>\n<meta property=\"og:image\" content=\"https:\/\/www.notibras.com\/site\/wp-content\/uploads\/2025\/12\/IMG_9567.jpg\" \/>\n\t<meta property=\"og:image:width\" content=\"944\" \/>\n\t<meta property=\"og:image:height\" content=\"928\" \/>\n\t<meta property=\"og:image:type\" content=\"image\/jpeg\" \/>\n<meta name=\"author\" content=\"Eduardo Mart\u00ednez\" \/>\n<meta name=\"twitter:card\" content=\"summary_large_image\" \/>\n<meta name=\"twitter:creator\" content=\"@Notibras\" \/>\n<meta name=\"twitter:site\" content=\"@Notibras\" \/>\n<meta name=\"twitter:label1\" content=\"Escrito por\" \/>\n\t<meta name=\"twitter:data1\" content=\"Eduardo Mart\u00ednez\" \/>\n\t<meta name=\"twitter:label2\" content=\"Est. tempo de leitura\" \/>\n\t<meta name=\"twitter:data2\" content=\"4 minutos\" \/>\n<script type=\"application\/ld+json\" class=\"yoast-schema-graph\">{\"@context\":\"https:\\\/\\\/schema.org\",\"@graph\":[{\"@type\":\"Article\",\"@id\":\"https:\\\/\\\/www.notibras.com\\\/site\\\/maratona-de-coisas-ruins\\\/#article\",\"isPartOf\":{\"@id\":\"https:\\\/\\\/www.notibras.com\\\/site\\\/maratona-de-coisas-ruins\\\/\"},\"author\":{\"name\":\"Eduardo Mart\u00ednez\",\"@id\":\"https:\\\/\\\/www.notibras.com\\\/site\\\/#\\\/schema\\\/person\\\/5b7fabf2aedc3ada2105f03b22b4d3dd\"},\"headline\":\"Maratona de coisas ruins\",\"datePublished\":\"2025-12-20T05:00:08+00:00\",\"mainEntityOfPage\":{\"@id\":\"https:\\\/\\\/www.notibras.com\\\/site\\\/maratona-de-coisas-ruins\\\/\"},\"wordCount\":616,\"publisher\":{\"@id\":\"https:\\\/\\\/www.notibras.com\\\/site\\\/#organization\"},\"image\":{\"@id\":\"https:\\\/\\\/www.notibras.com\\\/site\\\/maratona-de-coisas-ruins\\\/#primaryimage\"},\"thumbnailUrl\":\"https:\\\/\\\/www.notibras.com\\\/site\\\/wp-content\\\/uploads\\\/2025\\\/12\\\/IMG_9567.jpg\",\"articleSection\":[\"Quadradinho em Foco\"],\"inLanguage\":\"pt-BR\"},{\"@type\":\"WebPage\",\"@id\":\"https:\\\/\\\/www.notibras.com\\\/site\\\/maratona-de-coisas-ruins\\\/\",\"url\":\"https:\\\/\\\/www.notibras.com\\\/site\\\/maratona-de-coisas-ruins\\\/\",\"name\":\"Maratona de coisas ruins - Notibras\",\"isPartOf\":{\"@id\":\"https:\\\/\\\/www.notibras.com\\\/site\\\/#website\"},\"primaryImageOfPage\":{\"@id\":\"https:\\\/\\\/www.notibras.com\\\/site\\\/maratona-de-coisas-ruins\\\/#primaryimage\"},\"image\":{\"@id\":\"https:\\\/\\\/www.notibras.com\\\/site\\\/maratona-de-coisas-ruins\\\/#primaryimage\"},\"thumbnailUrl\":\"https:\\\/\\\/www.notibras.com\\\/site\\\/wp-content\\\/uploads\\\/2025\\\/12\\\/IMG_9567.jpg\",\"datePublished\":\"2025-12-20T05:00:08+00:00\",\"breadcrumb\":{\"@id\":\"https:\\\/\\\/www.notibras.com\\\/site\\\/maratona-de-coisas-ruins\\\/#breadcrumb\"},\"inLanguage\":\"pt-BR\",\"potentialAction\":[{\"@type\":\"ReadAction\",\"target\":[\"https:\\\/\\\/www.notibras.com\\\/site\\\/maratona-de-coisas-ruins\\\/\"]}]},{\"@type\":\"ImageObject\",\"inLanguage\":\"pt-BR\",\"@id\":\"https:\\\/\\\/www.notibras.com\\\/site\\\/maratona-de-coisas-ruins\\\/#primaryimage\",\"url\":\"https:\\\/\\\/www.notibras.com\\\/site\\\/wp-content\\\/uploads\\\/2025\\\/12\\\/IMG_9567.jpg\",\"contentUrl\":\"https:\\\/\\\/www.notibras.com\\\/site\\\/wp-content\\\/uploads\\\/2025\\\/12\\\/IMG_9567.jpg\",\"width\":944,\"height\":928},{\"@type\":\"BreadcrumbList\",\"@id\":\"https:\\\/\\\/www.notibras.com\\\/site\\\/maratona-de-coisas-ruins\\\/#breadcrumb\",\"itemListElement\":[{\"@type\":\"ListItem\",\"position\":1,\"name\":\"In\u00edcio\",\"item\":\"https:\\\/\\\/www.notibras.com\\\/site\\\/\"},{\"@type\":\"ListItem\",\"position\":2,\"name\":\"Maratona de coisas ruins\"}]},{\"@type\":\"WebSite\",\"@id\":\"https:\\\/\\\/www.notibras.com\\\/site\\\/#website\",\"url\":\"https:\\\/\\\/www.notibras.com\\\/site\\\/\",\"name\":\"Notibras\",\"description\":\"Not\u00edcias de Bras\u00edlia, do Brasil e do Mundo\",\"publisher\":{\"@id\":\"https:\\\/\\\/www.notibras.com\\\/site\\\/#organization\"},\"potentialAction\":[{\"@type\":\"SearchAction\",\"target\":{\"@type\":\"EntryPoint\",\"urlTemplate\":\"https:\\\/\\\/www.notibras.com\\\/site\\\/?s={search_term_string}\"},\"query-input\":{\"@type\":\"PropertyValueSpecification\",\"valueRequired\":true,\"valueName\":\"search_term_string\"}}],\"inLanguage\":\"pt-BR\"},{\"@type\":\"Organization\",\"@id\":\"https:\\\/\\\/www.notibras.com\\\/site\\\/#organization\",\"name\":\"Grupo Notibras de Comunica\u00e7\u00e3o\",\"url\":\"https:\\\/\\\/www.notibras.com\\\/site\\\/\",\"logo\":{\"@type\":\"ImageObject\",\"inLanguage\":\"pt-BR\",\"@id\":\"https:\\\/\\\/www.notibras.com\\\/site\\\/#\\\/schema\\\/logo\\\/image\\\/\",\"url\":\"https:\\\/\\\/www.notibras.com\\\/site\\\/wp-content\\\/uploads\\\/2023\\\/01\\\/notibras23.png\",\"contentUrl\":\"https:\\\/\\\/www.notibras.com\\\/site\\\/wp-content\\\/uploads\\\/2023\\\/01\\\/notibras23.png\",\"width\":350,\"height\":87,\"caption\":\"Grupo Notibras de Comunica\u00e7\u00e3o\"},\"image\":{\"@id\":\"https:\\\/\\\/www.notibras.com\\\/site\\\/#\\\/schema\\\/logo\\\/image\\\/\"},\"sameAs\":[\"https:\\\/\\\/www.facebook.com\\\/notibras\\\/\",\"https:\\\/\\\/x.com\\\/Notibras\",\"https:\\\/\\\/www.instagram.com\\\/notibras\\\/\"]},{\"@type\":\"Person\",\"@id\":\"https:\\\/\\\/www.notibras.com\\\/site\\\/#\\\/schema\\\/person\\\/5b7fabf2aedc3ada2105f03b22b4d3dd\",\"name\":\"Eduardo Mart\u00ednez\",\"image\":{\"@type\":\"ImageObject\",\"inLanguage\":\"pt-BR\",\"@id\":\"https:\\\/\\\/secure.gravatar.com\\\/avatar\\\/7902f906289926289cbcda644b5197c796b893c6ffd7b9a536a42d290f7704a0?s=96&d=mm&r=g\",\"url\":\"https:\\\/\\\/secure.gravatar.com\\\/avatar\\\/7902f906289926289cbcda644b5197c796b893c6ffd7b9a536a42d290f7704a0?s=96&d=mm&r=g\",\"contentUrl\":\"https:\\\/\\\/secure.gravatar.com\\\/avatar\\\/7902f906289926289cbcda644b5197c796b893c6ffd7b9a536a42d290f7704a0?s=96&d=mm&r=g\",\"caption\":\"Eduardo Mart\u00ednez\"}}]}<\/script>\n<!-- \/ Yoast SEO plugin. -->","yoast_head_json":{"title":"Maratona de coisas ruins - Notibras","robots":{"index":"index","follow":"follow","max-snippet":"max-snippet:-1","max-image-preview":"max-image-preview:large","max-video-preview":"max-video-preview:-1"},"canonical":"https:\/\/www.notibras.com\/site\/maratona-de-coisas-ruins\/","og_locale":"pt_BR","og_type":"article","og_title":"Maratona de coisas ruins - Notibras","og_description":"Naquele final de semana, no lar, doce lar de dona Arminda, a maratona de coisas ruins estava a todo vapor. No s\u00e1bado, J\u00falio, o filho mais velho, teve uma intoxica\u00e7\u00e3o alimentar. Foi \u00e0 UPA, tomou medica\u00e7\u00e3o na veia e, n\u00e3o tardou, parecia ter melhorado. O jovem retornou para casa e teve um sono tranquilo, com [&hellip;]","og_url":"https:\/\/www.notibras.com\/site\/maratona-de-coisas-ruins\/","og_site_name":"Notibras","article_publisher":"https:\/\/www.facebook.com\/notibras\/","article_published_time":"2025-12-20T05:00:08+00:00","og_image":[{"width":944,"height":928,"url":"https:\/\/www.notibras.com\/site\/wp-content\/uploads\/2025\/12\/IMG_9567.jpg","type":"image\/jpeg"}],"author":"Eduardo Mart\u00ednez","twitter_card":"summary_large_image","twitter_creator":"@Notibras","twitter_site":"@Notibras","twitter_misc":{"Escrito por":"Eduardo Mart\u00ednez","Est. tempo de leitura":"4 minutos"},"schema":{"@context":"https:\/\/schema.org","@graph":[{"@type":"Article","@id":"https:\/\/www.notibras.com\/site\/maratona-de-coisas-ruins\/#article","isPartOf":{"@id":"https:\/\/www.notibras.com\/site\/maratona-de-coisas-ruins\/"},"author":{"name":"Eduardo Mart\u00ednez","@id":"https:\/\/www.notibras.com\/site\/#\/schema\/person\/5b7fabf2aedc3ada2105f03b22b4d3dd"},"headline":"Maratona de coisas ruins","datePublished":"2025-12-20T05:00:08+00:00","mainEntityOfPage":{"@id":"https:\/\/www.notibras.com\/site\/maratona-de-coisas-ruins\/"},"wordCount":616,"publisher":{"@id":"https:\/\/www.notibras.com\/site\/#organization"},"image":{"@id":"https:\/\/www.notibras.com\/site\/maratona-de-coisas-ruins\/#primaryimage"},"thumbnailUrl":"https:\/\/www.notibras.com\/site\/wp-content\/uploads\/2025\/12\/IMG_9567.jpg","articleSection":["Quadradinho em Foco"],"inLanguage":"pt-BR"},{"@type":"WebPage","@id":"https:\/\/www.notibras.com\/site\/maratona-de-coisas-ruins\/","url":"https:\/\/www.notibras.com\/site\/maratona-de-coisas-ruins\/","name":"Maratona de coisas ruins - Notibras","isPartOf":{"@id":"https:\/\/www.notibras.com\/site\/#website"},"primaryImageOfPage":{"@id":"https:\/\/www.notibras.com\/site\/maratona-de-coisas-ruins\/#primaryimage"},"image":{"@id":"https:\/\/www.notibras.com\/site\/maratona-de-coisas-ruins\/#primaryimage"},"thumbnailUrl":"https:\/\/www.notibras.com\/site\/wp-content\/uploads\/2025\/12\/IMG_9567.jpg","datePublished":"2025-12-20T05:00:08+00:00","breadcrumb":{"@id":"https:\/\/www.notibras.com\/site\/maratona-de-coisas-ruins\/#breadcrumb"},"inLanguage":"pt-BR","potentialAction":[{"@type":"ReadAction","target":["https:\/\/www.notibras.com\/site\/maratona-de-coisas-ruins\/"]}]},{"@type":"ImageObject","inLanguage":"pt-BR","@id":"https:\/\/www.notibras.com\/site\/maratona-de-coisas-ruins\/#primaryimage","url":"https:\/\/www.notibras.com\/site\/wp-content\/uploads\/2025\/12\/IMG_9567.jpg","contentUrl":"https:\/\/www.notibras.com\/site\/wp-content\/uploads\/2025\/12\/IMG_9567.jpg","width":944,"height":928},{"@type":"BreadcrumbList","@id":"https:\/\/www.notibras.com\/site\/maratona-de-coisas-ruins\/#breadcrumb","itemListElement":[{"@type":"ListItem","position":1,"name":"In\u00edcio","item":"https:\/\/www.notibras.com\/site\/"},{"@type":"ListItem","position":2,"name":"Maratona de coisas ruins"}]},{"@type":"WebSite","@id":"https:\/\/www.notibras.com\/site\/#website","url":"https:\/\/www.notibras.com\/site\/","name":"Notibras","description":"Not\u00edcias de Bras\u00edlia, do Brasil e do Mundo","publisher":{"@id":"https:\/\/www.notibras.com\/site\/#organization"},"potentialAction":[{"@type":"SearchAction","target":{"@type":"EntryPoint","urlTemplate":"https:\/\/www.notibras.com\/site\/?s={search_term_string}"},"query-input":{"@type":"PropertyValueSpecification","valueRequired":true,"valueName":"search_term_string"}}],"inLanguage":"pt-BR"},{"@type":"Organization","@id":"https:\/\/www.notibras.com\/site\/#organization","name":"Grupo Notibras de Comunica\u00e7\u00e3o","url":"https:\/\/www.notibras.com\/site\/","logo":{"@type":"ImageObject","inLanguage":"pt-BR","@id":"https:\/\/www.notibras.com\/site\/#\/schema\/logo\/image\/","url":"https:\/\/www.notibras.com\/site\/wp-content\/uploads\/2023\/01\/notibras23.png","contentUrl":"https:\/\/www.notibras.com\/site\/wp-content\/uploads\/2023\/01\/notibras23.png","width":350,"height":87,"caption":"Grupo Notibras de Comunica\u00e7\u00e3o"},"image":{"@id":"https:\/\/www.notibras.com\/site\/#\/schema\/logo\/image\/"},"sameAs":["https:\/\/www.facebook.com\/notibras\/","https:\/\/x.com\/Notibras","https:\/\/www.instagram.com\/notibras\/"]},{"@type":"Person","@id":"https:\/\/www.notibras.com\/site\/#\/schema\/person\/5b7fabf2aedc3ada2105f03b22b4d3dd","name":"Eduardo Mart\u00ednez","image":{"@type":"ImageObject","inLanguage":"pt-BR","@id":"https:\/\/secure.gravatar.com\/avatar\/7902f906289926289cbcda644b5197c796b893c6ffd7b9a536a42d290f7704a0?s=96&d=mm&r=g","url":"https:\/\/secure.gravatar.com\/avatar\/7902f906289926289cbcda644b5197c796b893c6ffd7b9a536a42d290f7704a0?s=96&d=mm&r=g","contentUrl":"https:\/\/secure.gravatar.com\/avatar\/7902f906289926289cbcda644b5197c796b893c6ffd7b9a536a42d290f7704a0?s=96&d=mm&r=g","caption":"Eduardo Mart\u00ednez"}}]}},"amp_enabled":true,"_links":{"self":[{"href":"https:\/\/www.notibras.com\/site\/wp-json\/wp\/v2\/posts\/375453","targetHints":{"allow":["GET"]}}],"collection":[{"href":"https:\/\/www.notibras.com\/site\/wp-json\/wp\/v2\/posts"}],"about":[{"href":"https:\/\/www.notibras.com\/site\/wp-json\/wp\/v2\/types\/post"}],"author":[{"embeddable":true,"href":"https:\/\/www.notibras.com\/site\/wp-json\/wp\/v2\/users\/21"}],"replies":[{"embeddable":true,"href":"https:\/\/www.notibras.com\/site\/wp-json\/wp\/v2\/comments?post=375453"}],"version-history":[{"count":3,"href":"https:\/\/www.notibras.com\/site\/wp-json\/wp\/v2\/posts\/375453\/revisions"}],"predecessor-version":[{"id":375456,"href":"https:\/\/www.notibras.com\/site\/wp-json\/wp\/v2\/posts\/375453\/revisions\/375456"}],"wp:featuredmedia":[{"embeddable":true,"href":"https:\/\/www.notibras.com\/site\/wp-json\/wp\/v2\/media\/375432"}],"wp:attachment":[{"href":"https:\/\/www.notibras.com\/site\/wp-json\/wp\/v2\/media?parent=375453"}],"wp:term":[{"taxonomy":"category","embeddable":true,"href":"https:\/\/www.notibras.com\/site\/wp-json\/wp\/v2\/categories?post=375453"},{"taxonomy":"post_tag","embeddable":true,"href":"https:\/\/www.notibras.com\/site\/wp-json\/wp\/v2\/tags?post=375453"}],"curies":[{"name":"wp","href":"https:\/\/api.w.org\/{rel}","templated":true}]}}