{"id":375479,"date":"2025-12-19T07:46:28","date_gmt":"2025-12-19T10:46:28","guid":{"rendered":"https:\/\/www.notibras.com\/site\/?p=375479"},"modified":"2025-12-19T07:52:51","modified_gmt":"2025-12-19T10:52:51","slug":"congresso-fofoqueiro-e-golpista-vira-uma-arma-perigosa-contra-o-povo","status":"publish","type":"post","link":"https:\/\/www.notibras.com\/site\/congresso-fofoqueiro-e-golpista-vira-uma-arma-perigosa-contra-o-povo\/","title":{"rendered":"Congresso, fofoqueiro e golpista, vira uma arma perigosa contra o povo"},"content":{"rendered":"<p>Apinhado de tiranos, corruptos, falsos pastores, fofoqueiros, criminosos sem fuzis e politiqueiros de fundo de quintal, o atual Congresso Nacional nada difere de um pacote recheado de estrume. Com todo respeito \u00e0 minoria s\u00e9ria, mas, na tradu\u00e7\u00e3o livre, o Legislativo e o que sai das fraldas dos beb\u00eas s\u00e3o a mesma coisa. Se houver, a diferen\u00e7a estar\u00e1 no cheiro. Sei que Natal \u00e9 tempo de acalmar os cora\u00e7\u00f5es, mas, mesmo em festa, n\u00e3o h\u00e1 como deixar de lembrar dos pol\u00edticos brasileiros que vivem das mentiras que contam durante a louca busca pelos votos.<\/p>\n<p>Com raras exce\u00e7\u00f5es, eles se apropriam da boa-f\u00e9 do povo para alcan\u00e7ar o Circo dos Horrores, consequentemente a impunidade e o desprezo \u00e0s leis. Receptores ilegais de votos, acham tudo normal, inclusive enriquecer ilicitamente e defender bandidos. Fazem de tudo em benef\u00edcio pessoal, menos cumprir a promessa de trabalhar pelo povo. O ano de 2025 marca o fim do terceiro per\u00edodo da atual legislatura. Sem emo\u00e7\u00e3o, partidarismo ou ideologia, algu\u00e9m tem condi\u00e7\u00e3o de lembrar dois projetos em favor da popula\u00e7\u00e3o apresentados e aprovados pelos 513 deputados e 81 senadores?<\/p>\n<p>S\u00e3o apenas dois! Antes que me chamem de mentiroso, a reforma tribut\u00e1ria, a isen\u00e7\u00e3o do Imposto de Renda para quem recebe at\u00e9 5 mil reais mensais redu\u00e7\u00e3o, igualdade salarial, fortalecimento da soberania nacional e da seguran\u00e7a alimentar e a valoriza\u00e7\u00e3o do sal\u00e1rio m\u00ednimo s\u00e3o propostas do governo federal. Invertendo a ordem, e para alimentar os pr\u00f3prios interesses ou os da companheirada? A\u00ed s\u00e3o muitos. Talvez dezenas, centenas, todos produzidos, relatados e assentidos pela tropa bolsonarista na calada da noite, quando os gatos ou s\u00e3o pardos ou s\u00e3o golpistas.<\/p>\n<p>A redu\u00e7\u00e3o de penas impostas pelo STF a golpistas, a tal da dosimetria, foi o \u00faltimo dos projetos corporativos da C\u00e2mara e do Senado. E o que o povo tem a ver com isso? Absolutamente nada. Pelo contr\u00e1rio. Como disse o ministro Alexandre de Moraes, a iniciativa dever\u00e1 estimular novas aventuras terroristas no pa\u00eds. Ou seja, daqui para frente viveremos sobre o fio da navalha. Provavelmente n\u00e3o, porque, al\u00e9m do veto do presidente Lula, dificilmente a esdr\u00faxula e criminosa proposta ter\u00e1 respaldo da Corte Suprema. Ficar\u00e1 o dito pelo n\u00e3o dito e Jair Bolsonaro ter\u00e1 de cumprir os 27 anos de pena.<\/p>\n<p>Mesmo n\u00e3o podendo, sugiro \u00e0s desprez\u00edveis excel\u00eancias que, na falta do que fazer, n\u00e3o fa\u00e7am nada, nem mal a ningu\u00e9m. Ocupem-se com coisas capazes de minimizar as mazelas da sociedade. Ainda que remunerado, o \u00f3cio n\u00e3o passa de criadouros de fofoqueiros que mancham ou destroem a vida daqueles que querem trabalhar pelo povo. Sei que boa parte dos atuais congressistas n\u00e3o tem, mas \u00e9 bom registrar que car\u00e1ter, honestidade, respeito e humildade s\u00e3o conceitos adquiridos desde o ber\u00e7o. Basta virar pol\u00edtico para come\u00e7ar a rezar em outra cartilha, a das obras superfaturadas, da corrup\u00e7\u00e3o quase transparente e das emendas secretas com destina\u00e7\u00e3o \u00e0s escuras. S\u00e3o milhares as raz\u00f5es pelas quais reafirmo que a pol\u00edtica \u00e9 uma arma perigosa.<\/p>\n<p>E tem sido assim desde o primeiro e \u00fanico mandato de Jair Bolsonaro. E$la (a pol\u00edtica) tanto pode salvar como destruir uma na\u00e7\u00e3o. O problema \u00e9 que os pol\u00edticos s\u00e3o espelho do eleitor. \u00c9 a\u00ed que o bicho pega. Com aval da hipocrisia e da falsidade que reinam no Brasil do mito, os pol\u00edticos eleitos na esteira do egocentrismo bolsonarista raramente sabem o que realmente est\u00e3o fazendo, tampouco imaginam as reais consequ\u00eancias. Sinal dos tempos ou o fim deles? Diziam que pior do que esteve entre 2018 e 2022 n\u00e3o ficaria. Eita, ficou! Ainda bem que as elei\u00e7\u00f5es de 2026 batem \u00e0 nossa porta. \u00c9 a chance de refletirmos a respeito de uma das m\u00e1ximas dos pensadores: O mau pol\u00edtico normalmente \u00e9 um mau cidad\u00e3o. Portanto, no ano que vem escolhamos os melhores.<\/p>\n<p>&#8230;&#8230;&#8230;&#8230;<\/p>\n<p><strong>Mathuzal\u00e9m J\u00fanior \u00e9 jornalista profissional desde 1978<\/strong><\/p>\n","protected":false},"excerpt":{"rendered":"<p>Apinhado de tiranos, corruptos, falsos pastores, fofoqueiros, criminosos sem fuzis e politiqueiros de fundo de quintal, o atual Congresso Nacional nada difere de um pacote recheado de estrume. Com todo respeito \u00e0 minoria s\u00e9ria, mas, na tradu\u00e7\u00e3o livre, o Legislativo e o que sai das fraldas dos beb\u00eas s\u00e3o a mesma coisa. Se houver, a [&hellip;]<\/p>\n","protected":false},"author":2,"featured_media":270754,"comment_status":"closed","ping_status":"closed","sticky":false,"template":"","format":"standard","meta":{"_acf_changed":false,"footnotes":""},"categories":[16],"tags":[95],"class_list":["post-375479","post","type-post","status-publish","format-standard","has-post-thumbnail","hentry","category-brasil","tag-capa"],"acf":[],"yoast_head":"<!-- This site is optimized with the Yoast SEO plugin v27.2 - https:\/\/yoast.com\/product\/yoast-seo-wordpress\/ -->\n<title>Congresso, fofoqueiro e golpista, vira uma arma perigosa contra o povo - Notibras<\/title>\n<meta name=\"robots\" content=\"index, follow, max-snippet:-1, max-image-preview:large, max-video-preview:-1\" \/>\n<link rel=\"canonical\" href=\"https:\/\/www.notibras.com\/site\/congresso-fofoqueiro-e-golpista-vira-uma-arma-perigosa-contra-o-povo\/\" \/>\n<meta property=\"og:locale\" content=\"pt_BR\" \/>\n<meta property=\"og:type\" content=\"article\" \/>\n<meta property=\"og:title\" content=\"Congresso, fofoqueiro e golpista, vira uma arma perigosa contra o povo - Notibras\" \/>\n<meta property=\"og:description\" content=\"Apinhado de tiranos, corruptos, falsos pastores, fofoqueiros, criminosos sem fuzis e politiqueiros de fundo de quintal, o atual Congresso Nacional nada difere de um pacote recheado de estrume. Com todo respeito \u00e0 minoria s\u00e9ria, mas, na tradu\u00e7\u00e3o livre, o Legislativo e o que sai das fraldas dos beb\u00eas s\u00e3o a mesma coisa. Se houver, a [&hellip;]\" \/>\n<meta property=\"og:url\" content=\"https:\/\/www.notibras.com\/site\/congresso-fofoqueiro-e-golpista-vira-uma-arma-perigosa-contra-o-povo\/\" \/>\n<meta property=\"og:site_name\" content=\"Notibras\" \/>\n<meta property=\"article:publisher\" content=\"https:\/\/www.facebook.com\/notibras\/\" \/>\n<meta property=\"article:published_time\" content=\"2025-12-19T10:46:28+00:00\" \/>\n<meta property=\"article:modified_time\" content=\"2025-12-19T10:52:51+00:00\" \/>\n<meta property=\"og:image\" content=\"https:\/\/www.notibras.com\/site\/wp-content\/uploads\/2021\/09\/congresso-marcello-casal-jr.jpg\" \/>\n\t<meta property=\"og:image:width\" content=\"770\" \/>\n\t<meta property=\"og:image:height\" content=\"513\" \/>\n\t<meta property=\"og:image:type\" content=\"image\/jpeg\" \/>\n<meta name=\"author\" content=\"Reda\u00e7\u00e3o\" \/>\n<meta name=\"twitter:card\" content=\"summary_large_image\" \/>\n<meta name=\"twitter:creator\" content=\"@Notibras\" \/>\n<meta name=\"twitter:site\" content=\"@Notibras\" \/>\n<meta name=\"twitter:label1\" content=\"Escrito por\" \/>\n\t<meta name=\"twitter:data1\" content=\"Reda\u00e7\u00e3o\" \/>\n\t<meta name=\"twitter:label2\" content=\"Est. tempo de leitura\" \/>\n\t<meta name=\"twitter:data2\" content=\"4 minutos\" \/>\n<script type=\"application\/ld+json\" class=\"yoast-schema-graph\">{\"@context\":\"https:\/\/schema.org\",\"@graph\":[{\"@type\":\"Article\",\"@id\":\"https:\/\/www.notibras.com\/site\/congresso-fofoqueiro-e-golpista-vira-uma-arma-perigosa-contra-o-povo\/#article\",\"isPartOf\":{\"@id\":\"https:\/\/www.notibras.com\/site\/congresso-fofoqueiro-e-golpista-vira-uma-arma-perigosa-contra-o-povo\/\"},\"author\":{\"name\":\"Reda\u00e7\u00e3o\",\"@id\":\"https:\/\/www.notibras.com\/site\/#\/schema\/person\/36ab0979449956132d3e5b517ea76ac8\"},\"headline\":\"Congresso, fofoqueiro e golpista, vira uma arma perigosa contra o povo\",\"datePublished\":\"2025-12-19T10:46:28+00:00\",\"dateModified\":\"2025-12-19T10:52:51+00:00\",\"mainEntityOfPage\":{\"@id\":\"https:\/\/www.notibras.com\/site\/congresso-fofoqueiro-e-golpista-vira-uma-arma-perigosa-contra-o-povo\/\"},\"wordCount\":692,\"publisher\":{\"@id\":\"https:\/\/www.notibras.com\/site\/#organization\"},\"image\":{\"@id\":\"https:\/\/www.notibras.com\/site\/congresso-fofoqueiro-e-golpista-vira-uma-arma-perigosa-contra-o-povo\/#primaryimage\"},\"thumbnailUrl\":\"https:\/\/www.notibras.com\/site\/wp-content\/uploads\/2021\/09\/congresso-marcello-casal-jr.jpg\",\"keywords\":[\"capa\"],\"articleSection\":[\"Brasil\"],\"inLanguage\":\"pt-BR\"},{\"@type\":\"WebPage\",\"@id\":\"https:\/\/www.notibras.com\/site\/congresso-fofoqueiro-e-golpista-vira-uma-arma-perigosa-contra-o-povo\/\",\"url\":\"https:\/\/www.notibras.com\/site\/congresso-fofoqueiro-e-golpista-vira-uma-arma-perigosa-contra-o-povo\/\",\"name\":\"Congresso, fofoqueiro e golpista, vira uma arma perigosa contra o povo - Notibras\",\"isPartOf\":{\"@id\":\"https:\/\/www.notibras.com\/site\/#website\"},\"primaryImageOfPage\":{\"@id\":\"https:\/\/www.notibras.com\/site\/congresso-fofoqueiro-e-golpista-vira-uma-arma-perigosa-contra-o-povo\/#primaryimage\"},\"image\":{\"@id\":\"https:\/\/www.notibras.com\/site\/congresso-fofoqueiro-e-golpista-vira-uma-arma-perigosa-contra-o-povo\/#primaryimage\"},\"thumbnailUrl\":\"https:\/\/www.notibras.com\/site\/wp-content\/uploads\/2021\/09\/congresso-marcello-casal-jr.jpg\",\"datePublished\":\"2025-12-19T10:46:28+00:00\",\"dateModified\":\"2025-12-19T10:52:51+00:00\",\"breadcrumb\":{\"@id\":\"https:\/\/www.notibras.com\/site\/congresso-fofoqueiro-e-golpista-vira-uma-arma-perigosa-contra-o-povo\/#breadcrumb\"},\"inLanguage\":\"pt-BR\",\"potentialAction\":[{\"@type\":\"ReadAction\",\"target\":[\"https:\/\/www.notibras.com\/site\/congresso-fofoqueiro-e-golpista-vira-uma-arma-perigosa-contra-o-povo\/\"]}]},{\"@type\":\"ImageObject\",\"inLanguage\":\"pt-BR\",\"@id\":\"https:\/\/www.notibras.com\/site\/congresso-fofoqueiro-e-golpista-vira-uma-arma-perigosa-contra-o-povo\/#primaryimage\",\"url\":\"https:\/\/www.notibras.com\/site\/wp-content\/uploads\/2021\/09\/congresso-marcello-casal-jr.jpg\",\"contentUrl\":\"https:\/\/www.notibras.com\/site\/wp-content\/uploads\/2021\/09\/congresso-marcello-casal-jr.jpg\",\"width\":770,\"height\":513},{\"@type\":\"BreadcrumbList\",\"@id\":\"https:\/\/www.notibras.com\/site\/congresso-fofoqueiro-e-golpista-vira-uma-arma-perigosa-contra-o-povo\/#breadcrumb\",\"itemListElement\":[{\"@type\":\"ListItem\",\"position\":1,\"name\":\"In\u00edcio\",\"item\":\"https:\/\/www.notibras.com\/site\/\"},{\"@type\":\"ListItem\",\"position\":2,\"name\":\"Congresso, fofoqueiro e golpista, vira uma arma perigosa contra o povo\"}]},{\"@type\":\"WebSite\",\"@id\":\"https:\/\/www.notibras.com\/site\/#website\",\"url\":\"https:\/\/www.notibras.com\/site\/\",\"name\":\"Notibras\",\"description\":\"Not\u00edcias de Bras\u00edlia, do Brasil e do Mundo\",\"publisher\":{\"@id\":\"https:\/\/www.notibras.com\/site\/#organization\"},\"potentialAction\":[{\"@type\":\"SearchAction\",\"target\":{\"@type\":\"EntryPoint\",\"urlTemplate\":\"https:\/\/www.notibras.com\/site\/?s={search_term_string}\"},\"query-input\":{\"@type\":\"PropertyValueSpecification\",\"valueRequired\":true,\"valueName\":\"search_term_string\"}}],\"inLanguage\":\"pt-BR\"},{\"@type\":\"Organization\",\"@id\":\"https:\/\/www.notibras.com\/site\/#organization\",\"name\":\"Grupo Notibras de Comunica\u00e7\u00e3o\",\"url\":\"https:\/\/www.notibras.com\/site\/\",\"logo\":{\"@type\":\"ImageObject\",\"inLanguage\":\"pt-BR\",\"@id\":\"https:\/\/www.notibras.com\/site\/#\/schema\/logo\/image\/\",\"url\":\"https:\/\/www.notibras.com\/site\/wp-content\/uploads\/2023\/01\/notibras23.png\",\"contentUrl\":\"https:\/\/www.notibras.com\/site\/wp-content\/uploads\/2023\/01\/notibras23.png\",\"width\":350,\"height\":87,\"caption\":\"Grupo Notibras de Comunica\u00e7\u00e3o\"},\"image\":{\"@id\":\"https:\/\/www.notibras.com\/site\/#\/schema\/logo\/image\/\"},\"sameAs\":[\"https:\/\/www.facebook.com\/notibras\/\",\"https:\/\/x.com\/Notibras\",\"https:\/\/www.instagram.com\/notibras\/\"]},{\"@type\":\"Person\",\"@id\":\"https:\/\/www.notibras.com\/site\/#\/schema\/person\/36ab0979449956132d3e5b517ea76ac8\",\"name\":\"Reda\u00e7\u00e3o\",\"image\":{\"@type\":\"ImageObject\",\"inLanguage\":\"pt-BR\",\"@id\":\"https:\/\/secure.gravatar.com\/avatar\/e0a867bdedb85fd243eadf09663511f96fc81e0720a4a42581f334ad4303aa6b?s=96&d=mm&r=g\",\"url\":\"https:\/\/secure.gravatar.com\/avatar\/e0a867bdedb85fd243eadf09663511f96fc81e0720a4a42581f334ad4303aa6b?s=96&d=mm&r=g\",\"contentUrl\":\"https:\/\/secure.gravatar.com\/avatar\/e0a867bdedb85fd243eadf09663511f96fc81e0720a4a42581f334ad4303aa6b?s=96&d=mm&r=g\",\"caption\":\"Reda\u00e7\u00e3o\"}}]}<\/script>\n<!-- \/ Yoast SEO plugin. -->","yoast_head_json":{"title":"Congresso, fofoqueiro e golpista, vira uma arma perigosa contra o povo - Notibras","robots":{"index":"index","follow":"follow","max-snippet":"max-snippet:-1","max-image-preview":"max-image-preview:large","max-video-preview":"max-video-preview:-1"},"canonical":"https:\/\/www.notibras.com\/site\/congresso-fofoqueiro-e-golpista-vira-uma-arma-perigosa-contra-o-povo\/","og_locale":"pt_BR","og_type":"article","og_title":"Congresso, fofoqueiro e golpista, vira uma arma perigosa contra o povo - Notibras","og_description":"Apinhado de tiranos, corruptos, falsos pastores, fofoqueiros, criminosos sem fuzis e politiqueiros de fundo de quintal, o atual Congresso Nacional nada difere de um pacote recheado de estrume. Com todo respeito \u00e0 minoria s\u00e9ria, mas, na tradu\u00e7\u00e3o livre, o Legislativo e o que sai das fraldas dos beb\u00eas s\u00e3o a mesma coisa. Se houver, a [&hellip;]","og_url":"https:\/\/www.notibras.com\/site\/congresso-fofoqueiro-e-golpista-vira-uma-arma-perigosa-contra-o-povo\/","og_site_name":"Notibras","article_publisher":"https:\/\/www.facebook.com\/notibras\/","article_published_time":"2025-12-19T10:46:28+00:00","article_modified_time":"2025-12-19T10:52:51+00:00","og_image":[{"width":770,"height":513,"url":"https:\/\/www.notibras.com\/site\/wp-content\/uploads\/2021\/09\/congresso-marcello-casal-jr.jpg","type":"image\/jpeg"}],"author":"Reda\u00e7\u00e3o","twitter_card":"summary_large_image","twitter_creator":"@Notibras","twitter_site":"@Notibras","twitter_misc":{"Escrito por":"Reda\u00e7\u00e3o","Est. tempo de leitura":"4 minutos"},"schema":{"@context":"https:\/\/schema.org","@graph":[{"@type":"Article","@id":"https:\/\/www.notibras.com\/site\/congresso-fofoqueiro-e-golpista-vira-uma-arma-perigosa-contra-o-povo\/#article","isPartOf":{"@id":"https:\/\/www.notibras.com\/site\/congresso-fofoqueiro-e-golpista-vira-uma-arma-perigosa-contra-o-povo\/"},"author":{"name":"Reda\u00e7\u00e3o","@id":"https:\/\/www.notibras.com\/site\/#\/schema\/person\/36ab0979449956132d3e5b517ea76ac8"},"headline":"Congresso, fofoqueiro e golpista, vira uma arma perigosa contra o povo","datePublished":"2025-12-19T10:46:28+00:00","dateModified":"2025-12-19T10:52:51+00:00","mainEntityOfPage":{"@id":"https:\/\/www.notibras.com\/site\/congresso-fofoqueiro-e-golpista-vira-uma-arma-perigosa-contra-o-povo\/"},"wordCount":692,"publisher":{"@id":"https:\/\/www.notibras.com\/site\/#organization"},"image":{"@id":"https:\/\/www.notibras.com\/site\/congresso-fofoqueiro-e-golpista-vira-uma-arma-perigosa-contra-o-povo\/#primaryimage"},"thumbnailUrl":"https:\/\/www.notibras.com\/site\/wp-content\/uploads\/2021\/09\/congresso-marcello-casal-jr.jpg","keywords":["capa"],"articleSection":["Brasil"],"inLanguage":"pt-BR"},{"@type":"WebPage","@id":"https:\/\/www.notibras.com\/site\/congresso-fofoqueiro-e-golpista-vira-uma-arma-perigosa-contra-o-povo\/","url":"https:\/\/www.notibras.com\/site\/congresso-fofoqueiro-e-golpista-vira-uma-arma-perigosa-contra-o-povo\/","name":"Congresso, fofoqueiro e golpista, vira uma arma perigosa contra o povo - Notibras","isPartOf":{"@id":"https:\/\/www.notibras.com\/site\/#website"},"primaryImageOfPage":{"@id":"https:\/\/www.notibras.com\/site\/congresso-fofoqueiro-e-golpista-vira-uma-arma-perigosa-contra-o-povo\/#primaryimage"},"image":{"@id":"https:\/\/www.notibras.com\/site\/congresso-fofoqueiro-e-golpista-vira-uma-arma-perigosa-contra-o-povo\/#primaryimage"},"thumbnailUrl":"https:\/\/www.notibras.com\/site\/wp-content\/uploads\/2021\/09\/congresso-marcello-casal-jr.jpg","datePublished":"2025-12-19T10:46:28+00:00","dateModified":"2025-12-19T10:52:51+00:00","breadcrumb":{"@id":"https:\/\/www.notibras.com\/site\/congresso-fofoqueiro-e-golpista-vira-uma-arma-perigosa-contra-o-povo\/#breadcrumb"},"inLanguage":"pt-BR","potentialAction":[{"@type":"ReadAction","target":["https:\/\/www.notibras.com\/site\/congresso-fofoqueiro-e-golpista-vira-uma-arma-perigosa-contra-o-povo\/"]}]},{"@type":"ImageObject","inLanguage":"pt-BR","@id":"https:\/\/www.notibras.com\/site\/congresso-fofoqueiro-e-golpista-vira-uma-arma-perigosa-contra-o-povo\/#primaryimage","url":"https:\/\/www.notibras.com\/site\/wp-content\/uploads\/2021\/09\/congresso-marcello-casal-jr.jpg","contentUrl":"https:\/\/www.notibras.com\/site\/wp-content\/uploads\/2021\/09\/congresso-marcello-casal-jr.jpg","width":770,"height":513},{"@type":"BreadcrumbList","@id":"https:\/\/www.notibras.com\/site\/congresso-fofoqueiro-e-golpista-vira-uma-arma-perigosa-contra-o-povo\/#breadcrumb","itemListElement":[{"@type":"ListItem","position":1,"name":"In\u00edcio","item":"https:\/\/www.notibras.com\/site\/"},{"@type":"ListItem","position":2,"name":"Congresso, fofoqueiro e golpista, vira uma arma perigosa contra o povo"}]},{"@type":"WebSite","@id":"https:\/\/www.notibras.com\/site\/#website","url":"https:\/\/www.notibras.com\/site\/","name":"Notibras","description":"Not\u00edcias de Bras\u00edlia, do Brasil e do Mundo","publisher":{"@id":"https:\/\/www.notibras.com\/site\/#organization"},"potentialAction":[{"@type":"SearchAction","target":{"@type":"EntryPoint","urlTemplate":"https:\/\/www.notibras.com\/site\/?s={search_term_string}"},"query-input":{"@type":"PropertyValueSpecification","valueRequired":true,"valueName":"search_term_string"}}],"inLanguage":"pt-BR"},{"@type":"Organization","@id":"https:\/\/www.notibras.com\/site\/#organization","name":"Grupo Notibras de Comunica\u00e7\u00e3o","url":"https:\/\/www.notibras.com\/site\/","logo":{"@type":"ImageObject","inLanguage":"pt-BR","@id":"https:\/\/www.notibras.com\/site\/#\/schema\/logo\/image\/","url":"https:\/\/www.notibras.com\/site\/wp-content\/uploads\/2023\/01\/notibras23.png","contentUrl":"https:\/\/www.notibras.com\/site\/wp-content\/uploads\/2023\/01\/notibras23.png","width":350,"height":87,"caption":"Grupo Notibras de Comunica\u00e7\u00e3o"},"image":{"@id":"https:\/\/www.notibras.com\/site\/#\/schema\/logo\/image\/"},"sameAs":["https:\/\/www.facebook.com\/notibras\/","https:\/\/x.com\/Notibras","https:\/\/www.instagram.com\/notibras\/"]},{"@type":"Person","@id":"https:\/\/www.notibras.com\/site\/#\/schema\/person\/36ab0979449956132d3e5b517ea76ac8","name":"Reda\u00e7\u00e3o","image":{"@type":"ImageObject","inLanguage":"pt-BR","@id":"https:\/\/secure.gravatar.com\/avatar\/e0a867bdedb85fd243eadf09663511f96fc81e0720a4a42581f334ad4303aa6b?s=96&d=mm&r=g","url":"https:\/\/secure.gravatar.com\/avatar\/e0a867bdedb85fd243eadf09663511f96fc81e0720a4a42581f334ad4303aa6b?s=96&d=mm&r=g","contentUrl":"https:\/\/secure.gravatar.com\/avatar\/e0a867bdedb85fd243eadf09663511f96fc81e0720a4a42581f334ad4303aa6b?s=96&d=mm&r=g","caption":"Reda\u00e7\u00e3o"}}]}},"amp_enabled":true,"_links":{"self":[{"href":"https:\/\/www.notibras.com\/site\/wp-json\/wp\/v2\/posts\/375479","targetHints":{"allow":["GET"]}}],"collection":[{"href":"https:\/\/www.notibras.com\/site\/wp-json\/wp\/v2\/posts"}],"about":[{"href":"https:\/\/www.notibras.com\/site\/wp-json\/wp\/v2\/types\/post"}],"author":[{"embeddable":true,"href":"https:\/\/www.notibras.com\/site\/wp-json\/wp\/v2\/users\/2"}],"replies":[{"embeddable":true,"href":"https:\/\/www.notibras.com\/site\/wp-json\/wp\/v2\/comments?post=375479"}],"version-history":[{"count":2,"href":"https:\/\/www.notibras.com\/site\/wp-json\/wp\/v2\/posts\/375479\/revisions"}],"predecessor-version":[{"id":375482,"href":"https:\/\/www.notibras.com\/site\/wp-json\/wp\/v2\/posts\/375479\/revisions\/375482"}],"wp:featuredmedia":[{"embeddable":true,"href":"https:\/\/www.notibras.com\/site\/wp-json\/wp\/v2\/media\/270754"}],"wp:attachment":[{"href":"https:\/\/www.notibras.com\/site\/wp-json\/wp\/v2\/media?parent=375479"}],"wp:term":[{"taxonomy":"category","embeddable":true,"href":"https:\/\/www.notibras.com\/site\/wp-json\/wp\/v2\/categories?post=375479"},{"taxonomy":"post_tag","embeddable":true,"href":"https:\/\/www.notibras.com\/site\/wp-json\/wp\/v2\/tags?post=375479"}],"curies":[{"name":"wp","href":"https:\/\/api.w.org\/{rel}","templated":true}]}}