{"id":375492,"date":"2025-12-19T00:09:20","date_gmt":"2025-12-19T03:09:20","guid":{"rendered":"https:\/\/www.notibras.com\/site\/?p=375492"},"modified":"2025-12-19T09:51:02","modified_gmt":"2025-12-19T12:51:02","slug":"justica-mantem-prisao-de-th-joias-e-outros-implicados-em-roubalheira","status":"publish","type":"post","link":"https:\/\/www.notibras.com\/site\/justica-mantem-prisao-de-th-joias-e-outros-implicados-em-roubalheira\/","title":{"rendered":"Justi\u00e7a mant\u00e9m pris\u00e3o de TH Joias e outros implicados em roubalheira"},"content":{"rendered":"<p>A 1\u00aa Se\u00e7\u00e3o Especializada do Tribunal Regional Federal da 2\u00aa Regi\u00e3o (TRF-2) determinou o desmembramento do inqu\u00e9rito que apura fatos relatados na Opera\u00e7\u00e3o Zargun, em que \u00e9 acusado o ex-deputado Thiego Raimundo de Oliveira Santos, o TH Joias e outras 14 pessoas.<\/p>\n<p>O colegiado tamb\u00e9m decidiu manter as pris\u00f5es preventivas de TH Joias, de Luiz Eduardo Cunha Gon\u00e7alves, o Dudu, de Alessandro Pitombeira Carracena, de Gabriel Dias de Oliveira, o \u00cdndio do Lix\u00e3o, e de Gustavo Steel, acusados de liga\u00e7\u00f5es diretas com o n\u00facleo pol\u00edtico da fac\u00e7\u00e3o criminosa Comando Vermelho, no Rio de Janeiro. Al\u00e9m disso, os desembargadores determinaram a transfer\u00eancia de TH Joias para a penitenci\u00e1ria federal da Papuda, em Bras\u00edlia, medida tomada no in\u00edcio da semana, por determina\u00e7\u00e3o do ministro do Supremo Tribunal Federal (STF), Alexandre de Moraes.<\/p>\n<p><strong>Pris\u00e3o preventiva<\/strong><br \/>\nO julgamento desta quinta-feira teve como relator o desembargador federal J\u00falio de Castilhos, revisor do desembargador federal Mac\u00e1rio Judice Neto, relator original do caso, atualmente afastado do TRF2 e com a pris\u00e3o preventiva decretada por decis\u00e3o do ministro Alexandre de Moraes.<\/p>\n<p>J\u00e1 o gabinete do desembargador afastado Mac\u00e1rio Neto passou a ser ocupado pelo juiz federal convocado Marcelo Leonardo Tavares, designado pelo presidente do TRF2, desembargador federal Luiz Paulo da Silva Ara\u00fajo Filho.<\/p>\n<p>Mac\u00e1rio Judice Neto est\u00e1 na Cadeia P\u00fablica Constantino Cokot\u00f3s, em Niter\u00f3i, regi\u00e3o metropolitana do Rio. O desembargador \u00e9 investigado na segunda fase da Opera\u00e7\u00e3o Unha e Carne, que prendeu, no come\u00e7o do m\u00eas, o ent\u00e3o presidente da Assembleia Legislativa do Estado do Rio (Alerj), deputado estadual Rodrigo Bacellar (Uni\u00e3o Brasil).<\/p>\n<p>O parlamentar \u00e9 acusado de vazar informa\u00e7\u00f5es de uma opera\u00e7\u00e3o da Pol\u00edcia Federal para o alvo da a\u00e7\u00e3o, o tamb\u00e9m deputado estadual TH J\u00f3ias, suspeito de liga\u00e7\u00f5es com o Comando Vermelho.<\/p>\n<p>Com o desmembramento, permanece tramitando no TRF2 a parte do processo em que s\u00e3o investigados TH Joias, Luciano Martiniano da Silva, o Pez\u00e3o, Gabriel Dias de Oliveira, Luiz Eduardo Cunha Gon\u00e7alves, Alessandro Pitombeira Carracena e o delegado federal Gustavo Steel.<\/p>\n<p>A 6\u00aa Vara Federal Criminal do Rio ficar\u00e1 respons\u00e1vel pela parte do processo referente aos demais acusados: Kleber Ferreira da Silva, o Padrinho, Rodrigo da Costa Oliveira, Leandro Alan dos Santos, Leandro Ferreira Mar\u00e7al, Wallace Menezes Varges de Andrade Tobias, Alexandre Marques dos Santos Souza, Davi Costa, Wesley Ferreira da Silva e Wallace Brito Trindade, o Lacoste.<\/p>\n<p>Votaram no julgamento os desembargadores federais Wanderley Sanan Dantas (presidente do colegiado), Simone Schreiber, Marcello Granado, Fl\u00e1vio Oliveira Lucas, Alfredo Hil\u00e1rio de Souza, Cl\u00e1udia Franco Corr\u00eaa e J\u00falio Cesar de Castilhos Oliveira Costa, revisor do processo, que apresentou o voto condutor do julgamento.<\/p>\n","protected":false},"excerpt":{"rendered":"<p>A 1\u00aa Se\u00e7\u00e3o Especializada do Tribunal Regional Federal da 2\u00aa Regi\u00e3o (TRF-2) determinou o desmembramento do inqu\u00e9rito que apura fatos relatados na Opera\u00e7\u00e3o Zargun, em que \u00e9 acusado o ex-deputado Thiego Raimundo de Oliveira Santos, o TH Joias e outras 14 pessoas. O colegiado tamb\u00e9m decidiu manter as pris\u00f5es preventivas de TH Joias, de Luiz [&hellip;]<\/p>\n","protected":false},"author":2,"featured_media":375493,"comment_status":"closed","ping_status":"closed","sticky":false,"template":"","format":"standard","meta":{"_acf_changed":false,"footnotes":""},"categories":[16],"tags":[],"class_list":["post-375492","post","type-post","status-publish","format-standard","has-post-thumbnail","hentry","category-brasil"],"acf":[],"yoast_head":"<!-- This site is optimized with the Yoast SEO plugin v27.5 - https:\/\/yoast.com\/product\/yoast-seo-wordpress\/ -->\n<title>Justi\u00e7a mant\u00e9m pris\u00e3o de TH Joias e outros implicados em roubalheira - Notibras<\/title>\n<meta name=\"robots\" content=\"index, follow, max-snippet:-1, max-image-preview:large, max-video-preview:-1\" \/>\n<link rel=\"canonical\" href=\"https:\/\/www.notibras.com\/site\/justica-mantem-prisao-de-th-joias-e-outros-implicados-em-roubalheira\/\" \/>\n<meta property=\"og:locale\" content=\"pt_BR\" \/>\n<meta property=\"og:type\" content=\"article\" \/>\n<meta property=\"og:title\" content=\"Justi\u00e7a mant\u00e9m pris\u00e3o de TH Joias e outros implicados em roubalheira - Notibras\" \/>\n<meta property=\"og:description\" content=\"A 1\u00aa Se\u00e7\u00e3o Especializada do Tribunal Regional Federal da 2\u00aa Regi\u00e3o (TRF-2) determinou o desmembramento do inqu\u00e9rito que apura fatos relatados na Opera\u00e7\u00e3o Zargun, em que \u00e9 acusado o ex-deputado Thiego Raimundo de Oliveira Santos, o TH Joias e outras 14 pessoas. O colegiado tamb\u00e9m decidiu manter as pris\u00f5es preventivas de TH Joias, de Luiz [&hellip;]\" \/>\n<meta property=\"og:url\" content=\"https:\/\/www.notibras.com\/site\/justica-mantem-prisao-de-th-joias-e-outros-implicados-em-roubalheira\/\" \/>\n<meta property=\"og:site_name\" content=\"Notibras\" \/>\n<meta property=\"article:publisher\" content=\"https:\/\/www.facebook.com\/notibras\/\" \/>\n<meta property=\"article:published_time\" content=\"2025-12-19T03:09:20+00:00\" \/>\n<meta property=\"article:modified_time\" content=\"2025-12-19T12:51:02+00:00\" \/>\n<meta property=\"og:image\" content=\"https:\/\/www.notibras.com\/site\/wp-content\/uploads\/2025\/12\/th-joias-1-1.webp\" \/>\n\t<meta property=\"og:image:width\" content=\"1170\" \/>\n\t<meta property=\"og:image:height\" content=\"700\" \/>\n\t<meta property=\"og:image:type\" content=\"image\/webp\" \/>\n<meta name=\"author\" content=\"Reda\u00e7\u00e3o\" \/>\n<meta name=\"twitter:card\" content=\"summary_large_image\" \/>\n<meta name=\"twitter:creator\" content=\"@Notibras\" \/>\n<meta name=\"twitter:site\" content=\"@Notibras\" \/>\n<meta name=\"twitter:label1\" content=\"Escrito por\" \/>\n\t<meta name=\"twitter:data1\" content=\"Reda\u00e7\u00e3o\" \/>\n\t<meta name=\"twitter:label2\" content=\"Est. tempo de leitura\" \/>\n\t<meta name=\"twitter:data2\" content=\"3 minutos\" \/>\n<script type=\"application\/ld+json\" class=\"yoast-schema-graph\">{\"@context\":\"https:\\\/\\\/schema.org\",\"@graph\":[{\"@type\":\"Article\",\"@id\":\"https:\\\/\\\/www.notibras.com\\\/site\\\/justica-mantem-prisao-de-th-joias-e-outros-implicados-em-roubalheira\\\/#article\",\"isPartOf\":{\"@id\":\"https:\\\/\\\/www.notibras.com\\\/site\\\/justica-mantem-prisao-de-th-joias-e-outros-implicados-em-roubalheira\\\/\"},\"author\":{\"name\":\"Reda\u00e7\u00e3o\",\"@id\":\"https:\\\/\\\/www.notibras.com\\\/site\\\/#\\\/schema\\\/person\\\/36ab0979449956132d3e5b517ea76ac8\"},\"headline\":\"Justi\u00e7a mant\u00e9m pris\u00e3o de TH Joias e outros implicados em roubalheira\",\"datePublished\":\"2025-12-19T03:09:20+00:00\",\"dateModified\":\"2025-12-19T12:51:02+00:00\",\"mainEntityOfPage\":{\"@id\":\"https:\\\/\\\/www.notibras.com\\\/site\\\/justica-mantem-prisao-de-th-joias-e-outros-implicados-em-roubalheira\\\/\"},\"wordCount\":485,\"publisher\":{\"@id\":\"https:\\\/\\\/www.notibras.com\\\/site\\\/#organization\"},\"image\":{\"@id\":\"https:\\\/\\\/www.notibras.com\\\/site\\\/justica-mantem-prisao-de-th-joias-e-outros-implicados-em-roubalheira\\\/#primaryimage\"},\"thumbnailUrl\":\"https:\\\/\\\/www.notibras.com\\\/site\\\/wp-content\\\/uploads\\\/2025\\\/12\\\/th-joias-1-1.webp\",\"articleSection\":[\"Brasil\"],\"inLanguage\":\"pt-BR\"},{\"@type\":\"WebPage\",\"@id\":\"https:\\\/\\\/www.notibras.com\\\/site\\\/justica-mantem-prisao-de-th-joias-e-outros-implicados-em-roubalheira\\\/\",\"url\":\"https:\\\/\\\/www.notibras.com\\\/site\\\/justica-mantem-prisao-de-th-joias-e-outros-implicados-em-roubalheira\\\/\",\"name\":\"Justi\u00e7a mant\u00e9m pris\u00e3o de TH Joias e outros implicados em roubalheira - Notibras\",\"isPartOf\":{\"@id\":\"https:\\\/\\\/www.notibras.com\\\/site\\\/#website\"},\"primaryImageOfPage\":{\"@id\":\"https:\\\/\\\/www.notibras.com\\\/site\\\/justica-mantem-prisao-de-th-joias-e-outros-implicados-em-roubalheira\\\/#primaryimage\"},\"image\":{\"@id\":\"https:\\\/\\\/www.notibras.com\\\/site\\\/justica-mantem-prisao-de-th-joias-e-outros-implicados-em-roubalheira\\\/#primaryimage\"},\"thumbnailUrl\":\"https:\\\/\\\/www.notibras.com\\\/site\\\/wp-content\\\/uploads\\\/2025\\\/12\\\/th-joias-1-1.webp\",\"datePublished\":\"2025-12-19T03:09:20+00:00\",\"dateModified\":\"2025-12-19T12:51:02+00:00\",\"breadcrumb\":{\"@id\":\"https:\\\/\\\/www.notibras.com\\\/site\\\/justica-mantem-prisao-de-th-joias-e-outros-implicados-em-roubalheira\\\/#breadcrumb\"},\"inLanguage\":\"pt-BR\",\"potentialAction\":[{\"@type\":\"ReadAction\",\"target\":[\"https:\\\/\\\/www.notibras.com\\\/site\\\/justica-mantem-prisao-de-th-joias-e-outros-implicados-em-roubalheira\\\/\"]}]},{\"@type\":\"ImageObject\",\"inLanguage\":\"pt-BR\",\"@id\":\"https:\\\/\\\/www.notibras.com\\\/site\\\/justica-mantem-prisao-de-th-joias-e-outros-implicados-em-roubalheira\\\/#primaryimage\",\"url\":\"https:\\\/\\\/www.notibras.com\\\/site\\\/wp-content\\\/uploads\\\/2025\\\/12\\\/th-joias-1-1.webp\",\"contentUrl\":\"https:\\\/\\\/www.notibras.com\\\/site\\\/wp-content\\\/uploads\\\/2025\\\/12\\\/th-joias-1-1.webp\",\"width\":1170,\"height\":700},{\"@type\":\"BreadcrumbList\",\"@id\":\"https:\\\/\\\/www.notibras.com\\\/site\\\/justica-mantem-prisao-de-th-joias-e-outros-implicados-em-roubalheira\\\/#breadcrumb\",\"itemListElement\":[{\"@type\":\"ListItem\",\"position\":1,\"name\":\"In\u00edcio\",\"item\":\"https:\\\/\\\/www.notibras.com\\\/site\\\/\"},{\"@type\":\"ListItem\",\"position\":2,\"name\":\"Justi\u00e7a mant\u00e9m pris\u00e3o de TH Joias e outros implicados em roubalheira\"}]},{\"@type\":\"WebSite\",\"@id\":\"https:\\\/\\\/www.notibras.com\\\/site\\\/#website\",\"url\":\"https:\\\/\\\/www.notibras.com\\\/site\\\/\",\"name\":\"Notibras\",\"description\":\"Not\u00edcias de Bras\u00edlia, do Brasil e do Mundo\",\"publisher\":{\"@id\":\"https:\\\/\\\/www.notibras.com\\\/site\\\/#organization\"},\"potentialAction\":[{\"@type\":\"SearchAction\",\"target\":{\"@type\":\"EntryPoint\",\"urlTemplate\":\"https:\\\/\\\/www.notibras.com\\\/site\\\/?s={search_term_string}\"},\"query-input\":{\"@type\":\"PropertyValueSpecification\",\"valueRequired\":true,\"valueName\":\"search_term_string\"}}],\"inLanguage\":\"pt-BR\"},{\"@type\":\"Organization\",\"@id\":\"https:\\\/\\\/www.notibras.com\\\/site\\\/#organization\",\"name\":\"Grupo Notibras de Comunica\u00e7\u00e3o\",\"url\":\"https:\\\/\\\/www.notibras.com\\\/site\\\/\",\"logo\":{\"@type\":\"ImageObject\",\"inLanguage\":\"pt-BR\",\"@id\":\"https:\\\/\\\/www.notibras.com\\\/site\\\/#\\\/schema\\\/logo\\\/image\\\/\",\"url\":\"https:\\\/\\\/www.notibras.com\\\/site\\\/wp-content\\\/uploads\\\/2023\\\/01\\\/notibras23.png\",\"contentUrl\":\"https:\\\/\\\/www.notibras.com\\\/site\\\/wp-content\\\/uploads\\\/2023\\\/01\\\/notibras23.png\",\"width\":350,\"height\":87,\"caption\":\"Grupo Notibras de Comunica\u00e7\u00e3o\"},\"image\":{\"@id\":\"https:\\\/\\\/www.notibras.com\\\/site\\\/#\\\/schema\\\/logo\\\/image\\\/\"},\"sameAs\":[\"https:\\\/\\\/www.facebook.com\\\/notibras\\\/\",\"https:\\\/\\\/x.com\\\/Notibras\",\"https:\\\/\\\/www.instagram.com\\\/notibras\\\/\"]},{\"@type\":\"Person\",\"@id\":\"https:\\\/\\\/www.notibras.com\\\/site\\\/#\\\/schema\\\/person\\\/36ab0979449956132d3e5b517ea76ac8\",\"name\":\"Reda\u00e7\u00e3o\",\"image\":{\"@type\":\"ImageObject\",\"inLanguage\":\"pt-BR\",\"@id\":\"https:\\\/\\\/secure.gravatar.com\\\/avatar\\\/e0a867bdedb85fd243eadf09663511f96fc81e0720a4a42581f334ad4303aa6b?s=96&d=mm&r=g\",\"url\":\"https:\\\/\\\/secure.gravatar.com\\\/avatar\\\/e0a867bdedb85fd243eadf09663511f96fc81e0720a4a42581f334ad4303aa6b?s=96&d=mm&r=g\",\"contentUrl\":\"https:\\\/\\\/secure.gravatar.com\\\/avatar\\\/e0a867bdedb85fd243eadf09663511f96fc81e0720a4a42581f334ad4303aa6b?s=96&d=mm&r=g\",\"caption\":\"Reda\u00e7\u00e3o\"}}]}<\/script>\n<!-- \/ Yoast SEO plugin. -->","yoast_head_json":{"title":"Justi\u00e7a mant\u00e9m pris\u00e3o de TH Joias e outros implicados em roubalheira - Notibras","robots":{"index":"index","follow":"follow","max-snippet":"max-snippet:-1","max-image-preview":"max-image-preview:large","max-video-preview":"max-video-preview:-1"},"canonical":"https:\/\/www.notibras.com\/site\/justica-mantem-prisao-de-th-joias-e-outros-implicados-em-roubalheira\/","og_locale":"pt_BR","og_type":"article","og_title":"Justi\u00e7a mant\u00e9m pris\u00e3o de TH Joias e outros implicados em roubalheira - Notibras","og_description":"A 1\u00aa Se\u00e7\u00e3o Especializada do Tribunal Regional Federal da 2\u00aa Regi\u00e3o (TRF-2) determinou o desmembramento do inqu\u00e9rito que apura fatos relatados na Opera\u00e7\u00e3o Zargun, em que \u00e9 acusado o ex-deputado Thiego Raimundo de Oliveira Santos, o TH Joias e outras 14 pessoas. O colegiado tamb\u00e9m decidiu manter as pris\u00f5es preventivas de TH Joias, de Luiz [&hellip;]","og_url":"https:\/\/www.notibras.com\/site\/justica-mantem-prisao-de-th-joias-e-outros-implicados-em-roubalheira\/","og_site_name":"Notibras","article_publisher":"https:\/\/www.facebook.com\/notibras\/","article_published_time":"2025-12-19T03:09:20+00:00","article_modified_time":"2025-12-19T12:51:02+00:00","og_image":[{"width":1170,"height":700,"url":"https:\/\/www.notibras.com\/site\/wp-content\/uploads\/2025\/12\/th-joias-1-1.webp","type":"image\/webp"}],"author":"Reda\u00e7\u00e3o","twitter_card":"summary_large_image","twitter_creator":"@Notibras","twitter_site":"@Notibras","twitter_misc":{"Escrito por":"Reda\u00e7\u00e3o","Est. tempo de leitura":"3 minutos"},"schema":{"@context":"https:\/\/schema.org","@graph":[{"@type":"Article","@id":"https:\/\/www.notibras.com\/site\/justica-mantem-prisao-de-th-joias-e-outros-implicados-em-roubalheira\/#article","isPartOf":{"@id":"https:\/\/www.notibras.com\/site\/justica-mantem-prisao-de-th-joias-e-outros-implicados-em-roubalheira\/"},"author":{"name":"Reda\u00e7\u00e3o","@id":"https:\/\/www.notibras.com\/site\/#\/schema\/person\/36ab0979449956132d3e5b517ea76ac8"},"headline":"Justi\u00e7a mant\u00e9m pris\u00e3o de TH Joias e outros implicados em roubalheira","datePublished":"2025-12-19T03:09:20+00:00","dateModified":"2025-12-19T12:51:02+00:00","mainEntityOfPage":{"@id":"https:\/\/www.notibras.com\/site\/justica-mantem-prisao-de-th-joias-e-outros-implicados-em-roubalheira\/"},"wordCount":485,"publisher":{"@id":"https:\/\/www.notibras.com\/site\/#organization"},"image":{"@id":"https:\/\/www.notibras.com\/site\/justica-mantem-prisao-de-th-joias-e-outros-implicados-em-roubalheira\/#primaryimage"},"thumbnailUrl":"https:\/\/www.notibras.com\/site\/wp-content\/uploads\/2025\/12\/th-joias-1-1.webp","articleSection":["Brasil"],"inLanguage":"pt-BR"},{"@type":"WebPage","@id":"https:\/\/www.notibras.com\/site\/justica-mantem-prisao-de-th-joias-e-outros-implicados-em-roubalheira\/","url":"https:\/\/www.notibras.com\/site\/justica-mantem-prisao-de-th-joias-e-outros-implicados-em-roubalheira\/","name":"Justi\u00e7a mant\u00e9m pris\u00e3o de TH Joias e outros implicados em roubalheira - Notibras","isPartOf":{"@id":"https:\/\/www.notibras.com\/site\/#website"},"primaryImageOfPage":{"@id":"https:\/\/www.notibras.com\/site\/justica-mantem-prisao-de-th-joias-e-outros-implicados-em-roubalheira\/#primaryimage"},"image":{"@id":"https:\/\/www.notibras.com\/site\/justica-mantem-prisao-de-th-joias-e-outros-implicados-em-roubalheira\/#primaryimage"},"thumbnailUrl":"https:\/\/www.notibras.com\/site\/wp-content\/uploads\/2025\/12\/th-joias-1-1.webp","datePublished":"2025-12-19T03:09:20+00:00","dateModified":"2025-12-19T12:51:02+00:00","breadcrumb":{"@id":"https:\/\/www.notibras.com\/site\/justica-mantem-prisao-de-th-joias-e-outros-implicados-em-roubalheira\/#breadcrumb"},"inLanguage":"pt-BR","potentialAction":[{"@type":"ReadAction","target":["https:\/\/www.notibras.com\/site\/justica-mantem-prisao-de-th-joias-e-outros-implicados-em-roubalheira\/"]}]},{"@type":"ImageObject","inLanguage":"pt-BR","@id":"https:\/\/www.notibras.com\/site\/justica-mantem-prisao-de-th-joias-e-outros-implicados-em-roubalheira\/#primaryimage","url":"https:\/\/www.notibras.com\/site\/wp-content\/uploads\/2025\/12\/th-joias-1-1.webp","contentUrl":"https:\/\/www.notibras.com\/site\/wp-content\/uploads\/2025\/12\/th-joias-1-1.webp","width":1170,"height":700},{"@type":"BreadcrumbList","@id":"https:\/\/www.notibras.com\/site\/justica-mantem-prisao-de-th-joias-e-outros-implicados-em-roubalheira\/#breadcrumb","itemListElement":[{"@type":"ListItem","position":1,"name":"In\u00edcio","item":"https:\/\/www.notibras.com\/site\/"},{"@type":"ListItem","position":2,"name":"Justi\u00e7a mant\u00e9m pris\u00e3o de TH Joias e outros implicados em roubalheira"}]},{"@type":"WebSite","@id":"https:\/\/www.notibras.com\/site\/#website","url":"https:\/\/www.notibras.com\/site\/","name":"Notibras","description":"Not\u00edcias de Bras\u00edlia, do Brasil e do Mundo","publisher":{"@id":"https:\/\/www.notibras.com\/site\/#organization"},"potentialAction":[{"@type":"SearchAction","target":{"@type":"EntryPoint","urlTemplate":"https:\/\/www.notibras.com\/site\/?s={search_term_string}"},"query-input":{"@type":"PropertyValueSpecification","valueRequired":true,"valueName":"search_term_string"}}],"inLanguage":"pt-BR"},{"@type":"Organization","@id":"https:\/\/www.notibras.com\/site\/#organization","name":"Grupo Notibras de Comunica\u00e7\u00e3o","url":"https:\/\/www.notibras.com\/site\/","logo":{"@type":"ImageObject","inLanguage":"pt-BR","@id":"https:\/\/www.notibras.com\/site\/#\/schema\/logo\/image\/","url":"https:\/\/www.notibras.com\/site\/wp-content\/uploads\/2023\/01\/notibras23.png","contentUrl":"https:\/\/www.notibras.com\/site\/wp-content\/uploads\/2023\/01\/notibras23.png","width":350,"height":87,"caption":"Grupo Notibras de Comunica\u00e7\u00e3o"},"image":{"@id":"https:\/\/www.notibras.com\/site\/#\/schema\/logo\/image\/"},"sameAs":["https:\/\/www.facebook.com\/notibras\/","https:\/\/x.com\/Notibras","https:\/\/www.instagram.com\/notibras\/"]},{"@type":"Person","@id":"https:\/\/www.notibras.com\/site\/#\/schema\/person\/36ab0979449956132d3e5b517ea76ac8","name":"Reda\u00e7\u00e3o","image":{"@type":"ImageObject","inLanguage":"pt-BR","@id":"https:\/\/secure.gravatar.com\/avatar\/e0a867bdedb85fd243eadf09663511f96fc81e0720a4a42581f334ad4303aa6b?s=96&d=mm&r=g","url":"https:\/\/secure.gravatar.com\/avatar\/e0a867bdedb85fd243eadf09663511f96fc81e0720a4a42581f334ad4303aa6b?s=96&d=mm&r=g","contentUrl":"https:\/\/secure.gravatar.com\/avatar\/e0a867bdedb85fd243eadf09663511f96fc81e0720a4a42581f334ad4303aa6b?s=96&d=mm&r=g","caption":"Reda\u00e7\u00e3o"}}]}},"amp_enabled":true,"_links":{"self":[{"href":"https:\/\/www.notibras.com\/site\/wp-json\/wp\/v2\/posts\/375492","targetHints":{"allow":["GET"]}}],"collection":[{"href":"https:\/\/www.notibras.com\/site\/wp-json\/wp\/v2\/posts"}],"about":[{"href":"https:\/\/www.notibras.com\/site\/wp-json\/wp\/v2\/types\/post"}],"author":[{"embeddable":true,"href":"https:\/\/www.notibras.com\/site\/wp-json\/wp\/v2\/users\/2"}],"replies":[{"embeddable":true,"href":"https:\/\/www.notibras.com\/site\/wp-json\/wp\/v2\/comments?post=375492"}],"version-history":[{"count":1,"href":"https:\/\/www.notibras.com\/site\/wp-json\/wp\/v2\/posts\/375492\/revisions"}],"predecessor-version":[{"id":375494,"href":"https:\/\/www.notibras.com\/site\/wp-json\/wp\/v2\/posts\/375492\/revisions\/375494"}],"wp:featuredmedia":[{"embeddable":true,"href":"https:\/\/www.notibras.com\/site\/wp-json\/wp\/v2\/media\/375493"}],"wp:attachment":[{"href":"https:\/\/www.notibras.com\/site\/wp-json\/wp\/v2\/media?parent=375492"}],"wp:term":[{"taxonomy":"category","embeddable":true,"href":"https:\/\/www.notibras.com\/site\/wp-json\/wp\/v2\/categories?post=375492"},{"taxonomy":"post_tag","embeddable":true,"href":"https:\/\/www.notibras.com\/site\/wp-json\/wp\/v2\/tags?post=375492"}],"curies":[{"name":"wp","href":"https:\/\/api.w.org\/{rel}","templated":true}]}}